{"id":7591,"date":"2023-01-05T16:39:16","date_gmt":"2023-01-05T19:39:16","guid":{"rendered":"https:\/\/portalmf.com.br\/?p=7591"},"modified":"2023-01-05T16:39:17","modified_gmt":"2023-01-05T19:39:17","slug":"agua-fria-fest-anima-o-verao-baiano-com-tres-dias-de-festa","status":"publish","type":"post","link":"https:\/\/portalmf.com.br\/index.php\/2023\/01\/05\/agua-fria-fest-anima-o-verao-baiano-com-tres-dias-de-festa\/","title":{"rendered":"\u00c1gua Fria Fest anima o ver\u00e3o baiano com tr\u00eas dias de festa"},"content":{"rendered":"\n<p>Se voc\u00ea achou que o ver\u00e3o passaria sem que uma grande festa chegasse para animar, est\u00e1 enganado! Mas, n\u00e3o \u00e9 s\u00f3 um evento qualquer, e sim de uma festa tradicional, que traz toda a regi\u00e3o para um s\u00f3 lugar, \u00c1gua Fria ser\u00e1 mais uma vez palco da imperdivel \u00c1gua Fria Fest, que neste ano, ter\u00e1 tr\u00eas dias de festa.<\/p>\n\n\n\n<p>O m\u00eas de janeiro al\u00e9m do clima quente do ver\u00e3o traz tamb\u00e9m esse grande evento que leva ao Munic\u00edpio milhares de turistas de toda a Bahia. A anima\u00e7\u00e3o do povo aguafriense, a mega estrutura proporcionada pela prefeitura e a grade que \u00e9 sempre recheada de atra\u00e7\u00f5es especiais, toma conta da cidade e torna a Pra\u00e7a da Matriz o ambiente perfeito para quem quer curtir em seguran\u00e7a, seja com os amigos ou com a fam\u00edlia. \u00c9 sem d\u00favidas uma festa que j\u00e1 est\u00e1 no cora\u00e7\u00e3o e calend\u00e1rio do povo baiano.<\/p>\n\n\n\n<p>Neste ano, o prefeito Renan de Ziza preparou uma festa maior ainda. Mais de 10 atra\u00e7\u00f5es s\u00e3o aguardadas para o \u00c1gua Fria Fest e a cidade desde j\u00e1, se prepara para receber o p\u00fablico de fora.<\/p>\n\n\n\n<p>\u201cAl\u00e9m de prepararmos uma grande festa, com artistas reconhecidos em todo o Brasil, n\u00f3s pensamos no \u00c1gua Fria Fest como uma festa que todos podem curtir de forma segura e tranquila. Refor\u00e7amos o policiamento, garantimos uma boa estrutura para a festa e para que, quem vem de outras cidades possa levar de \u00c1gua Fria o que temos de melhor a entregar, a receptividade e o acolhimento\u201d, disse o prefeito Renan de Ziza.<\/p>\n\n\n\n<p>A grade ainda n\u00e3o est\u00e1 fechada, mas desde j\u00e1, artistas para todos os gostos e estilos est\u00e3o confirmados. (Confira as atra\u00e7\u00f5es no final da mat\u00e9ria).<\/p>\n\n\n\n<p>\u201cEsperamos que todos curtam muito a nossa festa. J\u00e1 virou tradi\u00e7\u00e3o, o povo da nossa cidade \u00e9 um povo alegre, um povo receptivo, estaremos prontos para tornar esses tr\u00eas dias de festa os melhores. Venham curtir esse momento t\u00e3o importante na nossa querida \u00c1gua Fria!\u201d, convidou o gestor aguafriense.<\/p>\n\n\n\n<p>Confira a grade do \u00c1gua Fria Fest:<\/p>\n\n\n\n<p>20 de Janeiro<\/p>\n\n\n\n<p>Seu Maxixe<br>Ra\u00ed Saia Rodada<br>Pablo<br>La F\u00faria<\/p>\n\n\n\n<p>21 de Janeiro<\/p>\n\n\n\n<p>Parangol\u00e9<br>Priscila Senna<br>Kevi Jonny<\/p>\n\n\n\n<p>22 de Janeiro<\/p>\n\n\n\n<p>Ad\u00e3o Negro<br>Z\u00e9 Vaqueiro<br>Mari Fernandez<br>Oh Pol\u00eamico<\/p>\n\n\n\n<p>E muito mais!<\/p>\n","protected":false},"excerpt":{"rendered":"<p>Se voc\u00ea achou que o ver\u00e3o passaria sem que uma grande festa chegasse para animar, est\u00e1 enganado! Mas, n\u00e3o \u00e9 s\u00f3 um evento qualquer, e sim de uma festa tradicional, que traz toda a regi\u00e3o para um s\u00f3 lugar, \u00c1gua Fria ser\u00e1 mais uma vez palco da imperdivel \u00c1gua Fria Fest, que neste ano, ter\u00e1 [&hellip;]<\/p>\n","protected":false},"author":3,"featured_media":7592,"comment_status":"open","ping_status":"open","sticky":false,"template":"","format":"standard","meta":{"_monsterinsights_skip_tracking":false,"_monsterinsights_sitenote_active":false,"_monsterinsights_sitenote_note":"","_monsterinsights_sitenote_category":0,"footnotes":""},"categories":[48,45],"tags":[],"yoast_head":"<!-- This site is optimized with the Yoast SEO plugin v22.9 - https:\/\/yoast.com\/wordpress\/plugins\/seo\/ -->\n<title>\u00c1gua Fria Fest anima o ver\u00e3o baiano com tr\u00eas dias de festa - Portal MF<\/title>\n<meta name=\"robots\" content=\"index, follow, max-snippet:-1, max-image-preview:large, max-video-preview:-1\" \/>\n<link rel=\"canonical\" href=\"https:\/\/portalmf.com.br\/index.php\/2023\/01\/05\/agua-fria-fest-anima-o-verao-baiano-com-tres-dias-de-festa\/\" \/>\n<meta property=\"og:locale\" content=\"pt_BR\" \/>\n<meta property=\"og:type\" content=\"article\" \/>\n<meta property=\"og:title\" content=\"\u00c1gua Fria Fest anima o ver\u00e3o baiano com tr\u00eas dias de festa - Portal MF\" \/>\n<meta property=\"og:description\" content=\"Se voc\u00ea achou que o ver\u00e3o passaria sem que uma grande festa chegasse para animar, est\u00e1 enganado! Mas, n\u00e3o \u00e9 s\u00f3 um evento qualquer, e sim de uma festa tradicional, que traz toda a regi\u00e3o para um s\u00f3 lugar, \u00c1gua Fria ser\u00e1 mais uma vez palco da imperdivel \u00c1gua Fria Fest, que neste ano, ter\u00e1 [&hellip;]\" \/>\n<meta property=\"og:url\" content=\"https:\/\/portalmf.com.br\/index.php\/2023\/01\/05\/agua-fria-fest-anima-o-verao-baiano-com-tres-dias-de-festa\/\" \/>\n<meta property=\"og:site_name\" content=\"Portal MF\" \/>\n<meta property=\"article:author\" content=\"https:\/\/www.facebook.com\/portalmfoficial\" \/>\n<meta property=\"article:published_time\" content=\"2023-01-05T19:39:16+00:00\" \/>\n<meta property=\"article:modified_time\" content=\"2023-01-05T19:39:17+00:00\" \/>\n<meta property=\"og:image\" content=\"https:\/\/portalmf.com.br\/wp-content\/uploads\/2023\/01\/Agua-Fria-Fest.jpeg\" \/>\n\t<meta property=\"og:image:width\" content=\"1024\" \/>\n\t<meta property=\"og:image:height\" content=\"576\" \/>\n\t<meta property=\"og:image:type\" content=\"image\/jpeg\" \/>\n<meta name=\"author\" content=\"Reda\u00e7\u00e3o Portal MF\" \/>\n<meta name=\"twitter:card\" content=\"summary_large_image\" \/>\n<meta name=\"twitter:creator\" content=\"@https:\/\/x.com\/portalmfoficial\" \/>\n<meta name=\"twitter:label1\" content=\"Escrito por\" \/>\n\t<meta name=\"twitter:data1\" content=\"Reda\u00e7\u00e3o Portal MF\" \/>\n\t<meta name=\"twitter:label2\" content=\"Est. tempo de leitura\" \/>\n\t<meta name=\"twitter:data2\" content=\"3 minutos\" \/>\n<script type=\"application\/ld+json\" class=\"yoast-schema-graph\">{\"@context\":\"https:\/\/schema.org\",\"@graph\":[{\"@type\":\"WebPage\",\"@id\":\"https:\/\/portalmf.com.br\/index.php\/2023\/01\/05\/agua-fria-fest-anima-o-verao-baiano-com-tres-dias-de-festa\/\",\"url\":\"https:\/\/portalmf.com.br\/index.php\/2023\/01\/05\/agua-fria-fest-anima-o-verao-baiano-com-tres-dias-de-festa\/\",\"name\":\"\u00c1gua Fria Fest anima o ver\u00e3o baiano com tr\u00eas dias de festa - Portal MF\",\"isPartOf\":{\"@id\":\"https:\/\/portalmf.com.br\/#website\"},\"primaryImageOfPage\":{\"@id\":\"https:\/\/portalmf.com.br\/index.php\/2023\/01\/05\/agua-fria-fest-anima-o-verao-baiano-com-tres-dias-de-festa\/#primaryimage\"},\"image\":{\"@id\":\"https:\/\/portalmf.com.br\/index.php\/2023\/01\/05\/agua-fria-fest-anima-o-verao-baiano-com-tres-dias-de-festa\/#primaryimage\"},\"thumbnailUrl\":\"https:\/\/portalmf.com.br\/wp-content\/uploads\/2023\/01\/Agua-Fria-Fest.jpeg\",\"datePublished\":\"2023-01-05T19:39:16+00:00\",\"dateModified\":\"2023-01-05T19:39:17+00:00\",\"author\":{\"@id\":\"https:\/\/portalmf.com.br\/#\/schema\/person\/9ec101baf56233e53520c26de5d6f6f0\"},\"breadcrumb\":{\"@id\":\"https:\/\/portalmf.com.br\/index.php\/2023\/01\/05\/agua-fria-fest-anima-o-verao-baiano-com-tres-dias-de-festa\/#breadcrumb\"},\"inLanguage\":\"pt-BR\",\"potentialAction\":[{\"@type\":\"ReadAction\",\"target\":[\"https:\/\/portalmf.com.br\/index.php\/2023\/01\/05\/agua-fria-fest-anima-o-verao-baiano-com-tres-dias-de-festa\/\"]}]},{\"@type\":\"ImageObject\",\"inLanguage\":\"pt-BR\",\"@id\":\"https:\/\/portalmf.com.br\/index.php\/2023\/01\/05\/agua-fria-fest-anima-o-verao-baiano-com-tres-dias-de-festa\/#primaryimage\",\"url\":\"https:\/\/portalmf.com.br\/wp-content\/uploads\/2023\/01\/Agua-Fria-Fest.jpeg\",\"contentUrl\":\"https:\/\/portalmf.com.br\/wp-content\/uploads\/2023\/01\/Agua-Fria-Fest.jpeg\",\"width\":1024,\"height\":576},{\"@type\":\"BreadcrumbList\",\"@id\":\"https:\/\/portalmf.com.br\/index.php\/2023\/01\/05\/agua-fria-fest-anima-o-verao-baiano-com-tres-dias-de-festa\/#breadcrumb\",\"itemListElement\":[{\"@type\":\"ListItem\",\"position\":1,\"name\":\"In\u00edcio\",\"item\":\"https:\/\/portalmf.com.br\/\"},{\"@type\":\"ListItem\",\"position\":2,\"name\":\"\u00c1gua Fria Fest anima o ver\u00e3o baiano com tr\u00eas dias de festa\"}]},{\"@type\":\"WebSite\",\"@id\":\"https:\/\/portalmf.com.br\/#website\",\"url\":\"https:\/\/portalmf.com.br\/\",\"name\":\"Portal MF\",\"description\":\"Voc\u00ea conectado com a informa\u00e7\u00e3o\",\"potentialAction\":[{\"@type\":\"SearchAction\",\"target\":{\"@type\":\"EntryPoint\",\"urlTemplate\":\"https:\/\/portalmf.com.br\/?s={search_term_string}\"},\"query-input\":\"required name=search_term_string\"}],\"inLanguage\":\"pt-BR\"},{\"@type\":\"Person\",\"@id\":\"https:\/\/portalmf.com.br\/#\/schema\/person\/9ec101baf56233e53520c26de5d6f6f0\",\"name\":\"Reda\u00e7\u00e3o Portal MF\",\"image\":{\"@type\":\"ImageObject\",\"inLanguage\":\"pt-BR\",\"@id\":\"https:\/\/portalmf.com.br\/#\/schema\/person\/image\/\",\"url\":\"https:\/\/secure.gravatar.com\/avatar\/41b9aaeb2100835f7c64362330f74c7f?s=96&d=mm&r=g\",\"contentUrl\":\"https:\/\/secure.gravatar.com\/avatar\/41b9aaeb2100835f7c64362330f74c7f?s=96&d=mm&r=g\",\"caption\":\"Reda\u00e7\u00e3o Portal MF\"},\"description\":\"Sejam bem-vindos o portal de informa\u00e7\u00f5es de entretenimento de Feira de Santana, desde 2006 realiza coberturas dos principais eventos com entrevistas exclusivas com as principais personalidades mundiais. Fique conectado tamb\u00e9m nas redes sociais.\",\"sameAs\":[\"http:\/\/www.portalmf.com.br\/\",\"https:\/\/www.facebook.com\/portalmfoficial\",\"https:\/\/www.instagram.com\/portalmf\/\",\"https:\/\/x.com\/https:\/\/x.com\/portalmfoficial\",\"https:\/\/www.youtube.com\/@portalmfoficial\"],\"url\":\"https:\/\/portalmf.com.br\/index.php\/author\/junior\/\"}]}<\/script>\n<!-- \/ Yoast SEO plugin. -->","yoast_head_json":{"title":"\u00c1gua Fria Fest anima o ver\u00e3o baiano com tr\u00eas dias de festa - Portal MF","robots":{"index":"index","follow":"follow","max-snippet":"max-snippet:-1","max-image-preview":"max-image-preview:large","max-video-preview":"max-video-preview:-1"},"canonical":"https:\/\/portalmf.com.br\/index.php\/2023\/01\/05\/agua-fria-fest-anima-o-verao-baiano-com-tres-dias-de-festa\/","og_locale":"pt_BR","og_type":"article","og_title":"\u00c1gua Fria Fest anima o ver\u00e3o baiano com tr\u00eas dias de festa - Portal MF","og_description":"Se voc\u00ea achou que o ver\u00e3o passaria sem que uma grande festa chegasse para animar, est\u00e1 enganado! Mas, n\u00e3o \u00e9 s\u00f3 um evento qualquer, e sim de uma festa tradicional, que traz toda a regi\u00e3o para um s\u00f3 lugar, \u00c1gua Fria ser\u00e1 mais uma vez palco da imperdivel \u00c1gua Fria Fest, que neste ano, ter\u00e1 [&hellip;]","og_url":"https:\/\/portalmf.com.br\/index.php\/2023\/01\/05\/agua-fria-fest-anima-o-verao-baiano-com-tres-dias-de-festa\/","og_site_name":"Portal MF","article_author":"https:\/\/www.facebook.com\/portalmfoficial","article_published_time":"2023-01-05T19:39:16+00:00","article_modified_time":"2023-01-05T19:39:17+00:00","og_image":[{"width":1024,"height":576,"url":"https:\/\/portalmf.com.br\/wp-content\/uploads\/2023\/01\/Agua-Fria-Fest.jpeg","type":"image\/jpeg"}],"author":"Reda\u00e7\u00e3o Portal MF","twitter_card":"summary_large_image","twitter_creator":"@https:\/\/x.com\/portalmfoficial","twitter_misc":{"Escrito por":"Reda\u00e7\u00e3o Portal MF","Est. tempo de leitura":"3 minutos"},"schema":{"@context":"https:\/\/schema.org","@graph":[{"@type":"WebPage","@id":"https:\/\/portalmf.com.br\/index.php\/2023\/01\/05\/agua-fria-fest-anima-o-verao-baiano-com-tres-dias-de-festa\/","url":"https:\/\/portalmf.com.br\/index.php\/2023\/01\/05\/agua-fria-fest-anima-o-verao-baiano-com-tres-dias-de-festa\/","name":"\u00c1gua Fria Fest anima o ver\u00e3o baiano com tr\u00eas dias de festa - Portal MF","isPartOf":{"@id":"https:\/\/portalmf.com.br\/#website"},"primaryImageOfPage":{"@id":"https:\/\/portalmf.com.br\/index.php\/2023\/01\/05\/agua-fria-fest-anima-o-verao-baiano-com-tres-dias-de-festa\/#primaryimage"},"image":{"@id":"https:\/\/portalmf.com.br\/index.php\/2023\/01\/05\/agua-fria-fest-anima-o-verao-baiano-com-tres-dias-de-festa\/#primaryimage"},"thumbnailUrl":"https:\/\/portalmf.com.br\/wp-content\/uploads\/2023\/01\/Agua-Fria-Fest.jpeg","datePublished":"2023-01-05T19:39:16+00:00","dateModified":"2023-01-05T19:39:17+00:00","author":{"@id":"https:\/\/portalmf.com.br\/#\/schema\/person\/9ec101baf56233e53520c26de5d6f6f0"},"breadcrumb":{"@id":"https:\/\/portalmf.com.br\/index.php\/2023\/01\/05\/agua-fria-fest-anima-o-verao-baiano-com-tres-dias-de-festa\/#breadcrumb"},"inLanguage":"pt-BR","potentialAction":[{"@type":"ReadAction","target":["https:\/\/portalmf.com.br\/index.php\/2023\/01\/05\/agua-fria-fest-anima-o-verao-baiano-com-tres-dias-de-festa\/"]}]},{"@type":"ImageObject","inLanguage":"pt-BR","@id":"https:\/\/portalmf.com.br\/index.php\/2023\/01\/05\/agua-fria-fest-anima-o-verao-baiano-com-tres-dias-de-festa\/#primaryimage","url":"https:\/\/portalmf.com.br\/wp-content\/uploads\/2023\/01\/Agua-Fria-Fest.jpeg","contentUrl":"https:\/\/portalmf.com.br\/wp-content\/uploads\/2023\/01\/Agua-Fria-Fest.jpeg","width":1024,"height":576},{"@type":"BreadcrumbList","@id":"https:\/\/portalmf.com.br\/index.php\/2023\/01\/05\/agua-fria-fest-anima-o-verao-baiano-com-tres-dias-de-festa\/#breadcrumb","itemListElement":[{"@type":"ListItem","position":1,"name":"In\u00edcio","item":"https:\/\/portalmf.com.br\/"},{"@type":"ListItem","position":2,"name":"\u00c1gua Fria Fest anima o ver\u00e3o baiano com tr\u00eas dias de festa"}]},{"@type":"WebSite","@id":"https:\/\/portalmf.com.br\/#website","url":"https:\/\/portalmf.com.br\/","name":"Portal MF","description":"Voc\u00ea conectado com a informa\u00e7\u00e3o","potentialAction":[{"@type":"SearchAction","target":{"@type":"EntryPoint","urlTemplate":"https:\/\/portalmf.com.br\/?s={search_term_string}"},"query-input":"required name=search_term_string"}],"inLanguage":"pt-BR"},{"@type":"Person","@id":"https:\/\/portalmf.com.br\/#\/schema\/person\/9ec101baf56233e53520c26de5d6f6f0","name":"Reda\u00e7\u00e3o Portal MF","image":{"@type":"ImageObject","inLanguage":"pt-BR","@id":"https:\/\/portalmf.com.br\/#\/schema\/person\/image\/","url":"https:\/\/secure.gravatar.com\/avatar\/41b9aaeb2100835f7c64362330f74c7f?s=96&d=mm&r=g","contentUrl":"https:\/\/secure.gravatar.com\/avatar\/41b9aaeb2100835f7c64362330f74c7f?s=96&d=mm&r=g","caption":"Reda\u00e7\u00e3o Portal MF"},"description":"Sejam bem-vindos o portal de informa\u00e7\u00f5es de entretenimento de Feira de Santana, desde 2006 realiza coberturas dos principais eventos com entrevistas exclusivas com as principais personalidades mundiais. Fique conectado tamb\u00e9m nas redes sociais.","sameAs":["http:\/\/www.portalmf.com.br\/","https:\/\/www.facebook.com\/portalmfoficial","https:\/\/www.instagram.com\/portalmf\/","https:\/\/x.com\/https:\/\/x.com\/portalmfoficial","https:\/\/www.youtube.com\/@portalmfoficial"],"url":"https:\/\/portalmf.com.br\/index.php\/author\/junior\/"}]}},"_links":{"self":[{"href":"https:\/\/portalmf.com.br\/index.php\/wp-json\/wp\/v2\/posts\/7591"}],"collection":[{"href":"https:\/\/portalmf.com.br\/index.php\/wp-json\/wp\/v2\/posts"}],"about":[{"href":"https:\/\/portalmf.com.br\/index.php\/wp-json\/wp\/v2\/types\/post"}],"author":[{"embeddable":true,"href":"https:\/\/portalmf.com.br\/index.php\/wp-json\/wp\/v2\/users\/3"}],"replies":[{"embeddable":true,"href":"https:\/\/portalmf.com.br\/index.php\/wp-json\/wp\/v2\/comments?post=7591"}],"version-history":[{"count":1,"href":"https:\/\/portalmf.com.br\/index.php\/wp-json\/wp\/v2\/posts\/7591\/revisions"}],"predecessor-version":[{"id":7593,"href":"https:\/\/portalmf.com.br\/index.php\/wp-json\/wp\/v2\/posts\/7591\/revisions\/7593"}],"wp:featuredmedia":[{"embeddable":true,"href":"https:\/\/portalmf.com.br\/index.php\/wp-json\/wp\/v2\/media\/7592"}],"wp:attachment":[{"href":"https:\/\/portalmf.com.br\/index.php\/wp-json\/wp\/v2\/media?parent=7591"}],"wp:term":[{"taxonomy":"category","embeddable":true,"href":"https:\/\/portalmf.com.br\/index.php\/wp-json\/wp\/v2\/categories?post=7591"},{"taxonomy":"post_tag","embeddable":true,"href":"https:\/\/portalmf.com.br\/index.php\/wp-json\/wp\/v2\/tags?post=7591"}],"curies":[{"name":"wp","href":"https:\/\/api.w.org\/{rel}","templated":true}]}}