{"id":7588,"date":"2023-01-05T16:35:37","date_gmt":"2023-01-05T19:35:37","guid":{"rendered":"https:\/\/portalmf.com.br\/?p=7588"},"modified":"2023-01-05T16:35:38","modified_gmt":"2023-01-05T19:35:38","slug":"prefeitura-divulga-atracoes-do-1o-festival-de-cultura-e-forro-de-riachao-do-jacuipe","status":"publish","type":"post","link":"https:\/\/portalmf.com.br\/index.php\/2023\/01\/05\/prefeitura-divulga-atracoes-do-1o-festival-de-cultura-e-forro-de-riachao-do-jacuipe\/","title":{"rendered":"Prefeitura divulga atra\u00e7\u00f5es do 1\u00ba Festival de Cultura e Forr\u00f3 de Riach\u00e3o do Jacu\u00edpe"},"content":{"rendered":"\n<p>Est\u00e1 confirmada para os dias 27 e 28 de janeiro de 2023 a primeira edi\u00e7\u00e3o do Festival Internacional de Forr\u00f3 de Riach\u00e3o do Jacu\u00edpe. O evento foi oficialmente lan\u00e7ado em uma reuni\u00e3o nesta ter\u00e7a-feira (3) com as presen\u00e7as do prefeito da cidade, Carlos Matos (UB), o vice, Felipe Salles, e o cantor e compositor Del Feliz.<\/p>\n\n\n\n<p>Elba Ramalho, Nando Cordel, Trio Nordestino, Mariana Aydar, Chambinho do Acordeon, Mestre Gennaro, Santanna O Cantador, Marinho Sela Vaqueira, Ari PB (Cacau com Leite), Sarajane, Carlos Pita, Julio C\u00e9sar, J\u00f4 Miranda, Flor Serena, Antonio Jos\u00e9, Raphael Moura, Luana Ingry, Joyce Fran\u00e7a e Z\u00e9 Livr\u00f3rio est\u00e3o entre as atra\u00e7\u00f5es confirmadas em uma grade que tamb\u00e9m vai contar com a presen\u00e7a de artistas internacionais com a cantora portuguesa Noa.<\/p>\n\n\n\n<p>Al\u00e9m das atra\u00e7\u00f5es musicais que se v\u00e3o se apresentar no palco montado na Pra\u00e7a Landulfo Alves, o festival tamb\u00e9m vai promover oficinas de dan\u00e7a e sanfona, al\u00e9m de apresenta\u00e7\u00f5es de cord\u00e9is e poesia, durante o dia.<\/p>\n\n\n\n<p>O 1\u00ba Festival Internacional de Forr\u00f3 de Riach\u00e3o do Jacu\u00edpe tem a proposta de aquecer o turismo cultural e gastron\u00f4mico de uma das cidades mais importantes do interior da Bahia, \u00e0s margens da BR-324. O evento tamb\u00e9m vai contribuir para a promo\u00e7\u00e3o de munic\u00edpios vizinhos, atraindo as aten\u00e7\u00f5es dos visitantes que v\u00e3o conferir os dois dias de shows com entrada gratuita.<\/p>\n\n\n\n<p>Mais informa\u00e7\u00f5es est\u00e3o dispon\u00edveis no Instagram @festivaldeforroriachao<\/p>\n","protected":false},"excerpt":{"rendered":"<p>Est\u00e1 confirmada para os dias 27 e 28 de janeiro de 2023 a primeira edi\u00e7\u00e3o do Festival Internacional de Forr\u00f3 de Riach\u00e3o do Jacu\u00edpe. O evento foi oficialmente lan\u00e7ado em uma reuni\u00e3o nesta ter\u00e7a-feira (3) com as presen\u00e7as do prefeito da cidade, Carlos Matos (UB), o vice, Felipe Salles, e o cantor e compositor Del [&hellip;]<\/p>\n","protected":false},"author":3,"featured_media":7589,"comment_status":"open","ping_status":"open","sticky":false,"template":"","format":"standard","meta":{"_monsterinsights_skip_tracking":false,"_monsterinsights_sitenote_active":false,"_monsterinsights_sitenote_note":"","_monsterinsights_sitenote_category":0,"footnotes":""},"categories":[40,48],"tags":[],"yoast_head":"<!-- This site is optimized with the Yoast SEO plugin v22.9 - https:\/\/yoast.com\/wordpress\/plugins\/seo\/ -->\n<title>Prefeitura divulga atra\u00e7\u00f5es do 1\u00ba Festival de Cultura e Forr\u00f3 de Riach\u00e3o do Jacu\u00edpe - Portal MF<\/title>\n<meta name=\"robots\" content=\"index, follow, max-snippet:-1, max-image-preview:large, max-video-preview:-1\" \/>\n<link rel=\"canonical\" href=\"https:\/\/portalmf.com.br\/index.php\/2023\/01\/05\/prefeitura-divulga-atracoes-do-1o-festival-de-cultura-e-forro-de-riachao-do-jacuipe\/\" \/>\n<meta property=\"og:locale\" content=\"pt_BR\" \/>\n<meta property=\"og:type\" content=\"article\" \/>\n<meta property=\"og:title\" content=\"Prefeitura divulga atra\u00e7\u00f5es do 1\u00ba Festival de Cultura e Forr\u00f3 de Riach\u00e3o do Jacu\u00edpe - Portal MF\" \/>\n<meta property=\"og:description\" content=\"Est\u00e1 confirmada para os dias 27 e 28 de janeiro de 2023 a primeira edi\u00e7\u00e3o do Festival Internacional de Forr\u00f3 de Riach\u00e3o do Jacu\u00edpe. O evento foi oficialmente lan\u00e7ado em uma reuni\u00e3o nesta ter\u00e7a-feira (3) com as presen\u00e7as do prefeito da cidade, Carlos Matos (UB), o vice, Felipe Salles, e o cantor e compositor Del [&hellip;]\" \/>\n<meta property=\"og:url\" content=\"https:\/\/portalmf.com.br\/index.php\/2023\/01\/05\/prefeitura-divulga-atracoes-do-1o-festival-de-cultura-e-forro-de-riachao-do-jacuipe\/\" \/>\n<meta property=\"og:site_name\" content=\"Portal MF\" \/>\n<meta property=\"article:author\" content=\"https:\/\/www.facebook.com\/portalmfoficial\" \/>\n<meta property=\"article:published_time\" content=\"2023-01-05T19:35:37+00:00\" \/>\n<meta property=\"article:modified_time\" content=\"2023-01-05T19:35:38+00:00\" \/>\n<meta property=\"og:image\" content=\"https:\/\/portalmf.com.br\/wp-content\/uploads\/2023\/01\/1o-Festival-de-Cultura-e-Forro-de-Riachao-do-Jacuipe.jpeg\" \/>\n\t<meta property=\"og:image:width\" content=\"768\" \/>\n\t<meta property=\"og:image:height\" content=\"576\" \/>\n\t<meta property=\"og:image:type\" content=\"image\/jpeg\" \/>\n<meta name=\"author\" content=\"Reda\u00e7\u00e3o Portal MF\" \/>\n<meta name=\"twitter:card\" content=\"summary_large_image\" \/>\n<meta name=\"twitter:creator\" content=\"@https:\/\/x.com\/portalmfoficial\" \/>\n<meta name=\"twitter:label1\" content=\"Escrito por\" \/>\n\t<meta name=\"twitter:data1\" content=\"Reda\u00e7\u00e3o Portal MF\" \/>\n\t<meta name=\"twitter:label2\" content=\"Est. tempo de leitura\" \/>\n\t<meta name=\"twitter:data2\" content=\"2 minutos\" \/>\n<script type=\"application\/ld+json\" class=\"yoast-schema-graph\">{\"@context\":\"https:\/\/schema.org\",\"@graph\":[{\"@type\":\"WebPage\",\"@id\":\"https:\/\/portalmf.com.br\/index.php\/2023\/01\/05\/prefeitura-divulga-atracoes-do-1o-festival-de-cultura-e-forro-de-riachao-do-jacuipe\/\",\"url\":\"https:\/\/portalmf.com.br\/index.php\/2023\/01\/05\/prefeitura-divulga-atracoes-do-1o-festival-de-cultura-e-forro-de-riachao-do-jacuipe\/\",\"name\":\"Prefeitura divulga atra\u00e7\u00f5es do 1\u00ba Festival de Cultura e Forr\u00f3 de Riach\u00e3o do Jacu\u00edpe - Portal MF\",\"isPartOf\":{\"@id\":\"https:\/\/portalmf.com.br\/#website\"},\"primaryImageOfPage\":{\"@id\":\"https:\/\/portalmf.com.br\/index.php\/2023\/01\/05\/prefeitura-divulga-atracoes-do-1o-festival-de-cultura-e-forro-de-riachao-do-jacuipe\/#primaryimage\"},\"image\":{\"@id\":\"https:\/\/portalmf.com.br\/index.php\/2023\/01\/05\/prefeitura-divulga-atracoes-do-1o-festival-de-cultura-e-forro-de-riachao-do-jacuipe\/#primaryimage\"},\"thumbnailUrl\":\"https:\/\/portalmf.com.br\/wp-content\/uploads\/2023\/01\/1o-Festival-de-Cultura-e-Forro-de-Riachao-do-Jacuipe.jpeg\",\"datePublished\":\"2023-01-05T19:35:37+00:00\",\"dateModified\":\"2023-01-05T19:35:38+00:00\",\"author\":{\"@id\":\"https:\/\/portalmf.com.br\/#\/schema\/person\/9ec101baf56233e53520c26de5d6f6f0\"},\"breadcrumb\":{\"@id\":\"https:\/\/portalmf.com.br\/index.php\/2023\/01\/05\/prefeitura-divulga-atracoes-do-1o-festival-de-cultura-e-forro-de-riachao-do-jacuipe\/#breadcrumb\"},\"inLanguage\":\"pt-BR\",\"potentialAction\":[{\"@type\":\"ReadAction\",\"target\":[\"https:\/\/portalmf.com.br\/index.php\/2023\/01\/05\/prefeitura-divulga-atracoes-do-1o-festival-de-cultura-e-forro-de-riachao-do-jacuipe\/\"]}]},{\"@type\":\"ImageObject\",\"inLanguage\":\"pt-BR\",\"@id\":\"https:\/\/portalmf.com.br\/index.php\/2023\/01\/05\/prefeitura-divulga-atracoes-do-1o-festival-de-cultura-e-forro-de-riachao-do-jacuipe\/#primaryimage\",\"url\":\"https:\/\/portalmf.com.br\/wp-content\/uploads\/2023\/01\/1o-Festival-de-Cultura-e-Forro-de-Riachao-do-Jacuipe.jpeg\",\"contentUrl\":\"https:\/\/portalmf.com.br\/wp-content\/uploads\/2023\/01\/1o-Festival-de-Cultura-e-Forro-de-Riachao-do-Jacuipe.jpeg\",\"width\":768,\"height\":576},{\"@type\":\"BreadcrumbList\",\"@id\":\"https:\/\/portalmf.com.br\/index.php\/2023\/01\/05\/prefeitura-divulga-atracoes-do-1o-festival-de-cultura-e-forro-de-riachao-do-jacuipe\/#breadcrumb\",\"itemListElement\":[{\"@type\":\"ListItem\",\"position\":1,\"name\":\"In\u00edcio\",\"item\":\"https:\/\/portalmf.com.br\/\"},{\"@type\":\"ListItem\",\"position\":2,\"name\":\"Prefeitura divulga atra\u00e7\u00f5es do 1\u00ba Festival de Cultura e Forr\u00f3 de Riach\u00e3o do Jacu\u00edpe\"}]},{\"@type\":\"WebSite\",\"@id\":\"https:\/\/portalmf.com.br\/#website\",\"url\":\"https:\/\/portalmf.com.br\/\",\"name\":\"Portal MF\",\"description\":\"Voc\u00ea conectado com a informa\u00e7\u00e3o\",\"potentialAction\":[{\"@type\":\"SearchAction\",\"target\":{\"@type\":\"EntryPoint\",\"urlTemplate\":\"https:\/\/portalmf.com.br\/?s={search_term_string}\"},\"query-input\":\"required name=search_term_string\"}],\"inLanguage\":\"pt-BR\"},{\"@type\":\"Person\",\"@id\":\"https:\/\/portalmf.com.br\/#\/schema\/person\/9ec101baf56233e53520c26de5d6f6f0\",\"name\":\"Reda\u00e7\u00e3o Portal MF\",\"image\":{\"@type\":\"ImageObject\",\"inLanguage\":\"pt-BR\",\"@id\":\"https:\/\/portalmf.com.br\/#\/schema\/person\/image\/\",\"url\":\"https:\/\/secure.gravatar.com\/avatar\/41b9aaeb2100835f7c64362330f74c7f?s=96&d=mm&r=g\",\"contentUrl\":\"https:\/\/secure.gravatar.com\/avatar\/41b9aaeb2100835f7c64362330f74c7f?s=96&d=mm&r=g\",\"caption\":\"Reda\u00e7\u00e3o Portal MF\"},\"description\":\"Sejam bem-vindos o portal de informa\u00e7\u00f5es de entretenimento de Feira de Santana, desde 2006 realiza coberturas dos principais eventos com entrevistas exclusivas com as principais personalidades mundiais. Fique conectado tamb\u00e9m nas redes sociais.\",\"sameAs\":[\"http:\/\/www.portalmf.com.br\/\",\"https:\/\/www.facebook.com\/portalmfoficial\",\"https:\/\/www.instagram.com\/portalmf\/\",\"https:\/\/x.com\/https:\/\/x.com\/portalmfoficial\",\"https:\/\/www.youtube.com\/@portalmfoficial\"],\"url\":\"https:\/\/portalmf.com.br\/index.php\/author\/junior\/\"}]}<\/script>\n<!-- \/ Yoast SEO plugin. -->","yoast_head_json":{"title":"Prefeitura divulga atra\u00e7\u00f5es do 1\u00ba Festival de Cultura e Forr\u00f3 de Riach\u00e3o do Jacu\u00edpe - Portal MF","robots":{"index":"index","follow":"follow","max-snippet":"max-snippet:-1","max-image-preview":"max-image-preview:large","max-video-preview":"max-video-preview:-1"},"canonical":"https:\/\/portalmf.com.br\/index.php\/2023\/01\/05\/prefeitura-divulga-atracoes-do-1o-festival-de-cultura-e-forro-de-riachao-do-jacuipe\/","og_locale":"pt_BR","og_type":"article","og_title":"Prefeitura divulga atra\u00e7\u00f5es do 1\u00ba Festival de Cultura e Forr\u00f3 de Riach\u00e3o do Jacu\u00edpe - Portal MF","og_description":"Est\u00e1 confirmada para os dias 27 e 28 de janeiro de 2023 a primeira edi\u00e7\u00e3o do Festival Internacional de Forr\u00f3 de Riach\u00e3o do Jacu\u00edpe. O evento foi oficialmente lan\u00e7ado em uma reuni\u00e3o nesta ter\u00e7a-feira (3) com as presen\u00e7as do prefeito da cidade, Carlos Matos (UB), o vice, Felipe Salles, e o cantor e compositor Del [&hellip;]","og_url":"https:\/\/portalmf.com.br\/index.php\/2023\/01\/05\/prefeitura-divulga-atracoes-do-1o-festival-de-cultura-e-forro-de-riachao-do-jacuipe\/","og_site_name":"Portal MF","article_author":"https:\/\/www.facebook.com\/portalmfoficial","article_published_time":"2023-01-05T19:35:37+00:00","article_modified_time":"2023-01-05T19:35:38+00:00","og_image":[{"width":768,"height":576,"url":"https:\/\/portalmf.com.br\/wp-content\/uploads\/2023\/01\/1o-Festival-de-Cultura-e-Forro-de-Riachao-do-Jacuipe.jpeg","type":"image\/jpeg"}],"author":"Reda\u00e7\u00e3o Portal MF","twitter_card":"summary_large_image","twitter_creator":"@https:\/\/x.com\/portalmfoficial","twitter_misc":{"Escrito por":"Reda\u00e7\u00e3o Portal MF","Est. tempo de leitura":"2 minutos"},"schema":{"@context":"https:\/\/schema.org","@graph":[{"@type":"WebPage","@id":"https:\/\/portalmf.com.br\/index.php\/2023\/01\/05\/prefeitura-divulga-atracoes-do-1o-festival-de-cultura-e-forro-de-riachao-do-jacuipe\/","url":"https:\/\/portalmf.com.br\/index.php\/2023\/01\/05\/prefeitura-divulga-atracoes-do-1o-festival-de-cultura-e-forro-de-riachao-do-jacuipe\/","name":"Prefeitura divulga atra\u00e7\u00f5es do 1\u00ba Festival de Cultura e Forr\u00f3 de Riach\u00e3o do Jacu\u00edpe - Portal MF","isPartOf":{"@id":"https:\/\/portalmf.com.br\/#website"},"primaryImageOfPage":{"@id":"https:\/\/portalmf.com.br\/index.php\/2023\/01\/05\/prefeitura-divulga-atracoes-do-1o-festival-de-cultura-e-forro-de-riachao-do-jacuipe\/#primaryimage"},"image":{"@id":"https:\/\/portalmf.com.br\/index.php\/2023\/01\/05\/prefeitura-divulga-atracoes-do-1o-festival-de-cultura-e-forro-de-riachao-do-jacuipe\/#primaryimage"},"thumbnailUrl":"https:\/\/portalmf.com.br\/wp-content\/uploads\/2023\/01\/1o-Festival-de-Cultura-e-Forro-de-Riachao-do-Jacuipe.jpeg","datePublished":"2023-01-05T19:35:37+00:00","dateModified":"2023-01-05T19:35:38+00:00","author":{"@id":"https:\/\/portalmf.com.br\/#\/schema\/person\/9ec101baf56233e53520c26de5d6f6f0"},"breadcrumb":{"@id":"https:\/\/portalmf.com.br\/index.php\/2023\/01\/05\/prefeitura-divulga-atracoes-do-1o-festival-de-cultura-e-forro-de-riachao-do-jacuipe\/#breadcrumb"},"inLanguage":"pt-BR","potentialAction":[{"@type":"ReadAction","target":["https:\/\/portalmf.com.br\/index.php\/2023\/01\/05\/prefeitura-divulga-atracoes-do-1o-festival-de-cultura-e-forro-de-riachao-do-jacuipe\/"]}]},{"@type":"ImageObject","inLanguage":"pt-BR","@id":"https:\/\/portalmf.com.br\/index.php\/2023\/01\/05\/prefeitura-divulga-atracoes-do-1o-festival-de-cultura-e-forro-de-riachao-do-jacuipe\/#primaryimage","url":"https:\/\/portalmf.com.br\/wp-content\/uploads\/2023\/01\/1o-Festival-de-Cultura-e-Forro-de-Riachao-do-Jacuipe.jpeg","contentUrl":"https:\/\/portalmf.com.br\/wp-content\/uploads\/2023\/01\/1o-Festival-de-Cultura-e-Forro-de-Riachao-do-Jacuipe.jpeg","width":768,"height":576},{"@type":"BreadcrumbList","@id":"https:\/\/portalmf.com.br\/index.php\/2023\/01\/05\/prefeitura-divulga-atracoes-do-1o-festival-de-cultura-e-forro-de-riachao-do-jacuipe\/#breadcrumb","itemListElement":[{"@type":"ListItem","position":1,"name":"In\u00edcio","item":"https:\/\/portalmf.com.br\/"},{"@type":"ListItem","position":2,"name":"Prefeitura divulga atra\u00e7\u00f5es do 1\u00ba Festival de Cultura e Forr\u00f3 de Riach\u00e3o do Jacu\u00edpe"}]},{"@type":"WebSite","@id":"https:\/\/portalmf.com.br\/#website","url":"https:\/\/portalmf.com.br\/","name":"Portal MF","description":"Voc\u00ea conectado com a informa\u00e7\u00e3o","potentialAction":[{"@type":"SearchAction","target":{"@type":"EntryPoint","urlTemplate":"https:\/\/portalmf.com.br\/?s={search_term_string}"},"query-input":"required name=search_term_string"}],"inLanguage":"pt-BR"},{"@type":"Person","@id":"https:\/\/portalmf.com.br\/#\/schema\/person\/9ec101baf56233e53520c26de5d6f6f0","name":"Reda\u00e7\u00e3o Portal MF","image":{"@type":"ImageObject","inLanguage":"pt-BR","@id":"https:\/\/portalmf.com.br\/#\/schema\/person\/image\/","url":"https:\/\/secure.gravatar.com\/avatar\/41b9aaeb2100835f7c64362330f74c7f?s=96&d=mm&r=g","contentUrl":"https:\/\/secure.gravatar.com\/avatar\/41b9aaeb2100835f7c64362330f74c7f?s=96&d=mm&r=g","caption":"Reda\u00e7\u00e3o Portal MF"},"description":"Sejam bem-vindos o portal de informa\u00e7\u00f5es de entretenimento de Feira de Santana, desde 2006 realiza coberturas dos principais eventos com entrevistas exclusivas com as principais personalidades mundiais. Fique conectado tamb\u00e9m nas redes sociais.","sameAs":["http:\/\/www.portalmf.com.br\/","https:\/\/www.facebook.com\/portalmfoficial","https:\/\/www.instagram.com\/portalmf\/","https:\/\/x.com\/https:\/\/x.com\/portalmfoficial","https:\/\/www.youtube.com\/@portalmfoficial"],"url":"https:\/\/portalmf.com.br\/index.php\/author\/junior\/"}]}},"_links":{"self":[{"href":"https:\/\/portalmf.com.br\/index.php\/wp-json\/wp\/v2\/posts\/7588"}],"collection":[{"href":"https:\/\/portalmf.com.br\/index.php\/wp-json\/wp\/v2\/posts"}],"about":[{"href":"https:\/\/portalmf.com.br\/index.php\/wp-json\/wp\/v2\/types\/post"}],"author":[{"embeddable":true,"href":"https:\/\/portalmf.com.br\/index.php\/wp-json\/wp\/v2\/users\/3"}],"replies":[{"embeddable":true,"href":"https:\/\/portalmf.com.br\/index.php\/wp-json\/wp\/v2\/comments?post=7588"}],"version-history":[{"count":1,"href":"https:\/\/portalmf.com.br\/index.php\/wp-json\/wp\/v2\/posts\/7588\/revisions"}],"predecessor-version":[{"id":7590,"href":"https:\/\/portalmf.com.br\/index.php\/wp-json\/wp\/v2\/posts\/7588\/revisions\/7590"}],"wp:featuredmedia":[{"embeddable":true,"href":"https:\/\/portalmf.com.br\/index.php\/wp-json\/wp\/v2\/media\/7589"}],"wp:attachment":[{"href":"https:\/\/portalmf.com.br\/index.php\/wp-json\/wp\/v2\/media?parent=7588"}],"wp:term":[{"taxonomy":"category","embeddable":true,"href":"https:\/\/portalmf.com.br\/index.php\/wp-json\/wp\/v2\/categories?post=7588"},{"taxonomy":"post_tag","embeddable":true,"href":"https:\/\/portalmf.com.br\/index.php\/wp-json\/wp\/v2\/tags?post=7588"}],"curies":[{"name":"wp","href":"https:\/\/api.w.org\/{rel}","templated":true}]}}