{"id":7586,"date":"2023-01-05T16:30:06","date_gmt":"2023-01-05T19:30:06","guid":{"rendered":"https:\/\/portalmf.com.br\/?p=7586"},"modified":"2023-01-05T16:30:08","modified_gmt":"2023-01-05T19:30:08","slug":"katule-comanda-eventos-em-vilas-do-atlantico-e-salvador","status":"publish","type":"post","link":"https:\/\/portalmf.com.br\/index.php\/2023\/01\/05\/katule-comanda-eventos-em-vilas-do-atlantico-e-salvador\/","title":{"rendered":"Katul\u00ea comanda eventos em Vilas do Atl\u00e2ntico e Salvador"},"content":{"rendered":"\n<p>O grupo Katul\u00ea &#8211; refer\u00eancia no cen\u00e1rio do samba soteropolitano, que acumula grandes feitos em sua trajet\u00f3ria &#8211; j\u00e1 esquentou os motores para come\u00e7ar 2023 no embalo das festas que tomam conta do ver\u00e3o de Salvador. <\/p>\n\n\n\n<p>Nesta sexta, dia 06 de janeiro, o grupo se apresenta no \u201cPrimeiro Samba do Ano\u201d, que acontece no Nosso Quintal, em Villas do Atl\u00e2ntico. A apresenta\u00e7\u00e3o ser\u00e1 a partir das 20 horas e a promessa \u00e9 de muito alto astral, boa energia e sucessos do samba. <\/p>\n\n\n\n<p>J\u00e1 no domingo, dia 08, o Katul\u00ea se apresenta no Salvador Boa Pra\u00e7a, que acontece na Pra\u00e7a Ana L\u00facia Magalh\u00e3es, na Pituba, a partir das 16 horas. O acesso \u00e9 gratuito. <\/p>\n\n\n\n<p><em>\u201cVai ser um doming\u00e3o muito especial, aberto ao p\u00fablico, com muita anima\u00e7\u00e3o, do jeito que o p\u00fablico merece!\u201d<\/em>, antecipa Luis Costa, vocalista do Katul\u00ea.<\/p>\n","protected":false},"excerpt":{"rendered":"<p>O grupo Katul\u00ea &#8211; refer\u00eancia no cen\u00e1rio do samba soteropolitano, que acumula grandes feitos em sua trajet\u00f3ria &#8211; j\u00e1 esquentou os motores para come\u00e7ar 2023 no embalo das festas que tomam conta do ver\u00e3o de Salvador. Nesta sexta, dia 06 de janeiro, o grupo se apresenta no \u201cPrimeiro Samba do Ano\u201d, que acontece no Nosso [&hellip;]<\/p>\n","protected":false},"author":3,"featured_media":4572,"comment_status":"open","ping_status":"open","sticky":false,"template":"","format":"standard","meta":{"_monsterinsights_skip_tracking":false,"_monsterinsights_sitenote_active":false,"_monsterinsights_sitenote_note":"","_monsterinsights_sitenote_category":0,"footnotes":""},"categories":[1],"tags":[],"yoast_head":"<!-- This site is optimized with the Yoast SEO plugin v22.9 - https:\/\/yoast.com\/wordpress\/plugins\/seo\/ -->\n<title>Katul\u00ea comanda eventos em Vilas do Atl\u00e2ntico e Salvador - Portal MF<\/title>\n<meta name=\"robots\" content=\"index, follow, max-snippet:-1, max-image-preview:large, max-video-preview:-1\" \/>\n<link rel=\"canonical\" href=\"https:\/\/portalmf.com.br\/index.php\/2023\/01\/05\/katule-comanda-eventos-em-vilas-do-atlantico-e-salvador\/\" \/>\n<meta property=\"og:locale\" content=\"pt_BR\" \/>\n<meta property=\"og:type\" content=\"article\" \/>\n<meta property=\"og:title\" content=\"Katul\u00ea comanda eventos em Vilas do Atl\u00e2ntico e Salvador - Portal MF\" \/>\n<meta property=\"og:description\" content=\"O grupo Katul\u00ea &#8211; refer\u00eancia no cen\u00e1rio do samba soteropolitano, que acumula grandes feitos em sua trajet\u00f3ria &#8211; j\u00e1 esquentou os motores para come\u00e7ar 2023 no embalo das festas que tomam conta do ver\u00e3o de Salvador. Nesta sexta, dia 06 de janeiro, o grupo se apresenta no \u201cPrimeiro Samba do Ano\u201d, que acontece no Nosso [&hellip;]\" \/>\n<meta property=\"og:url\" content=\"https:\/\/portalmf.com.br\/index.php\/2023\/01\/05\/katule-comanda-eventos-em-vilas-do-atlantico-e-salvador\/\" \/>\n<meta property=\"og:site_name\" content=\"Portal MF\" \/>\n<meta property=\"article:author\" content=\"https:\/\/www.facebook.com\/portalmfoficial\" \/>\n<meta property=\"article:published_time\" content=\"2023-01-05T19:30:06+00:00\" \/>\n<meta property=\"article:modified_time\" content=\"2023-01-05T19:30:08+00:00\" \/>\n<meta property=\"og:image\" content=\"https:\/\/portalmf.com.br\/wp-content\/uploads\/2022\/09\/Katule.jpeg\" \/>\n\t<meta property=\"og:image:width\" content=\"1000\" \/>\n\t<meta property=\"og:image:height\" content=\"666\" \/>\n\t<meta property=\"og:image:type\" content=\"image\/jpeg\" \/>\n<meta name=\"author\" content=\"Reda\u00e7\u00e3o Portal MF\" \/>\n<meta name=\"twitter:card\" content=\"summary_large_image\" \/>\n<meta name=\"twitter:creator\" content=\"@https:\/\/x.com\/portalmfoficial\" \/>\n<meta name=\"twitter:label1\" content=\"Escrito por\" \/>\n\t<meta name=\"twitter:data1\" content=\"Reda\u00e7\u00e3o Portal MF\" \/>\n\t<meta name=\"twitter:label2\" content=\"Est. tempo de leitura\" \/>\n\t<meta name=\"twitter:data2\" content=\"1 minuto\" \/>\n<script type=\"application\/ld+json\" class=\"yoast-schema-graph\">{\"@context\":\"https:\/\/schema.org\",\"@graph\":[{\"@type\":\"WebPage\",\"@id\":\"https:\/\/portalmf.com.br\/index.php\/2023\/01\/05\/katule-comanda-eventos-em-vilas-do-atlantico-e-salvador\/\",\"url\":\"https:\/\/portalmf.com.br\/index.php\/2023\/01\/05\/katule-comanda-eventos-em-vilas-do-atlantico-e-salvador\/\",\"name\":\"Katul\u00ea comanda eventos em Vilas do Atl\u00e2ntico e Salvador - Portal MF\",\"isPartOf\":{\"@id\":\"https:\/\/portalmf.com.br\/#website\"},\"primaryImageOfPage\":{\"@id\":\"https:\/\/portalmf.com.br\/index.php\/2023\/01\/05\/katule-comanda-eventos-em-vilas-do-atlantico-e-salvador\/#primaryimage\"},\"image\":{\"@id\":\"https:\/\/portalmf.com.br\/index.php\/2023\/01\/05\/katule-comanda-eventos-em-vilas-do-atlantico-e-salvador\/#primaryimage\"},\"thumbnailUrl\":\"https:\/\/portalmf.com.br\/wp-content\/uploads\/2022\/09\/Katule.jpeg\",\"datePublished\":\"2023-01-05T19:30:06+00:00\",\"dateModified\":\"2023-01-05T19:30:08+00:00\",\"author\":{\"@id\":\"https:\/\/portalmf.com.br\/#\/schema\/person\/9ec101baf56233e53520c26de5d6f6f0\"},\"breadcrumb\":{\"@id\":\"https:\/\/portalmf.com.br\/index.php\/2023\/01\/05\/katule-comanda-eventos-em-vilas-do-atlantico-e-salvador\/#breadcrumb\"},\"inLanguage\":\"pt-BR\",\"potentialAction\":[{\"@type\":\"ReadAction\",\"target\":[\"https:\/\/portalmf.com.br\/index.php\/2023\/01\/05\/katule-comanda-eventos-em-vilas-do-atlantico-e-salvador\/\"]}]},{\"@type\":\"ImageObject\",\"inLanguage\":\"pt-BR\",\"@id\":\"https:\/\/portalmf.com.br\/index.php\/2023\/01\/05\/katule-comanda-eventos-em-vilas-do-atlantico-e-salvador\/#primaryimage\",\"url\":\"https:\/\/portalmf.com.br\/wp-content\/uploads\/2022\/09\/Katule.jpeg\",\"contentUrl\":\"https:\/\/portalmf.com.br\/wp-content\/uploads\/2022\/09\/Katule.jpeg\",\"width\":1000,\"height\":666},{\"@type\":\"BreadcrumbList\",\"@id\":\"https:\/\/portalmf.com.br\/index.php\/2023\/01\/05\/katule-comanda-eventos-em-vilas-do-atlantico-e-salvador\/#breadcrumb\",\"itemListElement\":[{\"@type\":\"ListItem\",\"position\":1,\"name\":\"In\u00edcio\",\"item\":\"https:\/\/portalmf.com.br\/\"},{\"@type\":\"ListItem\",\"position\":2,\"name\":\"Katul\u00ea comanda eventos em Vilas do Atl\u00e2ntico e Salvador\"}]},{\"@type\":\"WebSite\",\"@id\":\"https:\/\/portalmf.com.br\/#website\",\"url\":\"https:\/\/portalmf.com.br\/\",\"name\":\"Portal MF\",\"description\":\"Voc\u00ea conectado com a informa\u00e7\u00e3o\",\"potentialAction\":[{\"@type\":\"SearchAction\",\"target\":{\"@type\":\"EntryPoint\",\"urlTemplate\":\"https:\/\/portalmf.com.br\/?s={search_term_string}\"},\"query-input\":\"required name=search_term_string\"}],\"inLanguage\":\"pt-BR\"},{\"@type\":\"Person\",\"@id\":\"https:\/\/portalmf.com.br\/#\/schema\/person\/9ec101baf56233e53520c26de5d6f6f0\",\"name\":\"Reda\u00e7\u00e3o Portal MF\",\"image\":{\"@type\":\"ImageObject\",\"inLanguage\":\"pt-BR\",\"@id\":\"https:\/\/portalmf.com.br\/#\/schema\/person\/image\/\",\"url\":\"https:\/\/secure.gravatar.com\/avatar\/41b9aaeb2100835f7c64362330f74c7f?s=96&d=mm&r=g\",\"contentUrl\":\"https:\/\/secure.gravatar.com\/avatar\/41b9aaeb2100835f7c64362330f74c7f?s=96&d=mm&r=g\",\"caption\":\"Reda\u00e7\u00e3o Portal MF\"},\"description\":\"Sejam bem-vindos o portal de informa\u00e7\u00f5es de entretenimento de Feira de Santana, desde 2006 realiza coberturas dos principais eventos com entrevistas exclusivas com as principais personalidades mundiais. Fique conectado tamb\u00e9m nas redes sociais.\",\"sameAs\":[\"http:\/\/www.portalmf.com.br\/\",\"https:\/\/www.facebook.com\/portalmfoficial\",\"https:\/\/www.instagram.com\/portalmf\/\",\"https:\/\/x.com\/https:\/\/x.com\/portalmfoficial\",\"https:\/\/www.youtube.com\/@portalmfoficial\"],\"url\":\"https:\/\/portalmf.com.br\/index.php\/author\/junior\/\"}]}<\/script>\n<!-- \/ Yoast SEO plugin. -->","yoast_head_json":{"title":"Katul\u00ea comanda eventos em Vilas do Atl\u00e2ntico e Salvador - Portal MF","robots":{"index":"index","follow":"follow","max-snippet":"max-snippet:-1","max-image-preview":"max-image-preview:large","max-video-preview":"max-video-preview:-1"},"canonical":"https:\/\/portalmf.com.br\/index.php\/2023\/01\/05\/katule-comanda-eventos-em-vilas-do-atlantico-e-salvador\/","og_locale":"pt_BR","og_type":"article","og_title":"Katul\u00ea comanda eventos em Vilas do Atl\u00e2ntico e Salvador - Portal MF","og_description":"O grupo Katul\u00ea &#8211; refer\u00eancia no cen\u00e1rio do samba soteropolitano, que acumula grandes feitos em sua trajet\u00f3ria &#8211; j\u00e1 esquentou os motores para come\u00e7ar 2023 no embalo das festas que tomam conta do ver\u00e3o de Salvador. Nesta sexta, dia 06 de janeiro, o grupo se apresenta no \u201cPrimeiro Samba do Ano\u201d, que acontece no Nosso [&hellip;]","og_url":"https:\/\/portalmf.com.br\/index.php\/2023\/01\/05\/katule-comanda-eventos-em-vilas-do-atlantico-e-salvador\/","og_site_name":"Portal MF","article_author":"https:\/\/www.facebook.com\/portalmfoficial","article_published_time":"2023-01-05T19:30:06+00:00","article_modified_time":"2023-01-05T19:30:08+00:00","og_image":[{"width":1000,"height":666,"url":"https:\/\/portalmf.com.br\/wp-content\/uploads\/2022\/09\/Katule.jpeg","type":"image\/jpeg"}],"author":"Reda\u00e7\u00e3o Portal MF","twitter_card":"summary_large_image","twitter_creator":"@https:\/\/x.com\/portalmfoficial","twitter_misc":{"Escrito por":"Reda\u00e7\u00e3o Portal MF","Est. tempo de leitura":"1 minuto"},"schema":{"@context":"https:\/\/schema.org","@graph":[{"@type":"WebPage","@id":"https:\/\/portalmf.com.br\/index.php\/2023\/01\/05\/katule-comanda-eventos-em-vilas-do-atlantico-e-salvador\/","url":"https:\/\/portalmf.com.br\/index.php\/2023\/01\/05\/katule-comanda-eventos-em-vilas-do-atlantico-e-salvador\/","name":"Katul\u00ea comanda eventos em Vilas do Atl\u00e2ntico e Salvador - Portal MF","isPartOf":{"@id":"https:\/\/portalmf.com.br\/#website"},"primaryImageOfPage":{"@id":"https:\/\/portalmf.com.br\/index.php\/2023\/01\/05\/katule-comanda-eventos-em-vilas-do-atlantico-e-salvador\/#primaryimage"},"image":{"@id":"https:\/\/portalmf.com.br\/index.php\/2023\/01\/05\/katule-comanda-eventos-em-vilas-do-atlantico-e-salvador\/#primaryimage"},"thumbnailUrl":"https:\/\/portalmf.com.br\/wp-content\/uploads\/2022\/09\/Katule.jpeg","datePublished":"2023-01-05T19:30:06+00:00","dateModified":"2023-01-05T19:30:08+00:00","author":{"@id":"https:\/\/portalmf.com.br\/#\/schema\/person\/9ec101baf56233e53520c26de5d6f6f0"},"breadcrumb":{"@id":"https:\/\/portalmf.com.br\/index.php\/2023\/01\/05\/katule-comanda-eventos-em-vilas-do-atlantico-e-salvador\/#breadcrumb"},"inLanguage":"pt-BR","potentialAction":[{"@type":"ReadAction","target":["https:\/\/portalmf.com.br\/index.php\/2023\/01\/05\/katule-comanda-eventos-em-vilas-do-atlantico-e-salvador\/"]}]},{"@type":"ImageObject","inLanguage":"pt-BR","@id":"https:\/\/portalmf.com.br\/index.php\/2023\/01\/05\/katule-comanda-eventos-em-vilas-do-atlantico-e-salvador\/#primaryimage","url":"https:\/\/portalmf.com.br\/wp-content\/uploads\/2022\/09\/Katule.jpeg","contentUrl":"https:\/\/portalmf.com.br\/wp-content\/uploads\/2022\/09\/Katule.jpeg","width":1000,"height":666},{"@type":"BreadcrumbList","@id":"https:\/\/portalmf.com.br\/index.php\/2023\/01\/05\/katule-comanda-eventos-em-vilas-do-atlantico-e-salvador\/#breadcrumb","itemListElement":[{"@type":"ListItem","position":1,"name":"In\u00edcio","item":"https:\/\/portalmf.com.br\/"},{"@type":"ListItem","position":2,"name":"Katul\u00ea comanda eventos em Vilas do Atl\u00e2ntico e Salvador"}]},{"@type":"WebSite","@id":"https:\/\/portalmf.com.br\/#website","url":"https:\/\/portalmf.com.br\/","name":"Portal MF","description":"Voc\u00ea conectado com a informa\u00e7\u00e3o","potentialAction":[{"@type":"SearchAction","target":{"@type":"EntryPoint","urlTemplate":"https:\/\/portalmf.com.br\/?s={search_term_string}"},"query-input":"required name=search_term_string"}],"inLanguage":"pt-BR"},{"@type":"Person","@id":"https:\/\/portalmf.com.br\/#\/schema\/person\/9ec101baf56233e53520c26de5d6f6f0","name":"Reda\u00e7\u00e3o Portal MF","image":{"@type":"ImageObject","inLanguage":"pt-BR","@id":"https:\/\/portalmf.com.br\/#\/schema\/person\/image\/","url":"https:\/\/secure.gravatar.com\/avatar\/41b9aaeb2100835f7c64362330f74c7f?s=96&d=mm&r=g","contentUrl":"https:\/\/secure.gravatar.com\/avatar\/41b9aaeb2100835f7c64362330f74c7f?s=96&d=mm&r=g","caption":"Reda\u00e7\u00e3o Portal MF"},"description":"Sejam bem-vindos o portal de informa\u00e7\u00f5es de entretenimento de Feira de Santana, desde 2006 realiza coberturas dos principais eventos com entrevistas exclusivas com as principais personalidades mundiais. Fique conectado tamb\u00e9m nas redes sociais.","sameAs":["http:\/\/www.portalmf.com.br\/","https:\/\/www.facebook.com\/portalmfoficial","https:\/\/www.instagram.com\/portalmf\/","https:\/\/x.com\/https:\/\/x.com\/portalmfoficial","https:\/\/www.youtube.com\/@portalmfoficial"],"url":"https:\/\/portalmf.com.br\/index.php\/author\/junior\/"}]}},"_links":{"self":[{"href":"https:\/\/portalmf.com.br\/index.php\/wp-json\/wp\/v2\/posts\/7586"}],"collection":[{"href":"https:\/\/portalmf.com.br\/index.php\/wp-json\/wp\/v2\/posts"}],"about":[{"href":"https:\/\/portalmf.com.br\/index.php\/wp-json\/wp\/v2\/types\/post"}],"author":[{"embeddable":true,"href":"https:\/\/portalmf.com.br\/index.php\/wp-json\/wp\/v2\/users\/3"}],"replies":[{"embeddable":true,"href":"https:\/\/portalmf.com.br\/index.php\/wp-json\/wp\/v2\/comments?post=7586"}],"version-history":[{"count":1,"href":"https:\/\/portalmf.com.br\/index.php\/wp-json\/wp\/v2\/posts\/7586\/revisions"}],"predecessor-version":[{"id":7587,"href":"https:\/\/portalmf.com.br\/index.php\/wp-json\/wp\/v2\/posts\/7586\/revisions\/7587"}],"wp:featuredmedia":[{"embeddable":true,"href":"https:\/\/portalmf.com.br\/index.php\/wp-json\/wp\/v2\/media\/4572"}],"wp:attachment":[{"href":"https:\/\/portalmf.com.br\/index.php\/wp-json\/wp\/v2\/media?parent=7586"}],"wp:term":[{"taxonomy":"category","embeddable":true,"href":"https:\/\/portalmf.com.br\/index.php\/wp-json\/wp\/v2\/categories?post=7586"},{"taxonomy":"post_tag","embeddable":true,"href":"https:\/\/portalmf.com.br\/index.php\/wp-json\/wp\/v2\/tags?post=7586"}],"curies":[{"name":"wp","href":"https:\/\/api.w.org\/{rel}","templated":true}]}}