{"id":7569,"date":"2023-01-04T17:40:52","date_gmt":"2023-01-04T20:40:52","guid":{"rendered":"https:\/\/portalmf.com.br\/?p=7569"},"modified":"2023-01-04T17:40:53","modified_gmt":"2023-01-04T20:40:53","slug":"ancora-da-globonews-canta-farao-para-chamar-margareth-menezes","status":"publish","type":"post","link":"https:\/\/portalmf.com.br\/index.php\/2023\/01\/04\/ancora-da-globonews-canta-farao-para-chamar-margareth-menezes\/","title":{"rendered":"\u00c2ncora da GloboNews canta &#8216;Fara\u00f3&#8217; para chamar Margareth Menezes"},"content":{"rendered":"\n<p>A cantora e ministra da Cultura Margareth Menezes foi entrevistada por um grupo de jornalistas da GloboNews na na ter\u00e7a-feira, 3, e a maneira inusitada que o \u00e2ncora Marcelo Cosme usou para testar o \u00e1udio da ministra chamou aten\u00e7\u00e3o.<\/p>\n\n\n\n<p>O jornalista perguntou se ela estava ouvindo usando uma trecho da can\u00e7\u00e3o Fara\u00f3, cujo refr\u00e3o \u00e9 &#8220;Eu falei fara\u00f3, \u00ea\u00ea\u00ea fara\u00f3&#8221; &#8211; trecho geralmente cantando em forma de pergunta e resposta com o p\u00fablico.&nbsp;<\/p>\n\n\n\n<p><em>&#8220;T\u00e1 me ouvindo, ministra? Eu vou perguntar uma coisa e a senhora me responde: &#8216;Eu falei fara\u00f3\u00f3\u00f3'&#8221;,<\/em> disse Cosme. A ministra prontamente respondeu: &#8220;\u00ca\u00ea\u00ea Fara\u00f3!!!&#8221;. A situa\u00e7\u00e3o descontra\u00edda gerou sorrisos e risadas dos demais jornalistas.<\/p>\n\n\n\n<p>Confira o momento no v\u00eddeo abaixo\u00a0\u00a0<\/p>\n\n\n\n<figure class=\"wp-block-embed is-type-rich is-provider-twitter wp-block-embed-twitter\"><div class=\"wp-block-embed__wrapper\">\n<blockquote class=\"twitter-tweet\" data-width=\"550\" data-dnt=\"true\"><p lang=\"pt\" dir=\"ltr\">Simplesmente Marcelo Cosme verificando se a Ministra Margareth Menezes estava ouvindo com um \u201cEu falei fara\u00f3\u00f3\u00f3\u2026\u201d e ela respondendo com &quot;\u00ea\u00ea\u00ea FARA\u00d3!!!&quot;<a href=\"https:\/\/t.co\/SnvNvLEX0L\">pic.twitter.com\/SnvNvLEX0L<\/a><\/p>&mdash; PAN (@forumpandlr) <a href=\"https:\/\/twitter.com\/forumpandlr\/status\/1610462697824337920?ref_src=twsrc%5Etfw\">January 4, 2023<\/a><\/blockquote><script async src=\"https:\/\/platform.twitter.com\/widgets.js\" charset=\"utf-8\"><\/script>\n<\/div><\/figure>\n\n\n\n<p>Na gest\u00e3o&nbsp;<strong>Bolsonaro<\/strong>, o Minist\u00e9rio da Cultura foi extinto e transformado em Secretaria Especial da Cultura por onde passaram nomes como Regina Duarte,&nbsp;Mario Frias e&nbsp;Roberto Alvim, que fez apologia ao nazismo.<\/p>\n\n\n\n<p>Al\u00e9m de cantora e \u00edcone do carnaval baiano,\u00a0<strong>Margareth Menezes\u00a0<\/strong>\u00e9\u00a0criadora da\u00a0Associa\u00e7\u00e3o F\u00e1brica Cultural, de uma associa\u00e7\u00e3o sem fins lucrativos focada focada em educa\u00e7\u00e3o, cultura e sustentabilidade, fundada em mar\u00e7o de 2004.\u00a0<\/p>\n\n\n\n<p>Com informa\u00e7\u00f5es do Terra<\/p>\n","protected":false},"excerpt":{"rendered":"<p>A cantora e ministra da Cultura Margareth Menezes foi entrevistada por um grupo de jornalistas da GloboNews na na ter\u00e7a-feira, 3, e a maneira inusitada que o \u00e2ncora Marcelo Cosme usou para testar o \u00e1udio da ministra chamou aten\u00e7\u00e3o. O jornalista perguntou se ela estava ouvindo usando uma trecho da can\u00e7\u00e3o Fara\u00f3, cujo refr\u00e3o \u00e9 [&hellip;]<\/p>\n","protected":false},"author":3,"featured_media":7570,"comment_status":"open","ping_status":"open","sticky":false,"template":"","format":"standard","meta":{"_monsterinsights_skip_tracking":false,"_monsterinsights_sitenote_active":false,"_monsterinsights_sitenote_note":"","_monsterinsights_sitenote_category":0,"footnotes":""},"categories":[47,43],"tags":[],"yoast_head":"<!-- This site is optimized with the Yoast SEO plugin v22.9 - https:\/\/yoast.com\/wordpress\/plugins\/seo\/ -->\n<title>\u00c2ncora da GloboNews canta &#039;Fara\u00f3&#039; para chamar Margareth Menezes - Portal MF<\/title>\n<meta name=\"robots\" content=\"index, follow, max-snippet:-1, max-image-preview:large, max-video-preview:-1\" \/>\n<link rel=\"canonical\" href=\"https:\/\/portalmf.com.br\/index.php\/2023\/01\/04\/ancora-da-globonews-canta-farao-para-chamar-margareth-menezes\/\" \/>\n<meta property=\"og:locale\" content=\"pt_BR\" \/>\n<meta property=\"og:type\" content=\"article\" \/>\n<meta property=\"og:title\" content=\"\u00c2ncora da GloboNews canta &#039;Fara\u00f3&#039; para chamar Margareth Menezes - Portal MF\" \/>\n<meta property=\"og:description\" content=\"A cantora e ministra da Cultura Margareth Menezes foi entrevistada por um grupo de jornalistas da GloboNews na na ter\u00e7a-feira, 3, e a maneira inusitada que o \u00e2ncora Marcelo Cosme usou para testar o \u00e1udio da ministra chamou aten\u00e7\u00e3o. O jornalista perguntou se ela estava ouvindo usando uma trecho da can\u00e7\u00e3o Fara\u00f3, cujo refr\u00e3o \u00e9 [&hellip;]\" \/>\n<meta property=\"og:url\" content=\"https:\/\/portalmf.com.br\/index.php\/2023\/01\/04\/ancora-da-globonews-canta-farao-para-chamar-margareth-menezes\/\" \/>\n<meta property=\"og:site_name\" content=\"Portal MF\" \/>\n<meta property=\"article:author\" content=\"https:\/\/www.facebook.com\/portalmfoficial\" \/>\n<meta property=\"article:published_time\" content=\"2023-01-04T20:40:52+00:00\" \/>\n<meta property=\"article:modified_time\" content=\"2023-01-04T20:40:53+00:00\" \/>\n<meta property=\"og:image\" content=\"https:\/\/portalmf.com.br\/wp-content\/uploads\/2023\/01\/entrevista-sl3gc66aovua.jpg\" \/>\n\t<meta property=\"og:image:width\" content=\"648\" \/>\n\t<meta property=\"og:image:height\" content=\"361\" \/>\n\t<meta property=\"og:image:type\" content=\"image\/jpeg\" \/>\n<meta name=\"author\" content=\"Reda\u00e7\u00e3o Portal MF\" \/>\n<meta name=\"twitter:card\" content=\"summary_large_image\" \/>\n<meta name=\"twitter:creator\" content=\"@https:\/\/x.com\/portalmfoficial\" \/>\n<meta name=\"twitter:label1\" content=\"Escrito por\" \/>\n\t<meta name=\"twitter:data1\" content=\"Reda\u00e7\u00e3o Portal MF\" \/>\n\t<meta name=\"twitter:label2\" content=\"Est. tempo de leitura\" \/>\n\t<meta name=\"twitter:data2\" content=\"2 minutos\" \/>\n<script type=\"application\/ld+json\" class=\"yoast-schema-graph\">{\"@context\":\"https:\/\/schema.org\",\"@graph\":[{\"@type\":\"WebPage\",\"@id\":\"https:\/\/portalmf.com.br\/index.php\/2023\/01\/04\/ancora-da-globonews-canta-farao-para-chamar-margareth-menezes\/\",\"url\":\"https:\/\/portalmf.com.br\/index.php\/2023\/01\/04\/ancora-da-globonews-canta-farao-para-chamar-margareth-menezes\/\",\"name\":\"\u00c2ncora da GloboNews canta 'Fara\u00f3' para chamar Margareth Menezes - Portal MF\",\"isPartOf\":{\"@id\":\"https:\/\/portalmf.com.br\/#website\"},\"primaryImageOfPage\":{\"@id\":\"https:\/\/portalmf.com.br\/index.php\/2023\/01\/04\/ancora-da-globonews-canta-farao-para-chamar-margareth-menezes\/#primaryimage\"},\"image\":{\"@id\":\"https:\/\/portalmf.com.br\/index.php\/2023\/01\/04\/ancora-da-globonews-canta-farao-para-chamar-margareth-menezes\/#primaryimage\"},\"thumbnailUrl\":\"https:\/\/portalmf.com.br\/wp-content\/uploads\/2023\/01\/entrevista-sl3gc66aovua.jpg\",\"datePublished\":\"2023-01-04T20:40:52+00:00\",\"dateModified\":\"2023-01-04T20:40:53+00:00\",\"author\":{\"@id\":\"https:\/\/portalmf.com.br\/#\/schema\/person\/9ec101baf56233e53520c26de5d6f6f0\"},\"breadcrumb\":{\"@id\":\"https:\/\/portalmf.com.br\/index.php\/2023\/01\/04\/ancora-da-globonews-canta-farao-para-chamar-margareth-menezes\/#breadcrumb\"},\"inLanguage\":\"pt-BR\",\"potentialAction\":[{\"@type\":\"ReadAction\",\"target\":[\"https:\/\/portalmf.com.br\/index.php\/2023\/01\/04\/ancora-da-globonews-canta-farao-para-chamar-margareth-menezes\/\"]}]},{\"@type\":\"ImageObject\",\"inLanguage\":\"pt-BR\",\"@id\":\"https:\/\/portalmf.com.br\/index.php\/2023\/01\/04\/ancora-da-globonews-canta-farao-para-chamar-margareth-menezes\/#primaryimage\",\"url\":\"https:\/\/portalmf.com.br\/wp-content\/uploads\/2023\/01\/entrevista-sl3gc66aovua.jpg\",\"contentUrl\":\"https:\/\/portalmf.com.br\/wp-content\/uploads\/2023\/01\/entrevista-sl3gc66aovua.jpg\",\"width\":648,\"height\":361,\"caption\":\"Foto: Reprodu\u00e7\u00e3o\"},{\"@type\":\"BreadcrumbList\",\"@id\":\"https:\/\/portalmf.com.br\/index.php\/2023\/01\/04\/ancora-da-globonews-canta-farao-para-chamar-margareth-menezes\/#breadcrumb\",\"itemListElement\":[{\"@type\":\"ListItem\",\"position\":1,\"name\":\"In\u00edcio\",\"item\":\"https:\/\/portalmf.com.br\/\"},{\"@type\":\"ListItem\",\"position\":2,\"name\":\"\u00c2ncora da GloboNews canta &#8216;Fara\u00f3&#8217; para chamar Margareth Menezes\"}]},{\"@type\":\"WebSite\",\"@id\":\"https:\/\/portalmf.com.br\/#website\",\"url\":\"https:\/\/portalmf.com.br\/\",\"name\":\"Portal MF\",\"description\":\"Voc\u00ea conectado com a informa\u00e7\u00e3o\",\"potentialAction\":[{\"@type\":\"SearchAction\",\"target\":{\"@type\":\"EntryPoint\",\"urlTemplate\":\"https:\/\/portalmf.com.br\/?s={search_term_string}\"},\"query-input\":\"required name=search_term_string\"}],\"inLanguage\":\"pt-BR\"},{\"@type\":\"Person\",\"@id\":\"https:\/\/portalmf.com.br\/#\/schema\/person\/9ec101baf56233e53520c26de5d6f6f0\",\"name\":\"Reda\u00e7\u00e3o Portal MF\",\"image\":{\"@type\":\"ImageObject\",\"inLanguage\":\"pt-BR\",\"@id\":\"https:\/\/portalmf.com.br\/#\/schema\/person\/image\/\",\"url\":\"https:\/\/secure.gravatar.com\/avatar\/41b9aaeb2100835f7c64362330f74c7f?s=96&d=mm&r=g\",\"contentUrl\":\"https:\/\/secure.gravatar.com\/avatar\/41b9aaeb2100835f7c64362330f74c7f?s=96&d=mm&r=g\",\"caption\":\"Reda\u00e7\u00e3o Portal MF\"},\"description\":\"Sejam bem-vindos o portal de informa\u00e7\u00f5es de entretenimento de Feira de Santana, desde 2006 realiza coberturas dos principais eventos com entrevistas exclusivas com as principais personalidades mundiais. Fique conectado tamb\u00e9m nas redes sociais.\",\"sameAs\":[\"http:\/\/www.portalmf.com.br\/\",\"https:\/\/www.facebook.com\/portalmfoficial\",\"https:\/\/www.instagram.com\/portalmf\/\",\"https:\/\/x.com\/https:\/\/x.com\/portalmfoficial\",\"https:\/\/www.youtube.com\/@portalmfoficial\"],\"url\":\"https:\/\/portalmf.com.br\/index.php\/author\/junior\/\"}]}<\/script>\n<!-- \/ Yoast SEO plugin. -->","yoast_head_json":{"title":"\u00c2ncora da GloboNews canta 'Fara\u00f3' para chamar Margareth Menezes - Portal MF","robots":{"index":"index","follow":"follow","max-snippet":"max-snippet:-1","max-image-preview":"max-image-preview:large","max-video-preview":"max-video-preview:-1"},"canonical":"https:\/\/portalmf.com.br\/index.php\/2023\/01\/04\/ancora-da-globonews-canta-farao-para-chamar-margareth-menezes\/","og_locale":"pt_BR","og_type":"article","og_title":"\u00c2ncora da GloboNews canta 'Fara\u00f3' para chamar Margareth Menezes - Portal MF","og_description":"A cantora e ministra da Cultura Margareth Menezes foi entrevistada por um grupo de jornalistas da GloboNews na na ter\u00e7a-feira, 3, e a maneira inusitada que o \u00e2ncora Marcelo Cosme usou para testar o \u00e1udio da ministra chamou aten\u00e7\u00e3o. O jornalista perguntou se ela estava ouvindo usando uma trecho da can\u00e7\u00e3o Fara\u00f3, cujo refr\u00e3o \u00e9 [&hellip;]","og_url":"https:\/\/portalmf.com.br\/index.php\/2023\/01\/04\/ancora-da-globonews-canta-farao-para-chamar-margareth-menezes\/","og_site_name":"Portal MF","article_author":"https:\/\/www.facebook.com\/portalmfoficial","article_published_time":"2023-01-04T20:40:52+00:00","article_modified_time":"2023-01-04T20:40:53+00:00","og_image":[{"width":648,"height":361,"url":"https:\/\/portalmf.com.br\/wp-content\/uploads\/2023\/01\/entrevista-sl3gc66aovua.jpg","type":"image\/jpeg"}],"author":"Reda\u00e7\u00e3o Portal MF","twitter_card":"summary_large_image","twitter_creator":"@https:\/\/x.com\/portalmfoficial","twitter_misc":{"Escrito por":"Reda\u00e7\u00e3o Portal MF","Est. tempo de leitura":"2 minutos"},"schema":{"@context":"https:\/\/schema.org","@graph":[{"@type":"WebPage","@id":"https:\/\/portalmf.com.br\/index.php\/2023\/01\/04\/ancora-da-globonews-canta-farao-para-chamar-margareth-menezes\/","url":"https:\/\/portalmf.com.br\/index.php\/2023\/01\/04\/ancora-da-globonews-canta-farao-para-chamar-margareth-menezes\/","name":"\u00c2ncora da GloboNews canta 'Fara\u00f3' para chamar Margareth Menezes - Portal MF","isPartOf":{"@id":"https:\/\/portalmf.com.br\/#website"},"primaryImageOfPage":{"@id":"https:\/\/portalmf.com.br\/index.php\/2023\/01\/04\/ancora-da-globonews-canta-farao-para-chamar-margareth-menezes\/#primaryimage"},"image":{"@id":"https:\/\/portalmf.com.br\/index.php\/2023\/01\/04\/ancora-da-globonews-canta-farao-para-chamar-margareth-menezes\/#primaryimage"},"thumbnailUrl":"https:\/\/portalmf.com.br\/wp-content\/uploads\/2023\/01\/entrevista-sl3gc66aovua.jpg","datePublished":"2023-01-04T20:40:52+00:00","dateModified":"2023-01-04T20:40:53+00:00","author":{"@id":"https:\/\/portalmf.com.br\/#\/schema\/person\/9ec101baf56233e53520c26de5d6f6f0"},"breadcrumb":{"@id":"https:\/\/portalmf.com.br\/index.php\/2023\/01\/04\/ancora-da-globonews-canta-farao-para-chamar-margareth-menezes\/#breadcrumb"},"inLanguage":"pt-BR","potentialAction":[{"@type":"ReadAction","target":["https:\/\/portalmf.com.br\/index.php\/2023\/01\/04\/ancora-da-globonews-canta-farao-para-chamar-margareth-menezes\/"]}]},{"@type":"ImageObject","inLanguage":"pt-BR","@id":"https:\/\/portalmf.com.br\/index.php\/2023\/01\/04\/ancora-da-globonews-canta-farao-para-chamar-margareth-menezes\/#primaryimage","url":"https:\/\/portalmf.com.br\/wp-content\/uploads\/2023\/01\/entrevista-sl3gc66aovua.jpg","contentUrl":"https:\/\/portalmf.com.br\/wp-content\/uploads\/2023\/01\/entrevista-sl3gc66aovua.jpg","width":648,"height":361,"caption":"Foto: Reprodu\u00e7\u00e3o"},{"@type":"BreadcrumbList","@id":"https:\/\/portalmf.com.br\/index.php\/2023\/01\/04\/ancora-da-globonews-canta-farao-para-chamar-margareth-menezes\/#breadcrumb","itemListElement":[{"@type":"ListItem","position":1,"name":"In\u00edcio","item":"https:\/\/portalmf.com.br\/"},{"@type":"ListItem","position":2,"name":"\u00c2ncora da GloboNews canta &#8216;Fara\u00f3&#8217; para chamar Margareth Menezes"}]},{"@type":"WebSite","@id":"https:\/\/portalmf.com.br\/#website","url":"https:\/\/portalmf.com.br\/","name":"Portal MF","description":"Voc\u00ea conectado com a informa\u00e7\u00e3o","potentialAction":[{"@type":"SearchAction","target":{"@type":"EntryPoint","urlTemplate":"https:\/\/portalmf.com.br\/?s={search_term_string}"},"query-input":"required name=search_term_string"}],"inLanguage":"pt-BR"},{"@type":"Person","@id":"https:\/\/portalmf.com.br\/#\/schema\/person\/9ec101baf56233e53520c26de5d6f6f0","name":"Reda\u00e7\u00e3o Portal MF","image":{"@type":"ImageObject","inLanguage":"pt-BR","@id":"https:\/\/portalmf.com.br\/#\/schema\/person\/image\/","url":"https:\/\/secure.gravatar.com\/avatar\/41b9aaeb2100835f7c64362330f74c7f?s=96&d=mm&r=g","contentUrl":"https:\/\/secure.gravatar.com\/avatar\/41b9aaeb2100835f7c64362330f74c7f?s=96&d=mm&r=g","caption":"Reda\u00e7\u00e3o Portal MF"},"description":"Sejam bem-vindos o portal de informa\u00e7\u00f5es de entretenimento de Feira de Santana, desde 2006 realiza coberturas dos principais eventos com entrevistas exclusivas com as principais personalidades mundiais. Fique conectado tamb\u00e9m nas redes sociais.","sameAs":["http:\/\/www.portalmf.com.br\/","https:\/\/www.facebook.com\/portalmfoficial","https:\/\/www.instagram.com\/portalmf\/","https:\/\/x.com\/https:\/\/x.com\/portalmfoficial","https:\/\/www.youtube.com\/@portalmfoficial"],"url":"https:\/\/portalmf.com.br\/index.php\/author\/junior\/"}]}},"_links":{"self":[{"href":"https:\/\/portalmf.com.br\/index.php\/wp-json\/wp\/v2\/posts\/7569"}],"collection":[{"href":"https:\/\/portalmf.com.br\/index.php\/wp-json\/wp\/v2\/posts"}],"about":[{"href":"https:\/\/portalmf.com.br\/index.php\/wp-json\/wp\/v2\/types\/post"}],"author":[{"embeddable":true,"href":"https:\/\/portalmf.com.br\/index.php\/wp-json\/wp\/v2\/users\/3"}],"replies":[{"embeddable":true,"href":"https:\/\/portalmf.com.br\/index.php\/wp-json\/wp\/v2\/comments?post=7569"}],"version-history":[{"count":1,"href":"https:\/\/portalmf.com.br\/index.php\/wp-json\/wp\/v2\/posts\/7569\/revisions"}],"predecessor-version":[{"id":7571,"href":"https:\/\/portalmf.com.br\/index.php\/wp-json\/wp\/v2\/posts\/7569\/revisions\/7571"}],"wp:featuredmedia":[{"embeddable":true,"href":"https:\/\/portalmf.com.br\/index.php\/wp-json\/wp\/v2\/media\/7570"}],"wp:attachment":[{"href":"https:\/\/portalmf.com.br\/index.php\/wp-json\/wp\/v2\/media?parent=7569"}],"wp:term":[{"taxonomy":"category","embeddable":true,"href":"https:\/\/portalmf.com.br\/index.php\/wp-json\/wp\/v2\/categories?post=7569"},{"taxonomy":"post_tag","embeddable":true,"href":"https:\/\/portalmf.com.br\/index.php\/wp-json\/wp\/v2\/tags?post=7569"}],"curies":[{"name":"wp","href":"https:\/\/api.w.org\/{rel}","templated":true}]}}