{"id":7566,"date":"2023-01-04T01:12:00","date_gmt":"2023-01-04T04:12:00","guid":{"rendered":"https:\/\/portalmf.com.br\/?p=7566"},"modified":"2023-01-04T01:14:04","modified_gmt":"2023-01-04T04:14:04","slug":"ze-neto-leva-ao-ministro-da-justica-necessidade-de-instalacao-da-delegacia-da-policia-federal-em-feira","status":"publish","type":"post","link":"https:\/\/portalmf.com.br\/index.php\/2023\/01\/04\/ze-neto-leva-ao-ministro-da-justica-necessidade-de-instalacao-da-delegacia-da-policia-federal-em-feira\/","title":{"rendered":"Z\u00e9 Neto leva ao Ministro da Justi\u00e7a necessidade de instala\u00e7\u00e3o da Delegacia da Pol\u00edcia Federal em Feira"},"content":{"rendered":"\n<p>Na tarde da \u00faltima segunda-feira (02\/01), o deputado federal, Z\u00e9 Neto, esteve com o Ministro Fl\u00e1vio Dino, ap\u00f3s a sua posse, onde pediu em audi\u00eancia, agenda espec\u00edfica para tratar sobre a instala\u00e7\u00e3o de uma Delegacia da Pol\u00edcia Federal no munic\u00edpio de Feira de Santana.<\/p>\n\n\n\n<p>\u201cEncaminhei o pleito para o Ministro empossado, que inclusive j\u00e1 havia firmado o compromisso, que com a abertura da sua agenda, me receberia em Bras\u00edlia para tratar sobre esse importante tema, j\u00e1 que Feira de Santana tem um posto da PF, mas infelizmente n\u00e3o tem uma delegacia com a estrutura necess\u00e1ria, para que possa garantir melhores condi\u00e7\u00f5es aos policiais que j\u00e1 atuam, a responder com maior presteza as demandas que chegam ao munic\u00edpio e regi\u00e3o. Feira tem uma popula\u00e7\u00e3o de 650 mil habitantes e \u00e9 o segundo maior entroncamento rodovi\u00e1rio do pa\u00eds, o que torna ainda mais necess\u00e1rio a delegacia para garantir uma seguran\u00e7a p\u00fablica mais adequada\u201d, destacou Z\u00e9 Neto.<\/p>\n\n\n\n<p>A instala\u00e7\u00e3o da Delegacia da Pol\u00edcia Federal em Feira de Santana \u00e9 uma demanda antiga. No passado, o deputado Z\u00e9 Neto participou de um grupo de trabalho que viabilizou a instala\u00e7\u00e3o de um Posto da PF que atualmente funciona na cidade.<\/p>\n\n\n\n<p>\u201cEsse aparato precisa ser ampliado para que se torne uma delegacia com mais estrutura, mais policiais, que tenham condi\u00e7\u00f5es de fazer frente aos desafios que s\u00e3o postos numa cidade com mais de 650 mil habitantes\u201d, completou o parlamentar.<\/p>\n\n\n\n<p>Na mesma tarde, o deputado tamb\u00e9m dialogou com o feirense Felipe Freitas, secret\u00e1rio de Justi\u00e7a da Bahia e o secret\u00e1rio de Seguran\u00e7a P\u00fablica da Bahia, Marcelo Werner, onde tamb\u00e9m trataram do mesmo tema, discorrendo sobre a necessidade de haver integra\u00e7\u00e3o entre as Pol\u00edcias, Civil, Militar, Rodovi\u00e1ria Federal e Federal em a\u00e7\u00f5es conjuntas de seguran\u00e7a p\u00fablica, especialmente no que se diz respeito ao contrabando, carga roubada, tr\u00e1fico de drogas e de armas.<\/p>\n\n\n\n<p>Na ocasi\u00e3o, Z\u00e9 Neto ainda se reuniu com o diretor-geral da PRF, Ant\u00f4nio Fernando, que estava acompanhado do ex-superintendente da Pol\u00edcia Rodovi\u00e1ria Federal da Bahia, no per\u00edodo Lula, o inspetor Ant\u00f4nio Jorge, ambos baianos, onde discutiram sobre diversos temas que dizem respeito \u00e0s necessidades de melhorias e aperfei\u00e7oamento profissional e estrutural da PRF em todo Brasil, especialmente na Bahia, e da integra\u00e7\u00e3o com outras pol\u00edcias estaduais e federais.<\/p>\n","protected":false},"excerpt":{"rendered":"<p>Na tarde da \u00faltima segunda-feira (02\/01), o deputado federal, Z\u00e9 Neto, esteve com o Ministro Fl\u00e1vio Dino, ap\u00f3s a sua posse, onde pediu em audi\u00eancia, agenda espec\u00edfica para tratar sobre a instala\u00e7\u00e3o de uma Delegacia da Pol\u00edcia Federal no munic\u00edpio de Feira de Santana. \u201cEncaminhei o pleito para o Ministro empossado, que inclusive j\u00e1 havia [&hellip;]<\/p>\n","protected":false},"author":3,"featured_media":7567,"comment_status":"open","ping_status":"open","sticky":false,"template":"","format":"standard","meta":{"_monsterinsights_skip_tracking":false,"_monsterinsights_sitenote_active":false,"_monsterinsights_sitenote_note":"","_monsterinsights_sitenote_category":0,"footnotes":""},"categories":[34],"tags":[],"yoast_head":"<!-- This site is optimized with the Yoast SEO plugin v22.9 - https:\/\/yoast.com\/wordpress\/plugins\/seo\/ -->\n<title>Z\u00e9 Neto leva ao Ministro da Justi\u00e7a necessidade de instala\u00e7\u00e3o da Delegacia da Pol\u00edcia Federal em Feira - Portal MF<\/title>\n<meta name=\"robots\" content=\"index, follow, max-snippet:-1, max-image-preview:large, max-video-preview:-1\" \/>\n<link rel=\"canonical\" href=\"https:\/\/portalmf.com.br\/index.php\/2023\/01\/04\/ze-neto-leva-ao-ministro-da-justica-necessidade-de-instalacao-da-delegacia-da-policia-federal-em-feira\/\" \/>\n<meta property=\"og:locale\" content=\"pt_BR\" \/>\n<meta property=\"og:type\" content=\"article\" \/>\n<meta property=\"og:title\" content=\"Z\u00e9 Neto leva ao Ministro da Justi\u00e7a necessidade de instala\u00e7\u00e3o da Delegacia da Pol\u00edcia Federal em Feira - Portal MF\" \/>\n<meta property=\"og:description\" content=\"Na tarde da \u00faltima segunda-feira (02\/01), o deputado federal, Z\u00e9 Neto, esteve com o Ministro Fl\u00e1vio Dino, ap\u00f3s a sua posse, onde pediu em audi\u00eancia, agenda espec\u00edfica para tratar sobre a instala\u00e7\u00e3o de uma Delegacia da Pol\u00edcia Federal no munic\u00edpio de Feira de Santana. \u201cEncaminhei o pleito para o Ministro empossado, que inclusive j\u00e1 havia [&hellip;]\" \/>\n<meta property=\"og:url\" content=\"https:\/\/portalmf.com.br\/index.php\/2023\/01\/04\/ze-neto-leva-ao-ministro-da-justica-necessidade-de-instalacao-da-delegacia-da-policia-federal-em-feira\/\" \/>\n<meta property=\"og:site_name\" content=\"Portal MF\" \/>\n<meta property=\"article:author\" content=\"https:\/\/www.facebook.com\/portalmfoficial\" \/>\n<meta property=\"article:published_time\" content=\"2023-01-04T04:12:00+00:00\" \/>\n<meta property=\"article:modified_time\" content=\"2023-01-04T04:14:04+00:00\" \/>\n<meta property=\"og:image\" content=\"https:\/\/portalmf.com.br\/wp-content\/uploads\/2023\/01\/IMG-20230104-WA0001.jpg\" \/>\n\t<meta property=\"og:image:width\" content=\"1600\" \/>\n\t<meta property=\"og:image:height\" content=\"1200\" \/>\n\t<meta property=\"og:image:type\" content=\"image\/jpeg\" \/>\n<meta name=\"author\" content=\"Reda\u00e7\u00e3o Portal MF\" \/>\n<meta name=\"twitter:card\" content=\"summary_large_image\" \/>\n<meta name=\"twitter:creator\" content=\"@https:\/\/x.com\/portalmfoficial\" \/>\n<meta name=\"twitter:label1\" content=\"Escrito por\" \/>\n\t<meta name=\"twitter:data1\" content=\"Reda\u00e7\u00e3o Portal MF\" \/>\n\t<meta name=\"twitter:label2\" content=\"Est. tempo de leitura\" \/>\n\t<meta name=\"twitter:data2\" content=\"3 minutos\" \/>\n<script type=\"application\/ld+json\" class=\"yoast-schema-graph\">{\"@context\":\"https:\/\/schema.org\",\"@graph\":[{\"@type\":\"WebPage\",\"@id\":\"https:\/\/portalmf.com.br\/index.php\/2023\/01\/04\/ze-neto-leva-ao-ministro-da-justica-necessidade-de-instalacao-da-delegacia-da-policia-federal-em-feira\/\",\"url\":\"https:\/\/portalmf.com.br\/index.php\/2023\/01\/04\/ze-neto-leva-ao-ministro-da-justica-necessidade-de-instalacao-da-delegacia-da-policia-federal-em-feira\/\",\"name\":\"Z\u00e9 Neto leva ao Ministro da Justi\u00e7a necessidade de instala\u00e7\u00e3o da Delegacia da Pol\u00edcia Federal em Feira - Portal MF\",\"isPartOf\":{\"@id\":\"https:\/\/portalmf.com.br\/#website\"},\"primaryImageOfPage\":{\"@id\":\"https:\/\/portalmf.com.br\/index.php\/2023\/01\/04\/ze-neto-leva-ao-ministro-da-justica-necessidade-de-instalacao-da-delegacia-da-policia-federal-em-feira\/#primaryimage\"},\"image\":{\"@id\":\"https:\/\/portalmf.com.br\/index.php\/2023\/01\/04\/ze-neto-leva-ao-ministro-da-justica-necessidade-de-instalacao-da-delegacia-da-policia-federal-em-feira\/#primaryimage\"},\"thumbnailUrl\":\"https:\/\/portalmf.com.br\/wp-content\/uploads\/2023\/01\/IMG-20230104-WA0001.jpg\",\"datePublished\":\"2023-01-04T04:12:00+00:00\",\"dateModified\":\"2023-01-04T04:14:04+00:00\",\"author\":{\"@id\":\"https:\/\/portalmf.com.br\/#\/schema\/person\/9ec101baf56233e53520c26de5d6f6f0\"},\"breadcrumb\":{\"@id\":\"https:\/\/portalmf.com.br\/index.php\/2023\/01\/04\/ze-neto-leva-ao-ministro-da-justica-necessidade-de-instalacao-da-delegacia-da-policia-federal-em-feira\/#breadcrumb\"},\"inLanguage\":\"pt-BR\",\"potentialAction\":[{\"@type\":\"ReadAction\",\"target\":[\"https:\/\/portalmf.com.br\/index.php\/2023\/01\/04\/ze-neto-leva-ao-ministro-da-justica-necessidade-de-instalacao-da-delegacia-da-policia-federal-em-feira\/\"]}]},{\"@type\":\"ImageObject\",\"inLanguage\":\"pt-BR\",\"@id\":\"https:\/\/portalmf.com.br\/index.php\/2023\/01\/04\/ze-neto-leva-ao-ministro-da-justica-necessidade-de-instalacao-da-delegacia-da-policia-federal-em-feira\/#primaryimage\",\"url\":\"https:\/\/portalmf.com.br\/wp-content\/uploads\/2023\/01\/IMG-20230104-WA0001.jpg\",\"contentUrl\":\"https:\/\/portalmf.com.br\/wp-content\/uploads\/2023\/01\/IMG-20230104-WA0001.jpg\",\"width\":1600,\"height\":1200},{\"@type\":\"BreadcrumbList\",\"@id\":\"https:\/\/portalmf.com.br\/index.php\/2023\/01\/04\/ze-neto-leva-ao-ministro-da-justica-necessidade-de-instalacao-da-delegacia-da-policia-federal-em-feira\/#breadcrumb\",\"itemListElement\":[{\"@type\":\"ListItem\",\"position\":1,\"name\":\"In\u00edcio\",\"item\":\"https:\/\/portalmf.com.br\/\"},{\"@type\":\"ListItem\",\"position\":2,\"name\":\"Z\u00e9 Neto leva ao Ministro da Justi\u00e7a necessidade de instala\u00e7\u00e3o da Delegacia da Pol\u00edcia Federal em Feira\"}]},{\"@type\":\"WebSite\",\"@id\":\"https:\/\/portalmf.com.br\/#website\",\"url\":\"https:\/\/portalmf.com.br\/\",\"name\":\"Portal MF\",\"description\":\"Voc\u00ea conectado com a informa\u00e7\u00e3o\",\"potentialAction\":[{\"@type\":\"SearchAction\",\"target\":{\"@type\":\"EntryPoint\",\"urlTemplate\":\"https:\/\/portalmf.com.br\/?s={search_term_string}\"},\"query-input\":\"required name=search_term_string\"}],\"inLanguage\":\"pt-BR\"},{\"@type\":\"Person\",\"@id\":\"https:\/\/portalmf.com.br\/#\/schema\/person\/9ec101baf56233e53520c26de5d6f6f0\",\"name\":\"Reda\u00e7\u00e3o Portal MF\",\"image\":{\"@type\":\"ImageObject\",\"inLanguage\":\"pt-BR\",\"@id\":\"https:\/\/portalmf.com.br\/#\/schema\/person\/image\/\",\"url\":\"https:\/\/secure.gravatar.com\/avatar\/41b9aaeb2100835f7c64362330f74c7f?s=96&d=mm&r=g\",\"contentUrl\":\"https:\/\/secure.gravatar.com\/avatar\/41b9aaeb2100835f7c64362330f74c7f?s=96&d=mm&r=g\",\"caption\":\"Reda\u00e7\u00e3o Portal MF\"},\"description\":\"Sejam bem-vindos o portal de informa\u00e7\u00f5es de entretenimento de Feira de Santana, desde 2006 realiza coberturas dos principais eventos com entrevistas exclusivas com as principais personalidades mundiais. Fique conectado tamb\u00e9m nas redes sociais.\",\"sameAs\":[\"http:\/\/www.portalmf.com.br\/\",\"https:\/\/www.facebook.com\/portalmfoficial\",\"https:\/\/www.instagram.com\/portalmf\/\",\"https:\/\/x.com\/https:\/\/x.com\/portalmfoficial\",\"https:\/\/www.youtube.com\/@portalmfoficial\"],\"url\":\"https:\/\/portalmf.com.br\/index.php\/author\/junior\/\"}]}<\/script>\n<!-- \/ Yoast SEO plugin. -->","yoast_head_json":{"title":"Z\u00e9 Neto leva ao Ministro da Justi\u00e7a necessidade de instala\u00e7\u00e3o da Delegacia da Pol\u00edcia Federal em Feira - Portal MF","robots":{"index":"index","follow":"follow","max-snippet":"max-snippet:-1","max-image-preview":"max-image-preview:large","max-video-preview":"max-video-preview:-1"},"canonical":"https:\/\/portalmf.com.br\/index.php\/2023\/01\/04\/ze-neto-leva-ao-ministro-da-justica-necessidade-de-instalacao-da-delegacia-da-policia-federal-em-feira\/","og_locale":"pt_BR","og_type":"article","og_title":"Z\u00e9 Neto leva ao Ministro da Justi\u00e7a necessidade de instala\u00e7\u00e3o da Delegacia da Pol\u00edcia Federal em Feira - Portal MF","og_description":"Na tarde da \u00faltima segunda-feira (02\/01), o deputado federal, Z\u00e9 Neto, esteve com o Ministro Fl\u00e1vio Dino, ap\u00f3s a sua posse, onde pediu em audi\u00eancia, agenda espec\u00edfica para tratar sobre a instala\u00e7\u00e3o de uma Delegacia da Pol\u00edcia Federal no munic\u00edpio de Feira de Santana. \u201cEncaminhei o pleito para o Ministro empossado, que inclusive j\u00e1 havia [&hellip;]","og_url":"https:\/\/portalmf.com.br\/index.php\/2023\/01\/04\/ze-neto-leva-ao-ministro-da-justica-necessidade-de-instalacao-da-delegacia-da-policia-federal-em-feira\/","og_site_name":"Portal MF","article_author":"https:\/\/www.facebook.com\/portalmfoficial","article_published_time":"2023-01-04T04:12:00+00:00","article_modified_time":"2023-01-04T04:14:04+00:00","og_image":[{"width":1600,"height":1200,"url":"https:\/\/portalmf.com.br\/wp-content\/uploads\/2023\/01\/IMG-20230104-WA0001.jpg","type":"image\/jpeg"}],"author":"Reda\u00e7\u00e3o Portal MF","twitter_card":"summary_large_image","twitter_creator":"@https:\/\/x.com\/portalmfoficial","twitter_misc":{"Escrito por":"Reda\u00e7\u00e3o Portal MF","Est. tempo de leitura":"3 minutos"},"schema":{"@context":"https:\/\/schema.org","@graph":[{"@type":"WebPage","@id":"https:\/\/portalmf.com.br\/index.php\/2023\/01\/04\/ze-neto-leva-ao-ministro-da-justica-necessidade-de-instalacao-da-delegacia-da-policia-federal-em-feira\/","url":"https:\/\/portalmf.com.br\/index.php\/2023\/01\/04\/ze-neto-leva-ao-ministro-da-justica-necessidade-de-instalacao-da-delegacia-da-policia-federal-em-feira\/","name":"Z\u00e9 Neto leva ao Ministro da Justi\u00e7a necessidade de instala\u00e7\u00e3o da Delegacia da Pol\u00edcia Federal em Feira - Portal MF","isPartOf":{"@id":"https:\/\/portalmf.com.br\/#website"},"primaryImageOfPage":{"@id":"https:\/\/portalmf.com.br\/index.php\/2023\/01\/04\/ze-neto-leva-ao-ministro-da-justica-necessidade-de-instalacao-da-delegacia-da-policia-federal-em-feira\/#primaryimage"},"image":{"@id":"https:\/\/portalmf.com.br\/index.php\/2023\/01\/04\/ze-neto-leva-ao-ministro-da-justica-necessidade-de-instalacao-da-delegacia-da-policia-federal-em-feira\/#primaryimage"},"thumbnailUrl":"https:\/\/portalmf.com.br\/wp-content\/uploads\/2023\/01\/IMG-20230104-WA0001.jpg","datePublished":"2023-01-04T04:12:00+00:00","dateModified":"2023-01-04T04:14:04+00:00","author":{"@id":"https:\/\/portalmf.com.br\/#\/schema\/person\/9ec101baf56233e53520c26de5d6f6f0"},"breadcrumb":{"@id":"https:\/\/portalmf.com.br\/index.php\/2023\/01\/04\/ze-neto-leva-ao-ministro-da-justica-necessidade-de-instalacao-da-delegacia-da-policia-federal-em-feira\/#breadcrumb"},"inLanguage":"pt-BR","potentialAction":[{"@type":"ReadAction","target":["https:\/\/portalmf.com.br\/index.php\/2023\/01\/04\/ze-neto-leva-ao-ministro-da-justica-necessidade-de-instalacao-da-delegacia-da-policia-federal-em-feira\/"]}]},{"@type":"ImageObject","inLanguage":"pt-BR","@id":"https:\/\/portalmf.com.br\/index.php\/2023\/01\/04\/ze-neto-leva-ao-ministro-da-justica-necessidade-de-instalacao-da-delegacia-da-policia-federal-em-feira\/#primaryimage","url":"https:\/\/portalmf.com.br\/wp-content\/uploads\/2023\/01\/IMG-20230104-WA0001.jpg","contentUrl":"https:\/\/portalmf.com.br\/wp-content\/uploads\/2023\/01\/IMG-20230104-WA0001.jpg","width":1600,"height":1200},{"@type":"BreadcrumbList","@id":"https:\/\/portalmf.com.br\/index.php\/2023\/01\/04\/ze-neto-leva-ao-ministro-da-justica-necessidade-de-instalacao-da-delegacia-da-policia-federal-em-feira\/#breadcrumb","itemListElement":[{"@type":"ListItem","position":1,"name":"In\u00edcio","item":"https:\/\/portalmf.com.br\/"},{"@type":"ListItem","position":2,"name":"Z\u00e9 Neto leva ao Ministro da Justi\u00e7a necessidade de instala\u00e7\u00e3o da Delegacia da Pol\u00edcia Federal em Feira"}]},{"@type":"WebSite","@id":"https:\/\/portalmf.com.br\/#website","url":"https:\/\/portalmf.com.br\/","name":"Portal MF","description":"Voc\u00ea conectado com a informa\u00e7\u00e3o","potentialAction":[{"@type":"SearchAction","target":{"@type":"EntryPoint","urlTemplate":"https:\/\/portalmf.com.br\/?s={search_term_string}"},"query-input":"required name=search_term_string"}],"inLanguage":"pt-BR"},{"@type":"Person","@id":"https:\/\/portalmf.com.br\/#\/schema\/person\/9ec101baf56233e53520c26de5d6f6f0","name":"Reda\u00e7\u00e3o Portal MF","image":{"@type":"ImageObject","inLanguage":"pt-BR","@id":"https:\/\/portalmf.com.br\/#\/schema\/person\/image\/","url":"https:\/\/secure.gravatar.com\/avatar\/41b9aaeb2100835f7c64362330f74c7f?s=96&d=mm&r=g","contentUrl":"https:\/\/secure.gravatar.com\/avatar\/41b9aaeb2100835f7c64362330f74c7f?s=96&d=mm&r=g","caption":"Reda\u00e7\u00e3o Portal MF"},"description":"Sejam bem-vindos o portal de informa\u00e7\u00f5es de entretenimento de Feira de Santana, desde 2006 realiza coberturas dos principais eventos com entrevistas exclusivas com as principais personalidades mundiais. Fique conectado tamb\u00e9m nas redes sociais.","sameAs":["http:\/\/www.portalmf.com.br\/","https:\/\/www.facebook.com\/portalmfoficial","https:\/\/www.instagram.com\/portalmf\/","https:\/\/x.com\/https:\/\/x.com\/portalmfoficial","https:\/\/www.youtube.com\/@portalmfoficial"],"url":"https:\/\/portalmf.com.br\/index.php\/author\/junior\/"}]}},"_links":{"self":[{"href":"https:\/\/portalmf.com.br\/index.php\/wp-json\/wp\/v2\/posts\/7566"}],"collection":[{"href":"https:\/\/portalmf.com.br\/index.php\/wp-json\/wp\/v2\/posts"}],"about":[{"href":"https:\/\/portalmf.com.br\/index.php\/wp-json\/wp\/v2\/types\/post"}],"author":[{"embeddable":true,"href":"https:\/\/portalmf.com.br\/index.php\/wp-json\/wp\/v2\/users\/3"}],"replies":[{"embeddable":true,"href":"https:\/\/portalmf.com.br\/index.php\/wp-json\/wp\/v2\/comments?post=7566"}],"version-history":[{"count":1,"href":"https:\/\/portalmf.com.br\/index.php\/wp-json\/wp\/v2\/posts\/7566\/revisions"}],"predecessor-version":[{"id":7568,"href":"https:\/\/portalmf.com.br\/index.php\/wp-json\/wp\/v2\/posts\/7566\/revisions\/7568"}],"wp:featuredmedia":[{"embeddable":true,"href":"https:\/\/portalmf.com.br\/index.php\/wp-json\/wp\/v2\/media\/7567"}],"wp:attachment":[{"href":"https:\/\/portalmf.com.br\/index.php\/wp-json\/wp\/v2\/media?parent=7566"}],"wp:term":[{"taxonomy":"category","embeddable":true,"href":"https:\/\/portalmf.com.br\/index.php\/wp-json\/wp\/v2\/categories?post=7566"},{"taxonomy":"post_tag","embeddable":true,"href":"https:\/\/portalmf.com.br\/index.php\/wp-json\/wp\/v2\/tags?post=7566"}],"curies":[{"name":"wp","href":"https:\/\/api.w.org\/{rel}","templated":true}]}}