{"id":7562,"date":"2023-01-03T22:47:12","date_gmt":"2023-01-04T01:47:12","guid":{"rendered":"https:\/\/portalmf.com.br\/?p=7562"},"modified":"2023-01-04T17:37:50","modified_gmt":"2023-01-04T20:37:50","slug":"morre-a-compositora-rita-de-cassia-autora-de-meu-vaqueiro-meu-peao-e-saga-de-um-vaqueiro","status":"publish","type":"post","link":"https:\/\/portalmf.com.br\/index.php\/2023\/01\/03\/morre-a-compositora-rita-de-cassia-autora-de-meu-vaqueiro-meu-peao-e-saga-de-um-vaqueiro\/","title":{"rendered":"Morre a compositora Rita de C\u00e1ssia, autora de &#8216;Meu Vaqueiro, Meu Pe\u00e3o&#8217; e &#8216;Saga de Um Vaqueiro&#8217;"},"content":{"rendered":"\n<p>A compositora e cantora&nbsp;<strong>Rita de C\u00e1ssia<\/strong>, conhecida por ser autora de cl\u00e1ssicos do forr\u00f3 eletr\u00f4nico como &#8220;Meu Vaqueiro, Meu Pe\u00e3o&#8221; e &#8220;Saga de Um Vaqueiro&#8221;,&nbsp;<strong>morreu<\/strong>&nbsp;na noite desta ter\u00e7a-feira (3), em Fortaleza.<br><br>Ela estava&nbsp;internada<strong>&nbsp;<\/strong>em uma Unidade de Tratamento Intensiva (UTI) de um hospital privado. A artista lutava contra o diagn\u00f3stico de&nbsp;<strong>fibrose pulmonar<\/strong>.<\/p>\n\n\n\n<p>A doen\u00e7a \u00e9 caracterizada quando o pulm\u00e3o do indiv\u00edduo fica com cicatrizes no tecido ou passa a ser mais endurecido. A enfermidade reduz a capacidade de expans\u00e3o do \u00f3rg\u00e3o&nbsp;no processo de respira\u00e7\u00e3o.<\/p>\n\n\n\n<p>Em recentes postagens no Instagram, a compositora apareceu com voz ofegante em r\u00e1pidas mensagens de v\u00eddeo em comemora\u00e7\u00e3o ao Natal e ao ano novo. Rita de C\u00e1ssia ficou conhecida nacionalmente pelas letras impulsionadas nas vozes de vocalistas da banda Mastruz com Leite. A forrozeira \u00e9 natural de Alto Santo, no Cear\u00e1.<\/p>\n\n\n\n<p>M\u00fasicas Consagradas<\/p>\n\n\n\n<figure class=\"wp-block-embed is-type-video is-provider-youtube wp-block-embed-youtube wp-embed-aspect-16-9 wp-has-aspect-ratio\"><div class=\"wp-block-embed__wrapper\">\n<iframe title=\"MEU VAQUEIRO MEU PE\u00c3O - RITA DE C\u00c1SSIA - AO VIVO\" width=\"696\" height=\"392\" src=\"https:\/\/www.youtube.com\/embed\/2qXabd4rCaA?feature=oembed\" frameborder=\"0\" allow=\"accelerometer; autoplay; clipboard-write; encrypted-media; gyroscope; picture-in-picture; web-share\" allowfullscreen><\/iframe>\n<\/div><\/figure>\n\n\n\n<p>Na d\u00e9cada de 1990, Rita de C\u00e1ssia firmou forte parceria com Emanuel Gurgel \u2014 empres\u00e1rio dono das bandas Mastruz com Leite e Cavalo de Pau.<\/p>\n\n\n\n<figure class=\"wp-block-embed is-type-video is-provider-youtube wp-block-embed-youtube wp-embed-aspect-16-9 wp-has-aspect-ratio\"><div class=\"wp-block-embed__wrapper\">\n<iframe title=\"RITA DE C\u00c1SSIA - SAGA DE UM VAQUEIRO - AO VIVO\" width=\"696\" height=\"392\" src=\"https:\/\/www.youtube.com\/embed\/B1fuStyKuT8?feature=oembed\" frameborder=\"0\" allow=\"accelerometer; autoplay; clipboard-write; encrypted-media; gyroscope; picture-in-picture; web-share\" allowfullscreen><\/iframe>\n<\/div><\/figure>\n\n\n\n<p>O repert\u00f3rio de Rita de C\u00e1ssia ficou marcado por aliar a vida dos vaqueiros com romances e as vaquejadas. A can\u00e7\u00e3o &#8220;Saga de Um Vaqueiro&#8221;, m\u00fasica que alcan\u00e7a cerca de nove minutos de narrativa, \u00e9 um dos retratos vivos do interior escrito em estrofes pela cearense.&nbsp;<\/p>\n\n\n\n<p>Rita de C\u00e1ssia morava em um apartamento em Fortaleza com os filhos. Na m\u00fasica, a forrozeira atuava em carreira solo e conta com gerenciamento de agenda de uma produtora sediada no Rio Grande do Norte.&nbsp;<\/p>\n\n\n\n<p>Fonte: Di\u00e1rio do Nordeste <\/p>\n","protected":false},"excerpt":{"rendered":"<p>A compositora e cantora&nbsp;Rita de C\u00e1ssia, conhecida por ser autora de cl\u00e1ssicos do forr\u00f3 eletr\u00f4nico como &#8220;Meu Vaqueiro, Meu Pe\u00e3o&#8221; e &#8220;Saga de Um Vaqueiro&#8221;,&nbsp;morreu&nbsp;na noite desta ter\u00e7a-feira (3), em Fortaleza. Ela estava&nbsp;internada&nbsp;em uma Unidade de Tratamento Intensiva (UTI) de um hospital privado. A artista lutava contra o diagn\u00f3stico de&nbsp;fibrose pulmonar. A doen\u00e7a \u00e9 caracterizada [&hellip;]<\/p>\n","protected":false},"author":3,"featured_media":7564,"comment_status":"open","ping_status":"open","sticky":false,"template":"","format":"standard","meta":{"_monsterinsights_skip_tracking":false,"_monsterinsights_sitenote_active":false,"_monsterinsights_sitenote_note":"","_monsterinsights_sitenote_category":0,"footnotes":""},"categories":[36],"tags":[],"yoast_head":"<!-- This site is optimized with the Yoast SEO plugin v22.9 - https:\/\/yoast.com\/wordpress\/plugins\/seo\/ -->\n<title>Morre a compositora Rita de C\u00e1ssia, autora de &#039;Meu Vaqueiro, Meu Pe\u00e3o&#039; e &#039;Saga de Um Vaqueiro&#039; - Portal MF<\/title>\n<meta name=\"robots\" content=\"index, follow, max-snippet:-1, max-image-preview:large, max-video-preview:-1\" \/>\n<link rel=\"canonical\" href=\"https:\/\/portalmf.com.br\/index.php\/2023\/01\/03\/morre-a-compositora-rita-de-cassia-autora-de-meu-vaqueiro-meu-peao-e-saga-de-um-vaqueiro\/\" \/>\n<meta property=\"og:locale\" content=\"pt_BR\" \/>\n<meta property=\"og:type\" content=\"article\" \/>\n<meta property=\"og:title\" content=\"Morre a compositora Rita de C\u00e1ssia, autora de &#039;Meu Vaqueiro, Meu Pe\u00e3o&#039; e &#039;Saga de Um Vaqueiro&#039; - Portal MF\" \/>\n<meta property=\"og:description\" content=\"A compositora e cantora&nbsp;Rita de C\u00e1ssia, conhecida por ser autora de cl\u00e1ssicos do forr\u00f3 eletr\u00f4nico como &#8220;Meu Vaqueiro, Meu Pe\u00e3o&#8221; e &#8220;Saga de Um Vaqueiro&#8221;,&nbsp;morreu&nbsp;na noite desta ter\u00e7a-feira (3), em Fortaleza. Ela estava&nbsp;internada&nbsp;em uma Unidade de Tratamento Intensiva (UTI) de um hospital privado. A artista lutava contra o diagn\u00f3stico de&nbsp;fibrose pulmonar. A doen\u00e7a \u00e9 caracterizada [&hellip;]\" \/>\n<meta property=\"og:url\" content=\"https:\/\/portalmf.com.br\/index.php\/2023\/01\/03\/morre-a-compositora-rita-de-cassia-autora-de-meu-vaqueiro-meu-peao-e-saga-de-um-vaqueiro\/\" \/>\n<meta property=\"og:site_name\" content=\"Portal MF\" \/>\n<meta property=\"article:author\" content=\"https:\/\/www.facebook.com\/portalmfoficial\" \/>\n<meta property=\"article:published_time\" content=\"2023-01-04T01:47:12+00:00\" \/>\n<meta property=\"article:modified_time\" content=\"2023-01-04T20:37:50+00:00\" \/>\n<meta property=\"og:image\" content=\"https:\/\/portalmf.com.br\/wp-content\/uploads\/2023\/01\/Rita-de-Cassia-P.jpg\" \/>\n\t<meta property=\"og:image:width\" content=\"1080\" \/>\n\t<meta property=\"og:image:height\" content=\"632\" \/>\n\t<meta property=\"og:image:type\" content=\"image\/jpeg\" \/>\n<meta name=\"author\" content=\"Reda\u00e7\u00e3o Portal MF\" \/>\n<meta name=\"twitter:card\" content=\"summary_large_image\" \/>\n<meta name=\"twitter:creator\" content=\"@https:\/\/x.com\/portalmfoficial\" \/>\n<meta name=\"twitter:label1\" content=\"Escrito por\" \/>\n\t<meta name=\"twitter:data1\" content=\"Reda\u00e7\u00e3o Portal MF\" \/>\n\t<meta name=\"twitter:label2\" content=\"Est. tempo de leitura\" \/>\n\t<meta name=\"twitter:data2\" content=\"2 minutos\" \/>\n<script type=\"application\/ld+json\" class=\"yoast-schema-graph\">{\"@context\":\"https:\/\/schema.org\",\"@graph\":[{\"@type\":\"WebPage\",\"@id\":\"https:\/\/portalmf.com.br\/index.php\/2023\/01\/03\/morre-a-compositora-rita-de-cassia-autora-de-meu-vaqueiro-meu-peao-e-saga-de-um-vaqueiro\/\",\"url\":\"https:\/\/portalmf.com.br\/index.php\/2023\/01\/03\/morre-a-compositora-rita-de-cassia-autora-de-meu-vaqueiro-meu-peao-e-saga-de-um-vaqueiro\/\",\"name\":\"Morre a compositora Rita de C\u00e1ssia, autora de 'Meu Vaqueiro, Meu Pe\u00e3o' e 'Saga de Um Vaqueiro' - Portal MF\",\"isPartOf\":{\"@id\":\"https:\/\/portalmf.com.br\/#website\"},\"primaryImageOfPage\":{\"@id\":\"https:\/\/portalmf.com.br\/index.php\/2023\/01\/03\/morre-a-compositora-rita-de-cassia-autora-de-meu-vaqueiro-meu-peao-e-saga-de-um-vaqueiro\/#primaryimage\"},\"image\":{\"@id\":\"https:\/\/portalmf.com.br\/index.php\/2023\/01\/03\/morre-a-compositora-rita-de-cassia-autora-de-meu-vaqueiro-meu-peao-e-saga-de-um-vaqueiro\/#primaryimage\"},\"thumbnailUrl\":\"https:\/\/portalmf.com.br\/wp-content\/uploads\/2023\/01\/Rita-de-Cassia-P.jpg\",\"datePublished\":\"2023-01-04T01:47:12+00:00\",\"dateModified\":\"2023-01-04T20:37:50+00:00\",\"author\":{\"@id\":\"https:\/\/portalmf.com.br\/#\/schema\/person\/9ec101baf56233e53520c26de5d6f6f0\"},\"breadcrumb\":{\"@id\":\"https:\/\/portalmf.com.br\/index.php\/2023\/01\/03\/morre-a-compositora-rita-de-cassia-autora-de-meu-vaqueiro-meu-peao-e-saga-de-um-vaqueiro\/#breadcrumb\"},\"inLanguage\":\"pt-BR\",\"potentialAction\":[{\"@type\":\"ReadAction\",\"target\":[\"https:\/\/portalmf.com.br\/index.php\/2023\/01\/03\/morre-a-compositora-rita-de-cassia-autora-de-meu-vaqueiro-meu-peao-e-saga-de-um-vaqueiro\/\"]}]},{\"@type\":\"ImageObject\",\"inLanguage\":\"pt-BR\",\"@id\":\"https:\/\/portalmf.com.br\/index.php\/2023\/01\/03\/morre-a-compositora-rita-de-cassia-autora-de-meu-vaqueiro-meu-peao-e-saga-de-um-vaqueiro\/#primaryimage\",\"url\":\"https:\/\/portalmf.com.br\/wp-content\/uploads\/2023\/01\/Rita-de-Cassia-P.jpg\",\"contentUrl\":\"https:\/\/portalmf.com.br\/wp-content\/uploads\/2023\/01\/Rita-de-Cassia-P.jpg\",\"width\":1080,\"height\":632},{\"@type\":\"BreadcrumbList\",\"@id\":\"https:\/\/portalmf.com.br\/index.php\/2023\/01\/03\/morre-a-compositora-rita-de-cassia-autora-de-meu-vaqueiro-meu-peao-e-saga-de-um-vaqueiro\/#breadcrumb\",\"itemListElement\":[{\"@type\":\"ListItem\",\"position\":1,\"name\":\"In\u00edcio\",\"item\":\"https:\/\/portalmf.com.br\/\"},{\"@type\":\"ListItem\",\"position\":2,\"name\":\"Morre a compositora Rita de C\u00e1ssia, autora de &#8216;Meu Vaqueiro, Meu Pe\u00e3o&#8217; e &#8216;Saga de Um Vaqueiro&#8217;\"}]},{\"@type\":\"WebSite\",\"@id\":\"https:\/\/portalmf.com.br\/#website\",\"url\":\"https:\/\/portalmf.com.br\/\",\"name\":\"Portal MF\",\"description\":\"Voc\u00ea conectado com a informa\u00e7\u00e3o\",\"potentialAction\":[{\"@type\":\"SearchAction\",\"target\":{\"@type\":\"EntryPoint\",\"urlTemplate\":\"https:\/\/portalmf.com.br\/?s={search_term_string}\"},\"query-input\":\"required name=search_term_string\"}],\"inLanguage\":\"pt-BR\"},{\"@type\":\"Person\",\"@id\":\"https:\/\/portalmf.com.br\/#\/schema\/person\/9ec101baf56233e53520c26de5d6f6f0\",\"name\":\"Reda\u00e7\u00e3o Portal MF\",\"image\":{\"@type\":\"ImageObject\",\"inLanguage\":\"pt-BR\",\"@id\":\"https:\/\/portalmf.com.br\/#\/schema\/person\/image\/\",\"url\":\"https:\/\/secure.gravatar.com\/avatar\/41b9aaeb2100835f7c64362330f74c7f?s=96&d=mm&r=g\",\"contentUrl\":\"https:\/\/secure.gravatar.com\/avatar\/41b9aaeb2100835f7c64362330f74c7f?s=96&d=mm&r=g\",\"caption\":\"Reda\u00e7\u00e3o Portal MF\"},\"description\":\"Sejam bem-vindos o portal de informa\u00e7\u00f5es de entretenimento de Feira de Santana, desde 2006 realiza coberturas dos principais eventos com entrevistas exclusivas com as principais personalidades mundiais. Fique conectado tamb\u00e9m nas redes sociais.\",\"sameAs\":[\"http:\/\/www.portalmf.com.br\/\",\"https:\/\/www.facebook.com\/portalmfoficial\",\"https:\/\/www.instagram.com\/portalmf\/\",\"https:\/\/x.com\/https:\/\/x.com\/portalmfoficial\",\"https:\/\/www.youtube.com\/@portalmfoficial\"],\"url\":\"https:\/\/portalmf.com.br\/index.php\/author\/junior\/\"}]}<\/script>\n<!-- \/ Yoast SEO plugin. -->","yoast_head_json":{"title":"Morre a compositora Rita de C\u00e1ssia, autora de 'Meu Vaqueiro, Meu Pe\u00e3o' e 'Saga de Um Vaqueiro' - Portal MF","robots":{"index":"index","follow":"follow","max-snippet":"max-snippet:-1","max-image-preview":"max-image-preview:large","max-video-preview":"max-video-preview:-1"},"canonical":"https:\/\/portalmf.com.br\/index.php\/2023\/01\/03\/morre-a-compositora-rita-de-cassia-autora-de-meu-vaqueiro-meu-peao-e-saga-de-um-vaqueiro\/","og_locale":"pt_BR","og_type":"article","og_title":"Morre a compositora Rita de C\u00e1ssia, autora de 'Meu Vaqueiro, Meu Pe\u00e3o' e 'Saga de Um Vaqueiro' - Portal MF","og_description":"A compositora e cantora&nbsp;Rita de C\u00e1ssia, conhecida por ser autora de cl\u00e1ssicos do forr\u00f3 eletr\u00f4nico como &#8220;Meu Vaqueiro, Meu Pe\u00e3o&#8221; e &#8220;Saga de Um Vaqueiro&#8221;,&nbsp;morreu&nbsp;na noite desta ter\u00e7a-feira (3), em Fortaleza. Ela estava&nbsp;internada&nbsp;em uma Unidade de Tratamento Intensiva (UTI) de um hospital privado. A artista lutava contra o diagn\u00f3stico de&nbsp;fibrose pulmonar. A doen\u00e7a \u00e9 caracterizada [&hellip;]","og_url":"https:\/\/portalmf.com.br\/index.php\/2023\/01\/03\/morre-a-compositora-rita-de-cassia-autora-de-meu-vaqueiro-meu-peao-e-saga-de-um-vaqueiro\/","og_site_name":"Portal MF","article_author":"https:\/\/www.facebook.com\/portalmfoficial","article_published_time":"2023-01-04T01:47:12+00:00","article_modified_time":"2023-01-04T20:37:50+00:00","og_image":[{"width":1080,"height":632,"url":"https:\/\/portalmf.com.br\/wp-content\/uploads\/2023\/01\/Rita-de-Cassia-P.jpg","type":"image\/jpeg"}],"author":"Reda\u00e7\u00e3o Portal MF","twitter_card":"summary_large_image","twitter_creator":"@https:\/\/x.com\/portalmfoficial","twitter_misc":{"Escrito por":"Reda\u00e7\u00e3o Portal MF","Est. tempo de leitura":"2 minutos"},"schema":{"@context":"https:\/\/schema.org","@graph":[{"@type":"WebPage","@id":"https:\/\/portalmf.com.br\/index.php\/2023\/01\/03\/morre-a-compositora-rita-de-cassia-autora-de-meu-vaqueiro-meu-peao-e-saga-de-um-vaqueiro\/","url":"https:\/\/portalmf.com.br\/index.php\/2023\/01\/03\/morre-a-compositora-rita-de-cassia-autora-de-meu-vaqueiro-meu-peao-e-saga-de-um-vaqueiro\/","name":"Morre a compositora Rita de C\u00e1ssia, autora de 'Meu Vaqueiro, Meu Pe\u00e3o' e 'Saga de Um Vaqueiro' - Portal MF","isPartOf":{"@id":"https:\/\/portalmf.com.br\/#website"},"primaryImageOfPage":{"@id":"https:\/\/portalmf.com.br\/index.php\/2023\/01\/03\/morre-a-compositora-rita-de-cassia-autora-de-meu-vaqueiro-meu-peao-e-saga-de-um-vaqueiro\/#primaryimage"},"image":{"@id":"https:\/\/portalmf.com.br\/index.php\/2023\/01\/03\/morre-a-compositora-rita-de-cassia-autora-de-meu-vaqueiro-meu-peao-e-saga-de-um-vaqueiro\/#primaryimage"},"thumbnailUrl":"https:\/\/portalmf.com.br\/wp-content\/uploads\/2023\/01\/Rita-de-Cassia-P.jpg","datePublished":"2023-01-04T01:47:12+00:00","dateModified":"2023-01-04T20:37:50+00:00","author":{"@id":"https:\/\/portalmf.com.br\/#\/schema\/person\/9ec101baf56233e53520c26de5d6f6f0"},"breadcrumb":{"@id":"https:\/\/portalmf.com.br\/index.php\/2023\/01\/03\/morre-a-compositora-rita-de-cassia-autora-de-meu-vaqueiro-meu-peao-e-saga-de-um-vaqueiro\/#breadcrumb"},"inLanguage":"pt-BR","potentialAction":[{"@type":"ReadAction","target":["https:\/\/portalmf.com.br\/index.php\/2023\/01\/03\/morre-a-compositora-rita-de-cassia-autora-de-meu-vaqueiro-meu-peao-e-saga-de-um-vaqueiro\/"]}]},{"@type":"ImageObject","inLanguage":"pt-BR","@id":"https:\/\/portalmf.com.br\/index.php\/2023\/01\/03\/morre-a-compositora-rita-de-cassia-autora-de-meu-vaqueiro-meu-peao-e-saga-de-um-vaqueiro\/#primaryimage","url":"https:\/\/portalmf.com.br\/wp-content\/uploads\/2023\/01\/Rita-de-Cassia-P.jpg","contentUrl":"https:\/\/portalmf.com.br\/wp-content\/uploads\/2023\/01\/Rita-de-Cassia-P.jpg","width":1080,"height":632},{"@type":"BreadcrumbList","@id":"https:\/\/portalmf.com.br\/index.php\/2023\/01\/03\/morre-a-compositora-rita-de-cassia-autora-de-meu-vaqueiro-meu-peao-e-saga-de-um-vaqueiro\/#breadcrumb","itemListElement":[{"@type":"ListItem","position":1,"name":"In\u00edcio","item":"https:\/\/portalmf.com.br\/"},{"@type":"ListItem","position":2,"name":"Morre a compositora Rita de C\u00e1ssia, autora de &#8216;Meu Vaqueiro, Meu Pe\u00e3o&#8217; e &#8216;Saga de Um Vaqueiro&#8217;"}]},{"@type":"WebSite","@id":"https:\/\/portalmf.com.br\/#website","url":"https:\/\/portalmf.com.br\/","name":"Portal MF","description":"Voc\u00ea conectado com a informa\u00e7\u00e3o","potentialAction":[{"@type":"SearchAction","target":{"@type":"EntryPoint","urlTemplate":"https:\/\/portalmf.com.br\/?s={search_term_string}"},"query-input":"required name=search_term_string"}],"inLanguage":"pt-BR"},{"@type":"Person","@id":"https:\/\/portalmf.com.br\/#\/schema\/person\/9ec101baf56233e53520c26de5d6f6f0","name":"Reda\u00e7\u00e3o Portal MF","image":{"@type":"ImageObject","inLanguage":"pt-BR","@id":"https:\/\/portalmf.com.br\/#\/schema\/person\/image\/","url":"https:\/\/secure.gravatar.com\/avatar\/41b9aaeb2100835f7c64362330f74c7f?s=96&d=mm&r=g","contentUrl":"https:\/\/secure.gravatar.com\/avatar\/41b9aaeb2100835f7c64362330f74c7f?s=96&d=mm&r=g","caption":"Reda\u00e7\u00e3o Portal MF"},"description":"Sejam bem-vindos o portal de informa\u00e7\u00f5es de entretenimento de Feira de Santana, desde 2006 realiza coberturas dos principais eventos com entrevistas exclusivas com as principais personalidades mundiais. Fique conectado tamb\u00e9m nas redes sociais.","sameAs":["http:\/\/www.portalmf.com.br\/","https:\/\/www.facebook.com\/portalmfoficial","https:\/\/www.instagram.com\/portalmf\/","https:\/\/x.com\/https:\/\/x.com\/portalmfoficial","https:\/\/www.youtube.com\/@portalmfoficial"],"url":"https:\/\/portalmf.com.br\/index.php\/author\/junior\/"}]}},"_links":{"self":[{"href":"https:\/\/portalmf.com.br\/index.php\/wp-json\/wp\/v2\/posts\/7562"}],"collection":[{"href":"https:\/\/portalmf.com.br\/index.php\/wp-json\/wp\/v2\/posts"}],"about":[{"href":"https:\/\/portalmf.com.br\/index.php\/wp-json\/wp\/v2\/types\/post"}],"author":[{"embeddable":true,"href":"https:\/\/portalmf.com.br\/index.php\/wp-json\/wp\/v2\/users\/3"}],"replies":[{"embeddable":true,"href":"https:\/\/portalmf.com.br\/index.php\/wp-json\/wp\/v2\/comments?post=7562"}],"version-history":[{"count":2,"href":"https:\/\/portalmf.com.br\/index.php\/wp-json\/wp\/v2\/posts\/7562\/revisions"}],"predecessor-version":[{"id":7565,"href":"https:\/\/portalmf.com.br\/index.php\/wp-json\/wp\/v2\/posts\/7562\/revisions\/7565"}],"wp:featuredmedia":[{"embeddable":true,"href":"https:\/\/portalmf.com.br\/index.php\/wp-json\/wp\/v2\/media\/7564"}],"wp:attachment":[{"href":"https:\/\/portalmf.com.br\/index.php\/wp-json\/wp\/v2\/media?parent=7562"}],"wp:term":[{"taxonomy":"category","embeddable":true,"href":"https:\/\/portalmf.com.br\/index.php\/wp-json\/wp\/v2\/categories?post=7562"},{"taxonomy":"post_tag","embeddable":true,"href":"https:\/\/portalmf.com.br\/index.php\/wp-json\/wp\/v2\/tags?post=7562"}],"curies":[{"name":"wp","href":"https:\/\/api.w.org\/{rel}","templated":true}]}}