{"id":7556,"date":"2023-01-03T17:53:20","date_gmt":"2023-01-03T20:53:20","guid":{"rendered":"https:\/\/portalmf.com.br\/?p=7556"},"modified":"2023-01-03T17:53:28","modified_gmt":"2023-01-03T20:53:28","slug":"mari-fernandez-fala-sobre-expectativa-para-o-dia-11-de-janeiro","status":"publish","type":"post","link":"https:\/\/portalmf.com.br\/index.php\/2023\/01\/03\/mari-fernandez-fala-sobre-expectativa-para-o-dia-11-de-janeiro\/","title":{"rendered":"Mari Fernandez fala sobre expectativa para o dia 11 de janeiro"},"content":{"rendered":"\n<p>Considerada uma das grandes revela\u00e7\u00f5es da atualidade, a cantora Mari Fernandez \u00e9 atra\u00e7\u00e3o confirmada do Festival \u00caTA, evento que celebra os 30 anos do grupo \u00c9 o Tchan na Arena Fonte Nova, em Salvador, dia 11 de janeiro (quarta-feira). <\/p>\n\n\n\n<p><em>\u201cVai ter muita gente massa comemorando este momento especial e eu estou feliz em fazer parte dessa grande festa com meus amigos do Tchan\u201d, a<\/em>firma a artista. Al\u00e9m da cantora, a dupla Jorge e Mateus e o cantor baiano Kevi Jonny tamb\u00e9m agitam a noite.<\/p>\n\n\n\n<p>O Festival \u00caTA ter\u00e1 como anfitri\u00e3o o grupo veterano liderado por Beto Jamaica e Compadre Washington, que promete deixar esta quarta-feira de janeiro mais divertida, com toda a irrever\u00eancia e o repert\u00f3rio cheio de cl\u00e1ssicos como \u201cPau que Nasce Torto\u201d, \u201cA Dan\u00e7a do Bumbum\u201d e \u201cBota a Cara no Sol\u201d, atraindo a galera mais animada da cidade.<\/p>\n\n\n\n<p>Os ingressos dos setores Arena, \u00c1rea VIP e Lounge All Type j\u00e1 podem ser adquiridos atrav\u00e9s do site ou aplicativo Balada App e pontos de vendas fixos Lojas Melissa dos principais shoppings, Balc\u00e3o de Ingressos (Shopping da Bahia, Parque Shopping Bahia) e Pida (Salvador Shopping, Shopping Piedade, Salvador Norte Shopping). A realiza\u00e7\u00e3o \u00e9 da On Line Entretenimento e da Arena Fonte Nova.<\/p>\n\n\n\n<p>SERVI\u00c7O<br>Evento: Festival \u00cata \u2013 30 anos do \u00c9 o Tchan<br>Local: Arena Fonte Nova, Salvador-BA<br>Datas: 11 de janeiro de 2023, quarta-feira<br>Atra\u00e7\u00f5es: \u00c9 O TCHAN | JORGE E MATEUS | MARI FERNANDEZ | KEVI JONNY<br>Valores*:<\/p>\n\n\n\n<ul><li>Arena \u2013 R$ 50,00<\/li><li>\u00c1rea VIP \u2013 R$ 150,00 (open bar cerveja, \u00e1gua e refrigerante)<\/li><li>Lounge All Type \u2013 R$ 400,00 (open bar premium de cerveja, \u00e1gua, refrigerante, vodka, whisky 8 anos e gin)<br>*Valores de meia entrada.<br>*Valores sujeitos a altera\u00e7\u00e3o.<\/li><\/ul>\n\n\n\n<p>Vendas:<br>On-line: aplicativo do @baladapp ou baladapp.com.br<br>Pontos de Venda &#8211; Lojas Melissa: Shopping da Bahia, Salvador Shopping, Shopping Barra, Shopping Paralela, Parque Shopping Bahia.<br>Balc\u00e3o de Ingressos: Shopping da Bahia, Parque Shopping Bahia.<br>Pida: Salvador Shopping, Shopping Piedade, Salvador Norte Shopping.<\/p>\n","protected":false},"excerpt":{"rendered":"<p>Considerada uma das grandes revela\u00e7\u00f5es da atualidade, a cantora Mari Fernandez \u00e9 atra\u00e7\u00e3o confirmada do Festival \u00caTA, evento que celebra os 30 anos do grupo \u00c9 o Tchan na Arena Fonte Nova, em Salvador, dia 11 de janeiro (quarta-feira). \u201cVai ter muita gente massa comemorando este momento especial e eu estou feliz em fazer parte [&hellip;]<\/p>\n","protected":false},"author":3,"featured_media":3214,"comment_status":"open","ping_status":"open","sticky":false,"template":"","format":"standard","meta":{"_monsterinsights_skip_tracking":false,"_monsterinsights_sitenote_active":false,"_monsterinsights_sitenote_note":"","_monsterinsights_sitenote_category":0,"footnotes":""},"categories":[36],"tags":[],"yoast_head":"<!-- This site is optimized with the Yoast SEO plugin v22.9 - https:\/\/yoast.com\/wordpress\/plugins\/seo\/ -->\n<title>Mari Fernandez fala sobre expectativa para o dia 11 de janeiro - Portal MF<\/title>\n<meta name=\"robots\" content=\"index, follow, max-snippet:-1, max-image-preview:large, max-video-preview:-1\" \/>\n<link rel=\"canonical\" href=\"https:\/\/portalmf.com.br\/index.php\/2023\/01\/03\/mari-fernandez-fala-sobre-expectativa-para-o-dia-11-de-janeiro\/\" \/>\n<meta property=\"og:locale\" content=\"pt_BR\" \/>\n<meta property=\"og:type\" content=\"article\" \/>\n<meta property=\"og:title\" content=\"Mari Fernandez fala sobre expectativa para o dia 11 de janeiro - Portal MF\" \/>\n<meta property=\"og:description\" content=\"Considerada uma das grandes revela\u00e7\u00f5es da atualidade, a cantora Mari Fernandez \u00e9 atra\u00e7\u00e3o confirmada do Festival \u00caTA, evento que celebra os 30 anos do grupo \u00c9 o Tchan na Arena Fonte Nova, em Salvador, dia 11 de janeiro (quarta-feira). \u201cVai ter muita gente massa comemorando este momento especial e eu estou feliz em fazer parte [&hellip;]\" \/>\n<meta property=\"og:url\" content=\"https:\/\/portalmf.com.br\/index.php\/2023\/01\/03\/mari-fernandez-fala-sobre-expectativa-para-o-dia-11-de-janeiro\/\" \/>\n<meta property=\"og:site_name\" content=\"Portal MF\" \/>\n<meta property=\"article:author\" content=\"https:\/\/www.facebook.com\/portalmfoficial\" \/>\n<meta property=\"article:published_time\" content=\"2023-01-03T20:53:20+00:00\" \/>\n<meta property=\"article:modified_time\" content=\"2023-01-03T20:53:28+00:00\" \/>\n<meta property=\"og:image\" content=\"https:\/\/portalmf.com.br\/wp-content\/uploads\/2022\/08\/Mari-Fernandez.jpeg\" \/>\n\t<meta property=\"og:image:width\" content=\"853\" \/>\n\t<meta property=\"og:image:height\" content=\"582\" \/>\n\t<meta property=\"og:image:type\" content=\"image\/jpeg\" \/>\n<meta name=\"author\" content=\"Reda\u00e7\u00e3o Portal MF\" \/>\n<meta name=\"twitter:card\" content=\"summary_large_image\" \/>\n<meta name=\"twitter:creator\" content=\"@https:\/\/x.com\/portalmfoficial\" \/>\n<meta name=\"twitter:label1\" content=\"Escrito por\" \/>\n\t<meta name=\"twitter:data1\" content=\"Reda\u00e7\u00e3o Portal MF\" \/>\n\t<meta name=\"twitter:label2\" content=\"Est. tempo de leitura\" \/>\n\t<meta name=\"twitter:data2\" content=\"2 minutos\" \/>\n<script type=\"application\/ld+json\" class=\"yoast-schema-graph\">{\"@context\":\"https:\/\/schema.org\",\"@graph\":[{\"@type\":\"WebPage\",\"@id\":\"https:\/\/portalmf.com.br\/index.php\/2023\/01\/03\/mari-fernandez-fala-sobre-expectativa-para-o-dia-11-de-janeiro\/\",\"url\":\"https:\/\/portalmf.com.br\/index.php\/2023\/01\/03\/mari-fernandez-fala-sobre-expectativa-para-o-dia-11-de-janeiro\/\",\"name\":\"Mari Fernandez fala sobre expectativa para o dia 11 de janeiro - Portal MF\",\"isPartOf\":{\"@id\":\"https:\/\/portalmf.com.br\/#website\"},\"primaryImageOfPage\":{\"@id\":\"https:\/\/portalmf.com.br\/index.php\/2023\/01\/03\/mari-fernandez-fala-sobre-expectativa-para-o-dia-11-de-janeiro\/#primaryimage\"},\"image\":{\"@id\":\"https:\/\/portalmf.com.br\/index.php\/2023\/01\/03\/mari-fernandez-fala-sobre-expectativa-para-o-dia-11-de-janeiro\/#primaryimage\"},\"thumbnailUrl\":\"https:\/\/portalmf.com.br\/wp-content\/uploads\/2022\/08\/Mari-Fernandez.jpeg\",\"datePublished\":\"2023-01-03T20:53:20+00:00\",\"dateModified\":\"2023-01-03T20:53:28+00:00\",\"author\":{\"@id\":\"https:\/\/portalmf.com.br\/#\/schema\/person\/9ec101baf56233e53520c26de5d6f6f0\"},\"breadcrumb\":{\"@id\":\"https:\/\/portalmf.com.br\/index.php\/2023\/01\/03\/mari-fernandez-fala-sobre-expectativa-para-o-dia-11-de-janeiro\/#breadcrumb\"},\"inLanguage\":\"pt-BR\",\"potentialAction\":[{\"@type\":\"ReadAction\",\"target\":[\"https:\/\/portalmf.com.br\/index.php\/2023\/01\/03\/mari-fernandez-fala-sobre-expectativa-para-o-dia-11-de-janeiro\/\"]}]},{\"@type\":\"ImageObject\",\"inLanguage\":\"pt-BR\",\"@id\":\"https:\/\/portalmf.com.br\/index.php\/2023\/01\/03\/mari-fernandez-fala-sobre-expectativa-para-o-dia-11-de-janeiro\/#primaryimage\",\"url\":\"https:\/\/portalmf.com.br\/wp-content\/uploads\/2022\/08\/Mari-Fernandez.jpeg\",\"contentUrl\":\"https:\/\/portalmf.com.br\/wp-content\/uploads\/2022\/08\/Mari-Fernandez.jpeg\",\"width\":853,\"height\":582},{\"@type\":\"BreadcrumbList\",\"@id\":\"https:\/\/portalmf.com.br\/index.php\/2023\/01\/03\/mari-fernandez-fala-sobre-expectativa-para-o-dia-11-de-janeiro\/#breadcrumb\",\"itemListElement\":[{\"@type\":\"ListItem\",\"position\":1,\"name\":\"In\u00edcio\",\"item\":\"https:\/\/portalmf.com.br\/\"},{\"@type\":\"ListItem\",\"position\":2,\"name\":\"Mari Fernandez fala sobre expectativa para o dia 11 de janeiro\"}]},{\"@type\":\"WebSite\",\"@id\":\"https:\/\/portalmf.com.br\/#website\",\"url\":\"https:\/\/portalmf.com.br\/\",\"name\":\"Portal MF\",\"description\":\"Voc\u00ea conectado com a informa\u00e7\u00e3o\",\"potentialAction\":[{\"@type\":\"SearchAction\",\"target\":{\"@type\":\"EntryPoint\",\"urlTemplate\":\"https:\/\/portalmf.com.br\/?s={search_term_string}\"},\"query-input\":\"required name=search_term_string\"}],\"inLanguage\":\"pt-BR\"},{\"@type\":\"Person\",\"@id\":\"https:\/\/portalmf.com.br\/#\/schema\/person\/9ec101baf56233e53520c26de5d6f6f0\",\"name\":\"Reda\u00e7\u00e3o Portal MF\",\"image\":{\"@type\":\"ImageObject\",\"inLanguage\":\"pt-BR\",\"@id\":\"https:\/\/portalmf.com.br\/#\/schema\/person\/image\/\",\"url\":\"https:\/\/secure.gravatar.com\/avatar\/41b9aaeb2100835f7c64362330f74c7f?s=96&d=mm&r=g\",\"contentUrl\":\"https:\/\/secure.gravatar.com\/avatar\/41b9aaeb2100835f7c64362330f74c7f?s=96&d=mm&r=g\",\"caption\":\"Reda\u00e7\u00e3o Portal MF\"},\"description\":\"Sejam bem-vindos o portal de informa\u00e7\u00f5es de entretenimento de Feira de Santana, desde 2006 realiza coberturas dos principais eventos com entrevistas exclusivas com as principais personalidades mundiais. Fique conectado tamb\u00e9m nas redes sociais.\",\"sameAs\":[\"http:\/\/www.portalmf.com.br\/\",\"https:\/\/www.facebook.com\/portalmfoficial\",\"https:\/\/www.instagram.com\/portalmf\/\",\"https:\/\/x.com\/https:\/\/x.com\/portalmfoficial\",\"https:\/\/www.youtube.com\/@portalmfoficial\"],\"url\":\"https:\/\/portalmf.com.br\/index.php\/author\/junior\/\"}]}<\/script>\n<!-- \/ Yoast SEO plugin. -->","yoast_head_json":{"title":"Mari Fernandez fala sobre expectativa para o dia 11 de janeiro - Portal MF","robots":{"index":"index","follow":"follow","max-snippet":"max-snippet:-1","max-image-preview":"max-image-preview:large","max-video-preview":"max-video-preview:-1"},"canonical":"https:\/\/portalmf.com.br\/index.php\/2023\/01\/03\/mari-fernandez-fala-sobre-expectativa-para-o-dia-11-de-janeiro\/","og_locale":"pt_BR","og_type":"article","og_title":"Mari Fernandez fala sobre expectativa para o dia 11 de janeiro - Portal MF","og_description":"Considerada uma das grandes revela\u00e7\u00f5es da atualidade, a cantora Mari Fernandez \u00e9 atra\u00e7\u00e3o confirmada do Festival \u00caTA, evento que celebra os 30 anos do grupo \u00c9 o Tchan na Arena Fonte Nova, em Salvador, dia 11 de janeiro (quarta-feira). \u201cVai ter muita gente massa comemorando este momento especial e eu estou feliz em fazer parte [&hellip;]","og_url":"https:\/\/portalmf.com.br\/index.php\/2023\/01\/03\/mari-fernandez-fala-sobre-expectativa-para-o-dia-11-de-janeiro\/","og_site_name":"Portal MF","article_author":"https:\/\/www.facebook.com\/portalmfoficial","article_published_time":"2023-01-03T20:53:20+00:00","article_modified_time":"2023-01-03T20:53:28+00:00","og_image":[{"width":853,"height":582,"url":"https:\/\/portalmf.com.br\/wp-content\/uploads\/2022\/08\/Mari-Fernandez.jpeg","type":"image\/jpeg"}],"author":"Reda\u00e7\u00e3o Portal MF","twitter_card":"summary_large_image","twitter_creator":"@https:\/\/x.com\/portalmfoficial","twitter_misc":{"Escrito por":"Reda\u00e7\u00e3o Portal MF","Est. tempo de leitura":"2 minutos"},"schema":{"@context":"https:\/\/schema.org","@graph":[{"@type":"WebPage","@id":"https:\/\/portalmf.com.br\/index.php\/2023\/01\/03\/mari-fernandez-fala-sobre-expectativa-para-o-dia-11-de-janeiro\/","url":"https:\/\/portalmf.com.br\/index.php\/2023\/01\/03\/mari-fernandez-fala-sobre-expectativa-para-o-dia-11-de-janeiro\/","name":"Mari Fernandez fala sobre expectativa para o dia 11 de janeiro - Portal MF","isPartOf":{"@id":"https:\/\/portalmf.com.br\/#website"},"primaryImageOfPage":{"@id":"https:\/\/portalmf.com.br\/index.php\/2023\/01\/03\/mari-fernandez-fala-sobre-expectativa-para-o-dia-11-de-janeiro\/#primaryimage"},"image":{"@id":"https:\/\/portalmf.com.br\/index.php\/2023\/01\/03\/mari-fernandez-fala-sobre-expectativa-para-o-dia-11-de-janeiro\/#primaryimage"},"thumbnailUrl":"https:\/\/portalmf.com.br\/wp-content\/uploads\/2022\/08\/Mari-Fernandez.jpeg","datePublished":"2023-01-03T20:53:20+00:00","dateModified":"2023-01-03T20:53:28+00:00","author":{"@id":"https:\/\/portalmf.com.br\/#\/schema\/person\/9ec101baf56233e53520c26de5d6f6f0"},"breadcrumb":{"@id":"https:\/\/portalmf.com.br\/index.php\/2023\/01\/03\/mari-fernandez-fala-sobre-expectativa-para-o-dia-11-de-janeiro\/#breadcrumb"},"inLanguage":"pt-BR","potentialAction":[{"@type":"ReadAction","target":["https:\/\/portalmf.com.br\/index.php\/2023\/01\/03\/mari-fernandez-fala-sobre-expectativa-para-o-dia-11-de-janeiro\/"]}]},{"@type":"ImageObject","inLanguage":"pt-BR","@id":"https:\/\/portalmf.com.br\/index.php\/2023\/01\/03\/mari-fernandez-fala-sobre-expectativa-para-o-dia-11-de-janeiro\/#primaryimage","url":"https:\/\/portalmf.com.br\/wp-content\/uploads\/2022\/08\/Mari-Fernandez.jpeg","contentUrl":"https:\/\/portalmf.com.br\/wp-content\/uploads\/2022\/08\/Mari-Fernandez.jpeg","width":853,"height":582},{"@type":"BreadcrumbList","@id":"https:\/\/portalmf.com.br\/index.php\/2023\/01\/03\/mari-fernandez-fala-sobre-expectativa-para-o-dia-11-de-janeiro\/#breadcrumb","itemListElement":[{"@type":"ListItem","position":1,"name":"In\u00edcio","item":"https:\/\/portalmf.com.br\/"},{"@type":"ListItem","position":2,"name":"Mari Fernandez fala sobre expectativa para o dia 11 de janeiro"}]},{"@type":"WebSite","@id":"https:\/\/portalmf.com.br\/#website","url":"https:\/\/portalmf.com.br\/","name":"Portal MF","description":"Voc\u00ea conectado com a informa\u00e7\u00e3o","potentialAction":[{"@type":"SearchAction","target":{"@type":"EntryPoint","urlTemplate":"https:\/\/portalmf.com.br\/?s={search_term_string}"},"query-input":"required name=search_term_string"}],"inLanguage":"pt-BR"},{"@type":"Person","@id":"https:\/\/portalmf.com.br\/#\/schema\/person\/9ec101baf56233e53520c26de5d6f6f0","name":"Reda\u00e7\u00e3o Portal MF","image":{"@type":"ImageObject","inLanguage":"pt-BR","@id":"https:\/\/portalmf.com.br\/#\/schema\/person\/image\/","url":"https:\/\/secure.gravatar.com\/avatar\/41b9aaeb2100835f7c64362330f74c7f?s=96&d=mm&r=g","contentUrl":"https:\/\/secure.gravatar.com\/avatar\/41b9aaeb2100835f7c64362330f74c7f?s=96&d=mm&r=g","caption":"Reda\u00e7\u00e3o Portal MF"},"description":"Sejam bem-vindos o portal de informa\u00e7\u00f5es de entretenimento de Feira de Santana, desde 2006 realiza coberturas dos principais eventos com entrevistas exclusivas com as principais personalidades mundiais. Fique conectado tamb\u00e9m nas redes sociais.","sameAs":["http:\/\/www.portalmf.com.br\/","https:\/\/www.facebook.com\/portalmfoficial","https:\/\/www.instagram.com\/portalmf\/","https:\/\/x.com\/https:\/\/x.com\/portalmfoficial","https:\/\/www.youtube.com\/@portalmfoficial"],"url":"https:\/\/portalmf.com.br\/index.php\/author\/junior\/"}]}},"_links":{"self":[{"href":"https:\/\/portalmf.com.br\/index.php\/wp-json\/wp\/v2\/posts\/7556"}],"collection":[{"href":"https:\/\/portalmf.com.br\/index.php\/wp-json\/wp\/v2\/posts"}],"about":[{"href":"https:\/\/portalmf.com.br\/index.php\/wp-json\/wp\/v2\/types\/post"}],"author":[{"embeddable":true,"href":"https:\/\/portalmf.com.br\/index.php\/wp-json\/wp\/v2\/users\/3"}],"replies":[{"embeddable":true,"href":"https:\/\/portalmf.com.br\/index.php\/wp-json\/wp\/v2\/comments?post=7556"}],"version-history":[{"count":2,"href":"https:\/\/portalmf.com.br\/index.php\/wp-json\/wp\/v2\/posts\/7556\/revisions"}],"predecessor-version":[{"id":7558,"href":"https:\/\/portalmf.com.br\/index.php\/wp-json\/wp\/v2\/posts\/7556\/revisions\/7558"}],"wp:featuredmedia":[{"embeddable":true,"href":"https:\/\/portalmf.com.br\/index.php\/wp-json\/wp\/v2\/media\/3214"}],"wp:attachment":[{"href":"https:\/\/portalmf.com.br\/index.php\/wp-json\/wp\/v2\/media?parent=7556"}],"wp:term":[{"taxonomy":"category","embeddable":true,"href":"https:\/\/portalmf.com.br\/index.php\/wp-json\/wp\/v2\/categories?post=7556"},{"taxonomy":"post_tag","embeddable":true,"href":"https:\/\/portalmf.com.br\/index.php\/wp-json\/wp\/v2\/tags?post=7556"}],"curies":[{"name":"wp","href":"https:\/\/api.w.org\/{rel}","templated":true}]}}