{"id":7548,"date":"2023-01-03T17:48:38","date_gmt":"2023-01-03T20:48:38","guid":{"rendered":"https:\/\/portalmf.com.br\/?p=7548"},"modified":"2023-01-03T17:50:20","modified_gmt":"2023-01-03T20:50:20","slug":"paulo-vieira-e-dani-calabresa-sao-confirmados-no-bbb-23","status":"publish","type":"post","link":"https:\/\/portalmf.com.br\/index.php\/2023\/01\/03\/paulo-vieira-e-dani-calabresa-sao-confirmados-no-bbb-23\/","title":{"rendered":"Paulo Vieira e Dani Calabresa s\u00e3o confirmados no BBB 23"},"content":{"rendered":"\n<p>Indiretas bem-humoradas, conselhos equivocados, imita\u00e7\u00f5es ic\u00f4nicas, deboches autorizados \u2013 ou n\u00e3o \u2013 e uma dose extra de humor. \u00c9 dif\u00edcil imaginar o \u2018Big Brother Brasil\u2019 sem esses ingredientes. E n\u00e3o ser\u00e1 preciso. Na pr\u00f3xima edi\u00e7\u00e3o do&nbsp;<em>reality<\/em>, que tem estreia prevista para o dia 16 de janeiro, os quadros \u2018Big Terapia\u2019 e \u2018CAT BBB\u2019, comandados respectivamente por Paulo Vieira e Dani Calabresa, estar\u00e3o de volta. Quem n\u00e3o se divertiu com as tiradas de Paulo com os&nbsp;<em>brothers<\/em>&nbsp;e&nbsp;<em>sisters<\/em>&nbsp;eliminados no BBB 22? E quem n\u00e3o riu de Dani imitando os participantes na \u00faltima temporada? Os humor\u00edsticos prometem garantir ainda mais risadas e intera\u00e7\u00f5es com os f\u00e3s do programa, brincando com situa\u00e7\u00f5es vividas pelos participantes no contexto do confinamento e tamb\u00e9m com o que repercute fora da casa.<\/p>\n\n\n\n<p>Se tem uma coisa que Paulo Vieira n\u00e3o dispensa a seus convidados semanais do \u2018Big Terapia\u2019 \u00e9 um conselho sincero. No quadro j\u00e1 conhecido, o humorista analisa de maneira nada convencional o comportamento dos confinados, ajudando os f\u00e3s do\u00a0<em>reality<\/em>\u00a0a entender o que acontece com os\u00a0<em>brothers<\/em>\u00a0nos momentos de tens\u00e3o da disputa. Na nova temporada, Paulo acredita que os participantes eliminados v\u00e3o se divertir ainda mais no \u2018Big Terapia\u2019: <\/p>\n\n\n\n<p><em>\u201cAno passado, quando entraram na casa, eles n\u00e3o sabiam que existia o quadro, ent\u00e3o, era uma surpresa. Deu muito certo, mas acredito que agora, sabendo da inten\u00e7\u00e3o, eles v\u00e3o vir muito mais animados e rendendo mais ainda para essa entrevista\u201d,<\/em> destaca.\u00a0<\/p>\n\n\n\n<p>Feliz com a oportunidade de mergulhar mais uma vez, em tempo real, no universo do \u2018Big Brother Brasil\u2019, o humorista comenta que o\u00a0<em>reality<\/em>\u00a0foi um divisor de \u00e1guas em sua trajet\u00f3ria profissional.<em> \u201cEu sempre trabalhei muito, sempre fiz muita coisa; trabalho com arte desde os 12 anos de idade, e o programa foi um holofote sobre a minha carreira. Atrav\u00e9s dele, as pessoas n\u00e3o s\u00f3 acompanharam meu trabalho no BBB, mas tamb\u00e9m todas as minhas outras vertentes<\/em>\u201d, conta. <\/p>\n\n\n\n<figure class=\"wp-block-image size-full\"><img fetchpriority=\"high\" decoding=\"async\" width=\"984\" height=\"554\" src=\"https:\/\/portalmf.com.br\/wp-content\/uploads\/2023\/01\/whatsapp-image-2022-04-26-at-23.22.13-2-.jpg\" alt=\"\" class=\"wp-image-7549\" srcset=\"https:\/\/portalmf.com.br\/wp-content\/uploads\/2023\/01\/whatsapp-image-2022-04-26-at-23.22.13-2-.jpg 984w, https:\/\/portalmf.com.br\/wp-content\/uploads\/2023\/01\/whatsapp-image-2022-04-26-at-23.22.13-2--300x169.jpg 300w, https:\/\/portalmf.com.br\/wp-content\/uploads\/2023\/01\/whatsapp-image-2022-04-26-at-23.22.13-2--768x432.jpg 768w, https:\/\/portalmf.com.br\/wp-content\/uploads\/2023\/01\/whatsapp-image-2022-04-26-at-23.22.13-2--585x329.jpg 585w\" sizes=\"(max-width: 984px) 100vw, 984px\" \/><\/figure>\n\n\n\n<p><em>\u201cO BBB abriu muitos caminhos para a minha cria\u00e7\u00e3o, para o escoamento da minha criatividade. E \u00e9 muito legal porque, como o \u2018Big Terapia\u2019 \u00e9 um quadro sem personagem, em primeira pessoa, isso permite que o p\u00fablico de casa conhe\u00e7a um pouco mais de mim tamb\u00e9m\u201d<\/em>, afirma Paulo.<\/p>\n\n\n\n<p>Al\u00e9m dos participantes, no BBB, um f\u00e3 sempre tem o que dizer. E ser\u00e1 pelo \u2018CAT BBB\u2019 que Dani Calabresa receber\u00e1 todo tipo de solicita\u00e7\u00e3o do p\u00fablico. N\u00e3o que seja poss\u00edvel responder \u00e0s mais inusitadas d\u00favidas, mas ela bem que tenta. De forma divertida, a humorista mant\u00e9m um di\u00e1logo com os f\u00e3s, encarnando, muitas vezes, os personagens da casa e proporcionando boas risadas aos espectadores. Quem \u00e9 assinante Globoplay tem a chance participar do quadro enviando um \u00e1udio sobre os\u00a0<em>brothers<\/em>\u00a0e\u00a0<em>sisters<\/em>; as melhores mensagens s\u00e3o exibidas no programa e comentadas por Dani. O p\u00fablico pode acessar a experi\u00eancia do Globoplay por Whatsapp, no n\u00famero (21) 99821-2619, ou diretamente pelo link\u00a0<a href=\"https:\/\/outlook.office.com\/mail\/inbox\/id\/globoplay.com\/whatsapp\">globoplay.com\/whatsapp<\/a>.\u00a0<\/p>\n\n\n\n<p>A humorista conta que \u00e9 s\u00f3 empolga\u00e7\u00e3o para voltar ao ar com o quadro. \u201cNa minha opini\u00e3o, o BBB \u00e9 o programa mais comentado do pa\u00eds, ent\u00e3o, fazer parte disso \u00e9 muito especial. \u00c9 um desafio diferente para minha carreira de atriz e apresentadora. Sinto que o meu carinho pelo&nbsp;<em>reality<\/em>&nbsp;como espectadora ajuda na hora de sugerir piada, brincadeiras ou imita\u00e7\u00f5es para a equipe de reda\u00e7\u00e3o. Eu realmente sou f\u00e3 do \u2018Big Brother Brasil\u2019! N\u00e3o vejo a hora de voltar a atender ao telefone do \u2018CAT BBB\u2019\u201d, entrega Dani, que tamb\u00e9m revela que, mesmo com o t\u00e9rmino da \u00faltima temporada, o programa ainda reverbera em seu dia a dia: \u201cA troca com o p\u00fablico \u00e9 maravilhosa! Estamos em janeiro de 2023 e, at\u00e9 hoje, em programas de TV e eventos de que participo, me pedem para imitar a Jade, La\u00eds, Naiara, Larissa&#8230; Fico muito feliz com esse carinho\u201d.<\/p>\n\n\n\n<p>O \u2018BBB 23\u2019 tem apresenta\u00e7\u00e3o de Tadeu Schmidt, produ\u00e7\u00e3o de Mariana M\u00f4naco, dire\u00e7\u00e3o art\u00edstica de Rodrigo Dourado e dire\u00e7\u00e3o de g\u00eanero \u00e9 de Boninho. O reality tem estreia prevista para 16 de janeiro.&nbsp;<\/p>\n","protected":false},"excerpt":{"rendered":"<p>Indiretas bem-humoradas, conselhos equivocados, imita\u00e7\u00f5es ic\u00f4nicas, deboches autorizados \u2013 ou n\u00e3o \u2013 e uma dose extra de humor. \u00c9 dif\u00edcil imaginar o \u2018Big Brother Brasil\u2019 sem esses ingredientes. E n\u00e3o ser\u00e1 preciso. Na pr\u00f3xima edi\u00e7\u00e3o do&nbsp;reality, que tem estreia prevista para o dia 16 de janeiro, os quadros \u2018Big Terapia\u2019 e \u2018CAT BBB\u2019, comandados respectivamente [&hellip;]<\/p>\n","protected":false},"author":3,"featured_media":7550,"comment_status":"open","ping_status":"open","sticky":false,"template":"","format":"standard","meta":{"_monsterinsights_skip_tracking":false,"_monsterinsights_sitenote_active":false,"_monsterinsights_sitenote_note":"","_monsterinsights_sitenote_category":0,"footnotes":""},"categories":[47,43],"tags":[],"yoast_head":"<!-- This site is optimized with the Yoast SEO plugin v22.9 - https:\/\/yoast.com\/wordpress\/plugins\/seo\/ -->\n<title>Paulo Vieira e Dani Calabresa s\u00e3o confirmados no BBB 23 - Portal MF<\/title>\n<meta name=\"robots\" content=\"index, follow, max-snippet:-1, max-image-preview:large, max-video-preview:-1\" \/>\n<link rel=\"canonical\" href=\"https:\/\/portalmf.com.br\/index.php\/2023\/01\/03\/paulo-vieira-e-dani-calabresa-sao-confirmados-no-bbb-23\/\" \/>\n<meta property=\"og:locale\" content=\"pt_BR\" \/>\n<meta property=\"og:type\" content=\"article\" \/>\n<meta property=\"og:title\" content=\"Paulo Vieira e Dani Calabresa s\u00e3o confirmados no BBB 23 - Portal MF\" \/>\n<meta property=\"og:description\" content=\"Indiretas bem-humoradas, conselhos equivocados, imita\u00e7\u00f5es ic\u00f4nicas, deboches autorizados \u2013 ou n\u00e3o \u2013 e uma dose extra de humor. \u00c9 dif\u00edcil imaginar o \u2018Big Brother Brasil\u2019 sem esses ingredientes. E n\u00e3o ser\u00e1 preciso. Na pr\u00f3xima edi\u00e7\u00e3o do&nbsp;reality, que tem estreia prevista para o dia 16 de janeiro, os quadros \u2018Big Terapia\u2019 e \u2018CAT BBB\u2019, comandados respectivamente [&hellip;]\" \/>\n<meta property=\"og:url\" content=\"https:\/\/portalmf.com.br\/index.php\/2023\/01\/03\/paulo-vieira-e-dani-calabresa-sao-confirmados-no-bbb-23\/\" \/>\n<meta property=\"og:site_name\" content=\"Portal MF\" \/>\n<meta property=\"article:author\" content=\"https:\/\/www.facebook.com\/portalmfoficial\" \/>\n<meta property=\"article:published_time\" content=\"2023-01-03T20:48:38+00:00\" \/>\n<meta property=\"article:modified_time\" content=\"2023-01-03T20:50:20+00:00\" \/>\n<meta property=\"og:image\" content=\"https:\/\/portalmf.com.br\/wp-content\/uploads\/2023\/01\/Dani-Calabresa-e-Paulo-VieiraGNT.jpg\" \/>\n\t<meta property=\"og:image:width\" content=\"1350\" \/>\n\t<meta property=\"og:image:height\" content=\"900\" \/>\n\t<meta property=\"og:image:type\" content=\"image\/jpeg\" \/>\n<meta name=\"author\" content=\"Reda\u00e7\u00e3o Portal MF\" \/>\n<meta name=\"twitter:card\" content=\"summary_large_image\" \/>\n<meta name=\"twitter:creator\" content=\"@https:\/\/x.com\/portalmfoficial\" \/>\n<meta name=\"twitter:label1\" content=\"Escrito por\" \/>\n\t<meta name=\"twitter:data1\" content=\"Reda\u00e7\u00e3o Portal MF\" \/>\n\t<meta name=\"twitter:label2\" content=\"Est. tempo de leitura\" \/>\n\t<meta name=\"twitter:data2\" content=\"4 minutos\" \/>\n<script type=\"application\/ld+json\" class=\"yoast-schema-graph\">{\"@context\":\"https:\/\/schema.org\",\"@graph\":[{\"@type\":\"WebPage\",\"@id\":\"https:\/\/portalmf.com.br\/index.php\/2023\/01\/03\/paulo-vieira-e-dani-calabresa-sao-confirmados-no-bbb-23\/\",\"url\":\"https:\/\/portalmf.com.br\/index.php\/2023\/01\/03\/paulo-vieira-e-dani-calabresa-sao-confirmados-no-bbb-23\/\",\"name\":\"Paulo Vieira e Dani Calabresa s\u00e3o confirmados no BBB 23 - Portal MF\",\"isPartOf\":{\"@id\":\"https:\/\/portalmf.com.br\/#website\"},\"primaryImageOfPage\":{\"@id\":\"https:\/\/portalmf.com.br\/index.php\/2023\/01\/03\/paulo-vieira-e-dani-calabresa-sao-confirmados-no-bbb-23\/#primaryimage\"},\"image\":{\"@id\":\"https:\/\/portalmf.com.br\/index.php\/2023\/01\/03\/paulo-vieira-e-dani-calabresa-sao-confirmados-no-bbb-23\/#primaryimage\"},\"thumbnailUrl\":\"https:\/\/portalmf.com.br\/wp-content\/uploads\/2023\/01\/Dani-Calabresa-e-Paulo-VieiraGNT.jpg\",\"datePublished\":\"2023-01-03T20:48:38+00:00\",\"dateModified\":\"2023-01-03T20:50:20+00:00\",\"author\":{\"@id\":\"https:\/\/portalmf.com.br\/#\/schema\/person\/9ec101baf56233e53520c26de5d6f6f0\"},\"breadcrumb\":{\"@id\":\"https:\/\/portalmf.com.br\/index.php\/2023\/01\/03\/paulo-vieira-e-dani-calabresa-sao-confirmados-no-bbb-23\/#breadcrumb\"},\"inLanguage\":\"pt-BR\",\"potentialAction\":[{\"@type\":\"ReadAction\",\"target\":[\"https:\/\/portalmf.com.br\/index.php\/2023\/01\/03\/paulo-vieira-e-dani-calabresa-sao-confirmados-no-bbb-23\/\"]}]},{\"@type\":\"ImageObject\",\"inLanguage\":\"pt-BR\",\"@id\":\"https:\/\/portalmf.com.br\/index.php\/2023\/01\/03\/paulo-vieira-e-dani-calabresa-sao-confirmados-no-bbb-23\/#primaryimage\",\"url\":\"https:\/\/portalmf.com.br\/wp-content\/uploads\/2023\/01\/Dani-Calabresa-e-Paulo-VieiraGNT.jpg\",\"contentUrl\":\"https:\/\/portalmf.com.br\/wp-content\/uploads\/2023\/01\/Dani-Calabresa-e-Paulo-VieiraGNT.jpg\",\"width\":1350,\"height\":900,\"caption\":\"Foto: Reprodu\u00e7\u00e3o\"},{\"@type\":\"BreadcrumbList\",\"@id\":\"https:\/\/portalmf.com.br\/index.php\/2023\/01\/03\/paulo-vieira-e-dani-calabresa-sao-confirmados-no-bbb-23\/#breadcrumb\",\"itemListElement\":[{\"@type\":\"ListItem\",\"position\":1,\"name\":\"In\u00edcio\",\"item\":\"https:\/\/portalmf.com.br\/\"},{\"@type\":\"ListItem\",\"position\":2,\"name\":\"Paulo Vieira e Dani Calabresa s\u00e3o confirmados no BBB 23\"}]},{\"@type\":\"WebSite\",\"@id\":\"https:\/\/portalmf.com.br\/#website\",\"url\":\"https:\/\/portalmf.com.br\/\",\"name\":\"Portal MF\",\"description\":\"Voc\u00ea conectado com a informa\u00e7\u00e3o\",\"potentialAction\":[{\"@type\":\"SearchAction\",\"target\":{\"@type\":\"EntryPoint\",\"urlTemplate\":\"https:\/\/portalmf.com.br\/?s={search_term_string}\"},\"query-input\":\"required name=search_term_string\"}],\"inLanguage\":\"pt-BR\"},{\"@type\":\"Person\",\"@id\":\"https:\/\/portalmf.com.br\/#\/schema\/person\/9ec101baf56233e53520c26de5d6f6f0\",\"name\":\"Reda\u00e7\u00e3o Portal MF\",\"image\":{\"@type\":\"ImageObject\",\"inLanguage\":\"pt-BR\",\"@id\":\"https:\/\/portalmf.com.br\/#\/schema\/person\/image\/\",\"url\":\"https:\/\/secure.gravatar.com\/avatar\/41b9aaeb2100835f7c64362330f74c7f?s=96&d=mm&r=g\",\"contentUrl\":\"https:\/\/secure.gravatar.com\/avatar\/41b9aaeb2100835f7c64362330f74c7f?s=96&d=mm&r=g\",\"caption\":\"Reda\u00e7\u00e3o Portal MF\"},\"description\":\"Sejam bem-vindos o portal de informa\u00e7\u00f5es de entretenimento de Feira de Santana, desde 2006 realiza coberturas dos principais eventos com entrevistas exclusivas com as principais personalidades mundiais. Fique conectado tamb\u00e9m nas redes sociais.\",\"sameAs\":[\"http:\/\/www.portalmf.com.br\/\",\"https:\/\/www.facebook.com\/portalmfoficial\",\"https:\/\/www.instagram.com\/portalmf\/\",\"https:\/\/x.com\/https:\/\/x.com\/portalmfoficial\",\"https:\/\/www.youtube.com\/@portalmfoficial\"],\"url\":\"https:\/\/portalmf.com.br\/index.php\/author\/junior\/\"}]}<\/script>\n<!-- \/ Yoast SEO plugin. -->","yoast_head_json":{"title":"Paulo Vieira e Dani Calabresa s\u00e3o confirmados no BBB 23 - Portal MF","robots":{"index":"index","follow":"follow","max-snippet":"max-snippet:-1","max-image-preview":"max-image-preview:large","max-video-preview":"max-video-preview:-1"},"canonical":"https:\/\/portalmf.com.br\/index.php\/2023\/01\/03\/paulo-vieira-e-dani-calabresa-sao-confirmados-no-bbb-23\/","og_locale":"pt_BR","og_type":"article","og_title":"Paulo Vieira e Dani Calabresa s\u00e3o confirmados no BBB 23 - Portal MF","og_description":"Indiretas bem-humoradas, conselhos equivocados, imita\u00e7\u00f5es ic\u00f4nicas, deboches autorizados \u2013 ou n\u00e3o \u2013 e uma dose extra de humor. \u00c9 dif\u00edcil imaginar o \u2018Big Brother Brasil\u2019 sem esses ingredientes. E n\u00e3o ser\u00e1 preciso. Na pr\u00f3xima edi\u00e7\u00e3o do&nbsp;reality, que tem estreia prevista para o dia 16 de janeiro, os quadros \u2018Big Terapia\u2019 e \u2018CAT BBB\u2019, comandados respectivamente [&hellip;]","og_url":"https:\/\/portalmf.com.br\/index.php\/2023\/01\/03\/paulo-vieira-e-dani-calabresa-sao-confirmados-no-bbb-23\/","og_site_name":"Portal MF","article_author":"https:\/\/www.facebook.com\/portalmfoficial","article_published_time":"2023-01-03T20:48:38+00:00","article_modified_time":"2023-01-03T20:50:20+00:00","og_image":[{"width":1350,"height":900,"url":"https:\/\/portalmf.com.br\/wp-content\/uploads\/2023\/01\/Dani-Calabresa-e-Paulo-VieiraGNT.jpg","type":"image\/jpeg"}],"author":"Reda\u00e7\u00e3o Portal MF","twitter_card":"summary_large_image","twitter_creator":"@https:\/\/x.com\/portalmfoficial","twitter_misc":{"Escrito por":"Reda\u00e7\u00e3o Portal MF","Est. tempo de leitura":"4 minutos"},"schema":{"@context":"https:\/\/schema.org","@graph":[{"@type":"WebPage","@id":"https:\/\/portalmf.com.br\/index.php\/2023\/01\/03\/paulo-vieira-e-dani-calabresa-sao-confirmados-no-bbb-23\/","url":"https:\/\/portalmf.com.br\/index.php\/2023\/01\/03\/paulo-vieira-e-dani-calabresa-sao-confirmados-no-bbb-23\/","name":"Paulo Vieira e Dani Calabresa s\u00e3o confirmados no BBB 23 - Portal MF","isPartOf":{"@id":"https:\/\/portalmf.com.br\/#website"},"primaryImageOfPage":{"@id":"https:\/\/portalmf.com.br\/index.php\/2023\/01\/03\/paulo-vieira-e-dani-calabresa-sao-confirmados-no-bbb-23\/#primaryimage"},"image":{"@id":"https:\/\/portalmf.com.br\/index.php\/2023\/01\/03\/paulo-vieira-e-dani-calabresa-sao-confirmados-no-bbb-23\/#primaryimage"},"thumbnailUrl":"https:\/\/portalmf.com.br\/wp-content\/uploads\/2023\/01\/Dani-Calabresa-e-Paulo-VieiraGNT.jpg","datePublished":"2023-01-03T20:48:38+00:00","dateModified":"2023-01-03T20:50:20+00:00","author":{"@id":"https:\/\/portalmf.com.br\/#\/schema\/person\/9ec101baf56233e53520c26de5d6f6f0"},"breadcrumb":{"@id":"https:\/\/portalmf.com.br\/index.php\/2023\/01\/03\/paulo-vieira-e-dani-calabresa-sao-confirmados-no-bbb-23\/#breadcrumb"},"inLanguage":"pt-BR","potentialAction":[{"@type":"ReadAction","target":["https:\/\/portalmf.com.br\/index.php\/2023\/01\/03\/paulo-vieira-e-dani-calabresa-sao-confirmados-no-bbb-23\/"]}]},{"@type":"ImageObject","inLanguage":"pt-BR","@id":"https:\/\/portalmf.com.br\/index.php\/2023\/01\/03\/paulo-vieira-e-dani-calabresa-sao-confirmados-no-bbb-23\/#primaryimage","url":"https:\/\/portalmf.com.br\/wp-content\/uploads\/2023\/01\/Dani-Calabresa-e-Paulo-VieiraGNT.jpg","contentUrl":"https:\/\/portalmf.com.br\/wp-content\/uploads\/2023\/01\/Dani-Calabresa-e-Paulo-VieiraGNT.jpg","width":1350,"height":900,"caption":"Foto: Reprodu\u00e7\u00e3o"},{"@type":"BreadcrumbList","@id":"https:\/\/portalmf.com.br\/index.php\/2023\/01\/03\/paulo-vieira-e-dani-calabresa-sao-confirmados-no-bbb-23\/#breadcrumb","itemListElement":[{"@type":"ListItem","position":1,"name":"In\u00edcio","item":"https:\/\/portalmf.com.br\/"},{"@type":"ListItem","position":2,"name":"Paulo Vieira e Dani Calabresa s\u00e3o confirmados no BBB 23"}]},{"@type":"WebSite","@id":"https:\/\/portalmf.com.br\/#website","url":"https:\/\/portalmf.com.br\/","name":"Portal MF","description":"Voc\u00ea conectado com a informa\u00e7\u00e3o","potentialAction":[{"@type":"SearchAction","target":{"@type":"EntryPoint","urlTemplate":"https:\/\/portalmf.com.br\/?s={search_term_string}"},"query-input":"required name=search_term_string"}],"inLanguage":"pt-BR"},{"@type":"Person","@id":"https:\/\/portalmf.com.br\/#\/schema\/person\/9ec101baf56233e53520c26de5d6f6f0","name":"Reda\u00e7\u00e3o Portal MF","image":{"@type":"ImageObject","inLanguage":"pt-BR","@id":"https:\/\/portalmf.com.br\/#\/schema\/person\/image\/","url":"https:\/\/secure.gravatar.com\/avatar\/41b9aaeb2100835f7c64362330f74c7f?s=96&d=mm&r=g","contentUrl":"https:\/\/secure.gravatar.com\/avatar\/41b9aaeb2100835f7c64362330f74c7f?s=96&d=mm&r=g","caption":"Reda\u00e7\u00e3o Portal MF"},"description":"Sejam bem-vindos o portal de informa\u00e7\u00f5es de entretenimento de Feira de Santana, desde 2006 realiza coberturas dos principais eventos com entrevistas exclusivas com as principais personalidades mundiais. Fique conectado tamb\u00e9m nas redes sociais.","sameAs":["http:\/\/www.portalmf.com.br\/","https:\/\/www.facebook.com\/portalmfoficial","https:\/\/www.instagram.com\/portalmf\/","https:\/\/x.com\/https:\/\/x.com\/portalmfoficial","https:\/\/www.youtube.com\/@portalmfoficial"],"url":"https:\/\/portalmf.com.br\/index.php\/author\/junior\/"}]}},"_links":{"self":[{"href":"https:\/\/portalmf.com.br\/index.php\/wp-json\/wp\/v2\/posts\/7548"}],"collection":[{"href":"https:\/\/portalmf.com.br\/index.php\/wp-json\/wp\/v2\/posts"}],"about":[{"href":"https:\/\/portalmf.com.br\/index.php\/wp-json\/wp\/v2\/types\/post"}],"author":[{"embeddable":true,"href":"https:\/\/portalmf.com.br\/index.php\/wp-json\/wp\/v2\/users\/3"}],"replies":[{"embeddable":true,"href":"https:\/\/portalmf.com.br\/index.php\/wp-json\/wp\/v2\/comments?post=7548"}],"version-history":[{"count":3,"href":"https:\/\/portalmf.com.br\/index.php\/wp-json\/wp\/v2\/posts\/7548\/revisions"}],"predecessor-version":[{"id":7555,"href":"https:\/\/portalmf.com.br\/index.php\/wp-json\/wp\/v2\/posts\/7548\/revisions\/7555"}],"wp:featuredmedia":[{"embeddable":true,"href":"https:\/\/portalmf.com.br\/index.php\/wp-json\/wp\/v2\/media\/7550"}],"wp:attachment":[{"href":"https:\/\/portalmf.com.br\/index.php\/wp-json\/wp\/v2\/media?parent=7548"}],"wp:term":[{"taxonomy":"category","embeddable":true,"href":"https:\/\/portalmf.com.br\/index.php\/wp-json\/wp\/v2\/categories?post=7548"},{"taxonomy":"post_tag","embeddable":true,"href":"https:\/\/portalmf.com.br\/index.php\/wp-json\/wp\/v2\/tags?post=7548"}],"curies":[{"name":"wp","href":"https:\/\/api.w.org\/{rel}","templated":true}]}}