{"id":7545,"date":"2023-01-03T17:36:26","date_gmt":"2023-01-03T20:36:26","guid":{"rendered":"https:\/\/portalmf.com.br\/?p=7545"},"modified":"2023-01-03T17:36:27","modified_gmt":"2023-01-03T20:36:27","slug":"ensaios-da-anitta-em-salvador-tera-participacoes-de-timbalada-e-psirico","status":"publish","type":"post","link":"https:\/\/portalmf.com.br\/index.php\/2023\/01\/03\/ensaios-da-anitta-em-salvador-tera-participacoes-de-timbalada-e-psirico\/","title":{"rendered":"Ensaios da Anitta em Salvador ter\u00e1 participa\u00e7\u00f5es de Timbalada e Psirico"},"content":{"rendered":"\n<p>A contagem regressiva est\u00e1 correndo e neste s\u00e1bado, no dia 07 de janeiro, a cantora Anitta desembarca em Salvador para comandar o \u201cEnsaios da Anitta\u201d, no Centro de Conven\u00e7\u00f5es, na orla da Boca do Rio. Na reta final, as novidades come\u00e7am a chegar. A banda Afrocidade e a cantora N\u00eassa ser\u00e3o as respons\u00e1veis pelo show de abertura da noite. <\/p>\n\n\n\n<p>E durante seu show, a anfitri\u00e3 receber\u00e1 como convidados no palco, as bandas Timbalada e Psirico, para agitar o p\u00fablico. \u201cEnsaios da Anitta\u201d em Salvador abre a sequ\u00eancia de apresenta\u00e7\u00f5es que a artista far\u00e1 pelo Brasil nos meses de janeiro e fevereiro, como parte do projeto Carnaval da Anitta.<br><br>Com o tema \u201cGuerreiras\u201d, a cantora vai festejar e enaltecer as mulheres brasileiras poderosas do passado e do presente. A hashtag #YesN\u00f3sTemosAnitta \u2013 em refer\u00eancia \u00e0 marchinha carnavalesca \u201cYes, N\u00f3s Temos Bananas\u201d, eternizada por Carmen Miranda \u2013 \u00e9 o lema dos \u201cEnsaios da Anitta\u201d, que retornam para celebrar a festa mais brasileira do ano. Tudo isso em shows comandados pela cantora que consolidou sua carreira internacional, mas que \u00e9 do Brasil. <\/p>\n\n\n\n<p>Em Salvador, o ensaio \u00e9 resultado de uma parceria, de quase 10 anos, da cantora com a 2GB Entretenimento, uma das principais produtoras baianas.<\/p>\n","protected":false},"excerpt":{"rendered":"<p>A contagem regressiva est\u00e1 correndo e neste s\u00e1bado, no dia 07 de janeiro, a cantora Anitta desembarca em Salvador para comandar o \u201cEnsaios da Anitta\u201d, no Centro de Conven\u00e7\u00f5es, na orla da Boca do Rio. Na reta final, as novidades come\u00e7am a chegar. A banda Afrocidade e a cantora N\u00eassa ser\u00e3o as respons\u00e1veis pelo show [&hellip;]<\/p>\n","protected":false},"author":3,"featured_media":7546,"comment_status":"open","ping_status":"open","sticky":false,"template":"","format":"standard","meta":{"_monsterinsights_skip_tracking":false,"_monsterinsights_sitenote_active":false,"_monsterinsights_sitenote_note":"","_monsterinsights_sitenote_category":0,"footnotes":""},"categories":[44,47,45],"tags":[],"yoast_head":"<!-- This site is optimized with the Yoast SEO plugin v22.9 - https:\/\/yoast.com\/wordpress\/plugins\/seo\/ -->\n<title>Ensaios da Anitta em Salvador ter\u00e1 participa\u00e7\u00f5es de Timbalada e Psirico - Portal MF<\/title>\n<meta name=\"robots\" content=\"index, follow, max-snippet:-1, max-image-preview:large, max-video-preview:-1\" \/>\n<link rel=\"canonical\" href=\"https:\/\/portalmf.com.br\/index.php\/2023\/01\/03\/ensaios-da-anitta-em-salvador-tera-participacoes-de-timbalada-e-psirico\/\" \/>\n<meta property=\"og:locale\" content=\"pt_BR\" \/>\n<meta property=\"og:type\" content=\"article\" \/>\n<meta property=\"og:title\" content=\"Ensaios da Anitta em Salvador ter\u00e1 participa\u00e7\u00f5es de Timbalada e Psirico - Portal MF\" \/>\n<meta property=\"og:description\" content=\"A contagem regressiva est\u00e1 correndo e neste s\u00e1bado, no dia 07 de janeiro, a cantora Anitta desembarca em Salvador para comandar o \u201cEnsaios da Anitta\u201d, no Centro de Conven\u00e7\u00f5es, na orla da Boca do Rio. Na reta final, as novidades come\u00e7am a chegar. A banda Afrocidade e a cantora N\u00eassa ser\u00e3o as respons\u00e1veis pelo show [&hellip;]\" \/>\n<meta property=\"og:url\" content=\"https:\/\/portalmf.com.br\/index.php\/2023\/01\/03\/ensaios-da-anitta-em-salvador-tera-participacoes-de-timbalada-e-psirico\/\" \/>\n<meta property=\"og:site_name\" content=\"Portal MF\" \/>\n<meta property=\"article:author\" content=\"https:\/\/www.facebook.com\/portalmfoficial\" \/>\n<meta property=\"article:published_time\" content=\"2023-01-03T20:36:26+00:00\" \/>\n<meta property=\"article:modified_time\" content=\"2023-01-03T20:36:27+00:00\" \/>\n<meta property=\"og:image\" content=\"https:\/\/portalmf.com.br\/wp-content\/uploads\/2023\/01\/anitta-fotos-por-rafaelstrabelli-129.png\" \/>\n\t<meta property=\"og:image:width\" content=\"800\" \/>\n\t<meta property=\"og:image:height\" content=\"534\" \/>\n\t<meta property=\"og:image:type\" content=\"image\/png\" \/>\n<meta name=\"author\" content=\"Reda\u00e7\u00e3o Portal MF\" \/>\n<meta name=\"twitter:card\" content=\"summary_large_image\" \/>\n<meta name=\"twitter:creator\" content=\"@https:\/\/x.com\/portalmfoficial\" \/>\n<meta name=\"twitter:label1\" content=\"Escrito por\" \/>\n\t<meta name=\"twitter:data1\" content=\"Reda\u00e7\u00e3o Portal MF\" \/>\n\t<meta name=\"twitter:label2\" content=\"Est. tempo de leitura\" \/>\n\t<meta name=\"twitter:data2\" content=\"2 minutos\" \/>\n<script type=\"application\/ld+json\" class=\"yoast-schema-graph\">{\"@context\":\"https:\/\/schema.org\",\"@graph\":[{\"@type\":\"WebPage\",\"@id\":\"https:\/\/portalmf.com.br\/index.php\/2023\/01\/03\/ensaios-da-anitta-em-salvador-tera-participacoes-de-timbalada-e-psirico\/\",\"url\":\"https:\/\/portalmf.com.br\/index.php\/2023\/01\/03\/ensaios-da-anitta-em-salvador-tera-participacoes-de-timbalada-e-psirico\/\",\"name\":\"Ensaios da Anitta em Salvador ter\u00e1 participa\u00e7\u00f5es de Timbalada e Psirico - Portal MF\",\"isPartOf\":{\"@id\":\"https:\/\/portalmf.com.br\/#website\"},\"primaryImageOfPage\":{\"@id\":\"https:\/\/portalmf.com.br\/index.php\/2023\/01\/03\/ensaios-da-anitta-em-salvador-tera-participacoes-de-timbalada-e-psirico\/#primaryimage\"},\"image\":{\"@id\":\"https:\/\/portalmf.com.br\/index.php\/2023\/01\/03\/ensaios-da-anitta-em-salvador-tera-participacoes-de-timbalada-e-psirico\/#primaryimage\"},\"thumbnailUrl\":\"https:\/\/portalmf.com.br\/wp-content\/uploads\/2023\/01\/anitta-fotos-por-rafaelstrabelli-129.png\",\"datePublished\":\"2023-01-03T20:36:26+00:00\",\"dateModified\":\"2023-01-03T20:36:27+00:00\",\"author\":{\"@id\":\"https:\/\/portalmf.com.br\/#\/schema\/person\/9ec101baf56233e53520c26de5d6f6f0\"},\"breadcrumb\":{\"@id\":\"https:\/\/portalmf.com.br\/index.php\/2023\/01\/03\/ensaios-da-anitta-em-salvador-tera-participacoes-de-timbalada-e-psirico\/#breadcrumb\"},\"inLanguage\":\"pt-BR\",\"potentialAction\":[{\"@type\":\"ReadAction\",\"target\":[\"https:\/\/portalmf.com.br\/index.php\/2023\/01\/03\/ensaios-da-anitta-em-salvador-tera-participacoes-de-timbalada-e-psirico\/\"]}]},{\"@type\":\"ImageObject\",\"inLanguage\":\"pt-BR\",\"@id\":\"https:\/\/portalmf.com.br\/index.php\/2023\/01\/03\/ensaios-da-anitta-em-salvador-tera-participacoes-de-timbalada-e-psirico\/#primaryimage\",\"url\":\"https:\/\/portalmf.com.br\/wp-content\/uploads\/2023\/01\/anitta-fotos-por-rafaelstrabelli-129.png\",\"contentUrl\":\"https:\/\/portalmf.com.br\/wp-content\/uploads\/2023\/01\/anitta-fotos-por-rafaelstrabelli-129.png\",\"width\":800,\"height\":534,\"caption\":\"Foto: Rafael Strabelli\"},{\"@type\":\"BreadcrumbList\",\"@id\":\"https:\/\/portalmf.com.br\/index.php\/2023\/01\/03\/ensaios-da-anitta-em-salvador-tera-participacoes-de-timbalada-e-psirico\/#breadcrumb\",\"itemListElement\":[{\"@type\":\"ListItem\",\"position\":1,\"name\":\"In\u00edcio\",\"item\":\"https:\/\/portalmf.com.br\/\"},{\"@type\":\"ListItem\",\"position\":2,\"name\":\"Ensaios da Anitta em Salvador ter\u00e1 participa\u00e7\u00f5es de Timbalada e Psirico\"}]},{\"@type\":\"WebSite\",\"@id\":\"https:\/\/portalmf.com.br\/#website\",\"url\":\"https:\/\/portalmf.com.br\/\",\"name\":\"Portal MF\",\"description\":\"Voc\u00ea conectado com a informa\u00e7\u00e3o\",\"potentialAction\":[{\"@type\":\"SearchAction\",\"target\":{\"@type\":\"EntryPoint\",\"urlTemplate\":\"https:\/\/portalmf.com.br\/?s={search_term_string}\"},\"query-input\":\"required name=search_term_string\"}],\"inLanguage\":\"pt-BR\"},{\"@type\":\"Person\",\"@id\":\"https:\/\/portalmf.com.br\/#\/schema\/person\/9ec101baf56233e53520c26de5d6f6f0\",\"name\":\"Reda\u00e7\u00e3o Portal MF\",\"image\":{\"@type\":\"ImageObject\",\"inLanguage\":\"pt-BR\",\"@id\":\"https:\/\/portalmf.com.br\/#\/schema\/person\/image\/\",\"url\":\"https:\/\/secure.gravatar.com\/avatar\/41b9aaeb2100835f7c64362330f74c7f?s=96&d=mm&r=g\",\"contentUrl\":\"https:\/\/secure.gravatar.com\/avatar\/41b9aaeb2100835f7c64362330f74c7f?s=96&d=mm&r=g\",\"caption\":\"Reda\u00e7\u00e3o Portal MF\"},\"description\":\"Sejam bem-vindos o portal de informa\u00e7\u00f5es de entretenimento de Feira de Santana, desde 2006 realiza coberturas dos principais eventos com entrevistas exclusivas com as principais personalidades mundiais. Fique conectado tamb\u00e9m nas redes sociais.\",\"sameAs\":[\"http:\/\/www.portalmf.com.br\/\",\"https:\/\/www.facebook.com\/portalmfoficial\",\"https:\/\/www.instagram.com\/portalmf\/\",\"https:\/\/x.com\/https:\/\/x.com\/portalmfoficial\",\"https:\/\/www.youtube.com\/@portalmfoficial\"],\"url\":\"https:\/\/portalmf.com.br\/index.php\/author\/junior\/\"}]}<\/script>\n<!-- \/ Yoast SEO plugin. -->","yoast_head_json":{"title":"Ensaios da Anitta em Salvador ter\u00e1 participa\u00e7\u00f5es de Timbalada e Psirico - Portal MF","robots":{"index":"index","follow":"follow","max-snippet":"max-snippet:-1","max-image-preview":"max-image-preview:large","max-video-preview":"max-video-preview:-1"},"canonical":"https:\/\/portalmf.com.br\/index.php\/2023\/01\/03\/ensaios-da-anitta-em-salvador-tera-participacoes-de-timbalada-e-psirico\/","og_locale":"pt_BR","og_type":"article","og_title":"Ensaios da Anitta em Salvador ter\u00e1 participa\u00e7\u00f5es de Timbalada e Psirico - Portal MF","og_description":"A contagem regressiva est\u00e1 correndo e neste s\u00e1bado, no dia 07 de janeiro, a cantora Anitta desembarca em Salvador para comandar o \u201cEnsaios da Anitta\u201d, no Centro de Conven\u00e7\u00f5es, na orla da Boca do Rio. Na reta final, as novidades come\u00e7am a chegar. A banda Afrocidade e a cantora N\u00eassa ser\u00e3o as respons\u00e1veis pelo show [&hellip;]","og_url":"https:\/\/portalmf.com.br\/index.php\/2023\/01\/03\/ensaios-da-anitta-em-salvador-tera-participacoes-de-timbalada-e-psirico\/","og_site_name":"Portal MF","article_author":"https:\/\/www.facebook.com\/portalmfoficial","article_published_time":"2023-01-03T20:36:26+00:00","article_modified_time":"2023-01-03T20:36:27+00:00","og_image":[{"width":800,"height":534,"url":"https:\/\/portalmf.com.br\/wp-content\/uploads\/2023\/01\/anitta-fotos-por-rafaelstrabelli-129.png","type":"image\/png"}],"author":"Reda\u00e7\u00e3o Portal MF","twitter_card":"summary_large_image","twitter_creator":"@https:\/\/x.com\/portalmfoficial","twitter_misc":{"Escrito por":"Reda\u00e7\u00e3o Portal MF","Est. tempo de leitura":"2 minutos"},"schema":{"@context":"https:\/\/schema.org","@graph":[{"@type":"WebPage","@id":"https:\/\/portalmf.com.br\/index.php\/2023\/01\/03\/ensaios-da-anitta-em-salvador-tera-participacoes-de-timbalada-e-psirico\/","url":"https:\/\/portalmf.com.br\/index.php\/2023\/01\/03\/ensaios-da-anitta-em-salvador-tera-participacoes-de-timbalada-e-psirico\/","name":"Ensaios da Anitta em Salvador ter\u00e1 participa\u00e7\u00f5es de Timbalada e Psirico - Portal MF","isPartOf":{"@id":"https:\/\/portalmf.com.br\/#website"},"primaryImageOfPage":{"@id":"https:\/\/portalmf.com.br\/index.php\/2023\/01\/03\/ensaios-da-anitta-em-salvador-tera-participacoes-de-timbalada-e-psirico\/#primaryimage"},"image":{"@id":"https:\/\/portalmf.com.br\/index.php\/2023\/01\/03\/ensaios-da-anitta-em-salvador-tera-participacoes-de-timbalada-e-psirico\/#primaryimage"},"thumbnailUrl":"https:\/\/portalmf.com.br\/wp-content\/uploads\/2023\/01\/anitta-fotos-por-rafaelstrabelli-129.png","datePublished":"2023-01-03T20:36:26+00:00","dateModified":"2023-01-03T20:36:27+00:00","author":{"@id":"https:\/\/portalmf.com.br\/#\/schema\/person\/9ec101baf56233e53520c26de5d6f6f0"},"breadcrumb":{"@id":"https:\/\/portalmf.com.br\/index.php\/2023\/01\/03\/ensaios-da-anitta-em-salvador-tera-participacoes-de-timbalada-e-psirico\/#breadcrumb"},"inLanguage":"pt-BR","potentialAction":[{"@type":"ReadAction","target":["https:\/\/portalmf.com.br\/index.php\/2023\/01\/03\/ensaios-da-anitta-em-salvador-tera-participacoes-de-timbalada-e-psirico\/"]}]},{"@type":"ImageObject","inLanguage":"pt-BR","@id":"https:\/\/portalmf.com.br\/index.php\/2023\/01\/03\/ensaios-da-anitta-em-salvador-tera-participacoes-de-timbalada-e-psirico\/#primaryimage","url":"https:\/\/portalmf.com.br\/wp-content\/uploads\/2023\/01\/anitta-fotos-por-rafaelstrabelli-129.png","contentUrl":"https:\/\/portalmf.com.br\/wp-content\/uploads\/2023\/01\/anitta-fotos-por-rafaelstrabelli-129.png","width":800,"height":534,"caption":"Foto: Rafael Strabelli"},{"@type":"BreadcrumbList","@id":"https:\/\/portalmf.com.br\/index.php\/2023\/01\/03\/ensaios-da-anitta-em-salvador-tera-participacoes-de-timbalada-e-psirico\/#breadcrumb","itemListElement":[{"@type":"ListItem","position":1,"name":"In\u00edcio","item":"https:\/\/portalmf.com.br\/"},{"@type":"ListItem","position":2,"name":"Ensaios da Anitta em Salvador ter\u00e1 participa\u00e7\u00f5es de Timbalada e Psirico"}]},{"@type":"WebSite","@id":"https:\/\/portalmf.com.br\/#website","url":"https:\/\/portalmf.com.br\/","name":"Portal MF","description":"Voc\u00ea conectado com a informa\u00e7\u00e3o","potentialAction":[{"@type":"SearchAction","target":{"@type":"EntryPoint","urlTemplate":"https:\/\/portalmf.com.br\/?s={search_term_string}"},"query-input":"required name=search_term_string"}],"inLanguage":"pt-BR"},{"@type":"Person","@id":"https:\/\/portalmf.com.br\/#\/schema\/person\/9ec101baf56233e53520c26de5d6f6f0","name":"Reda\u00e7\u00e3o Portal MF","image":{"@type":"ImageObject","inLanguage":"pt-BR","@id":"https:\/\/portalmf.com.br\/#\/schema\/person\/image\/","url":"https:\/\/secure.gravatar.com\/avatar\/41b9aaeb2100835f7c64362330f74c7f?s=96&d=mm&r=g","contentUrl":"https:\/\/secure.gravatar.com\/avatar\/41b9aaeb2100835f7c64362330f74c7f?s=96&d=mm&r=g","caption":"Reda\u00e7\u00e3o Portal MF"},"description":"Sejam bem-vindos o portal de informa\u00e7\u00f5es de entretenimento de Feira de Santana, desde 2006 realiza coberturas dos principais eventos com entrevistas exclusivas com as principais personalidades mundiais. Fique conectado tamb\u00e9m nas redes sociais.","sameAs":["http:\/\/www.portalmf.com.br\/","https:\/\/www.facebook.com\/portalmfoficial","https:\/\/www.instagram.com\/portalmf\/","https:\/\/x.com\/https:\/\/x.com\/portalmfoficial","https:\/\/www.youtube.com\/@portalmfoficial"],"url":"https:\/\/portalmf.com.br\/index.php\/author\/junior\/"}]}},"_links":{"self":[{"href":"https:\/\/portalmf.com.br\/index.php\/wp-json\/wp\/v2\/posts\/7545"}],"collection":[{"href":"https:\/\/portalmf.com.br\/index.php\/wp-json\/wp\/v2\/posts"}],"about":[{"href":"https:\/\/portalmf.com.br\/index.php\/wp-json\/wp\/v2\/types\/post"}],"author":[{"embeddable":true,"href":"https:\/\/portalmf.com.br\/index.php\/wp-json\/wp\/v2\/users\/3"}],"replies":[{"embeddable":true,"href":"https:\/\/portalmf.com.br\/index.php\/wp-json\/wp\/v2\/comments?post=7545"}],"version-history":[{"count":1,"href":"https:\/\/portalmf.com.br\/index.php\/wp-json\/wp\/v2\/posts\/7545\/revisions"}],"predecessor-version":[{"id":7547,"href":"https:\/\/portalmf.com.br\/index.php\/wp-json\/wp\/v2\/posts\/7545\/revisions\/7547"}],"wp:featuredmedia":[{"embeddable":true,"href":"https:\/\/portalmf.com.br\/index.php\/wp-json\/wp\/v2\/media\/7546"}],"wp:attachment":[{"href":"https:\/\/portalmf.com.br\/index.php\/wp-json\/wp\/v2\/media?parent=7545"}],"wp:term":[{"taxonomy":"category","embeddable":true,"href":"https:\/\/portalmf.com.br\/index.php\/wp-json\/wp\/v2\/categories?post=7545"},{"taxonomy":"post_tag","embeddable":true,"href":"https:\/\/portalmf.com.br\/index.php\/wp-json\/wp\/v2\/tags?post=7545"}],"curies":[{"name":"wp","href":"https:\/\/api.w.org\/{rel}","templated":true}]}}