{"id":7542,"date":"2023-01-03T17:32:07","date_gmt":"2023-01-03T20:32:07","guid":{"rendered":"https:\/\/portalmf.com.br\/?p=7542"},"modified":"2023-01-03T17:32:10","modified_gmt":"2023-01-03T20:32:10","slug":"ile-aiye-celebra-vencedores-do-48o-festival-de-musica-negra","status":"publish","type":"post","link":"https:\/\/portalmf.com.br\/index.php\/2023\/01\/03\/ile-aiye-celebra-vencedores-do-48o-festival-de-musica-negra\/","title":{"rendered":"Il\u00ea Aiy\u00ea celebra vencedores do 48\u00ba\u00a0Festival\u00a0de\u00a0M\u00fasica\u00a0Negra\u00a0"},"content":{"rendered":"\n<p>O repert\u00f3rio do bloco Il\u00ea Aiy\u00ea acaba de ganhar seis novas can\u00e7\u00f5es como resultado da realiza\u00e7\u00e3o da 48\u00aa edi\u00e7\u00e3o do\u00a0Festival\u00a0de\u00a0M\u00fasica\u00a0Negra\u00a0do Il\u00ea Aiy\u00ea. Das 60 can\u00e7\u00f5es inscritas, 16 foram apresentadas na etapa final do festival, que aconteceu no dia 29 de dezembro no Largo Quincas Berro D&#8217;\u00c1gua, e, dessas, seis sa\u00edram vencedoras, tr\u00eas da Categoria Tema e tr\u00eas da Categoria Poesia. A sele\u00e7\u00e3o foi realizada por um j\u00fari formado por\u00a0Mund\u00e3o, design e compositor; DJ Branco, produtor, radialista, m\u00fasico e ativista cultural; Gra\u00e7a Onashil\u00ea,\u00a0cantora da Band&#8217;Aiy\u00ea; Juarez Mesquita, vocalista da\u00a0Band&#8217;Aiy\u00ea,\u00a0e Dandha da Hora, cantora e dan\u00e7arina.\u00a0<strong>Escute as can\u00e7\u00f5es vencedoras\u00a0<a href=\"https:\/\/mail.google.com\/mail\/u\/0\/Escute%20nesse%20link:%C2%A0%20https:\/\/festivaldemusicaileaiye.blogspot.com\/2023\/01\/ile-aiye-premia-os-campeoes-do-seu-48.html\" target=\"_blank\" rel=\"noreferrer noopener\">AQUI<\/a><\/strong>.<\/p>\n\n\n\n<p>Al\u00e9m de terem suas can\u00e7\u00f5es inseridas nos shows do Il\u00ea Aiy\u00ea a partir do pr\u00f3ximo Carnaval, os compositores vencedores receberam pr\u00eamios em dinheiro, sendo&nbsp;R$ 7 mil, R$ 6.000 e R$ 5 mil para os tr\u00eas vencedores, respectivamente, da Categoria Tema; e R$ 6.000, R$ 5 mil e R$ 4.000 para os tr\u00eas vencedores, respectivamente, da Categoria Poesia. Os ganhadores tamb\u00e9m foram contemplados com o Trof\u00e9u&nbsp;P\u00e1ssaro&nbsp;Preto e duas fantasias do Il\u00ea Aiy\u00ea para desfilar no bloco no Carnaval 2023.&nbsp;<\/p>\n\n\n\n<p>O tema do Carnaval do Il\u00ea Aiy\u00ea em 2023 \u00e9 \u201cAgostinho Neto &#8211; Kilamba, Manguxi, 100 anos do her\u00f3i nacional de Angola\u201d. A festa da premia\u00e7\u00e3o contou com a participa\u00e7\u00e3o do cantor e compositor Nelson Rufino.&nbsp;O 48\u00ba&nbsp;Festival&nbsp;de&nbsp;M\u00fasica&nbsp;Negra&nbsp;do Il\u00ea Aiy\u00ea teve apoio cultural do ITS, R\u00e1dio Educadora, TVE, Pel\u00f4 da Bahia, Secretaria de Cultura e Governo do Estado da Bahia.<\/p>\n\n\n\n<p><strong>Confira abaixo as can\u00e7\u00f5es vencedoras e seus compositores:<\/strong><\/p>\n\n\n\n<p>1\u00b0 Poesia &#8211; Preta Odara do Il\u00ea Aiy\u00ea, de F\u00e1bio Esquivel e Bruno Le\u00e3o<\/p>\n\n\n\n<p>2\u00b0 Poesia &#8211; Il\u00ea Aiy\u00ea, bacharel da cultura afro, de Edson Prodigio e Sergio Baleiro<\/p>\n\n\n\n<p>3\u00b0 Poesia &#8211; \u00c9 L\u00f3gico, de Marco Boa Morte<\/p>\n\n\n\n<p>1\u00b0 Tema &#8211; Luar de Luanda, de Julinho Magaiver e Rosselini Leite<\/p>\n\n\n\n<p>2\u00b0 Tema &#8211; Il\u00ea Angola, de Andr\u00e9 Lima e Josiel Teixeira Santos<\/p>\n\n\n\n<p>3\u00b0 Tema &#8211; Ao mestre com carinho, de Vin\u00edcius Lima e Juka Silva<\/p>\n","protected":false},"excerpt":{"rendered":"<p>O repert\u00f3rio do bloco Il\u00ea Aiy\u00ea acaba de ganhar seis novas can\u00e7\u00f5es como resultado da realiza\u00e7\u00e3o da 48\u00aa edi\u00e7\u00e3o do\u00a0Festival\u00a0de\u00a0M\u00fasica\u00a0Negra\u00a0do Il\u00ea Aiy\u00ea. Das 60 can\u00e7\u00f5es inscritas, 16 foram apresentadas na etapa final do festival, que aconteceu no dia 29 de dezembro no Largo Quincas Berro D&#8217;\u00c1gua, e, dessas, seis sa\u00edram vencedoras, tr\u00eas da Categoria Tema [&hellip;]<\/p>\n","protected":false},"author":3,"featured_media":7543,"comment_status":"open","ping_status":"open","sticky":false,"template":"","format":"standard","meta":{"_monsterinsights_skip_tracking":false,"_monsterinsights_sitenote_active":false,"_monsterinsights_sitenote_note":"","_monsterinsights_sitenote_category":0,"footnotes":""},"categories":[44,40],"tags":[],"yoast_head":"<!-- This site is optimized with the Yoast SEO plugin v22.9 - https:\/\/yoast.com\/wordpress\/plugins\/seo\/ -->\n<title>Il\u00ea Aiy\u00ea celebra vencedores do 48\u00ba\u00a0Festival\u00a0de\u00a0M\u00fasica\u00a0Negra\u00a0 - Portal MF<\/title>\n<meta name=\"robots\" content=\"index, follow, max-snippet:-1, max-image-preview:large, max-video-preview:-1\" \/>\n<link rel=\"canonical\" href=\"https:\/\/portalmf.com.br\/index.php\/2023\/01\/03\/ile-aiye-celebra-vencedores-do-48o-festival-de-musica-negra\/\" \/>\n<meta property=\"og:locale\" content=\"pt_BR\" \/>\n<meta property=\"og:type\" content=\"article\" \/>\n<meta property=\"og:title\" content=\"Il\u00ea Aiy\u00ea celebra vencedores do 48\u00ba\u00a0Festival\u00a0de\u00a0M\u00fasica\u00a0Negra\u00a0 - Portal MF\" \/>\n<meta property=\"og:description\" content=\"O repert\u00f3rio do bloco Il\u00ea Aiy\u00ea acaba de ganhar seis novas can\u00e7\u00f5es como resultado da realiza\u00e7\u00e3o da 48\u00aa edi\u00e7\u00e3o do\u00a0Festival\u00a0de\u00a0M\u00fasica\u00a0Negra\u00a0do Il\u00ea Aiy\u00ea. Das 60 can\u00e7\u00f5es inscritas, 16 foram apresentadas na etapa final do festival, que aconteceu no dia 29 de dezembro no Largo Quincas Berro D&#8217;\u00c1gua, e, dessas, seis sa\u00edram vencedoras, tr\u00eas da Categoria Tema [&hellip;]\" \/>\n<meta property=\"og:url\" content=\"https:\/\/portalmf.com.br\/index.php\/2023\/01\/03\/ile-aiye-celebra-vencedores-do-48o-festival-de-musica-negra\/\" \/>\n<meta property=\"og:site_name\" content=\"Portal MF\" \/>\n<meta property=\"article:author\" content=\"https:\/\/www.facebook.com\/portalmfoficial\" \/>\n<meta property=\"article:published_time\" content=\"2023-01-03T20:32:07+00:00\" \/>\n<meta property=\"article:modified_time\" content=\"2023-01-03T20:32:10+00:00\" \/>\n<meta property=\"og:image\" content=\"https:\/\/portalmf.com.br\/wp-content\/uploads\/2023\/01\/VENCEDORES-CATEEGORIA-2.jpeg\" \/>\n\t<meta property=\"og:image:width\" content=\"1280\" \/>\n\t<meta property=\"og:image:height\" content=\"853\" \/>\n\t<meta property=\"og:image:type\" content=\"image\/jpeg\" \/>\n<meta name=\"author\" content=\"Reda\u00e7\u00e3o Portal MF\" \/>\n<meta name=\"twitter:card\" content=\"summary_large_image\" \/>\n<meta name=\"twitter:creator\" content=\"@https:\/\/x.com\/portalmfoficial\" \/>\n<meta name=\"twitter:label1\" content=\"Escrito por\" \/>\n\t<meta name=\"twitter:data1\" content=\"Reda\u00e7\u00e3o Portal MF\" \/>\n\t<meta name=\"twitter:label2\" content=\"Est. tempo de leitura\" \/>\n\t<meta name=\"twitter:data2\" content=\"2 minutos\" \/>\n<script type=\"application\/ld+json\" class=\"yoast-schema-graph\">{\"@context\":\"https:\/\/schema.org\",\"@graph\":[{\"@type\":\"WebPage\",\"@id\":\"https:\/\/portalmf.com.br\/index.php\/2023\/01\/03\/ile-aiye-celebra-vencedores-do-48o-festival-de-musica-negra\/\",\"url\":\"https:\/\/portalmf.com.br\/index.php\/2023\/01\/03\/ile-aiye-celebra-vencedores-do-48o-festival-de-musica-negra\/\",\"name\":\"Il\u00ea Aiy\u00ea celebra vencedores do 48\u00ba\u00a0Festival\u00a0de\u00a0M\u00fasica\u00a0Negra\u00a0 - Portal MF\",\"isPartOf\":{\"@id\":\"https:\/\/portalmf.com.br\/#website\"},\"primaryImageOfPage\":{\"@id\":\"https:\/\/portalmf.com.br\/index.php\/2023\/01\/03\/ile-aiye-celebra-vencedores-do-48o-festival-de-musica-negra\/#primaryimage\"},\"image\":{\"@id\":\"https:\/\/portalmf.com.br\/index.php\/2023\/01\/03\/ile-aiye-celebra-vencedores-do-48o-festival-de-musica-negra\/#primaryimage\"},\"thumbnailUrl\":\"https:\/\/portalmf.com.br\/wp-content\/uploads\/2023\/01\/VENCEDORES-CATEEGORIA-2.jpeg\",\"datePublished\":\"2023-01-03T20:32:07+00:00\",\"dateModified\":\"2023-01-03T20:32:10+00:00\",\"author\":{\"@id\":\"https:\/\/portalmf.com.br\/#\/schema\/person\/9ec101baf56233e53520c26de5d6f6f0\"},\"breadcrumb\":{\"@id\":\"https:\/\/portalmf.com.br\/index.php\/2023\/01\/03\/ile-aiye-celebra-vencedores-do-48o-festival-de-musica-negra\/#breadcrumb\"},\"inLanguage\":\"pt-BR\",\"potentialAction\":[{\"@type\":\"ReadAction\",\"target\":[\"https:\/\/portalmf.com.br\/index.php\/2023\/01\/03\/ile-aiye-celebra-vencedores-do-48o-festival-de-musica-negra\/\"]}]},{\"@type\":\"ImageObject\",\"inLanguage\":\"pt-BR\",\"@id\":\"https:\/\/portalmf.com.br\/index.php\/2023\/01\/03\/ile-aiye-celebra-vencedores-do-48o-festival-de-musica-negra\/#primaryimage\",\"url\":\"https:\/\/portalmf.com.br\/wp-content\/uploads\/2023\/01\/VENCEDORES-CATEEGORIA-2.jpeg\",\"contentUrl\":\"https:\/\/portalmf.com.br\/wp-content\/uploads\/2023\/01\/VENCEDORES-CATEEGORIA-2.jpeg\",\"width\":1280,\"height\":853,\"caption\":\"Foto: Andr\u00e9 Frutuoso\"},{\"@type\":\"BreadcrumbList\",\"@id\":\"https:\/\/portalmf.com.br\/index.php\/2023\/01\/03\/ile-aiye-celebra-vencedores-do-48o-festival-de-musica-negra\/#breadcrumb\",\"itemListElement\":[{\"@type\":\"ListItem\",\"position\":1,\"name\":\"In\u00edcio\",\"item\":\"https:\/\/portalmf.com.br\/\"},{\"@type\":\"ListItem\",\"position\":2,\"name\":\"Il\u00ea Aiy\u00ea celebra vencedores do 48\u00ba\u00a0Festival\u00a0de\u00a0M\u00fasica\u00a0Negra\u00a0\"}]},{\"@type\":\"WebSite\",\"@id\":\"https:\/\/portalmf.com.br\/#website\",\"url\":\"https:\/\/portalmf.com.br\/\",\"name\":\"Portal MF\",\"description\":\"Voc\u00ea conectado com a informa\u00e7\u00e3o\",\"potentialAction\":[{\"@type\":\"SearchAction\",\"target\":{\"@type\":\"EntryPoint\",\"urlTemplate\":\"https:\/\/portalmf.com.br\/?s={search_term_string}\"},\"query-input\":\"required name=search_term_string\"}],\"inLanguage\":\"pt-BR\"},{\"@type\":\"Person\",\"@id\":\"https:\/\/portalmf.com.br\/#\/schema\/person\/9ec101baf56233e53520c26de5d6f6f0\",\"name\":\"Reda\u00e7\u00e3o Portal MF\",\"image\":{\"@type\":\"ImageObject\",\"inLanguage\":\"pt-BR\",\"@id\":\"https:\/\/portalmf.com.br\/#\/schema\/person\/image\/\",\"url\":\"https:\/\/secure.gravatar.com\/avatar\/41b9aaeb2100835f7c64362330f74c7f?s=96&d=mm&r=g\",\"contentUrl\":\"https:\/\/secure.gravatar.com\/avatar\/41b9aaeb2100835f7c64362330f74c7f?s=96&d=mm&r=g\",\"caption\":\"Reda\u00e7\u00e3o Portal MF\"},\"description\":\"Sejam bem-vindos o portal de informa\u00e7\u00f5es de entretenimento de Feira de Santana, desde 2006 realiza coberturas dos principais eventos com entrevistas exclusivas com as principais personalidades mundiais. Fique conectado tamb\u00e9m nas redes sociais.\",\"sameAs\":[\"http:\/\/www.portalmf.com.br\/\",\"https:\/\/www.facebook.com\/portalmfoficial\",\"https:\/\/www.instagram.com\/portalmf\/\",\"https:\/\/x.com\/https:\/\/x.com\/portalmfoficial\",\"https:\/\/www.youtube.com\/@portalmfoficial\"],\"url\":\"https:\/\/portalmf.com.br\/index.php\/author\/junior\/\"}]}<\/script>\n<!-- \/ Yoast SEO plugin. -->","yoast_head_json":{"title":"Il\u00ea Aiy\u00ea celebra vencedores do 48\u00ba\u00a0Festival\u00a0de\u00a0M\u00fasica\u00a0Negra\u00a0 - Portal MF","robots":{"index":"index","follow":"follow","max-snippet":"max-snippet:-1","max-image-preview":"max-image-preview:large","max-video-preview":"max-video-preview:-1"},"canonical":"https:\/\/portalmf.com.br\/index.php\/2023\/01\/03\/ile-aiye-celebra-vencedores-do-48o-festival-de-musica-negra\/","og_locale":"pt_BR","og_type":"article","og_title":"Il\u00ea Aiy\u00ea celebra vencedores do 48\u00ba\u00a0Festival\u00a0de\u00a0M\u00fasica\u00a0Negra\u00a0 - Portal MF","og_description":"O repert\u00f3rio do bloco Il\u00ea Aiy\u00ea acaba de ganhar seis novas can\u00e7\u00f5es como resultado da realiza\u00e7\u00e3o da 48\u00aa edi\u00e7\u00e3o do\u00a0Festival\u00a0de\u00a0M\u00fasica\u00a0Negra\u00a0do Il\u00ea Aiy\u00ea. Das 60 can\u00e7\u00f5es inscritas, 16 foram apresentadas na etapa final do festival, que aconteceu no dia 29 de dezembro no Largo Quincas Berro D&#8217;\u00c1gua, e, dessas, seis sa\u00edram vencedoras, tr\u00eas da Categoria Tema [&hellip;]","og_url":"https:\/\/portalmf.com.br\/index.php\/2023\/01\/03\/ile-aiye-celebra-vencedores-do-48o-festival-de-musica-negra\/","og_site_name":"Portal MF","article_author":"https:\/\/www.facebook.com\/portalmfoficial","article_published_time":"2023-01-03T20:32:07+00:00","article_modified_time":"2023-01-03T20:32:10+00:00","og_image":[{"width":1280,"height":853,"url":"https:\/\/portalmf.com.br\/wp-content\/uploads\/2023\/01\/VENCEDORES-CATEEGORIA-2.jpeg","type":"image\/jpeg"}],"author":"Reda\u00e7\u00e3o Portal MF","twitter_card":"summary_large_image","twitter_creator":"@https:\/\/x.com\/portalmfoficial","twitter_misc":{"Escrito por":"Reda\u00e7\u00e3o Portal MF","Est. tempo de leitura":"2 minutos"},"schema":{"@context":"https:\/\/schema.org","@graph":[{"@type":"WebPage","@id":"https:\/\/portalmf.com.br\/index.php\/2023\/01\/03\/ile-aiye-celebra-vencedores-do-48o-festival-de-musica-negra\/","url":"https:\/\/portalmf.com.br\/index.php\/2023\/01\/03\/ile-aiye-celebra-vencedores-do-48o-festival-de-musica-negra\/","name":"Il\u00ea Aiy\u00ea celebra vencedores do 48\u00ba\u00a0Festival\u00a0de\u00a0M\u00fasica\u00a0Negra\u00a0 - Portal MF","isPartOf":{"@id":"https:\/\/portalmf.com.br\/#website"},"primaryImageOfPage":{"@id":"https:\/\/portalmf.com.br\/index.php\/2023\/01\/03\/ile-aiye-celebra-vencedores-do-48o-festival-de-musica-negra\/#primaryimage"},"image":{"@id":"https:\/\/portalmf.com.br\/index.php\/2023\/01\/03\/ile-aiye-celebra-vencedores-do-48o-festival-de-musica-negra\/#primaryimage"},"thumbnailUrl":"https:\/\/portalmf.com.br\/wp-content\/uploads\/2023\/01\/VENCEDORES-CATEEGORIA-2.jpeg","datePublished":"2023-01-03T20:32:07+00:00","dateModified":"2023-01-03T20:32:10+00:00","author":{"@id":"https:\/\/portalmf.com.br\/#\/schema\/person\/9ec101baf56233e53520c26de5d6f6f0"},"breadcrumb":{"@id":"https:\/\/portalmf.com.br\/index.php\/2023\/01\/03\/ile-aiye-celebra-vencedores-do-48o-festival-de-musica-negra\/#breadcrumb"},"inLanguage":"pt-BR","potentialAction":[{"@type":"ReadAction","target":["https:\/\/portalmf.com.br\/index.php\/2023\/01\/03\/ile-aiye-celebra-vencedores-do-48o-festival-de-musica-negra\/"]}]},{"@type":"ImageObject","inLanguage":"pt-BR","@id":"https:\/\/portalmf.com.br\/index.php\/2023\/01\/03\/ile-aiye-celebra-vencedores-do-48o-festival-de-musica-negra\/#primaryimage","url":"https:\/\/portalmf.com.br\/wp-content\/uploads\/2023\/01\/VENCEDORES-CATEEGORIA-2.jpeg","contentUrl":"https:\/\/portalmf.com.br\/wp-content\/uploads\/2023\/01\/VENCEDORES-CATEEGORIA-2.jpeg","width":1280,"height":853,"caption":"Foto: Andr\u00e9 Frutuoso"},{"@type":"BreadcrumbList","@id":"https:\/\/portalmf.com.br\/index.php\/2023\/01\/03\/ile-aiye-celebra-vencedores-do-48o-festival-de-musica-negra\/#breadcrumb","itemListElement":[{"@type":"ListItem","position":1,"name":"In\u00edcio","item":"https:\/\/portalmf.com.br\/"},{"@type":"ListItem","position":2,"name":"Il\u00ea Aiy\u00ea celebra vencedores do 48\u00ba\u00a0Festival\u00a0de\u00a0M\u00fasica\u00a0Negra\u00a0"}]},{"@type":"WebSite","@id":"https:\/\/portalmf.com.br\/#website","url":"https:\/\/portalmf.com.br\/","name":"Portal MF","description":"Voc\u00ea conectado com a informa\u00e7\u00e3o","potentialAction":[{"@type":"SearchAction","target":{"@type":"EntryPoint","urlTemplate":"https:\/\/portalmf.com.br\/?s={search_term_string}"},"query-input":"required name=search_term_string"}],"inLanguage":"pt-BR"},{"@type":"Person","@id":"https:\/\/portalmf.com.br\/#\/schema\/person\/9ec101baf56233e53520c26de5d6f6f0","name":"Reda\u00e7\u00e3o Portal MF","image":{"@type":"ImageObject","inLanguage":"pt-BR","@id":"https:\/\/portalmf.com.br\/#\/schema\/person\/image\/","url":"https:\/\/secure.gravatar.com\/avatar\/41b9aaeb2100835f7c64362330f74c7f?s=96&d=mm&r=g","contentUrl":"https:\/\/secure.gravatar.com\/avatar\/41b9aaeb2100835f7c64362330f74c7f?s=96&d=mm&r=g","caption":"Reda\u00e7\u00e3o Portal MF"},"description":"Sejam bem-vindos o portal de informa\u00e7\u00f5es de entretenimento de Feira de Santana, desde 2006 realiza coberturas dos principais eventos com entrevistas exclusivas com as principais personalidades mundiais. Fique conectado tamb\u00e9m nas redes sociais.","sameAs":["http:\/\/www.portalmf.com.br\/","https:\/\/www.facebook.com\/portalmfoficial","https:\/\/www.instagram.com\/portalmf\/","https:\/\/x.com\/https:\/\/x.com\/portalmfoficial","https:\/\/www.youtube.com\/@portalmfoficial"],"url":"https:\/\/portalmf.com.br\/index.php\/author\/junior\/"}]}},"_links":{"self":[{"href":"https:\/\/portalmf.com.br\/index.php\/wp-json\/wp\/v2\/posts\/7542"}],"collection":[{"href":"https:\/\/portalmf.com.br\/index.php\/wp-json\/wp\/v2\/posts"}],"about":[{"href":"https:\/\/portalmf.com.br\/index.php\/wp-json\/wp\/v2\/types\/post"}],"author":[{"embeddable":true,"href":"https:\/\/portalmf.com.br\/index.php\/wp-json\/wp\/v2\/users\/3"}],"replies":[{"embeddable":true,"href":"https:\/\/portalmf.com.br\/index.php\/wp-json\/wp\/v2\/comments?post=7542"}],"version-history":[{"count":1,"href":"https:\/\/portalmf.com.br\/index.php\/wp-json\/wp\/v2\/posts\/7542\/revisions"}],"predecessor-version":[{"id":7544,"href":"https:\/\/portalmf.com.br\/index.php\/wp-json\/wp\/v2\/posts\/7542\/revisions\/7544"}],"wp:featuredmedia":[{"embeddable":true,"href":"https:\/\/portalmf.com.br\/index.php\/wp-json\/wp\/v2\/media\/7543"}],"wp:attachment":[{"href":"https:\/\/portalmf.com.br\/index.php\/wp-json\/wp\/v2\/media?parent=7542"}],"wp:term":[{"taxonomy":"category","embeddable":true,"href":"https:\/\/portalmf.com.br\/index.php\/wp-json\/wp\/v2\/categories?post=7542"},{"taxonomy":"post_tag","embeddable":true,"href":"https:\/\/portalmf.com.br\/index.php\/wp-json\/wp\/v2\/tags?post=7542"}],"curies":[{"name":"wp","href":"https:\/\/api.w.org\/{rel}","templated":true}]}}