{"id":7539,"date":"2023-01-03T16:21:00","date_gmt":"2023-01-03T19:21:00","guid":{"rendered":"https:\/\/portalmf.com.br\/?p=7539"},"modified":"2023-01-03T17:26:30","modified_gmt":"2023-01-03T20:26:30","slug":"ivete-sangalo-e-armandinho-macedo-sao-convidados-de-luiz-caldas-na-concha-acustica","status":"publish","type":"post","link":"https:\/\/portalmf.com.br\/index.php\/2023\/01\/03\/ivete-sangalo-e-armandinho-macedo-sao-convidados-de-luiz-caldas-na-concha-acustica\/","title":{"rendered":"Ivete Sangalo e Armandinho Macedo s\u00e3o convidados de Luiz Caldas na Concha Ac\u00fastica"},"content":{"rendered":"\n<p>O artista baiano Luiz Caldas mandou avisar que vai rolar a festa na Concha Ac\u00fastica do TCA no dia 19 de janeiro. Os convidados confirmados j\u00e1 sinalizam que a noite ser\u00e1 dessas de entrar para hist\u00f3ria. A cantora baiana Ivete Sangalo \u00e9 um deles, o que j\u00e1 antecipa o n\u00edvel da vibra\u00e7\u00e3o do show. Outro nome de peso \u00e9 o de Armandinho Macedo, que subir\u00e1 ao palco com a sua indefect\u00edvel guitarra baiana. Tudo isso para comemorar os 60 anos de vida de Luiz Caldas e celebrar a sua obra.<\/p>\n\n\n\n<p>Al\u00e9m de Ivete Sangalo e Armandinho, outros dois grandes artistas baianos j\u00e1 confirmaram presen\u00e7a e ser\u00e3o anunciados nos pr\u00f3ximos dias. <em>\u201cFazer anivers\u00e1rio num lugar como a Concha Ac\u00fastica, com amigos que a gente ama e respeita, \u00e9 um sonho para qualquer artista. Armandinho Macedo \u00e9 um amigo e mestre que eu amo. Antes deu ter iniciado o movimento da Ax\u00e9 Music, ele j\u00e1 era meu amigo e j\u00e1 troc\u00e1vamos ideias. T\u00ea-lo comigo nesse momento \u00e9 um presente dos deuses\u201d,<\/em> comemora Luiz.<\/p>\n\n\n\n<p><em>\u201cQuanto \u00e0 Ivete, \u00e9 uma honra imensa t\u00ea-la comigo nessa data. Ivete \u00e9 a maior representante da Ax\u00e9 Music, a nossa rainha, al\u00e9m de ser uma grande amiga. Receb\u00ea-la num dia como esse vai ser um presente, n\u00e3o s\u00f3 para mim, mas para todo o p\u00fablico que vai estar presente l\u00e1 na Concha\u201d.<\/em><\/p>\n\n\n\n<p>Al\u00e9m da cria\u00e7\u00e3o da Ax\u00e9 Music, Luiz Caldas chega aos 60 anos celebrando outro grande feito da sua carreira. H\u00e1 9 anos, ele vem lan\u00e7ando um \u00e1lbum por m\u00eas, o que mais uma vez deixa evidente a sua paix\u00e3o pela m\u00fasica. \u201cEu sou m\u00fasica\u201d, costuma dizer o artista quando \u00e9 questionado sobre a inspira\u00e7\u00e3o e a motiva\u00e7\u00e3o de produzir incessantemente, perscrutando os mais diversos estilos musicais e, assim, deixando um legado \u00fanico para a m\u00fasica do Brasil e do mundo.&nbsp;<\/p>\n\n\n\n<p>Como Luiz Caldas come\u00e7ou a cantar em bailes aos sete anos de idade, ao completar 60 anos ele soma 53 dedicados \u00e0 m\u00fasica. Primeiro foi como cantor mirim, depois como um adolescente autodidata que, s\u00f3 de olhar outros m\u00fasicos das bandas de baile, aprendeu a tocar com maestria quase todos os instrumentos. E quando a voz estabilizou, revelou-se como esse cantor, compositor e multi-instrumentista pronto para abalar as estruturas da m\u00fasica brasileira.<\/p>\n\n\n\n<p>Dono de um estilo pr\u00f3prio, tendo se lan\u00e7ado cantando de p\u00e9s descal\u00e7os, Luiz Caldas consegue extrair o melhor da combina\u00e7\u00e3o entre inquietude profissional e simplicidade no seu modo de viver. Do est\u00fadio de casa, todo m\u00eas sua voz ecoa mundo afora e, ao tempo que espalha seu talento, extrai da m\u00fasica ensinamentos para a vida.<\/p>\n\n\n\n<p><em>\u201cA m\u00fasica n\u00e3o existe sem as pessoas que a escutam. Ent\u00e3o fazer m\u00fasica nos torna sens\u00edveis ao outro. Ao longo do tempo, isso faz com que o artista, que quase sempre j\u00e1 \u00e9 sens\u00edvel, cres\u00e7a como ser humano tamb\u00e9m. E foi assim que eu consegui me mover na vida, mesmo com os altos e baixos comuns a trajet\u00f3ria de artista, mas sempre superando tudo com os p\u00e9s no ch\u00e3o, literalmente\u201d<\/em>, brinca.<\/p>\n\n\n\n<p><strong>SERVI\u00c7O:<\/strong><\/p>\n\n\n\n<p>Luiz Caldas \u2013 60 anos<\/p>\n\n\n\n<p>Convidados confirmados: Ivete Sangalo e Armandinho<\/p>\n\n\n\n<p>Local: Concha Ac\u00fastica do TCA<\/p>\n\n\n\n<p>Data: 19 de janeiro de 2023 (quinta-feira)<\/p>\n\n\n\n<p>Hor\u00e1rio: 19h<\/p>\n\n\n\n<p>Quanto:<\/p>\n\n\n\n<p><strong>1\u00ba lote<\/strong><\/p>\n\n\n\n<p>Arquibancada: R$ 140 (inteira) e R$ 70 (meia)<\/p>\n\n\n\n<p>Camarote: R$ 280 (inteira) e R$ 140 (meia)<\/p>\n\n\n\n<p><strong>2\u00ba lote<\/strong><\/p>\n\n\n\n<p>Arquibancada: R$ 160 (inteira) e R$ 80 (meia)<\/p>\n\n\n\n<p>Camarote: R$ 320 (inteira) e R$ 160 (meia)<\/p>\n\n\n\n<p>Classifica\u00e7\u00e3o indicativa: 14 anos<\/p>\n\n\n\n<p>Ingressos:&nbsp;<a href=\"https:\/\/bileto.sympla.com.br\/event\/79287\/d\/173025\" target=\"_blank\" rel=\"noreferrer noopener\">https:\/\/bileto.sympla.com.br\/event\/79287\/d\/173025<\/a><\/p>\n","protected":false},"excerpt":{"rendered":"<p>O artista baiano Luiz Caldas mandou avisar que vai rolar a festa na Concha Ac\u00fastica do TCA no dia 19 de janeiro. Os convidados confirmados j\u00e1 sinalizam que a noite ser\u00e1 dessas de entrar para hist\u00f3ria. A cantora baiana Ivete Sangalo \u00e9 um deles, o que j\u00e1 antecipa o n\u00edvel da vibra\u00e7\u00e3o do show. Outro [&hellip;]<\/p>\n","protected":false},"author":3,"featured_media":7540,"comment_status":"open","ping_status":"open","sticky":false,"template":"","format":"standard","meta":{"_monsterinsights_skip_tracking":false,"_monsterinsights_sitenote_active":false,"_monsterinsights_sitenote_note":"","_monsterinsights_sitenote_category":0,"footnotes":""},"categories":[47,45],"tags":[],"yoast_head":"<!-- This site is optimized with the Yoast SEO plugin v22.9 - https:\/\/yoast.com\/wordpress\/plugins\/seo\/ -->\n<title>Ivete Sangalo e Armandinho Macedo s\u00e3o convidados de Luiz Caldas na Concha Ac\u00fastica - Portal MF<\/title>\n<meta name=\"robots\" content=\"index, follow, max-snippet:-1, max-image-preview:large, max-video-preview:-1\" \/>\n<link rel=\"canonical\" href=\"https:\/\/portalmf.com.br\/index.php\/2023\/01\/03\/ivete-sangalo-e-armandinho-macedo-sao-convidados-de-luiz-caldas-na-concha-acustica\/\" \/>\n<meta property=\"og:locale\" content=\"pt_BR\" \/>\n<meta property=\"og:type\" content=\"article\" \/>\n<meta property=\"og:title\" content=\"Ivete Sangalo e Armandinho Macedo s\u00e3o convidados de Luiz Caldas na Concha Ac\u00fastica - Portal MF\" \/>\n<meta property=\"og:description\" content=\"O artista baiano Luiz Caldas mandou avisar que vai rolar a festa na Concha Ac\u00fastica do TCA no dia 19 de janeiro. Os convidados confirmados j\u00e1 sinalizam que a noite ser\u00e1 dessas de entrar para hist\u00f3ria. A cantora baiana Ivete Sangalo \u00e9 um deles, o que j\u00e1 antecipa o n\u00edvel da vibra\u00e7\u00e3o do show. Outro [&hellip;]\" \/>\n<meta property=\"og:url\" content=\"https:\/\/portalmf.com.br\/index.php\/2023\/01\/03\/ivete-sangalo-e-armandinho-macedo-sao-convidados-de-luiz-caldas-na-concha-acustica\/\" \/>\n<meta property=\"og:site_name\" content=\"Portal MF\" \/>\n<meta property=\"article:author\" content=\"https:\/\/www.facebook.com\/portalmfoficial\" \/>\n<meta property=\"article:published_time\" content=\"2023-01-03T19:21:00+00:00\" \/>\n<meta property=\"article:modified_time\" content=\"2023-01-03T20:26:30+00:00\" \/>\n<meta property=\"og:image\" content=\"https:\/\/portalmf.com.br\/wp-content\/uploads\/2023\/01\/whatsapp-image-2019-08-25-at-02.29.41.jpg\" \/>\n\t<meta property=\"og:image:width\" content=\"1008\" \/>\n\t<meta property=\"og:image:height\" content=\"672\" \/>\n\t<meta property=\"og:image:type\" content=\"image\/jpeg\" \/>\n<meta name=\"author\" content=\"Reda\u00e7\u00e3o Portal MF\" \/>\n<meta name=\"twitter:card\" content=\"summary_large_image\" \/>\n<meta name=\"twitter:creator\" content=\"@https:\/\/x.com\/portalmfoficial\" \/>\n<meta name=\"twitter:label1\" content=\"Escrito por\" \/>\n\t<meta name=\"twitter:data1\" content=\"Reda\u00e7\u00e3o Portal MF\" \/>\n\t<meta name=\"twitter:label2\" content=\"Est. tempo de leitura\" \/>\n\t<meta name=\"twitter:data2\" content=\"4 minutos\" \/>\n<script type=\"application\/ld+json\" class=\"yoast-schema-graph\">{\"@context\":\"https:\/\/schema.org\",\"@graph\":[{\"@type\":\"WebPage\",\"@id\":\"https:\/\/portalmf.com.br\/index.php\/2023\/01\/03\/ivete-sangalo-e-armandinho-macedo-sao-convidados-de-luiz-caldas-na-concha-acustica\/\",\"url\":\"https:\/\/portalmf.com.br\/index.php\/2023\/01\/03\/ivete-sangalo-e-armandinho-macedo-sao-convidados-de-luiz-caldas-na-concha-acustica\/\",\"name\":\"Ivete Sangalo e Armandinho Macedo s\u00e3o convidados de Luiz Caldas na Concha Ac\u00fastica - Portal MF\",\"isPartOf\":{\"@id\":\"https:\/\/portalmf.com.br\/#website\"},\"primaryImageOfPage\":{\"@id\":\"https:\/\/portalmf.com.br\/index.php\/2023\/01\/03\/ivete-sangalo-e-armandinho-macedo-sao-convidados-de-luiz-caldas-na-concha-acustica\/#primaryimage\"},\"image\":{\"@id\":\"https:\/\/portalmf.com.br\/index.php\/2023\/01\/03\/ivete-sangalo-e-armandinho-macedo-sao-convidados-de-luiz-caldas-na-concha-acustica\/#primaryimage\"},\"thumbnailUrl\":\"https:\/\/portalmf.com.br\/wp-content\/uploads\/2023\/01\/whatsapp-image-2019-08-25-at-02.29.41.jpg\",\"datePublished\":\"2023-01-03T19:21:00+00:00\",\"dateModified\":\"2023-01-03T20:26:30+00:00\",\"author\":{\"@id\":\"https:\/\/portalmf.com.br\/#\/schema\/person\/9ec101baf56233e53520c26de5d6f6f0\"},\"breadcrumb\":{\"@id\":\"https:\/\/portalmf.com.br\/index.php\/2023\/01\/03\/ivete-sangalo-e-armandinho-macedo-sao-convidados-de-luiz-caldas-na-concha-acustica\/#breadcrumb\"},\"inLanguage\":\"pt-BR\",\"potentialAction\":[{\"@type\":\"ReadAction\",\"target\":[\"https:\/\/portalmf.com.br\/index.php\/2023\/01\/03\/ivete-sangalo-e-armandinho-macedo-sao-convidados-de-luiz-caldas-na-concha-acustica\/\"]}]},{\"@type\":\"ImageObject\",\"inLanguage\":\"pt-BR\",\"@id\":\"https:\/\/portalmf.com.br\/index.php\/2023\/01\/03\/ivete-sangalo-e-armandinho-macedo-sao-convidados-de-luiz-caldas-na-concha-acustica\/#primaryimage\",\"url\":\"https:\/\/portalmf.com.br\/wp-content\/uploads\/2023\/01\/whatsapp-image-2019-08-25-at-02.29.41.jpg\",\"contentUrl\":\"https:\/\/portalmf.com.br\/wp-content\/uploads\/2023\/01\/whatsapp-image-2019-08-25-at-02.29.41.jpg\",\"width\":1008,\"height\":672,\"caption\":\"Foto: La\u00e9cio Lacerda\"},{\"@type\":\"BreadcrumbList\",\"@id\":\"https:\/\/portalmf.com.br\/index.php\/2023\/01\/03\/ivete-sangalo-e-armandinho-macedo-sao-convidados-de-luiz-caldas-na-concha-acustica\/#breadcrumb\",\"itemListElement\":[{\"@type\":\"ListItem\",\"position\":1,\"name\":\"In\u00edcio\",\"item\":\"https:\/\/portalmf.com.br\/\"},{\"@type\":\"ListItem\",\"position\":2,\"name\":\"Ivete Sangalo e Armandinho Macedo s\u00e3o convidados de Luiz Caldas na Concha Ac\u00fastica\"}]},{\"@type\":\"WebSite\",\"@id\":\"https:\/\/portalmf.com.br\/#website\",\"url\":\"https:\/\/portalmf.com.br\/\",\"name\":\"Portal MF\",\"description\":\"Voc\u00ea conectado com a informa\u00e7\u00e3o\",\"potentialAction\":[{\"@type\":\"SearchAction\",\"target\":{\"@type\":\"EntryPoint\",\"urlTemplate\":\"https:\/\/portalmf.com.br\/?s={search_term_string}\"},\"query-input\":\"required name=search_term_string\"}],\"inLanguage\":\"pt-BR\"},{\"@type\":\"Person\",\"@id\":\"https:\/\/portalmf.com.br\/#\/schema\/person\/9ec101baf56233e53520c26de5d6f6f0\",\"name\":\"Reda\u00e7\u00e3o Portal MF\",\"image\":{\"@type\":\"ImageObject\",\"inLanguage\":\"pt-BR\",\"@id\":\"https:\/\/portalmf.com.br\/#\/schema\/person\/image\/\",\"url\":\"https:\/\/secure.gravatar.com\/avatar\/41b9aaeb2100835f7c64362330f74c7f?s=96&d=mm&r=g\",\"contentUrl\":\"https:\/\/secure.gravatar.com\/avatar\/41b9aaeb2100835f7c64362330f74c7f?s=96&d=mm&r=g\",\"caption\":\"Reda\u00e7\u00e3o Portal MF\"},\"description\":\"Sejam bem-vindos o portal de informa\u00e7\u00f5es de entretenimento de Feira de Santana, desde 2006 realiza coberturas dos principais eventos com entrevistas exclusivas com as principais personalidades mundiais. Fique conectado tamb\u00e9m nas redes sociais.\",\"sameAs\":[\"http:\/\/www.portalmf.com.br\/\",\"https:\/\/www.facebook.com\/portalmfoficial\",\"https:\/\/www.instagram.com\/portalmf\/\",\"https:\/\/x.com\/https:\/\/x.com\/portalmfoficial\",\"https:\/\/www.youtube.com\/@portalmfoficial\"],\"url\":\"https:\/\/portalmf.com.br\/index.php\/author\/junior\/\"}]}<\/script>\n<!-- \/ Yoast SEO plugin. -->","yoast_head_json":{"title":"Ivete Sangalo e Armandinho Macedo s\u00e3o convidados de Luiz Caldas na Concha Ac\u00fastica - Portal MF","robots":{"index":"index","follow":"follow","max-snippet":"max-snippet:-1","max-image-preview":"max-image-preview:large","max-video-preview":"max-video-preview:-1"},"canonical":"https:\/\/portalmf.com.br\/index.php\/2023\/01\/03\/ivete-sangalo-e-armandinho-macedo-sao-convidados-de-luiz-caldas-na-concha-acustica\/","og_locale":"pt_BR","og_type":"article","og_title":"Ivete Sangalo e Armandinho Macedo s\u00e3o convidados de Luiz Caldas na Concha Ac\u00fastica - Portal MF","og_description":"O artista baiano Luiz Caldas mandou avisar que vai rolar a festa na Concha Ac\u00fastica do TCA no dia 19 de janeiro. Os convidados confirmados j\u00e1 sinalizam que a noite ser\u00e1 dessas de entrar para hist\u00f3ria. A cantora baiana Ivete Sangalo \u00e9 um deles, o que j\u00e1 antecipa o n\u00edvel da vibra\u00e7\u00e3o do show. Outro [&hellip;]","og_url":"https:\/\/portalmf.com.br\/index.php\/2023\/01\/03\/ivete-sangalo-e-armandinho-macedo-sao-convidados-de-luiz-caldas-na-concha-acustica\/","og_site_name":"Portal MF","article_author":"https:\/\/www.facebook.com\/portalmfoficial","article_published_time":"2023-01-03T19:21:00+00:00","article_modified_time":"2023-01-03T20:26:30+00:00","og_image":[{"width":1008,"height":672,"url":"https:\/\/portalmf.com.br\/wp-content\/uploads\/2023\/01\/whatsapp-image-2019-08-25-at-02.29.41.jpg","type":"image\/jpeg"}],"author":"Reda\u00e7\u00e3o Portal MF","twitter_card":"summary_large_image","twitter_creator":"@https:\/\/x.com\/portalmfoficial","twitter_misc":{"Escrito por":"Reda\u00e7\u00e3o Portal MF","Est. tempo de leitura":"4 minutos"},"schema":{"@context":"https:\/\/schema.org","@graph":[{"@type":"WebPage","@id":"https:\/\/portalmf.com.br\/index.php\/2023\/01\/03\/ivete-sangalo-e-armandinho-macedo-sao-convidados-de-luiz-caldas-na-concha-acustica\/","url":"https:\/\/portalmf.com.br\/index.php\/2023\/01\/03\/ivete-sangalo-e-armandinho-macedo-sao-convidados-de-luiz-caldas-na-concha-acustica\/","name":"Ivete Sangalo e Armandinho Macedo s\u00e3o convidados de Luiz Caldas na Concha Ac\u00fastica - Portal MF","isPartOf":{"@id":"https:\/\/portalmf.com.br\/#website"},"primaryImageOfPage":{"@id":"https:\/\/portalmf.com.br\/index.php\/2023\/01\/03\/ivete-sangalo-e-armandinho-macedo-sao-convidados-de-luiz-caldas-na-concha-acustica\/#primaryimage"},"image":{"@id":"https:\/\/portalmf.com.br\/index.php\/2023\/01\/03\/ivete-sangalo-e-armandinho-macedo-sao-convidados-de-luiz-caldas-na-concha-acustica\/#primaryimage"},"thumbnailUrl":"https:\/\/portalmf.com.br\/wp-content\/uploads\/2023\/01\/whatsapp-image-2019-08-25-at-02.29.41.jpg","datePublished":"2023-01-03T19:21:00+00:00","dateModified":"2023-01-03T20:26:30+00:00","author":{"@id":"https:\/\/portalmf.com.br\/#\/schema\/person\/9ec101baf56233e53520c26de5d6f6f0"},"breadcrumb":{"@id":"https:\/\/portalmf.com.br\/index.php\/2023\/01\/03\/ivete-sangalo-e-armandinho-macedo-sao-convidados-de-luiz-caldas-na-concha-acustica\/#breadcrumb"},"inLanguage":"pt-BR","potentialAction":[{"@type":"ReadAction","target":["https:\/\/portalmf.com.br\/index.php\/2023\/01\/03\/ivete-sangalo-e-armandinho-macedo-sao-convidados-de-luiz-caldas-na-concha-acustica\/"]}]},{"@type":"ImageObject","inLanguage":"pt-BR","@id":"https:\/\/portalmf.com.br\/index.php\/2023\/01\/03\/ivete-sangalo-e-armandinho-macedo-sao-convidados-de-luiz-caldas-na-concha-acustica\/#primaryimage","url":"https:\/\/portalmf.com.br\/wp-content\/uploads\/2023\/01\/whatsapp-image-2019-08-25-at-02.29.41.jpg","contentUrl":"https:\/\/portalmf.com.br\/wp-content\/uploads\/2023\/01\/whatsapp-image-2019-08-25-at-02.29.41.jpg","width":1008,"height":672,"caption":"Foto: La\u00e9cio Lacerda"},{"@type":"BreadcrumbList","@id":"https:\/\/portalmf.com.br\/index.php\/2023\/01\/03\/ivete-sangalo-e-armandinho-macedo-sao-convidados-de-luiz-caldas-na-concha-acustica\/#breadcrumb","itemListElement":[{"@type":"ListItem","position":1,"name":"In\u00edcio","item":"https:\/\/portalmf.com.br\/"},{"@type":"ListItem","position":2,"name":"Ivete Sangalo e Armandinho Macedo s\u00e3o convidados de Luiz Caldas na Concha Ac\u00fastica"}]},{"@type":"WebSite","@id":"https:\/\/portalmf.com.br\/#website","url":"https:\/\/portalmf.com.br\/","name":"Portal MF","description":"Voc\u00ea conectado com a informa\u00e7\u00e3o","potentialAction":[{"@type":"SearchAction","target":{"@type":"EntryPoint","urlTemplate":"https:\/\/portalmf.com.br\/?s={search_term_string}"},"query-input":"required name=search_term_string"}],"inLanguage":"pt-BR"},{"@type":"Person","@id":"https:\/\/portalmf.com.br\/#\/schema\/person\/9ec101baf56233e53520c26de5d6f6f0","name":"Reda\u00e7\u00e3o Portal MF","image":{"@type":"ImageObject","inLanguage":"pt-BR","@id":"https:\/\/portalmf.com.br\/#\/schema\/person\/image\/","url":"https:\/\/secure.gravatar.com\/avatar\/41b9aaeb2100835f7c64362330f74c7f?s=96&d=mm&r=g","contentUrl":"https:\/\/secure.gravatar.com\/avatar\/41b9aaeb2100835f7c64362330f74c7f?s=96&d=mm&r=g","caption":"Reda\u00e7\u00e3o Portal MF"},"description":"Sejam bem-vindos o portal de informa\u00e7\u00f5es de entretenimento de Feira de Santana, desde 2006 realiza coberturas dos principais eventos com entrevistas exclusivas com as principais personalidades mundiais. Fique conectado tamb\u00e9m nas redes sociais.","sameAs":["http:\/\/www.portalmf.com.br\/","https:\/\/www.facebook.com\/portalmfoficial","https:\/\/www.instagram.com\/portalmf\/","https:\/\/x.com\/https:\/\/x.com\/portalmfoficial","https:\/\/www.youtube.com\/@portalmfoficial"],"url":"https:\/\/portalmf.com.br\/index.php\/author\/junior\/"}]}},"_links":{"self":[{"href":"https:\/\/portalmf.com.br\/index.php\/wp-json\/wp\/v2\/posts\/7539"}],"collection":[{"href":"https:\/\/portalmf.com.br\/index.php\/wp-json\/wp\/v2\/posts"}],"about":[{"href":"https:\/\/portalmf.com.br\/index.php\/wp-json\/wp\/v2\/types\/post"}],"author":[{"embeddable":true,"href":"https:\/\/portalmf.com.br\/index.php\/wp-json\/wp\/v2\/users\/3"}],"replies":[{"embeddable":true,"href":"https:\/\/portalmf.com.br\/index.php\/wp-json\/wp\/v2\/comments?post=7539"}],"version-history":[{"count":1,"href":"https:\/\/portalmf.com.br\/index.php\/wp-json\/wp\/v2\/posts\/7539\/revisions"}],"predecessor-version":[{"id":7541,"href":"https:\/\/portalmf.com.br\/index.php\/wp-json\/wp\/v2\/posts\/7539\/revisions\/7541"}],"wp:featuredmedia":[{"embeddable":true,"href":"https:\/\/portalmf.com.br\/index.php\/wp-json\/wp\/v2\/media\/7540"}],"wp:attachment":[{"href":"https:\/\/portalmf.com.br\/index.php\/wp-json\/wp\/v2\/media?parent=7539"}],"wp:term":[{"taxonomy":"category","embeddable":true,"href":"https:\/\/portalmf.com.br\/index.php\/wp-json\/wp\/v2\/categories?post=7539"},{"taxonomy":"post_tag","embeddable":true,"href":"https:\/\/portalmf.com.br\/index.php\/wp-json\/wp\/v2\/tags?post=7539"}],"curies":[{"name":"wp","href":"https:\/\/api.w.org\/{rel}","templated":true}]}}