{"id":7536,"date":"2023-01-03T16:18:00","date_gmt":"2023-01-03T19:18:00","guid":{"rendered":"https:\/\/portalmf.com.br\/?p=7536"},"modified":"2023-01-03T17:20:07","modified_gmt":"2023-01-03T20:20:07","slug":"secretaria-da-saude-toma-posse-e-destaca-necessidade-de-seguir-avancando-no-fortalecimento-do-sus","status":"publish","type":"post","link":"https:\/\/portalmf.com.br\/index.php\/2023\/01\/03\/secretaria-da-saude-toma-posse-e-destaca-necessidade-de-seguir-avancando-no-fortalecimento-do-sus\/","title":{"rendered":"Secret\u00e1ria da Sa\u00fade toma posse e destaca necessidade de seguir avan\u00e7ando no fortalecimento do SUS"},"content":{"rendered":"\n<p>Nova secret\u00e1ria da Sa\u00fade do Estado da Bahia (Sesab), Roberta Santana, tomou posse na manh\u00e3 desta ter\u00e7a-feira (3) e destacou as principais iniciativas da gest\u00e3o, que ter\u00e1 como foco o avan\u00e7o nas a\u00e7\u00f5es de fortalecimento do Sistema \u00danico de Sa\u00fade (SUS) e da pol\u00edtica de vacina\u00e7\u00e3o.&nbsp;<\/p>\n\n\n\n<p>Graduada em Administra\u00e7\u00e3o pela Universidade Estadual de Feira de Santana (UEFS) e mestre em Administra\u00e7\u00e3o Estrat\u00e9gica (UNIFACS-2009), Roberta Santana se especializou na \u00e1rea de Administra\u00e7\u00e3o P\u00fablica, com \u00eanfase em Planejamento e Gest\u00e3o Estrat\u00e9gica e ocupa fun\u00e7\u00f5es estrat\u00e9gicas de gest\u00e3o no Governo do Estado desde 2007.<\/p>\n\n\n\n<p><em>&#8220;N\u00f3s temos v\u00e1rios desafios \u00e0 frente da Sa\u00fade. A Bahia tem mais de 6 milh\u00f5es pessoas com doses da vacina\u00e7\u00e3o Covid em atraso e precisamos refor\u00e7ar essa vacina\u00e7\u00e3o. Aliado a isso, tamb\u00e9m temos a redefini\u00e7\u00e3o de protocolos para ampliar o acesso da popula\u00e7\u00e3o aos servi\u00e7os de sa\u00fade. Estamos trabalhando em um conjunto de a\u00e7\u00f5es de fortalecimento da aten\u00e7\u00e3o b\u00e1sica e de regionaliza\u00e7\u00e3o da sa\u00fade junto aos munic\u00edpios, para que a gente facilite o acesso da popula\u00e7\u00e3o aos primeiros servi\u00e7os de sa\u00fade. Isso evita que a gente leve o paciente para alta complexidade, o que trava a regula\u00e7\u00e3o. Com tudo isso, a gente visa diminuir o tempo de espera e reduzir o tempo de perman\u00eancia dos pacientes nas unidades&#8221;<\/em>, explicou.<\/p>\n\n\n\n<p>Roberta destacou ainda os esfor\u00e7os do Governo do Estado para garantir investimentos na sa\u00fade nos \u00faltimos 16 anos. &#8220;Desde 2007, inauguramos 22 novos hospitais, ampliando as vagas de atendimento de alta complexidade em todas as regi\u00f5es da Bahia. Somente na \u00e1rea da assist\u00eancia materno infantil, a Bahia ganhou cinco novas maternidades inauguradas nos \u00faltimos anos. Al\u00e9m do Hospital Ortop\u00e9dico e do Costa das Baleias, que est\u00e3o em fase de conclus\u00e3o, entregaremos ainda mais cinco Policl\u00ednicas Regionais de Sa\u00fade e Hospitais Regionais em diversas \u00e1reas da Bahia, al\u00e9m de outras interven\u00e7\u00f5es. \u00c9 dessa forma que vamos seguir trabalhando para levar sa\u00fade de qualidade para baianos e baianas em todas as regi\u00f5es do estado&#8221;, concluiu.<\/p>\n\n\n\n<p><strong>Trajet\u00f3ria<\/strong><\/p>\n\n\n\n<p>Ao longo de sua trajet\u00f3ria como servidora p\u00fablica, Roberta foi assessora de planejamento e gest\u00e3o da Embasa e da Companhia de Engenharia Ambiental da Bahia (CERB); diretora-geral da Secretaria Estadual de Desenvolvimento Urbano (Sedur); coordenadora da presid\u00eancia da Companhia de Desenvolvimento Urbano do Estado da Bahia (Conder); diretora-geral da Secretaria Estadual da Educa\u00e7\u00e3o (SEC) na gest\u00e3o do ent\u00e3o secret\u00e1rio Jer\u00f4nimo Rodrigues; e, por fim, diretora-geral da Sesab, cargo que exerceu antes de assumir a Chefia de Gabinete da pasta, em 2021.Em sua atua\u00e7\u00e3o na Sesab, Roberta Santana conduziu a Diretoria-geral no enfrentamento da pandemia causada pela Covid-19, atuando na reorganiza\u00e7\u00e3o da rede de assist\u00eancia \u00e0 sa\u00fade, com a implanta\u00e7\u00e3o de estrutura e refor\u00e7o nas unidades hospitalares para assegurar o atendimento \u00e0 popula\u00e7\u00e3o. Foi tamb\u00e9m membro do Grupo de Trabalho de Transi\u00e7\u00e3o Governamental no final de 2022, exercendo papel importante na elabora\u00e7\u00e3o da proposta de reforma administrativa do Governo do Estado, ent\u00e3o aprovada pela Assembleia Legislativa da Bahia.<\/p>\n","protected":false},"excerpt":{"rendered":"<p>Nova secret\u00e1ria da Sa\u00fade do Estado da Bahia (Sesab), Roberta Santana, tomou posse na manh\u00e3 desta ter\u00e7a-feira (3) e destacou as principais iniciativas da gest\u00e3o, que ter\u00e1 como foco o avan\u00e7o nas a\u00e7\u00f5es de fortalecimento do Sistema \u00danico de Sa\u00fade (SUS) e da pol\u00edtica de vacina\u00e7\u00e3o.&nbsp; Graduada em Administra\u00e7\u00e3o pela Universidade Estadual de Feira de [&hellip;]<\/p>\n","protected":false},"author":3,"featured_media":7537,"comment_status":"open","ping_status":"open","sticky":false,"template":"","format":"standard","meta":{"_monsterinsights_skip_tracking":false,"_monsterinsights_sitenote_active":false,"_monsterinsights_sitenote_note":"","_monsterinsights_sitenote_category":0,"footnotes":""},"categories":[34],"tags":[],"yoast_head":"<!-- This site is optimized with the Yoast SEO plugin v22.9 - https:\/\/yoast.com\/wordpress\/plugins\/seo\/ -->\n<title>Secret\u00e1ria da Sa\u00fade toma posse e destaca necessidade de seguir avan\u00e7ando no fortalecimento do SUS - Portal MF<\/title>\n<meta name=\"robots\" content=\"index, follow, max-snippet:-1, max-image-preview:large, max-video-preview:-1\" \/>\n<link rel=\"canonical\" href=\"https:\/\/portalmf.com.br\/index.php\/2023\/01\/03\/secretaria-da-saude-toma-posse-e-destaca-necessidade-de-seguir-avancando-no-fortalecimento-do-sus\/\" \/>\n<meta property=\"og:locale\" content=\"pt_BR\" \/>\n<meta property=\"og:type\" content=\"article\" \/>\n<meta property=\"og:title\" content=\"Secret\u00e1ria da Sa\u00fade toma posse e destaca necessidade de seguir avan\u00e7ando no fortalecimento do SUS - Portal MF\" \/>\n<meta property=\"og:description\" content=\"Nova secret\u00e1ria da Sa\u00fade do Estado da Bahia (Sesab), Roberta Santana, tomou posse na manh\u00e3 desta ter\u00e7a-feira (3) e destacou as principais iniciativas da gest\u00e3o, que ter\u00e1 como foco o avan\u00e7o nas a\u00e7\u00f5es de fortalecimento do Sistema \u00danico de Sa\u00fade (SUS) e da pol\u00edtica de vacina\u00e7\u00e3o.&nbsp; Graduada em Administra\u00e7\u00e3o pela Universidade Estadual de Feira de [&hellip;]\" \/>\n<meta property=\"og:url\" content=\"https:\/\/portalmf.com.br\/index.php\/2023\/01\/03\/secretaria-da-saude-toma-posse-e-destaca-necessidade-de-seguir-avancando-no-fortalecimento-do-sus\/\" \/>\n<meta property=\"og:site_name\" content=\"Portal MF\" \/>\n<meta property=\"article:author\" content=\"https:\/\/www.facebook.com\/portalmfoficial\" \/>\n<meta property=\"article:published_time\" content=\"2023-01-03T19:18:00+00:00\" \/>\n<meta property=\"article:modified_time\" content=\"2023-01-03T20:20:07+00:00\" \/>\n<meta property=\"og:image\" content=\"https:\/\/portalmf.com.br\/wp-content\/uploads\/2023\/01\/Nova-secretaria-da-Saude-do-Estado-da-Bahia-Sesab-Roberta-Santan.jpeg\" \/>\n\t<meta property=\"og:image:width\" content=\"1024\" \/>\n\t<meta property=\"og:image:height\" content=\"687\" \/>\n\t<meta property=\"og:image:type\" content=\"image\/jpeg\" \/>\n<meta name=\"author\" content=\"Reda\u00e7\u00e3o Portal MF\" \/>\n<meta name=\"twitter:card\" content=\"summary_large_image\" \/>\n<meta name=\"twitter:creator\" content=\"@https:\/\/x.com\/portalmfoficial\" \/>\n<meta name=\"twitter:label1\" content=\"Escrito por\" \/>\n\t<meta name=\"twitter:data1\" content=\"Reda\u00e7\u00e3o Portal MF\" \/>\n\t<meta name=\"twitter:label2\" content=\"Est. tempo de leitura\" \/>\n\t<meta name=\"twitter:data2\" content=\"3 minutos\" \/>\n<script type=\"application\/ld+json\" class=\"yoast-schema-graph\">{\"@context\":\"https:\/\/schema.org\",\"@graph\":[{\"@type\":\"WebPage\",\"@id\":\"https:\/\/portalmf.com.br\/index.php\/2023\/01\/03\/secretaria-da-saude-toma-posse-e-destaca-necessidade-de-seguir-avancando-no-fortalecimento-do-sus\/\",\"url\":\"https:\/\/portalmf.com.br\/index.php\/2023\/01\/03\/secretaria-da-saude-toma-posse-e-destaca-necessidade-de-seguir-avancando-no-fortalecimento-do-sus\/\",\"name\":\"Secret\u00e1ria da Sa\u00fade toma posse e destaca necessidade de seguir avan\u00e7ando no fortalecimento do SUS - Portal MF\",\"isPartOf\":{\"@id\":\"https:\/\/portalmf.com.br\/#website\"},\"primaryImageOfPage\":{\"@id\":\"https:\/\/portalmf.com.br\/index.php\/2023\/01\/03\/secretaria-da-saude-toma-posse-e-destaca-necessidade-de-seguir-avancando-no-fortalecimento-do-sus\/#primaryimage\"},\"image\":{\"@id\":\"https:\/\/portalmf.com.br\/index.php\/2023\/01\/03\/secretaria-da-saude-toma-posse-e-destaca-necessidade-de-seguir-avancando-no-fortalecimento-do-sus\/#primaryimage\"},\"thumbnailUrl\":\"https:\/\/portalmf.com.br\/wp-content\/uploads\/2023\/01\/Nova-secretaria-da-Saude-do-Estado-da-Bahia-Sesab-Roberta-Santan.jpeg\",\"datePublished\":\"2023-01-03T19:18:00+00:00\",\"dateModified\":\"2023-01-03T20:20:07+00:00\",\"author\":{\"@id\":\"https:\/\/portalmf.com.br\/#\/schema\/person\/9ec101baf56233e53520c26de5d6f6f0\"},\"breadcrumb\":{\"@id\":\"https:\/\/portalmf.com.br\/index.php\/2023\/01\/03\/secretaria-da-saude-toma-posse-e-destaca-necessidade-de-seguir-avancando-no-fortalecimento-do-sus\/#breadcrumb\"},\"inLanguage\":\"pt-BR\",\"potentialAction\":[{\"@type\":\"ReadAction\",\"target\":[\"https:\/\/portalmf.com.br\/index.php\/2023\/01\/03\/secretaria-da-saude-toma-posse-e-destaca-necessidade-de-seguir-avancando-no-fortalecimento-do-sus\/\"]}]},{\"@type\":\"ImageObject\",\"inLanguage\":\"pt-BR\",\"@id\":\"https:\/\/portalmf.com.br\/index.php\/2023\/01\/03\/secretaria-da-saude-toma-posse-e-destaca-necessidade-de-seguir-avancando-no-fortalecimento-do-sus\/#primaryimage\",\"url\":\"https:\/\/portalmf.com.br\/wp-content\/uploads\/2023\/01\/Nova-secretaria-da-Saude-do-Estado-da-Bahia-Sesab-Roberta-Santan.jpeg\",\"contentUrl\":\"https:\/\/portalmf.com.br\/wp-content\/uploads\/2023\/01\/Nova-secretaria-da-Saude-do-Estado-da-Bahia-Sesab-Roberta-Santan.jpeg\",\"width\":1024,\"height\":687,\"caption\":\"Foto: Manu Dias\/GOVBA\"},{\"@type\":\"BreadcrumbList\",\"@id\":\"https:\/\/portalmf.com.br\/index.php\/2023\/01\/03\/secretaria-da-saude-toma-posse-e-destaca-necessidade-de-seguir-avancando-no-fortalecimento-do-sus\/#breadcrumb\",\"itemListElement\":[{\"@type\":\"ListItem\",\"position\":1,\"name\":\"In\u00edcio\",\"item\":\"https:\/\/portalmf.com.br\/\"},{\"@type\":\"ListItem\",\"position\":2,\"name\":\"Secret\u00e1ria da Sa\u00fade toma posse e destaca necessidade de seguir avan\u00e7ando no fortalecimento do SUS\"}]},{\"@type\":\"WebSite\",\"@id\":\"https:\/\/portalmf.com.br\/#website\",\"url\":\"https:\/\/portalmf.com.br\/\",\"name\":\"Portal MF\",\"description\":\"Voc\u00ea conectado com a informa\u00e7\u00e3o\",\"potentialAction\":[{\"@type\":\"SearchAction\",\"target\":{\"@type\":\"EntryPoint\",\"urlTemplate\":\"https:\/\/portalmf.com.br\/?s={search_term_string}\"},\"query-input\":\"required name=search_term_string\"}],\"inLanguage\":\"pt-BR\"},{\"@type\":\"Person\",\"@id\":\"https:\/\/portalmf.com.br\/#\/schema\/person\/9ec101baf56233e53520c26de5d6f6f0\",\"name\":\"Reda\u00e7\u00e3o Portal MF\",\"image\":{\"@type\":\"ImageObject\",\"inLanguage\":\"pt-BR\",\"@id\":\"https:\/\/portalmf.com.br\/#\/schema\/person\/image\/\",\"url\":\"https:\/\/secure.gravatar.com\/avatar\/41b9aaeb2100835f7c64362330f74c7f?s=96&d=mm&r=g\",\"contentUrl\":\"https:\/\/secure.gravatar.com\/avatar\/41b9aaeb2100835f7c64362330f74c7f?s=96&d=mm&r=g\",\"caption\":\"Reda\u00e7\u00e3o Portal MF\"},\"description\":\"Sejam bem-vindos o portal de informa\u00e7\u00f5es de entretenimento de Feira de Santana, desde 2006 realiza coberturas dos principais eventos com entrevistas exclusivas com as principais personalidades mundiais. Fique conectado tamb\u00e9m nas redes sociais.\",\"sameAs\":[\"http:\/\/www.portalmf.com.br\/\",\"https:\/\/www.facebook.com\/portalmfoficial\",\"https:\/\/www.instagram.com\/portalmf\/\",\"https:\/\/x.com\/https:\/\/x.com\/portalmfoficial\",\"https:\/\/www.youtube.com\/@portalmfoficial\"],\"url\":\"https:\/\/portalmf.com.br\/index.php\/author\/junior\/\"}]}<\/script>\n<!-- \/ Yoast SEO plugin. -->","yoast_head_json":{"title":"Secret\u00e1ria da Sa\u00fade toma posse e destaca necessidade de seguir avan\u00e7ando no fortalecimento do SUS - Portal MF","robots":{"index":"index","follow":"follow","max-snippet":"max-snippet:-1","max-image-preview":"max-image-preview:large","max-video-preview":"max-video-preview:-1"},"canonical":"https:\/\/portalmf.com.br\/index.php\/2023\/01\/03\/secretaria-da-saude-toma-posse-e-destaca-necessidade-de-seguir-avancando-no-fortalecimento-do-sus\/","og_locale":"pt_BR","og_type":"article","og_title":"Secret\u00e1ria da Sa\u00fade toma posse e destaca necessidade de seguir avan\u00e7ando no fortalecimento do SUS - Portal MF","og_description":"Nova secret\u00e1ria da Sa\u00fade do Estado da Bahia (Sesab), Roberta Santana, tomou posse na manh\u00e3 desta ter\u00e7a-feira (3) e destacou as principais iniciativas da gest\u00e3o, que ter\u00e1 como foco o avan\u00e7o nas a\u00e7\u00f5es de fortalecimento do Sistema \u00danico de Sa\u00fade (SUS) e da pol\u00edtica de vacina\u00e7\u00e3o.&nbsp; Graduada em Administra\u00e7\u00e3o pela Universidade Estadual de Feira de [&hellip;]","og_url":"https:\/\/portalmf.com.br\/index.php\/2023\/01\/03\/secretaria-da-saude-toma-posse-e-destaca-necessidade-de-seguir-avancando-no-fortalecimento-do-sus\/","og_site_name":"Portal MF","article_author":"https:\/\/www.facebook.com\/portalmfoficial","article_published_time":"2023-01-03T19:18:00+00:00","article_modified_time":"2023-01-03T20:20:07+00:00","og_image":[{"width":1024,"height":687,"url":"https:\/\/portalmf.com.br\/wp-content\/uploads\/2023\/01\/Nova-secretaria-da-Saude-do-Estado-da-Bahia-Sesab-Roberta-Santan.jpeg","type":"image\/jpeg"}],"author":"Reda\u00e7\u00e3o Portal MF","twitter_card":"summary_large_image","twitter_creator":"@https:\/\/x.com\/portalmfoficial","twitter_misc":{"Escrito por":"Reda\u00e7\u00e3o Portal MF","Est. tempo de leitura":"3 minutos"},"schema":{"@context":"https:\/\/schema.org","@graph":[{"@type":"WebPage","@id":"https:\/\/portalmf.com.br\/index.php\/2023\/01\/03\/secretaria-da-saude-toma-posse-e-destaca-necessidade-de-seguir-avancando-no-fortalecimento-do-sus\/","url":"https:\/\/portalmf.com.br\/index.php\/2023\/01\/03\/secretaria-da-saude-toma-posse-e-destaca-necessidade-de-seguir-avancando-no-fortalecimento-do-sus\/","name":"Secret\u00e1ria da Sa\u00fade toma posse e destaca necessidade de seguir avan\u00e7ando no fortalecimento do SUS - Portal MF","isPartOf":{"@id":"https:\/\/portalmf.com.br\/#website"},"primaryImageOfPage":{"@id":"https:\/\/portalmf.com.br\/index.php\/2023\/01\/03\/secretaria-da-saude-toma-posse-e-destaca-necessidade-de-seguir-avancando-no-fortalecimento-do-sus\/#primaryimage"},"image":{"@id":"https:\/\/portalmf.com.br\/index.php\/2023\/01\/03\/secretaria-da-saude-toma-posse-e-destaca-necessidade-de-seguir-avancando-no-fortalecimento-do-sus\/#primaryimage"},"thumbnailUrl":"https:\/\/portalmf.com.br\/wp-content\/uploads\/2023\/01\/Nova-secretaria-da-Saude-do-Estado-da-Bahia-Sesab-Roberta-Santan.jpeg","datePublished":"2023-01-03T19:18:00+00:00","dateModified":"2023-01-03T20:20:07+00:00","author":{"@id":"https:\/\/portalmf.com.br\/#\/schema\/person\/9ec101baf56233e53520c26de5d6f6f0"},"breadcrumb":{"@id":"https:\/\/portalmf.com.br\/index.php\/2023\/01\/03\/secretaria-da-saude-toma-posse-e-destaca-necessidade-de-seguir-avancando-no-fortalecimento-do-sus\/#breadcrumb"},"inLanguage":"pt-BR","potentialAction":[{"@type":"ReadAction","target":["https:\/\/portalmf.com.br\/index.php\/2023\/01\/03\/secretaria-da-saude-toma-posse-e-destaca-necessidade-de-seguir-avancando-no-fortalecimento-do-sus\/"]}]},{"@type":"ImageObject","inLanguage":"pt-BR","@id":"https:\/\/portalmf.com.br\/index.php\/2023\/01\/03\/secretaria-da-saude-toma-posse-e-destaca-necessidade-de-seguir-avancando-no-fortalecimento-do-sus\/#primaryimage","url":"https:\/\/portalmf.com.br\/wp-content\/uploads\/2023\/01\/Nova-secretaria-da-Saude-do-Estado-da-Bahia-Sesab-Roberta-Santan.jpeg","contentUrl":"https:\/\/portalmf.com.br\/wp-content\/uploads\/2023\/01\/Nova-secretaria-da-Saude-do-Estado-da-Bahia-Sesab-Roberta-Santan.jpeg","width":1024,"height":687,"caption":"Foto: Manu Dias\/GOVBA"},{"@type":"BreadcrumbList","@id":"https:\/\/portalmf.com.br\/index.php\/2023\/01\/03\/secretaria-da-saude-toma-posse-e-destaca-necessidade-de-seguir-avancando-no-fortalecimento-do-sus\/#breadcrumb","itemListElement":[{"@type":"ListItem","position":1,"name":"In\u00edcio","item":"https:\/\/portalmf.com.br\/"},{"@type":"ListItem","position":2,"name":"Secret\u00e1ria da Sa\u00fade toma posse e destaca necessidade de seguir avan\u00e7ando no fortalecimento do SUS"}]},{"@type":"WebSite","@id":"https:\/\/portalmf.com.br\/#website","url":"https:\/\/portalmf.com.br\/","name":"Portal MF","description":"Voc\u00ea conectado com a informa\u00e7\u00e3o","potentialAction":[{"@type":"SearchAction","target":{"@type":"EntryPoint","urlTemplate":"https:\/\/portalmf.com.br\/?s={search_term_string}"},"query-input":"required name=search_term_string"}],"inLanguage":"pt-BR"},{"@type":"Person","@id":"https:\/\/portalmf.com.br\/#\/schema\/person\/9ec101baf56233e53520c26de5d6f6f0","name":"Reda\u00e7\u00e3o Portal MF","image":{"@type":"ImageObject","inLanguage":"pt-BR","@id":"https:\/\/portalmf.com.br\/#\/schema\/person\/image\/","url":"https:\/\/secure.gravatar.com\/avatar\/41b9aaeb2100835f7c64362330f74c7f?s=96&d=mm&r=g","contentUrl":"https:\/\/secure.gravatar.com\/avatar\/41b9aaeb2100835f7c64362330f74c7f?s=96&d=mm&r=g","caption":"Reda\u00e7\u00e3o Portal MF"},"description":"Sejam bem-vindos o portal de informa\u00e7\u00f5es de entretenimento de Feira de Santana, desde 2006 realiza coberturas dos principais eventos com entrevistas exclusivas com as principais personalidades mundiais. Fique conectado tamb\u00e9m nas redes sociais.","sameAs":["http:\/\/www.portalmf.com.br\/","https:\/\/www.facebook.com\/portalmfoficial","https:\/\/www.instagram.com\/portalmf\/","https:\/\/x.com\/https:\/\/x.com\/portalmfoficial","https:\/\/www.youtube.com\/@portalmfoficial"],"url":"https:\/\/portalmf.com.br\/index.php\/author\/junior\/"}]}},"_links":{"self":[{"href":"https:\/\/portalmf.com.br\/index.php\/wp-json\/wp\/v2\/posts\/7536"}],"collection":[{"href":"https:\/\/portalmf.com.br\/index.php\/wp-json\/wp\/v2\/posts"}],"about":[{"href":"https:\/\/portalmf.com.br\/index.php\/wp-json\/wp\/v2\/types\/post"}],"author":[{"embeddable":true,"href":"https:\/\/portalmf.com.br\/index.php\/wp-json\/wp\/v2\/users\/3"}],"replies":[{"embeddable":true,"href":"https:\/\/portalmf.com.br\/index.php\/wp-json\/wp\/v2\/comments?post=7536"}],"version-history":[{"count":1,"href":"https:\/\/portalmf.com.br\/index.php\/wp-json\/wp\/v2\/posts\/7536\/revisions"}],"predecessor-version":[{"id":7538,"href":"https:\/\/portalmf.com.br\/index.php\/wp-json\/wp\/v2\/posts\/7536\/revisions\/7538"}],"wp:featuredmedia":[{"embeddable":true,"href":"https:\/\/portalmf.com.br\/index.php\/wp-json\/wp\/v2\/media\/7537"}],"wp:attachment":[{"href":"https:\/\/portalmf.com.br\/index.php\/wp-json\/wp\/v2\/media?parent=7536"}],"wp:term":[{"taxonomy":"category","embeddable":true,"href":"https:\/\/portalmf.com.br\/index.php\/wp-json\/wp\/v2\/categories?post=7536"},{"taxonomy":"post_tag","embeddable":true,"href":"https:\/\/portalmf.com.br\/index.php\/wp-json\/wp\/v2\/tags?post=7536"}],"curies":[{"name":"wp","href":"https:\/\/api.w.org\/{rel}","templated":true}]}}