{"id":7532,"date":"2023-01-03T17:16:58","date_gmt":"2023-01-03T20:16:58","guid":{"rendered":"https:\/\/portalmf.com.br\/?p=7532"},"modified":"2023-01-06T15:44:41","modified_gmt":"2023-01-06T18:44:41","slug":"baile-da-santinha-divulga-mapa-do-evento-e-imagens-da-superestrutura-do-palco","status":"publish","type":"post","link":"https:\/\/portalmf.com.br\/index.php\/2023\/01\/03\/baile-da-santinha-divulga-mapa-do-evento-e-imagens-da-superestrutura-do-palco\/","title":{"rendered":"Baile da Santinha divulga mapa do evento e imagens da superestrutura do palco"},"content":{"rendered":"\n<p>O Baile da Santinha \u2013 In the Park acaba de divulgar o mapa do evento e mostrar, para o p\u00fablico, a superestrutura do palco, que ir\u00e1 receber grandes nomes da m\u00fasica, al\u00e9m de um show com mais de 3 horas do GG, que vai amanhecer o dia com a galera.<\/p>\n\n\n\n<p>O Baile, que \u00e9 o maior do Brasil, far\u00e1 refer\u00eancia aos dois lados: o celestial e o infernal, proporcionando ao p\u00fablico uma experi\u00eancia \u00fanica, imergindo em diversos ambientes e sensa\u00e7\u00f5es, com espa\u00e7os instagram\u00e1veis e uma superestrutura, proporcionando uma viv\u00eancia que s\u00f3 o Reino do GG tem.<\/p>\n\n\n\n<p>Com tr\u00eas setores diferentes, a arena, a \u00e1rea vip e o backstage, o Reino do Gigante abre suas portas, trazendo o rei L\u00e9o Santana para animar o p\u00fablico. O Baile contar\u00e1 ainda com superestrutura na pra\u00e7a de alimenta\u00e7\u00e3o e dos bares, tudo isso para tornar o Baile ainda mais \u00fanico e especial.<\/p>\n\n\n\n<p>Trazendo para o Wet toda a magia e divers\u00e3o, o Baile da Santinha contar\u00e1 com 3 super shows, os cantores Xand Avi\u00e3o e Luan Santana, al\u00e9m da anima\u00e7\u00e3o do Dj Alok, que vai ferver o Baile com toda a sua batida eletr\u00f4nica.<\/p>\n\n\n\n<p>O projeto do palco foi assinado pela Rodger Stage Design com interven\u00e7\u00f5es de Pedro Caldas e idealiza\u00e7\u00f5es de L\u00e9o Santana. Medindo 66 metros de largura, com 21 de altura, o palco contar\u00e1 com 250 metros de led e mais de 4 toneladas de materiais de \u00faltima gera\u00e7\u00e3o.<\/p>\n\n\n\n<p>O light designer do Baile, Murilo Gon\u00e7alves, assina os efeitos especiais e trar\u00e1 para o Reino do Gigante mais de 400 aparelhos movings light e efeitos com CO2, laser e muitos efeitos pirot\u00e9cnicos.<\/p>\n\n\n\n<p>L\u00e9o n\u00e3o esconde a alegria: \u201c\u00c9 muito massa poder entregar um evento com uma estrutura desse n\u00edvel para o meu p\u00fablico baiano. T\u00f4 preparando um show muito especial e vou chegar cheio de energia, vou meter muita dan\u00e7a e vamos ver o sol nascer juntos!\u201d, comentou o cantor.<\/p>\n\n\n\n<p>E as novidades n\u00e3o param por a\u00ed, o p\u00fablico que for curtir o Baile, ainda poder\u00e1 se divertir e brincar no Park Salvador, que estar\u00e1 aberto exclusivamente para quem estiver na festa.<\/p>\n\n\n\n<figure class=\"wp-block-image size-full\"><img fetchpriority=\"high\" decoding=\"async\" width=\"1024\" height=\"576\" src=\"https:\/\/portalmf.com.br\/wp-content\/uploads\/2023\/01\/Baile-da-Santinha-1.jpg\" alt=\"\" class=\"wp-image-7533\" srcset=\"https:\/\/portalmf.com.br\/wp-content\/uploads\/2023\/01\/Baile-da-Santinha-1.jpg 1024w, https:\/\/portalmf.com.br\/wp-content\/uploads\/2023\/01\/Baile-da-Santinha-1-300x169.jpg 300w, https:\/\/portalmf.com.br\/wp-content\/uploads\/2023\/01\/Baile-da-Santinha-1-768x432.jpg 768w, https:\/\/portalmf.com.br\/wp-content\/uploads\/2023\/01\/Baile-da-Santinha-1-585x329.jpg 585w\" sizes=\"(max-width: 1024px) 100vw, 1024px\" \/><\/figure>\n\n\n\n<p>E a\u00ed, quem voc\u00ea vai ser no Baile da Santinha?<\/p>\n\n\n\n<p>As vendas dos ingressos est\u00e3o dispon\u00edveis na loja do Bora Ticket, no 2\u00ba piso do Shopping da Bahia ou atrav\u00e9s do site&nbsp;<a href=\"http:\/\/www.boratickets.com.br\/\" target=\"_blank\" rel=\"noreferrer noopener\">www.boratickets.com.br<\/a>&nbsp;.<\/p>\n\n\n\n<p><strong>SERVI\u00c7O<\/strong><\/p>\n\n\n\n<p>O que: Baile da Santinha \u2013 In the Park<\/p>\n\n\n\n<p>Onde: Wet Salvador<\/p>\n\n\n\n<p>Quando: 06\/13\/20 de janeiro<\/p>\n\n\n\n<p>Vendas: Loja do Bora Ticket, no 2\u00ba piso do Shopping da Bahia ou atrav\u00e9s do site&nbsp;<a href=\"http:\/\/www.boratickets.com.br\/\" target=\"_blank\" rel=\"noreferrer noopener\">www.boratickets.com.br<\/a><\/p>\n\n\n\n<p>Informa\u00e7\u00f5es: @ssaproducoes @bailedasantinha<\/p>\n","protected":false},"excerpt":{"rendered":"<p>O Baile da Santinha \u2013 In the Park acaba de divulgar o mapa do evento e mostrar, para o p\u00fablico, a superestrutura do palco, que ir\u00e1 receber grandes nomes da m\u00fasica, al\u00e9m de um show com mais de 3 horas do GG, que vai amanhecer o dia com a galera. O Baile, que \u00e9 o [&hellip;]<\/p>\n","protected":false},"author":3,"featured_media":7534,"comment_status":"open","ping_status":"open","sticky":false,"template":"","format":"standard","meta":{"_monsterinsights_skip_tracking":false,"_monsterinsights_sitenote_active":false,"_monsterinsights_sitenote_note":"","_monsterinsights_sitenote_category":0,"footnotes":""},"categories":[45],"tags":[],"yoast_head":"<!-- This site is optimized with the Yoast SEO plugin v22.9 - https:\/\/yoast.com\/wordpress\/plugins\/seo\/ -->\n<title>Baile da Santinha divulga mapa do evento e imagens da superestrutura do palco - Portal MF<\/title>\n<meta name=\"robots\" content=\"index, follow, max-snippet:-1, max-image-preview:large, max-video-preview:-1\" \/>\n<link rel=\"canonical\" href=\"https:\/\/portalmf.com.br\/index.php\/2023\/01\/03\/baile-da-santinha-divulga-mapa-do-evento-e-imagens-da-superestrutura-do-palco\/\" \/>\n<meta property=\"og:locale\" content=\"pt_BR\" \/>\n<meta property=\"og:type\" content=\"article\" \/>\n<meta property=\"og:title\" content=\"Baile da Santinha divulga mapa do evento e imagens da superestrutura do palco - Portal MF\" \/>\n<meta property=\"og:description\" content=\"O Baile da Santinha \u2013 In the Park acaba de divulgar o mapa do evento e mostrar, para o p\u00fablico, a superestrutura do palco, que ir\u00e1 receber grandes nomes da m\u00fasica, al\u00e9m de um show com mais de 3 horas do GG, que vai amanhecer o dia com a galera. O Baile, que \u00e9 o [&hellip;]\" \/>\n<meta property=\"og:url\" content=\"https:\/\/portalmf.com.br\/index.php\/2023\/01\/03\/baile-da-santinha-divulga-mapa-do-evento-e-imagens-da-superestrutura-do-palco\/\" \/>\n<meta property=\"og:site_name\" content=\"Portal MF\" \/>\n<meta property=\"article:author\" content=\"https:\/\/www.facebook.com\/portalmfoficial\" \/>\n<meta property=\"article:published_time\" content=\"2023-01-03T20:16:58+00:00\" \/>\n<meta property=\"article:modified_time\" content=\"2023-01-06T18:44:41+00:00\" \/>\n<meta property=\"og:image\" content=\"https:\/\/portalmf.com.br\/wp-content\/uploads\/2023\/01\/Baile-da-Santinha-3.jpg\" \/>\n\t<meta property=\"og:image:width\" content=\"1600\" \/>\n\t<meta property=\"og:image:height\" content=\"900\" \/>\n\t<meta property=\"og:image:type\" content=\"image\/jpeg\" \/>\n<meta name=\"author\" content=\"Reda\u00e7\u00e3o Portal MF\" \/>\n<meta name=\"twitter:card\" content=\"summary_large_image\" \/>\n<meta name=\"twitter:creator\" content=\"@https:\/\/x.com\/portalmfoficial\" \/>\n<meta name=\"twitter:label1\" content=\"Escrito por\" \/>\n\t<meta name=\"twitter:data1\" content=\"Reda\u00e7\u00e3o Portal MF\" \/>\n\t<meta name=\"twitter:label2\" content=\"Est. tempo de leitura\" \/>\n\t<meta name=\"twitter:data2\" content=\"3 minutos\" \/>\n<script type=\"application\/ld+json\" class=\"yoast-schema-graph\">{\"@context\":\"https:\/\/schema.org\",\"@graph\":[{\"@type\":\"WebPage\",\"@id\":\"https:\/\/portalmf.com.br\/index.php\/2023\/01\/03\/baile-da-santinha-divulga-mapa-do-evento-e-imagens-da-superestrutura-do-palco\/\",\"url\":\"https:\/\/portalmf.com.br\/index.php\/2023\/01\/03\/baile-da-santinha-divulga-mapa-do-evento-e-imagens-da-superestrutura-do-palco\/\",\"name\":\"Baile da Santinha divulga mapa do evento e imagens da superestrutura do palco - Portal MF\",\"isPartOf\":{\"@id\":\"https:\/\/portalmf.com.br\/#website\"},\"primaryImageOfPage\":{\"@id\":\"https:\/\/portalmf.com.br\/index.php\/2023\/01\/03\/baile-da-santinha-divulga-mapa-do-evento-e-imagens-da-superestrutura-do-palco\/#primaryimage\"},\"image\":{\"@id\":\"https:\/\/portalmf.com.br\/index.php\/2023\/01\/03\/baile-da-santinha-divulga-mapa-do-evento-e-imagens-da-superestrutura-do-palco\/#primaryimage\"},\"thumbnailUrl\":\"https:\/\/portalmf.com.br\/wp-content\/uploads\/2023\/01\/Baile-da-Santinha-3.jpg\",\"datePublished\":\"2023-01-03T20:16:58+00:00\",\"dateModified\":\"2023-01-06T18:44:41+00:00\",\"author\":{\"@id\":\"https:\/\/portalmf.com.br\/#\/schema\/person\/9ec101baf56233e53520c26de5d6f6f0\"},\"breadcrumb\":{\"@id\":\"https:\/\/portalmf.com.br\/index.php\/2023\/01\/03\/baile-da-santinha-divulga-mapa-do-evento-e-imagens-da-superestrutura-do-palco\/#breadcrumb\"},\"inLanguage\":\"pt-BR\",\"potentialAction\":[{\"@type\":\"ReadAction\",\"target\":[\"https:\/\/portalmf.com.br\/index.php\/2023\/01\/03\/baile-da-santinha-divulga-mapa-do-evento-e-imagens-da-superestrutura-do-palco\/\"]}]},{\"@type\":\"ImageObject\",\"inLanguage\":\"pt-BR\",\"@id\":\"https:\/\/portalmf.com.br\/index.php\/2023\/01\/03\/baile-da-santinha-divulga-mapa-do-evento-e-imagens-da-superestrutura-do-palco\/#primaryimage\",\"url\":\"https:\/\/portalmf.com.br\/wp-content\/uploads\/2023\/01\/Baile-da-Santinha-3.jpg\",\"contentUrl\":\"https:\/\/portalmf.com.br\/wp-content\/uploads\/2023\/01\/Baile-da-Santinha-3.jpg\",\"width\":1600,\"height\":900},{\"@type\":\"BreadcrumbList\",\"@id\":\"https:\/\/portalmf.com.br\/index.php\/2023\/01\/03\/baile-da-santinha-divulga-mapa-do-evento-e-imagens-da-superestrutura-do-palco\/#breadcrumb\",\"itemListElement\":[{\"@type\":\"ListItem\",\"position\":1,\"name\":\"In\u00edcio\",\"item\":\"https:\/\/portalmf.com.br\/\"},{\"@type\":\"ListItem\",\"position\":2,\"name\":\"Baile da Santinha divulga mapa do evento e imagens da superestrutura do palco\"}]},{\"@type\":\"WebSite\",\"@id\":\"https:\/\/portalmf.com.br\/#website\",\"url\":\"https:\/\/portalmf.com.br\/\",\"name\":\"Portal MF\",\"description\":\"Voc\u00ea conectado com a informa\u00e7\u00e3o\",\"potentialAction\":[{\"@type\":\"SearchAction\",\"target\":{\"@type\":\"EntryPoint\",\"urlTemplate\":\"https:\/\/portalmf.com.br\/?s={search_term_string}\"},\"query-input\":\"required name=search_term_string\"}],\"inLanguage\":\"pt-BR\"},{\"@type\":\"Person\",\"@id\":\"https:\/\/portalmf.com.br\/#\/schema\/person\/9ec101baf56233e53520c26de5d6f6f0\",\"name\":\"Reda\u00e7\u00e3o Portal MF\",\"image\":{\"@type\":\"ImageObject\",\"inLanguage\":\"pt-BR\",\"@id\":\"https:\/\/portalmf.com.br\/#\/schema\/person\/image\/\",\"url\":\"https:\/\/secure.gravatar.com\/avatar\/41b9aaeb2100835f7c64362330f74c7f?s=96&d=mm&r=g\",\"contentUrl\":\"https:\/\/secure.gravatar.com\/avatar\/41b9aaeb2100835f7c64362330f74c7f?s=96&d=mm&r=g\",\"caption\":\"Reda\u00e7\u00e3o Portal MF\"},\"description\":\"Sejam bem-vindos o portal de informa\u00e7\u00f5es de entretenimento de Feira de Santana, desde 2006 realiza coberturas dos principais eventos com entrevistas exclusivas com as principais personalidades mundiais. Fique conectado tamb\u00e9m nas redes sociais.\",\"sameAs\":[\"http:\/\/www.portalmf.com.br\/\",\"https:\/\/www.facebook.com\/portalmfoficial\",\"https:\/\/www.instagram.com\/portalmf\/\",\"https:\/\/x.com\/https:\/\/x.com\/portalmfoficial\",\"https:\/\/www.youtube.com\/@portalmfoficial\"],\"url\":\"https:\/\/portalmf.com.br\/index.php\/author\/junior\/\"}]}<\/script>\n<!-- \/ Yoast SEO plugin. -->","yoast_head_json":{"title":"Baile da Santinha divulga mapa do evento e imagens da superestrutura do palco - Portal MF","robots":{"index":"index","follow":"follow","max-snippet":"max-snippet:-1","max-image-preview":"max-image-preview:large","max-video-preview":"max-video-preview:-1"},"canonical":"https:\/\/portalmf.com.br\/index.php\/2023\/01\/03\/baile-da-santinha-divulga-mapa-do-evento-e-imagens-da-superestrutura-do-palco\/","og_locale":"pt_BR","og_type":"article","og_title":"Baile da Santinha divulga mapa do evento e imagens da superestrutura do palco - Portal MF","og_description":"O Baile da Santinha \u2013 In the Park acaba de divulgar o mapa do evento e mostrar, para o p\u00fablico, a superestrutura do palco, que ir\u00e1 receber grandes nomes da m\u00fasica, al\u00e9m de um show com mais de 3 horas do GG, que vai amanhecer o dia com a galera. O Baile, que \u00e9 o [&hellip;]","og_url":"https:\/\/portalmf.com.br\/index.php\/2023\/01\/03\/baile-da-santinha-divulga-mapa-do-evento-e-imagens-da-superestrutura-do-palco\/","og_site_name":"Portal MF","article_author":"https:\/\/www.facebook.com\/portalmfoficial","article_published_time":"2023-01-03T20:16:58+00:00","article_modified_time":"2023-01-06T18:44:41+00:00","og_image":[{"width":1600,"height":900,"url":"https:\/\/portalmf.com.br\/wp-content\/uploads\/2023\/01\/Baile-da-Santinha-3.jpg","type":"image\/jpeg"}],"author":"Reda\u00e7\u00e3o Portal MF","twitter_card":"summary_large_image","twitter_creator":"@https:\/\/x.com\/portalmfoficial","twitter_misc":{"Escrito por":"Reda\u00e7\u00e3o Portal MF","Est. tempo de leitura":"3 minutos"},"schema":{"@context":"https:\/\/schema.org","@graph":[{"@type":"WebPage","@id":"https:\/\/portalmf.com.br\/index.php\/2023\/01\/03\/baile-da-santinha-divulga-mapa-do-evento-e-imagens-da-superestrutura-do-palco\/","url":"https:\/\/portalmf.com.br\/index.php\/2023\/01\/03\/baile-da-santinha-divulga-mapa-do-evento-e-imagens-da-superestrutura-do-palco\/","name":"Baile da Santinha divulga mapa do evento e imagens da superestrutura do palco - Portal MF","isPartOf":{"@id":"https:\/\/portalmf.com.br\/#website"},"primaryImageOfPage":{"@id":"https:\/\/portalmf.com.br\/index.php\/2023\/01\/03\/baile-da-santinha-divulga-mapa-do-evento-e-imagens-da-superestrutura-do-palco\/#primaryimage"},"image":{"@id":"https:\/\/portalmf.com.br\/index.php\/2023\/01\/03\/baile-da-santinha-divulga-mapa-do-evento-e-imagens-da-superestrutura-do-palco\/#primaryimage"},"thumbnailUrl":"https:\/\/portalmf.com.br\/wp-content\/uploads\/2023\/01\/Baile-da-Santinha-3.jpg","datePublished":"2023-01-03T20:16:58+00:00","dateModified":"2023-01-06T18:44:41+00:00","author":{"@id":"https:\/\/portalmf.com.br\/#\/schema\/person\/9ec101baf56233e53520c26de5d6f6f0"},"breadcrumb":{"@id":"https:\/\/portalmf.com.br\/index.php\/2023\/01\/03\/baile-da-santinha-divulga-mapa-do-evento-e-imagens-da-superestrutura-do-palco\/#breadcrumb"},"inLanguage":"pt-BR","potentialAction":[{"@type":"ReadAction","target":["https:\/\/portalmf.com.br\/index.php\/2023\/01\/03\/baile-da-santinha-divulga-mapa-do-evento-e-imagens-da-superestrutura-do-palco\/"]}]},{"@type":"ImageObject","inLanguage":"pt-BR","@id":"https:\/\/portalmf.com.br\/index.php\/2023\/01\/03\/baile-da-santinha-divulga-mapa-do-evento-e-imagens-da-superestrutura-do-palco\/#primaryimage","url":"https:\/\/portalmf.com.br\/wp-content\/uploads\/2023\/01\/Baile-da-Santinha-3.jpg","contentUrl":"https:\/\/portalmf.com.br\/wp-content\/uploads\/2023\/01\/Baile-da-Santinha-3.jpg","width":1600,"height":900},{"@type":"BreadcrumbList","@id":"https:\/\/portalmf.com.br\/index.php\/2023\/01\/03\/baile-da-santinha-divulga-mapa-do-evento-e-imagens-da-superestrutura-do-palco\/#breadcrumb","itemListElement":[{"@type":"ListItem","position":1,"name":"In\u00edcio","item":"https:\/\/portalmf.com.br\/"},{"@type":"ListItem","position":2,"name":"Baile da Santinha divulga mapa do evento e imagens da superestrutura do palco"}]},{"@type":"WebSite","@id":"https:\/\/portalmf.com.br\/#website","url":"https:\/\/portalmf.com.br\/","name":"Portal MF","description":"Voc\u00ea conectado com a informa\u00e7\u00e3o","potentialAction":[{"@type":"SearchAction","target":{"@type":"EntryPoint","urlTemplate":"https:\/\/portalmf.com.br\/?s={search_term_string}"},"query-input":"required name=search_term_string"}],"inLanguage":"pt-BR"},{"@type":"Person","@id":"https:\/\/portalmf.com.br\/#\/schema\/person\/9ec101baf56233e53520c26de5d6f6f0","name":"Reda\u00e7\u00e3o Portal MF","image":{"@type":"ImageObject","inLanguage":"pt-BR","@id":"https:\/\/portalmf.com.br\/#\/schema\/person\/image\/","url":"https:\/\/secure.gravatar.com\/avatar\/41b9aaeb2100835f7c64362330f74c7f?s=96&d=mm&r=g","contentUrl":"https:\/\/secure.gravatar.com\/avatar\/41b9aaeb2100835f7c64362330f74c7f?s=96&d=mm&r=g","caption":"Reda\u00e7\u00e3o Portal MF"},"description":"Sejam bem-vindos o portal de informa\u00e7\u00f5es de entretenimento de Feira de Santana, desde 2006 realiza coberturas dos principais eventos com entrevistas exclusivas com as principais personalidades mundiais. Fique conectado tamb\u00e9m nas redes sociais.","sameAs":["http:\/\/www.portalmf.com.br\/","https:\/\/www.facebook.com\/portalmfoficial","https:\/\/www.instagram.com\/portalmf\/","https:\/\/x.com\/https:\/\/x.com\/portalmfoficial","https:\/\/www.youtube.com\/@portalmfoficial"],"url":"https:\/\/portalmf.com.br\/index.php\/author\/junior\/"}]}},"_links":{"self":[{"href":"https:\/\/portalmf.com.br\/index.php\/wp-json\/wp\/v2\/posts\/7532"}],"collection":[{"href":"https:\/\/portalmf.com.br\/index.php\/wp-json\/wp\/v2\/posts"}],"about":[{"href":"https:\/\/portalmf.com.br\/index.php\/wp-json\/wp\/v2\/types\/post"}],"author":[{"embeddable":true,"href":"https:\/\/portalmf.com.br\/index.php\/wp-json\/wp\/v2\/users\/3"}],"replies":[{"embeddable":true,"href":"https:\/\/portalmf.com.br\/index.php\/wp-json\/wp\/v2\/comments?post=7532"}],"version-history":[{"count":1,"href":"https:\/\/portalmf.com.br\/index.php\/wp-json\/wp\/v2\/posts\/7532\/revisions"}],"predecessor-version":[{"id":7535,"href":"https:\/\/portalmf.com.br\/index.php\/wp-json\/wp\/v2\/posts\/7532\/revisions\/7535"}],"wp:featuredmedia":[{"embeddable":true,"href":"https:\/\/portalmf.com.br\/index.php\/wp-json\/wp\/v2\/media\/7534"}],"wp:attachment":[{"href":"https:\/\/portalmf.com.br\/index.php\/wp-json\/wp\/v2\/media?parent=7532"}],"wp:term":[{"taxonomy":"category","embeddable":true,"href":"https:\/\/portalmf.com.br\/index.php\/wp-json\/wp\/v2\/categories?post=7532"},{"taxonomy":"post_tag","embeddable":true,"href":"https:\/\/portalmf.com.br\/index.php\/wp-json\/wp\/v2\/tags?post=7532"}],"curies":[{"name":"wp","href":"https:\/\/api.w.org\/{rel}","templated":true}]}}