{"id":7522,"date":"2023-01-03T10:58:00","date_gmt":"2023-01-03T13:58:00","guid":{"rendered":"https:\/\/portalmf.com.br\/?p=7522"},"modified":"2023-01-03T17:01:35","modified_gmt":"2023-01-03T20:01:35","slug":"lula-vai-a-velorio-de-pele-em-santos-e-presta-homenagem","status":"publish","type":"post","link":"https:\/\/portalmf.com.br\/index.php\/2023\/01\/03\/lula-vai-a-velorio-de-pele-em-santos-e-presta-homenagem\/","title":{"rendered":"Lula vai a vel\u00f3rio de Pel\u00e9 em Santos e presta homenagem"},"content":{"rendered":"\n<p>O presidente Luiz In\u00e1cio Lula da Silva foi a Santos (SP) na manh\u00e3 desta ter\u00e7a-feira (3) para o vel\u00f3rio de Edson Arantes do Nascimento, o Pel\u00e9, na Vila Belmiro. Lula pousou de helic\u00f3ptero no est\u00e1dio Ulrico Mursa, da Portuguesa Santista, por volta das 8h50, e se encaminhou para o local das homenagens ao Rei do Futebol, morto na \u00faltima quinta-feira.&nbsp;<\/p>\n\n\n\n<p>Lula estava acompanhado da primeira-dama Janja Silva e de outras autoridades. Com a chegada do presidente, o acesso aos f\u00e3s foi fechado para que Lula pudesse prestar sua homenagem.\u00a0<\/p>\n\n\n\n<p>Por cerca de meia-hora, o presidente acompanhou cerim\u00f4nia religiosa, que come\u00e7ou por volta das 9h10, com os padres Javier, da Par\u00f3quia do Carmo, Diocese de Santos, e Toninho, do Santu\u00e1rio S\u00e3o Judas.&nbsp;<\/p>\n\n\n\n<p>Durante a cerim\u00f4nia, ao lado de Lula, Padre Javier disse que Pel\u00e9 fez aula com ele, e que tentou convenc\u00ea-lo de entrar na Igreja. O p\u00e1roco colocou um ter\u00e7o no caix\u00e3o do Pel\u00e9, dizendo que o Rei do Futebol gostaria de ser sepultado com o ros\u00e1rio.&nbsp;<\/p>\n\n\n\n<p>&#8220;Eu sabia que todos os dias o Pel\u00e9 telefonava para a dona Celeste, onde quer que estivesse. Porque a m\u00e3e era para ele um espelho. Important\u00edssima, a m\u00e3e est\u00e1 de cama, mas sabe que o filho faleceu, mais ou menos. Vamos rezar uma Ave Maria, lembrando a devo\u00e7\u00e3o de Pel\u00e9 pela m\u00e3e&#8221;, disse durante o serm\u00e3o.&nbsp;<\/p>\n\n\n\n<p>Lula n\u00e3o discursou. Na sa\u00edda do vel\u00f3rio, apenas cumprimentou apoiadores e foi embora por volta das 9h40, sem falar com a imprensa.<\/p>\n\n\n\n<p>O presidente deixou Bras\u00edlia por volta das 6h45 e desembarcou em S\u00e3o Paulo pouco depois das 8 horas. Na tarde de segunda-feira (2) uma coroa de flores foi enviada pelo presidente.<\/p>\n\n\n\n<p>Lula tomou posse como presidente do Brasil neste domingo (1\u00ba) e nesta segunda-feira passou o dia com a agenda lotada por compromissos oficiais e encontro com autoridades.<\/p>\n\n\n\n<p>Com informa\u00e7\u00f5es da Band Foto: REUTERS\/Carla Carniel<\/p>\n","protected":false},"excerpt":{"rendered":"<p>O presidente Luiz In\u00e1cio Lula da Silva foi a Santos (SP) na manh\u00e3 desta ter\u00e7a-feira (3) para o vel\u00f3rio de Edson Arantes do Nascimento, o Pel\u00e9, na Vila Belmiro. Lula pousou de helic\u00f3ptero no est\u00e1dio Ulrico Mursa, da Portuguesa Santista, por volta das 8h50, e se encaminhou para o local das homenagens ao Rei do [&hellip;]<\/p>\n","protected":false},"author":3,"featured_media":7523,"comment_status":"open","ping_status":"open","sticky":false,"template":"","format":"standard","meta":{"_monsterinsights_skip_tracking":false,"_monsterinsights_sitenote_active":false,"_monsterinsights_sitenote_note":"","_monsterinsights_sitenote_category":0,"footnotes":""},"categories":[34],"tags":[],"yoast_head":"<!-- This site is optimized with the Yoast SEO plugin v22.9 - https:\/\/yoast.com\/wordpress\/plugins\/seo\/ -->\n<title>Lula vai a vel\u00f3rio de Pel\u00e9 em Santos e presta homenagem - Portal MF<\/title>\n<meta name=\"robots\" content=\"index, follow, max-snippet:-1, max-image-preview:large, max-video-preview:-1\" \/>\n<link rel=\"canonical\" href=\"https:\/\/portalmf.com.br\/index.php\/2023\/01\/03\/lula-vai-a-velorio-de-pele-em-santos-e-presta-homenagem\/\" \/>\n<meta property=\"og:locale\" content=\"pt_BR\" \/>\n<meta property=\"og:type\" content=\"article\" \/>\n<meta property=\"og:title\" content=\"Lula vai a vel\u00f3rio de Pel\u00e9 em Santos e presta homenagem - Portal MF\" \/>\n<meta property=\"og:description\" content=\"O presidente Luiz In\u00e1cio Lula da Silva foi a Santos (SP) na manh\u00e3 desta ter\u00e7a-feira (3) para o vel\u00f3rio de Edson Arantes do Nascimento, o Pel\u00e9, na Vila Belmiro. Lula pousou de helic\u00f3ptero no est\u00e1dio Ulrico Mursa, da Portuguesa Santista, por volta das 8h50, e se encaminhou para o local das homenagens ao Rei do [&hellip;]\" \/>\n<meta property=\"og:url\" content=\"https:\/\/portalmf.com.br\/index.php\/2023\/01\/03\/lula-vai-a-velorio-de-pele-em-santos-e-presta-homenagem\/\" \/>\n<meta property=\"og:site_name\" content=\"Portal MF\" \/>\n<meta property=\"article:author\" content=\"https:\/\/www.facebook.com\/portalmfoficial\" \/>\n<meta property=\"article:published_time\" content=\"2023-01-03T13:58:00+00:00\" \/>\n<meta property=\"article:modified_time\" content=\"2023-01-03T20:01:35+00:00\" \/>\n<meta property=\"og:image\" content=\"https:\/\/portalmf.com.br\/wp-content\/uploads\/2023\/01\/1be7dee5f34cf03ae35d.jpg\" \/>\n\t<meta property=\"og:image:width\" content=\"780\" \/>\n\t<meta property=\"og:image:height\" content=\"562\" \/>\n\t<meta property=\"og:image:type\" content=\"image\/jpeg\" \/>\n<meta name=\"author\" content=\"Reda\u00e7\u00e3o Portal MF\" \/>\n<meta name=\"twitter:card\" content=\"summary_large_image\" \/>\n<meta name=\"twitter:creator\" content=\"@https:\/\/x.com\/portalmfoficial\" \/>\n<meta name=\"twitter:label1\" content=\"Escrito por\" \/>\n\t<meta name=\"twitter:data1\" content=\"Reda\u00e7\u00e3o Portal MF\" \/>\n\t<meta name=\"twitter:label2\" content=\"Est. tempo de leitura\" \/>\n\t<meta name=\"twitter:data2\" content=\"2 minutos\" \/>\n<script type=\"application\/ld+json\" class=\"yoast-schema-graph\">{\"@context\":\"https:\/\/schema.org\",\"@graph\":[{\"@type\":\"WebPage\",\"@id\":\"https:\/\/portalmf.com.br\/index.php\/2023\/01\/03\/lula-vai-a-velorio-de-pele-em-santos-e-presta-homenagem\/\",\"url\":\"https:\/\/portalmf.com.br\/index.php\/2023\/01\/03\/lula-vai-a-velorio-de-pele-em-santos-e-presta-homenagem\/\",\"name\":\"Lula vai a vel\u00f3rio de Pel\u00e9 em Santos e presta homenagem - Portal MF\",\"isPartOf\":{\"@id\":\"https:\/\/portalmf.com.br\/#website\"},\"primaryImageOfPage\":{\"@id\":\"https:\/\/portalmf.com.br\/index.php\/2023\/01\/03\/lula-vai-a-velorio-de-pele-em-santos-e-presta-homenagem\/#primaryimage\"},\"image\":{\"@id\":\"https:\/\/portalmf.com.br\/index.php\/2023\/01\/03\/lula-vai-a-velorio-de-pele-em-santos-e-presta-homenagem\/#primaryimage\"},\"thumbnailUrl\":\"https:\/\/portalmf.com.br\/wp-content\/uploads\/2023\/01\/1be7dee5f34cf03ae35d.jpg\",\"datePublished\":\"2023-01-03T13:58:00+00:00\",\"dateModified\":\"2023-01-03T20:01:35+00:00\",\"author\":{\"@id\":\"https:\/\/portalmf.com.br\/#\/schema\/person\/9ec101baf56233e53520c26de5d6f6f0\"},\"breadcrumb\":{\"@id\":\"https:\/\/portalmf.com.br\/index.php\/2023\/01\/03\/lula-vai-a-velorio-de-pele-em-santos-e-presta-homenagem\/#breadcrumb\"},\"inLanguage\":\"pt-BR\",\"potentialAction\":[{\"@type\":\"ReadAction\",\"target\":[\"https:\/\/portalmf.com.br\/index.php\/2023\/01\/03\/lula-vai-a-velorio-de-pele-em-santos-e-presta-homenagem\/\"]}]},{\"@type\":\"ImageObject\",\"inLanguage\":\"pt-BR\",\"@id\":\"https:\/\/portalmf.com.br\/index.php\/2023\/01\/03\/lula-vai-a-velorio-de-pele-em-santos-e-presta-homenagem\/#primaryimage\",\"url\":\"https:\/\/portalmf.com.br\/wp-content\/uploads\/2023\/01\/1be7dee5f34cf03ae35d.jpg\",\"contentUrl\":\"https:\/\/portalmf.com.br\/wp-content\/uploads\/2023\/01\/1be7dee5f34cf03ae35d.jpg\",\"width\":780,\"height\":562,\"caption\":\"Foto: REUTERS\/Carla Carniel\"},{\"@type\":\"BreadcrumbList\",\"@id\":\"https:\/\/portalmf.com.br\/index.php\/2023\/01\/03\/lula-vai-a-velorio-de-pele-em-santos-e-presta-homenagem\/#breadcrumb\",\"itemListElement\":[{\"@type\":\"ListItem\",\"position\":1,\"name\":\"In\u00edcio\",\"item\":\"https:\/\/portalmf.com.br\/\"},{\"@type\":\"ListItem\",\"position\":2,\"name\":\"Lula vai a vel\u00f3rio de Pel\u00e9 em Santos e presta homenagem\"}]},{\"@type\":\"WebSite\",\"@id\":\"https:\/\/portalmf.com.br\/#website\",\"url\":\"https:\/\/portalmf.com.br\/\",\"name\":\"Portal MF\",\"description\":\"Voc\u00ea conectado com a informa\u00e7\u00e3o\",\"potentialAction\":[{\"@type\":\"SearchAction\",\"target\":{\"@type\":\"EntryPoint\",\"urlTemplate\":\"https:\/\/portalmf.com.br\/?s={search_term_string}\"},\"query-input\":\"required name=search_term_string\"}],\"inLanguage\":\"pt-BR\"},{\"@type\":\"Person\",\"@id\":\"https:\/\/portalmf.com.br\/#\/schema\/person\/9ec101baf56233e53520c26de5d6f6f0\",\"name\":\"Reda\u00e7\u00e3o Portal MF\",\"image\":{\"@type\":\"ImageObject\",\"inLanguage\":\"pt-BR\",\"@id\":\"https:\/\/portalmf.com.br\/#\/schema\/person\/image\/\",\"url\":\"https:\/\/secure.gravatar.com\/avatar\/41b9aaeb2100835f7c64362330f74c7f?s=96&d=mm&r=g\",\"contentUrl\":\"https:\/\/secure.gravatar.com\/avatar\/41b9aaeb2100835f7c64362330f74c7f?s=96&d=mm&r=g\",\"caption\":\"Reda\u00e7\u00e3o Portal MF\"},\"description\":\"Sejam bem-vindos o portal de informa\u00e7\u00f5es de entretenimento de Feira de Santana, desde 2006 realiza coberturas dos principais eventos com entrevistas exclusivas com as principais personalidades mundiais. Fique conectado tamb\u00e9m nas redes sociais.\",\"sameAs\":[\"http:\/\/www.portalmf.com.br\/\",\"https:\/\/www.facebook.com\/portalmfoficial\",\"https:\/\/www.instagram.com\/portalmf\/\",\"https:\/\/x.com\/https:\/\/x.com\/portalmfoficial\",\"https:\/\/www.youtube.com\/@portalmfoficial\"],\"url\":\"https:\/\/portalmf.com.br\/index.php\/author\/junior\/\"}]}<\/script>\n<!-- \/ Yoast SEO plugin. -->","yoast_head_json":{"title":"Lula vai a vel\u00f3rio de Pel\u00e9 em Santos e presta homenagem - Portal MF","robots":{"index":"index","follow":"follow","max-snippet":"max-snippet:-1","max-image-preview":"max-image-preview:large","max-video-preview":"max-video-preview:-1"},"canonical":"https:\/\/portalmf.com.br\/index.php\/2023\/01\/03\/lula-vai-a-velorio-de-pele-em-santos-e-presta-homenagem\/","og_locale":"pt_BR","og_type":"article","og_title":"Lula vai a vel\u00f3rio de Pel\u00e9 em Santos e presta homenagem - Portal MF","og_description":"O presidente Luiz In\u00e1cio Lula da Silva foi a Santos (SP) na manh\u00e3 desta ter\u00e7a-feira (3) para o vel\u00f3rio de Edson Arantes do Nascimento, o Pel\u00e9, na Vila Belmiro. Lula pousou de helic\u00f3ptero no est\u00e1dio Ulrico Mursa, da Portuguesa Santista, por volta das 8h50, e se encaminhou para o local das homenagens ao Rei do [&hellip;]","og_url":"https:\/\/portalmf.com.br\/index.php\/2023\/01\/03\/lula-vai-a-velorio-de-pele-em-santos-e-presta-homenagem\/","og_site_name":"Portal MF","article_author":"https:\/\/www.facebook.com\/portalmfoficial","article_published_time":"2023-01-03T13:58:00+00:00","article_modified_time":"2023-01-03T20:01:35+00:00","og_image":[{"width":780,"height":562,"url":"https:\/\/portalmf.com.br\/wp-content\/uploads\/2023\/01\/1be7dee5f34cf03ae35d.jpg","type":"image\/jpeg"}],"author":"Reda\u00e7\u00e3o Portal MF","twitter_card":"summary_large_image","twitter_creator":"@https:\/\/x.com\/portalmfoficial","twitter_misc":{"Escrito por":"Reda\u00e7\u00e3o Portal MF","Est. tempo de leitura":"2 minutos"},"schema":{"@context":"https:\/\/schema.org","@graph":[{"@type":"WebPage","@id":"https:\/\/portalmf.com.br\/index.php\/2023\/01\/03\/lula-vai-a-velorio-de-pele-em-santos-e-presta-homenagem\/","url":"https:\/\/portalmf.com.br\/index.php\/2023\/01\/03\/lula-vai-a-velorio-de-pele-em-santos-e-presta-homenagem\/","name":"Lula vai a vel\u00f3rio de Pel\u00e9 em Santos e presta homenagem - Portal MF","isPartOf":{"@id":"https:\/\/portalmf.com.br\/#website"},"primaryImageOfPage":{"@id":"https:\/\/portalmf.com.br\/index.php\/2023\/01\/03\/lula-vai-a-velorio-de-pele-em-santos-e-presta-homenagem\/#primaryimage"},"image":{"@id":"https:\/\/portalmf.com.br\/index.php\/2023\/01\/03\/lula-vai-a-velorio-de-pele-em-santos-e-presta-homenagem\/#primaryimage"},"thumbnailUrl":"https:\/\/portalmf.com.br\/wp-content\/uploads\/2023\/01\/1be7dee5f34cf03ae35d.jpg","datePublished":"2023-01-03T13:58:00+00:00","dateModified":"2023-01-03T20:01:35+00:00","author":{"@id":"https:\/\/portalmf.com.br\/#\/schema\/person\/9ec101baf56233e53520c26de5d6f6f0"},"breadcrumb":{"@id":"https:\/\/portalmf.com.br\/index.php\/2023\/01\/03\/lula-vai-a-velorio-de-pele-em-santos-e-presta-homenagem\/#breadcrumb"},"inLanguage":"pt-BR","potentialAction":[{"@type":"ReadAction","target":["https:\/\/portalmf.com.br\/index.php\/2023\/01\/03\/lula-vai-a-velorio-de-pele-em-santos-e-presta-homenagem\/"]}]},{"@type":"ImageObject","inLanguage":"pt-BR","@id":"https:\/\/portalmf.com.br\/index.php\/2023\/01\/03\/lula-vai-a-velorio-de-pele-em-santos-e-presta-homenagem\/#primaryimage","url":"https:\/\/portalmf.com.br\/wp-content\/uploads\/2023\/01\/1be7dee5f34cf03ae35d.jpg","contentUrl":"https:\/\/portalmf.com.br\/wp-content\/uploads\/2023\/01\/1be7dee5f34cf03ae35d.jpg","width":780,"height":562,"caption":"Foto: REUTERS\/Carla Carniel"},{"@type":"BreadcrumbList","@id":"https:\/\/portalmf.com.br\/index.php\/2023\/01\/03\/lula-vai-a-velorio-de-pele-em-santos-e-presta-homenagem\/#breadcrumb","itemListElement":[{"@type":"ListItem","position":1,"name":"In\u00edcio","item":"https:\/\/portalmf.com.br\/"},{"@type":"ListItem","position":2,"name":"Lula vai a vel\u00f3rio de Pel\u00e9 em Santos e presta homenagem"}]},{"@type":"WebSite","@id":"https:\/\/portalmf.com.br\/#website","url":"https:\/\/portalmf.com.br\/","name":"Portal MF","description":"Voc\u00ea conectado com a informa\u00e7\u00e3o","potentialAction":[{"@type":"SearchAction","target":{"@type":"EntryPoint","urlTemplate":"https:\/\/portalmf.com.br\/?s={search_term_string}"},"query-input":"required name=search_term_string"}],"inLanguage":"pt-BR"},{"@type":"Person","@id":"https:\/\/portalmf.com.br\/#\/schema\/person\/9ec101baf56233e53520c26de5d6f6f0","name":"Reda\u00e7\u00e3o Portal MF","image":{"@type":"ImageObject","inLanguage":"pt-BR","@id":"https:\/\/portalmf.com.br\/#\/schema\/person\/image\/","url":"https:\/\/secure.gravatar.com\/avatar\/41b9aaeb2100835f7c64362330f74c7f?s=96&d=mm&r=g","contentUrl":"https:\/\/secure.gravatar.com\/avatar\/41b9aaeb2100835f7c64362330f74c7f?s=96&d=mm&r=g","caption":"Reda\u00e7\u00e3o Portal MF"},"description":"Sejam bem-vindos o portal de informa\u00e7\u00f5es de entretenimento de Feira de Santana, desde 2006 realiza coberturas dos principais eventos com entrevistas exclusivas com as principais personalidades mundiais. Fique conectado tamb\u00e9m nas redes sociais.","sameAs":["http:\/\/www.portalmf.com.br\/","https:\/\/www.facebook.com\/portalmfoficial","https:\/\/www.instagram.com\/portalmf\/","https:\/\/x.com\/https:\/\/x.com\/portalmfoficial","https:\/\/www.youtube.com\/@portalmfoficial"],"url":"https:\/\/portalmf.com.br\/index.php\/author\/junior\/"}]}},"_links":{"self":[{"href":"https:\/\/portalmf.com.br\/index.php\/wp-json\/wp\/v2\/posts\/7522"}],"collection":[{"href":"https:\/\/portalmf.com.br\/index.php\/wp-json\/wp\/v2\/posts"}],"about":[{"href":"https:\/\/portalmf.com.br\/index.php\/wp-json\/wp\/v2\/types\/post"}],"author":[{"embeddable":true,"href":"https:\/\/portalmf.com.br\/index.php\/wp-json\/wp\/v2\/users\/3"}],"replies":[{"embeddable":true,"href":"https:\/\/portalmf.com.br\/index.php\/wp-json\/wp\/v2\/comments?post=7522"}],"version-history":[{"count":1,"href":"https:\/\/portalmf.com.br\/index.php\/wp-json\/wp\/v2\/posts\/7522\/revisions"}],"predecessor-version":[{"id":7524,"href":"https:\/\/portalmf.com.br\/index.php\/wp-json\/wp\/v2\/posts\/7522\/revisions\/7524"}],"wp:featuredmedia":[{"embeddable":true,"href":"https:\/\/portalmf.com.br\/index.php\/wp-json\/wp\/v2\/media\/7523"}],"wp:attachment":[{"href":"https:\/\/portalmf.com.br\/index.php\/wp-json\/wp\/v2\/media?parent=7522"}],"wp:term":[{"taxonomy":"category","embeddable":true,"href":"https:\/\/portalmf.com.br\/index.php\/wp-json\/wp\/v2\/categories?post=7522"},{"taxonomy":"post_tag","embeddable":true,"href":"https:\/\/portalmf.com.br\/index.php\/wp-json\/wp\/v2\/tags?post=7522"}],"curies":[{"name":"wp","href":"https:\/\/api.w.org\/{rel}","templated":true}]}}