{"id":7519,"date":"2023-01-03T16:57:47","date_gmt":"2023-01-03T19:57:47","guid":{"rendered":"https:\/\/portalmf.com.br\/?p=7519"},"modified":"2023-01-03T16:57:48","modified_gmt":"2023-01-03T19:57:48","slug":"vitor-pereira-explica-saida-do-corinthians-nao-houve-mentira-alguma","status":"publish","type":"post","link":"https:\/\/portalmf.com.br\/index.php\/2023\/01\/03\/vitor-pereira-explica-saida-do-corinthians-nao-houve-mentira-alguma\/","title":{"rendered":"V\u00edtor Pereira explica sa\u00edda do Corinthians: &#8220;N\u00e3o houve mentira alguma&#8221;"},"content":{"rendered":"\n<p>Na tarde desta ter\u00e7a-feira, 3, o Flamengo apresentou V\u00edtor Pereira no Ninho do Urubu. Ao iniciar a coletiva de imprensa, uma rep\u00f3rter da FlaTV pediu para o t\u00e9cnico explicar como foi a sua sa\u00edda do Corinthians at\u00e9 assinar com o clube carioca.<\/p>\n\n\n\n<p><em>\u201cVou aproveitar a oportunidade porque estive calado esse tempo todo, muita coisa dita por quem n\u00e3o me conhece. Vou esclarecer, porque est\u00e1 \u00e9 a verdade. Minha vinda para o Brasil h\u00e1 um ano atr\u00e1s acontece de uma forma, e eu j\u00e1 disse isso, que eu n\u00e3o tinha essa perspectiva de vir ao Brasil, e eu aceitei para ficar um ano, perceber a realidade do futebol brasileiro, e por isso assinamos um ano de contrato. E esse ano de contrato foi cumprido na \u00edntrega, com responsabilidade, dedica\u00e7\u00e3o e sofrimento. Eu dei tudo de mim, me dediquei com compromisso e responsabilidade no Corinthians. Foi assim que estive sempre at\u00e9 o \u00faltimo dia de contrato&#8221;,<\/em> come\u00e7ou a dizer o treinador.<\/p>\n\n\n\n<p>V\u00edtor Pereira seguiu dizendo que nunca passou pela sua cabe\u00e7a permanecer no Brasil, e sua escolha era, de fato, ir para Portugal, para que pudesse apoiar a sua fam\u00edlia em um momento complicado e, segundo ele, muitas fam\u00edlias brasileiras passam pelo mesmo.<\/p>\n\n\n\n<p><em>&#8220;A verdade \u00e9 esta. O que acontece: depois disso, surge um clube da dimens\u00e3o do Flamengo com uma abordagem diferente, e surge nossa primeira conversa. E eu pensei porque de fato era uma proposta profissional muito boa, teremos um ano de muitos desafios, um plantel de muita qualidade, e eu acho que no ponto de vista profissional todos os treinadores iriam pensar. E eu fiquei a pensar sabendo do meu problema familiar, e com quem eu tive que falar era com minha fam\u00edlia. E se minha fam\u00edlia entendeu que poder\u00edamos lidar com a situa\u00e7\u00e3o de sa\u00fade, mas que de fato o desafio profissional seria importante para minha carreira, eu tive que tomar uma decis\u00e3o diferente&#8221;<\/em>, afirmou.<\/p>\n\n\n\n<p>Treinador finalizou dizendo que a hist\u00f3ria fica ainda mais verdadeira quando seu staff n\u00e3o consegue o acompanhar, uma vez que todos estariam com destino \u00e0 Portugal. V\u00edtor Pereira destacou tamb\u00e9m que sempre trabalhou s\u00e9rio e n\u00e3o sabe onde est\u00e1 a mentira, ou onde ele foi mau car\u00e1ter.<\/p>\n\n\n\n<p><em>&#8220;Eu agrade\u00e7o a forma que fui tratado no Corinthians, e eu retribui com esfor\u00e7o, dedica\u00e7\u00e3o e compromisso, eu s\u00f3 devo a minha fam\u00edlia. Aqui estou com alegria, pronto para agarrar este projeto que me anima. Eu gosto de ganhar competi\u00e7\u00f5es, e este \u00e9 um projeto que do ponto de vista profissional s\u00f3 se eu fosse maluco eu n\u00e3o pensaria naquilo que este projeto pode me trazer. Portanto, n\u00e3o sei onde est\u00e1 a mentira, n\u00e3o sei onde eu fui mau car\u00e1ter, portanto, isto \u00e9 a verdade&#8221;<\/em>, finalizou.<\/p>\n","protected":false},"excerpt":{"rendered":"<p>Na tarde desta ter\u00e7a-feira, 3, o Flamengo apresentou V\u00edtor Pereira no Ninho do Urubu. Ao iniciar a coletiva de imprensa, uma rep\u00f3rter da FlaTV pediu para o t\u00e9cnico explicar como foi a sua sa\u00edda do Corinthians at\u00e9 assinar com o clube carioca. \u201cVou aproveitar a oportunidade porque estive calado esse tempo todo, muita coisa dita [&hellip;]<\/p>\n","protected":false},"author":3,"featured_media":7520,"comment_status":"open","ping_status":"open","sticky":false,"template":"","format":"standard","meta":{"_monsterinsights_skip_tracking":false,"_monsterinsights_sitenote_active":false,"_monsterinsights_sitenote_note":"","_monsterinsights_sitenote_category":0,"footnotes":""},"categories":[42],"tags":[],"yoast_head":"<!-- This site is optimized with the Yoast SEO plugin v22.9 - https:\/\/yoast.com\/wordpress\/plugins\/seo\/ -->\n<title>V\u00edtor Pereira explica sa\u00edda do Corinthians: &quot;N\u00e3o houve mentira alguma&quot; - Portal MF<\/title>\n<meta name=\"robots\" content=\"index, follow, max-snippet:-1, max-image-preview:large, max-video-preview:-1\" \/>\n<link rel=\"canonical\" href=\"https:\/\/portalmf.com.br\/index.php\/2023\/01\/03\/vitor-pereira-explica-saida-do-corinthians-nao-houve-mentira-alguma\/\" \/>\n<meta property=\"og:locale\" content=\"pt_BR\" \/>\n<meta property=\"og:type\" content=\"article\" \/>\n<meta property=\"og:title\" content=\"V\u00edtor Pereira explica sa\u00edda do Corinthians: &quot;N\u00e3o houve mentira alguma&quot; - Portal MF\" \/>\n<meta property=\"og:description\" content=\"Na tarde desta ter\u00e7a-feira, 3, o Flamengo apresentou V\u00edtor Pereira no Ninho do Urubu. Ao iniciar a coletiva de imprensa, uma rep\u00f3rter da FlaTV pediu para o t\u00e9cnico explicar como foi a sua sa\u00edda do Corinthians at\u00e9 assinar com o clube carioca. \u201cVou aproveitar a oportunidade porque estive calado esse tempo todo, muita coisa dita [&hellip;]\" \/>\n<meta property=\"og:url\" content=\"https:\/\/portalmf.com.br\/index.php\/2023\/01\/03\/vitor-pereira-explica-saida-do-corinthians-nao-houve-mentira-alguma\/\" \/>\n<meta property=\"og:site_name\" content=\"Portal MF\" \/>\n<meta property=\"article:author\" content=\"https:\/\/www.facebook.com\/portalmfoficial\" \/>\n<meta property=\"article:published_time\" content=\"2023-01-03T19:57:47+00:00\" \/>\n<meta property=\"article:modified_time\" content=\"2023-01-03T19:57:48+00:00\" \/>\n<meta property=\"og:image\" content=\"https:\/\/portalmf.com.br\/wp-content\/uploads\/2023\/01\/FlkTyMXXEAEPciO.jpg\" \/>\n\t<meta property=\"og:image:width\" content=\"2048\" \/>\n\t<meta property=\"og:image:height\" content=\"1363\" \/>\n\t<meta property=\"og:image:type\" content=\"image\/jpeg\" \/>\n<meta name=\"author\" content=\"Reda\u00e7\u00e3o Portal MF\" \/>\n<meta name=\"twitter:card\" content=\"summary_large_image\" \/>\n<meta name=\"twitter:creator\" content=\"@https:\/\/x.com\/portalmfoficial\" \/>\n<meta name=\"twitter:label1\" content=\"Escrito por\" \/>\n\t<meta name=\"twitter:data1\" content=\"Reda\u00e7\u00e3o Portal MF\" \/>\n\t<meta name=\"twitter:label2\" content=\"Est. tempo de leitura\" \/>\n\t<meta name=\"twitter:data2\" content=\"3 minutos\" \/>\n<script type=\"application\/ld+json\" class=\"yoast-schema-graph\">{\"@context\":\"https:\/\/schema.org\",\"@graph\":[{\"@type\":\"WebPage\",\"@id\":\"https:\/\/portalmf.com.br\/index.php\/2023\/01\/03\/vitor-pereira-explica-saida-do-corinthians-nao-houve-mentira-alguma\/\",\"url\":\"https:\/\/portalmf.com.br\/index.php\/2023\/01\/03\/vitor-pereira-explica-saida-do-corinthians-nao-houve-mentira-alguma\/\",\"name\":\"V\u00edtor Pereira explica sa\u00edda do Corinthians: \\\"N\u00e3o houve mentira alguma\\\" - Portal MF\",\"isPartOf\":{\"@id\":\"https:\/\/portalmf.com.br\/#website\"},\"primaryImageOfPage\":{\"@id\":\"https:\/\/portalmf.com.br\/index.php\/2023\/01\/03\/vitor-pereira-explica-saida-do-corinthians-nao-houve-mentira-alguma\/#primaryimage\"},\"image\":{\"@id\":\"https:\/\/portalmf.com.br\/index.php\/2023\/01\/03\/vitor-pereira-explica-saida-do-corinthians-nao-houve-mentira-alguma\/#primaryimage\"},\"thumbnailUrl\":\"https:\/\/portalmf.com.br\/wp-content\/uploads\/2023\/01\/FlkTyMXXEAEPciO.jpg\",\"datePublished\":\"2023-01-03T19:57:47+00:00\",\"dateModified\":\"2023-01-03T19:57:48+00:00\",\"author\":{\"@id\":\"https:\/\/portalmf.com.br\/#\/schema\/person\/9ec101baf56233e53520c26de5d6f6f0\"},\"breadcrumb\":{\"@id\":\"https:\/\/portalmf.com.br\/index.php\/2023\/01\/03\/vitor-pereira-explica-saida-do-corinthians-nao-houve-mentira-alguma\/#breadcrumb\"},\"inLanguage\":\"pt-BR\",\"potentialAction\":[{\"@type\":\"ReadAction\",\"target\":[\"https:\/\/portalmf.com.br\/index.php\/2023\/01\/03\/vitor-pereira-explica-saida-do-corinthians-nao-houve-mentira-alguma\/\"]}]},{\"@type\":\"ImageObject\",\"inLanguage\":\"pt-BR\",\"@id\":\"https:\/\/portalmf.com.br\/index.php\/2023\/01\/03\/vitor-pereira-explica-saida-do-corinthians-nao-houve-mentira-alguma\/#primaryimage\",\"url\":\"https:\/\/portalmf.com.br\/wp-content\/uploads\/2023\/01\/FlkTyMXXEAEPciO.jpg\",\"contentUrl\":\"https:\/\/portalmf.com.br\/wp-content\/uploads\/2023\/01\/FlkTyMXXEAEPciO.jpg\",\"width\":2048,\"height\":1363,\"caption\":\"Foto: Marcelo Cortes \/ CRF\"},{\"@type\":\"BreadcrumbList\",\"@id\":\"https:\/\/portalmf.com.br\/index.php\/2023\/01\/03\/vitor-pereira-explica-saida-do-corinthians-nao-houve-mentira-alguma\/#breadcrumb\",\"itemListElement\":[{\"@type\":\"ListItem\",\"position\":1,\"name\":\"In\u00edcio\",\"item\":\"https:\/\/portalmf.com.br\/\"},{\"@type\":\"ListItem\",\"position\":2,\"name\":\"V\u00edtor Pereira explica sa\u00edda do Corinthians: &#8220;N\u00e3o houve mentira alguma&#8221;\"}]},{\"@type\":\"WebSite\",\"@id\":\"https:\/\/portalmf.com.br\/#website\",\"url\":\"https:\/\/portalmf.com.br\/\",\"name\":\"Portal MF\",\"description\":\"Voc\u00ea conectado com a informa\u00e7\u00e3o\",\"potentialAction\":[{\"@type\":\"SearchAction\",\"target\":{\"@type\":\"EntryPoint\",\"urlTemplate\":\"https:\/\/portalmf.com.br\/?s={search_term_string}\"},\"query-input\":\"required name=search_term_string\"}],\"inLanguage\":\"pt-BR\"},{\"@type\":\"Person\",\"@id\":\"https:\/\/portalmf.com.br\/#\/schema\/person\/9ec101baf56233e53520c26de5d6f6f0\",\"name\":\"Reda\u00e7\u00e3o Portal MF\",\"image\":{\"@type\":\"ImageObject\",\"inLanguage\":\"pt-BR\",\"@id\":\"https:\/\/portalmf.com.br\/#\/schema\/person\/image\/\",\"url\":\"https:\/\/secure.gravatar.com\/avatar\/41b9aaeb2100835f7c64362330f74c7f?s=96&d=mm&r=g\",\"contentUrl\":\"https:\/\/secure.gravatar.com\/avatar\/41b9aaeb2100835f7c64362330f74c7f?s=96&d=mm&r=g\",\"caption\":\"Reda\u00e7\u00e3o Portal MF\"},\"description\":\"Sejam bem-vindos o portal de informa\u00e7\u00f5es de entretenimento de Feira de Santana, desde 2006 realiza coberturas dos principais eventos com entrevistas exclusivas com as principais personalidades mundiais. Fique conectado tamb\u00e9m nas redes sociais.\",\"sameAs\":[\"http:\/\/www.portalmf.com.br\/\",\"https:\/\/www.facebook.com\/portalmfoficial\",\"https:\/\/www.instagram.com\/portalmf\/\",\"https:\/\/x.com\/https:\/\/x.com\/portalmfoficial\",\"https:\/\/www.youtube.com\/@portalmfoficial\"],\"url\":\"https:\/\/portalmf.com.br\/index.php\/author\/junior\/\"}]}<\/script>\n<!-- \/ Yoast SEO plugin. -->","yoast_head_json":{"title":"V\u00edtor Pereira explica sa\u00edda do Corinthians: \"N\u00e3o houve mentira alguma\" - Portal MF","robots":{"index":"index","follow":"follow","max-snippet":"max-snippet:-1","max-image-preview":"max-image-preview:large","max-video-preview":"max-video-preview:-1"},"canonical":"https:\/\/portalmf.com.br\/index.php\/2023\/01\/03\/vitor-pereira-explica-saida-do-corinthians-nao-houve-mentira-alguma\/","og_locale":"pt_BR","og_type":"article","og_title":"V\u00edtor Pereira explica sa\u00edda do Corinthians: \"N\u00e3o houve mentira alguma\" - Portal MF","og_description":"Na tarde desta ter\u00e7a-feira, 3, o Flamengo apresentou V\u00edtor Pereira no Ninho do Urubu. Ao iniciar a coletiva de imprensa, uma rep\u00f3rter da FlaTV pediu para o t\u00e9cnico explicar como foi a sua sa\u00edda do Corinthians at\u00e9 assinar com o clube carioca. \u201cVou aproveitar a oportunidade porque estive calado esse tempo todo, muita coisa dita [&hellip;]","og_url":"https:\/\/portalmf.com.br\/index.php\/2023\/01\/03\/vitor-pereira-explica-saida-do-corinthians-nao-houve-mentira-alguma\/","og_site_name":"Portal MF","article_author":"https:\/\/www.facebook.com\/portalmfoficial","article_published_time":"2023-01-03T19:57:47+00:00","article_modified_time":"2023-01-03T19:57:48+00:00","og_image":[{"width":2048,"height":1363,"url":"https:\/\/portalmf.com.br\/wp-content\/uploads\/2023\/01\/FlkTyMXXEAEPciO.jpg","type":"image\/jpeg"}],"author":"Reda\u00e7\u00e3o Portal MF","twitter_card":"summary_large_image","twitter_creator":"@https:\/\/x.com\/portalmfoficial","twitter_misc":{"Escrito por":"Reda\u00e7\u00e3o Portal MF","Est. tempo de leitura":"3 minutos"},"schema":{"@context":"https:\/\/schema.org","@graph":[{"@type":"WebPage","@id":"https:\/\/portalmf.com.br\/index.php\/2023\/01\/03\/vitor-pereira-explica-saida-do-corinthians-nao-houve-mentira-alguma\/","url":"https:\/\/portalmf.com.br\/index.php\/2023\/01\/03\/vitor-pereira-explica-saida-do-corinthians-nao-houve-mentira-alguma\/","name":"V\u00edtor Pereira explica sa\u00edda do Corinthians: \"N\u00e3o houve mentira alguma\" - Portal MF","isPartOf":{"@id":"https:\/\/portalmf.com.br\/#website"},"primaryImageOfPage":{"@id":"https:\/\/portalmf.com.br\/index.php\/2023\/01\/03\/vitor-pereira-explica-saida-do-corinthians-nao-houve-mentira-alguma\/#primaryimage"},"image":{"@id":"https:\/\/portalmf.com.br\/index.php\/2023\/01\/03\/vitor-pereira-explica-saida-do-corinthians-nao-houve-mentira-alguma\/#primaryimage"},"thumbnailUrl":"https:\/\/portalmf.com.br\/wp-content\/uploads\/2023\/01\/FlkTyMXXEAEPciO.jpg","datePublished":"2023-01-03T19:57:47+00:00","dateModified":"2023-01-03T19:57:48+00:00","author":{"@id":"https:\/\/portalmf.com.br\/#\/schema\/person\/9ec101baf56233e53520c26de5d6f6f0"},"breadcrumb":{"@id":"https:\/\/portalmf.com.br\/index.php\/2023\/01\/03\/vitor-pereira-explica-saida-do-corinthians-nao-houve-mentira-alguma\/#breadcrumb"},"inLanguage":"pt-BR","potentialAction":[{"@type":"ReadAction","target":["https:\/\/portalmf.com.br\/index.php\/2023\/01\/03\/vitor-pereira-explica-saida-do-corinthians-nao-houve-mentira-alguma\/"]}]},{"@type":"ImageObject","inLanguage":"pt-BR","@id":"https:\/\/portalmf.com.br\/index.php\/2023\/01\/03\/vitor-pereira-explica-saida-do-corinthians-nao-houve-mentira-alguma\/#primaryimage","url":"https:\/\/portalmf.com.br\/wp-content\/uploads\/2023\/01\/FlkTyMXXEAEPciO.jpg","contentUrl":"https:\/\/portalmf.com.br\/wp-content\/uploads\/2023\/01\/FlkTyMXXEAEPciO.jpg","width":2048,"height":1363,"caption":"Foto: Marcelo Cortes \/ CRF"},{"@type":"BreadcrumbList","@id":"https:\/\/portalmf.com.br\/index.php\/2023\/01\/03\/vitor-pereira-explica-saida-do-corinthians-nao-houve-mentira-alguma\/#breadcrumb","itemListElement":[{"@type":"ListItem","position":1,"name":"In\u00edcio","item":"https:\/\/portalmf.com.br\/"},{"@type":"ListItem","position":2,"name":"V\u00edtor Pereira explica sa\u00edda do Corinthians: &#8220;N\u00e3o houve mentira alguma&#8221;"}]},{"@type":"WebSite","@id":"https:\/\/portalmf.com.br\/#website","url":"https:\/\/portalmf.com.br\/","name":"Portal MF","description":"Voc\u00ea conectado com a informa\u00e7\u00e3o","potentialAction":[{"@type":"SearchAction","target":{"@type":"EntryPoint","urlTemplate":"https:\/\/portalmf.com.br\/?s={search_term_string}"},"query-input":"required name=search_term_string"}],"inLanguage":"pt-BR"},{"@type":"Person","@id":"https:\/\/portalmf.com.br\/#\/schema\/person\/9ec101baf56233e53520c26de5d6f6f0","name":"Reda\u00e7\u00e3o Portal MF","image":{"@type":"ImageObject","inLanguage":"pt-BR","@id":"https:\/\/portalmf.com.br\/#\/schema\/person\/image\/","url":"https:\/\/secure.gravatar.com\/avatar\/41b9aaeb2100835f7c64362330f74c7f?s=96&d=mm&r=g","contentUrl":"https:\/\/secure.gravatar.com\/avatar\/41b9aaeb2100835f7c64362330f74c7f?s=96&d=mm&r=g","caption":"Reda\u00e7\u00e3o Portal MF"},"description":"Sejam bem-vindos o portal de informa\u00e7\u00f5es de entretenimento de Feira de Santana, desde 2006 realiza coberturas dos principais eventos com entrevistas exclusivas com as principais personalidades mundiais. Fique conectado tamb\u00e9m nas redes sociais.","sameAs":["http:\/\/www.portalmf.com.br\/","https:\/\/www.facebook.com\/portalmfoficial","https:\/\/www.instagram.com\/portalmf\/","https:\/\/x.com\/https:\/\/x.com\/portalmfoficial","https:\/\/www.youtube.com\/@portalmfoficial"],"url":"https:\/\/portalmf.com.br\/index.php\/author\/junior\/"}]}},"_links":{"self":[{"href":"https:\/\/portalmf.com.br\/index.php\/wp-json\/wp\/v2\/posts\/7519"}],"collection":[{"href":"https:\/\/portalmf.com.br\/index.php\/wp-json\/wp\/v2\/posts"}],"about":[{"href":"https:\/\/portalmf.com.br\/index.php\/wp-json\/wp\/v2\/types\/post"}],"author":[{"embeddable":true,"href":"https:\/\/portalmf.com.br\/index.php\/wp-json\/wp\/v2\/users\/3"}],"replies":[{"embeddable":true,"href":"https:\/\/portalmf.com.br\/index.php\/wp-json\/wp\/v2\/comments?post=7519"}],"version-history":[{"count":1,"href":"https:\/\/portalmf.com.br\/index.php\/wp-json\/wp\/v2\/posts\/7519\/revisions"}],"predecessor-version":[{"id":7521,"href":"https:\/\/portalmf.com.br\/index.php\/wp-json\/wp\/v2\/posts\/7519\/revisions\/7521"}],"wp:featuredmedia":[{"embeddable":true,"href":"https:\/\/portalmf.com.br\/index.php\/wp-json\/wp\/v2\/media\/7520"}],"wp:attachment":[{"href":"https:\/\/portalmf.com.br\/index.php\/wp-json\/wp\/v2\/media?parent=7519"}],"wp:term":[{"taxonomy":"category","embeddable":true,"href":"https:\/\/portalmf.com.br\/index.php\/wp-json\/wp\/v2\/categories?post=7519"},{"taxonomy":"post_tag","embeddable":true,"href":"https:\/\/portalmf.com.br\/index.php\/wp-json\/wp\/v2\/tags?post=7519"}],"curies":[{"name":"wp","href":"https:\/\/api.w.org\/{rel}","templated":true}]}}