{"id":7516,"date":"2023-01-03T16:53:04","date_gmt":"2023-01-03T19:53:04","guid":{"rendered":"https:\/\/portalmf.com.br\/?p=7516"},"modified":"2023-01-03T16:53:05","modified_gmt":"2023-01-03T19:53:05","slug":"apos-fim-do-velorio-cortejo-com-corpo-de-pele-sai-por-ruas-de-santos","status":"publish","type":"post","link":"https:\/\/portalmf.com.br\/index.php\/2023\/01\/03\/apos-fim-do-velorio-cortejo-com-corpo-de-pele-sai-por-ruas-de-santos\/","title":{"rendered":"Ap\u00f3s fim do vel\u00f3rio, cortejo com corpo de Pel\u00e9 sai por ruas de Santos"},"content":{"rendered":"\n<p>Mais de 230 mil torcedores prestaram as \u00faltimas homenagens ao \u00eddolo mundial Pel\u00e9, cujo vel\u00f3rio aberto ao p\u00fablico chegou ao fim \u00e0s 10h (hor\u00e1rio de Bras\u00edlia) desta ter\u00e7a-feira (3), na Vila Belmiro, est\u00e1dio do\u00a0Santos. Uma hora antes do t\u00e9rmino da cerim\u00f4nia, o presidente Luiz In\u00e1cio Lula da Silva chegou para dar o \u00faltimo adeus ao Rei do Futebol. <\/p>\n\n\n\n<p>Acompanhado da primeira-dama Ros\u00e2ngela da Silva, a Janja, e do ministro de Portos e Aeroportos, M\u00e1rcio Fran\u00e7a,\u00a0Lula ficou ao lado do corpo do ex-jogador durante uma ora\u00e7\u00e3o em \u00e1rea reservada a familiares e autoridades, que durou aproximadamente \u00a020 minutos. O presidente deixou o est\u00e1dio sem falar com a imprensa. <\/p>\n\n\n\n<p>Em mensagem postada no Twitter, voltou a lamentar a morte de Pel\u00e9.<\/p>\n\n\n\n<figure class=\"wp-block-embed is-type-rich is-provider-twitter wp-block-embed-twitter\"><div class=\"wp-block-embed__wrapper\">\n<blockquote class=\"twitter-tweet\" data-width=\"550\" data-dnt=\"true\"><p lang=\"pt\" dir=\"ltr\">A morte de Pel\u00e9 \u00e9 uma perda irrepar\u00e1vel para o Brasil. Estive hoje na Vila Belmiro para me despedir do nosso rei da bola, como presidente da Rep\u00fablica, mas tamb\u00e9m como cidad\u00e3o admirador da arte que ele produzia em campo. Descanse em paz. <br><br>\ud83c\udfa5: <a href=\"https:\/\/twitter.com\/ricardostuckert?ref_src=twsrc%5Etfw\">@ricardostuckert<\/a> <a href=\"https:\/\/t.co\/UooztBrGTB\">pic.twitter.com\/UooztBrGTB<\/a><\/p>&mdash; Lula (@LulaOficial) <a href=\"https:\/\/twitter.com\/LulaOficial\/status\/1610311037697560576?ref_src=twsrc%5Etfw\">January 3, 2023<\/a><\/blockquote><script async src=\"https:\/\/platform.twitter.com\/widgets.js\" charset=\"utf-8\"><\/script>\n<\/div><\/figure>\n\n\n\n<p>Em depoimento gravado ao clube do Santos, Lula tamb\u00e9m relembrou os tempos em que o Tim\u00e3o, seu time do cora\u00e7\u00e3o,&nbsp;era fregu\u00eas do Peixe.<\/p>\n\n\n\n<p>&#8220;Olha, quem vai falar do Pel\u00e9 agora n\u00e3o \u00e9 o presidente da Rep\u00fablica. \u00c9 um torcedor do Corinthians que foi assistir muito jogo do Santos contra o Corinthians e que viu o Corinthians perder muito jogo. E me parece que o Pel\u00e9 tinha uma obsess\u00e3o de derrotar o Corinthians, ele tinha uma obsess\u00e3o de ganhar do Corinthians. Ent\u00e3o, foi um per\u00edodo de 15 anos muito sofrido&nbsp;para os corintianos, mas tinha uma coisa muito importante no Pel\u00e9:&nbsp;&nbsp;ele obrigava a gente a ir em qualquer lugar assistir um jogo de futebol.&nbsp;Acho que o Pel\u00e9 simboliza tudo aquilo que \u00e9 ascens\u00e3o da esp\u00e9cie humana. Ele foi um jogador que muito jovem ganhou um protagonismo extraordin\u00e1rio e a coisa mais fant\u00e1stica \u00e9 que Pel\u00e9 nunca ficou mascarado, nunca ficou de nariz empinado, sempre foi um cidad\u00e3o humilde que conversava de igual para igual. Ele foi muito especial\u201d.<\/p>\n\n\n\n<p>Ap\u00f3s o fechamento dos port\u00f5es, o caix\u00e3o com o corpo de Pel\u00e9 deixou a Vila Belmiro est\u00e1dio em cima de um caminh\u00e3o dos bombeiros para cortejo pelas ruas da cidade litor\u00e2nea paulista. No trajeto, est\u00e1 a\u00a0Avenida Coronel Joaquim Montenegro (Canal 6), onde vive Celeste Arantes, m\u00e3e de Pel\u00e9. O cortejo chegar\u00e1 ao fim no Memorial Necr\u00f3pole Ecum\u00eanica, onde ocorrer\u00e1 o sepultamento, em cerim\u00f4nia restrita \u00e0 fam\u00edlia.<\/p>\n\n\n\n<p>Com informa\u00e7\u00f5es da Ag\u00eancia Brasil<\/p>\n\n\n\n<figure class=\"wp-block-image\"><img decoding=\"async\" src=\"https:\/\/agenciabrasil.ebc.com.br\/ebc.png?id=1501561&amp;o=node\" alt=\"\"\/><\/figure>\n\n\n\n<figure class=\"wp-block-image\"><img decoding=\"async\" src=\"https:\/\/agenciabrasil.ebc.com.br\/ebc.gif?id=1501561&amp;o=node\" alt=\"\"\/><\/figure>\n","protected":false},"excerpt":{"rendered":"<p>Mais de 230 mil torcedores prestaram as \u00faltimas homenagens ao \u00eddolo mundial Pel\u00e9, cujo vel\u00f3rio aberto ao p\u00fablico chegou ao fim \u00e0s 10h (hor\u00e1rio de Bras\u00edlia) desta ter\u00e7a-feira (3), na Vila Belmiro, est\u00e1dio do\u00a0Santos. Uma hora antes do t\u00e9rmino da cerim\u00f4nia, o presidente Luiz In\u00e1cio Lula da Silva chegou para dar o \u00faltimo adeus ao [&hellip;]<\/p>\n","protected":false},"author":3,"featured_media":7517,"comment_status":"open","ping_status":"open","sticky":false,"template":"","format":"standard","meta":{"_monsterinsights_skip_tracking":false,"_monsterinsights_sitenote_active":false,"_monsterinsights_sitenote_note":"","_monsterinsights_sitenote_category":0,"footnotes":""},"categories":[42],"tags":[],"yoast_head":"<!-- This site is optimized with the Yoast SEO plugin v22.9 - https:\/\/yoast.com\/wordpress\/plugins\/seo\/ -->\n<title>Ap\u00f3s fim do vel\u00f3rio, cortejo com corpo de Pel\u00e9 sai por ruas de Santos - Portal MF<\/title>\n<meta name=\"robots\" content=\"index, follow, max-snippet:-1, max-image-preview:large, max-video-preview:-1\" \/>\n<link rel=\"canonical\" href=\"https:\/\/portalmf.com.br\/index.php\/2023\/01\/03\/apos-fim-do-velorio-cortejo-com-corpo-de-pele-sai-por-ruas-de-santos\/\" \/>\n<meta property=\"og:locale\" content=\"pt_BR\" \/>\n<meta property=\"og:type\" content=\"article\" \/>\n<meta property=\"og:title\" content=\"Ap\u00f3s fim do vel\u00f3rio, cortejo com corpo de Pel\u00e9 sai por ruas de Santos - Portal MF\" \/>\n<meta property=\"og:description\" content=\"Mais de 230 mil torcedores prestaram as \u00faltimas homenagens ao \u00eddolo mundial Pel\u00e9, cujo vel\u00f3rio aberto ao p\u00fablico chegou ao fim \u00e0s 10h (hor\u00e1rio de Bras\u00edlia) desta ter\u00e7a-feira (3), na Vila Belmiro, est\u00e1dio do\u00a0Santos. Uma hora antes do t\u00e9rmino da cerim\u00f4nia, o presidente Luiz In\u00e1cio Lula da Silva chegou para dar o \u00faltimo adeus ao [&hellip;]\" \/>\n<meta property=\"og:url\" content=\"https:\/\/portalmf.com.br\/index.php\/2023\/01\/03\/apos-fim-do-velorio-cortejo-com-corpo-de-pele-sai-por-ruas-de-santos\/\" \/>\n<meta property=\"og:site_name\" content=\"Portal MF\" \/>\n<meta property=\"article:author\" content=\"https:\/\/www.facebook.com\/portalmfoficial\" \/>\n<meta property=\"article:published_time\" content=\"2023-01-03T19:53:04+00:00\" \/>\n<meta property=\"article:modified_time\" content=\"2023-01-03T19:53:05+00:00\" \/>\n<meta property=\"og:image\" content=\"https:\/\/portalmf.com.br\/wp-content\/uploads\/2023\/01\/pele-enterro.jpg\" \/>\n\t<meta property=\"og:image:width\" content=\"1170\" \/>\n\t<meta property=\"og:image:height\" content=\"700\" \/>\n\t<meta property=\"og:image:type\" content=\"image\/jpeg\" \/>\n<meta name=\"author\" content=\"Reda\u00e7\u00e3o Portal MF\" \/>\n<meta name=\"twitter:card\" content=\"summary_large_image\" \/>\n<meta name=\"twitter:creator\" content=\"@https:\/\/x.com\/portalmfoficial\" \/>\n<meta name=\"twitter:label1\" content=\"Escrito por\" \/>\n\t<meta name=\"twitter:data1\" content=\"Reda\u00e7\u00e3o Portal MF\" \/>\n\t<meta name=\"twitter:label2\" content=\"Est. tempo de leitura\" \/>\n\t<meta name=\"twitter:data2\" content=\"3 minutos\" \/>\n<script type=\"application\/ld+json\" class=\"yoast-schema-graph\">{\"@context\":\"https:\/\/schema.org\",\"@graph\":[{\"@type\":\"WebPage\",\"@id\":\"https:\/\/portalmf.com.br\/index.php\/2023\/01\/03\/apos-fim-do-velorio-cortejo-com-corpo-de-pele-sai-por-ruas-de-santos\/\",\"url\":\"https:\/\/portalmf.com.br\/index.php\/2023\/01\/03\/apos-fim-do-velorio-cortejo-com-corpo-de-pele-sai-por-ruas-de-santos\/\",\"name\":\"Ap\u00f3s fim do vel\u00f3rio, cortejo com corpo de Pel\u00e9 sai por ruas de Santos - Portal MF\",\"isPartOf\":{\"@id\":\"https:\/\/portalmf.com.br\/#website\"},\"primaryImageOfPage\":{\"@id\":\"https:\/\/portalmf.com.br\/index.php\/2023\/01\/03\/apos-fim-do-velorio-cortejo-com-corpo-de-pele-sai-por-ruas-de-santos\/#primaryimage\"},\"image\":{\"@id\":\"https:\/\/portalmf.com.br\/index.php\/2023\/01\/03\/apos-fim-do-velorio-cortejo-com-corpo-de-pele-sai-por-ruas-de-santos\/#primaryimage\"},\"thumbnailUrl\":\"https:\/\/portalmf.com.br\/wp-content\/uploads\/2023\/01\/pele-enterro.jpg\",\"datePublished\":\"2023-01-03T19:53:04+00:00\",\"dateModified\":\"2023-01-03T19:53:05+00:00\",\"author\":{\"@id\":\"https:\/\/portalmf.com.br\/#\/schema\/person\/9ec101baf56233e53520c26de5d6f6f0\"},\"breadcrumb\":{\"@id\":\"https:\/\/portalmf.com.br\/index.php\/2023\/01\/03\/apos-fim-do-velorio-cortejo-com-corpo-de-pele-sai-por-ruas-de-santos\/#breadcrumb\"},\"inLanguage\":\"pt-BR\",\"potentialAction\":[{\"@type\":\"ReadAction\",\"target\":[\"https:\/\/portalmf.com.br\/index.php\/2023\/01\/03\/apos-fim-do-velorio-cortejo-com-corpo-de-pele-sai-por-ruas-de-santos\/\"]}]},{\"@type\":\"ImageObject\",\"inLanguage\":\"pt-BR\",\"@id\":\"https:\/\/portalmf.com.br\/index.php\/2023\/01\/03\/apos-fim-do-velorio-cortejo-com-corpo-de-pele-sai-por-ruas-de-santos\/#primaryimage\",\"url\":\"https:\/\/portalmf.com.br\/wp-content\/uploads\/2023\/01\/pele-enterro.jpg\",\"contentUrl\":\"https:\/\/portalmf.com.br\/wp-content\/uploads\/2023\/01\/pele-enterro.jpg\",\"width\":1170,\"height\":700,\"caption\":\"Foto: Rovena Rosa\/Ag\u00eancia Brasil\"},{\"@type\":\"BreadcrumbList\",\"@id\":\"https:\/\/portalmf.com.br\/index.php\/2023\/01\/03\/apos-fim-do-velorio-cortejo-com-corpo-de-pele-sai-por-ruas-de-santos\/#breadcrumb\",\"itemListElement\":[{\"@type\":\"ListItem\",\"position\":1,\"name\":\"In\u00edcio\",\"item\":\"https:\/\/portalmf.com.br\/\"},{\"@type\":\"ListItem\",\"position\":2,\"name\":\"Ap\u00f3s fim do vel\u00f3rio, cortejo com corpo de Pel\u00e9 sai por ruas de Santos\"}]},{\"@type\":\"WebSite\",\"@id\":\"https:\/\/portalmf.com.br\/#website\",\"url\":\"https:\/\/portalmf.com.br\/\",\"name\":\"Portal MF\",\"description\":\"Voc\u00ea conectado com a informa\u00e7\u00e3o\",\"potentialAction\":[{\"@type\":\"SearchAction\",\"target\":{\"@type\":\"EntryPoint\",\"urlTemplate\":\"https:\/\/portalmf.com.br\/?s={search_term_string}\"},\"query-input\":\"required name=search_term_string\"}],\"inLanguage\":\"pt-BR\"},{\"@type\":\"Person\",\"@id\":\"https:\/\/portalmf.com.br\/#\/schema\/person\/9ec101baf56233e53520c26de5d6f6f0\",\"name\":\"Reda\u00e7\u00e3o Portal MF\",\"image\":{\"@type\":\"ImageObject\",\"inLanguage\":\"pt-BR\",\"@id\":\"https:\/\/portalmf.com.br\/#\/schema\/person\/image\/\",\"url\":\"https:\/\/secure.gravatar.com\/avatar\/41b9aaeb2100835f7c64362330f74c7f?s=96&d=mm&r=g\",\"contentUrl\":\"https:\/\/secure.gravatar.com\/avatar\/41b9aaeb2100835f7c64362330f74c7f?s=96&d=mm&r=g\",\"caption\":\"Reda\u00e7\u00e3o Portal MF\"},\"description\":\"Sejam bem-vindos o portal de informa\u00e7\u00f5es de entretenimento de Feira de Santana, desde 2006 realiza coberturas dos principais eventos com entrevistas exclusivas com as principais personalidades mundiais. Fique conectado tamb\u00e9m nas redes sociais.\",\"sameAs\":[\"http:\/\/www.portalmf.com.br\/\",\"https:\/\/www.facebook.com\/portalmfoficial\",\"https:\/\/www.instagram.com\/portalmf\/\",\"https:\/\/x.com\/https:\/\/x.com\/portalmfoficial\",\"https:\/\/www.youtube.com\/@portalmfoficial\"],\"url\":\"https:\/\/portalmf.com.br\/index.php\/author\/junior\/\"}]}<\/script>\n<!-- \/ Yoast SEO plugin. -->","yoast_head_json":{"title":"Ap\u00f3s fim do vel\u00f3rio, cortejo com corpo de Pel\u00e9 sai por ruas de Santos - Portal MF","robots":{"index":"index","follow":"follow","max-snippet":"max-snippet:-1","max-image-preview":"max-image-preview:large","max-video-preview":"max-video-preview:-1"},"canonical":"https:\/\/portalmf.com.br\/index.php\/2023\/01\/03\/apos-fim-do-velorio-cortejo-com-corpo-de-pele-sai-por-ruas-de-santos\/","og_locale":"pt_BR","og_type":"article","og_title":"Ap\u00f3s fim do vel\u00f3rio, cortejo com corpo de Pel\u00e9 sai por ruas de Santos - Portal MF","og_description":"Mais de 230 mil torcedores prestaram as \u00faltimas homenagens ao \u00eddolo mundial Pel\u00e9, cujo vel\u00f3rio aberto ao p\u00fablico chegou ao fim \u00e0s 10h (hor\u00e1rio de Bras\u00edlia) desta ter\u00e7a-feira (3), na Vila Belmiro, est\u00e1dio do\u00a0Santos. Uma hora antes do t\u00e9rmino da cerim\u00f4nia, o presidente Luiz In\u00e1cio Lula da Silva chegou para dar o \u00faltimo adeus ao [&hellip;]","og_url":"https:\/\/portalmf.com.br\/index.php\/2023\/01\/03\/apos-fim-do-velorio-cortejo-com-corpo-de-pele-sai-por-ruas-de-santos\/","og_site_name":"Portal MF","article_author":"https:\/\/www.facebook.com\/portalmfoficial","article_published_time":"2023-01-03T19:53:04+00:00","article_modified_time":"2023-01-03T19:53:05+00:00","og_image":[{"width":1170,"height":700,"url":"https:\/\/portalmf.com.br\/wp-content\/uploads\/2023\/01\/pele-enterro.jpg","type":"image\/jpeg"}],"author":"Reda\u00e7\u00e3o Portal MF","twitter_card":"summary_large_image","twitter_creator":"@https:\/\/x.com\/portalmfoficial","twitter_misc":{"Escrito por":"Reda\u00e7\u00e3o Portal MF","Est. tempo de leitura":"3 minutos"},"schema":{"@context":"https:\/\/schema.org","@graph":[{"@type":"WebPage","@id":"https:\/\/portalmf.com.br\/index.php\/2023\/01\/03\/apos-fim-do-velorio-cortejo-com-corpo-de-pele-sai-por-ruas-de-santos\/","url":"https:\/\/portalmf.com.br\/index.php\/2023\/01\/03\/apos-fim-do-velorio-cortejo-com-corpo-de-pele-sai-por-ruas-de-santos\/","name":"Ap\u00f3s fim do vel\u00f3rio, cortejo com corpo de Pel\u00e9 sai por ruas de Santos - Portal MF","isPartOf":{"@id":"https:\/\/portalmf.com.br\/#website"},"primaryImageOfPage":{"@id":"https:\/\/portalmf.com.br\/index.php\/2023\/01\/03\/apos-fim-do-velorio-cortejo-com-corpo-de-pele-sai-por-ruas-de-santos\/#primaryimage"},"image":{"@id":"https:\/\/portalmf.com.br\/index.php\/2023\/01\/03\/apos-fim-do-velorio-cortejo-com-corpo-de-pele-sai-por-ruas-de-santos\/#primaryimage"},"thumbnailUrl":"https:\/\/portalmf.com.br\/wp-content\/uploads\/2023\/01\/pele-enterro.jpg","datePublished":"2023-01-03T19:53:04+00:00","dateModified":"2023-01-03T19:53:05+00:00","author":{"@id":"https:\/\/portalmf.com.br\/#\/schema\/person\/9ec101baf56233e53520c26de5d6f6f0"},"breadcrumb":{"@id":"https:\/\/portalmf.com.br\/index.php\/2023\/01\/03\/apos-fim-do-velorio-cortejo-com-corpo-de-pele-sai-por-ruas-de-santos\/#breadcrumb"},"inLanguage":"pt-BR","potentialAction":[{"@type":"ReadAction","target":["https:\/\/portalmf.com.br\/index.php\/2023\/01\/03\/apos-fim-do-velorio-cortejo-com-corpo-de-pele-sai-por-ruas-de-santos\/"]}]},{"@type":"ImageObject","inLanguage":"pt-BR","@id":"https:\/\/portalmf.com.br\/index.php\/2023\/01\/03\/apos-fim-do-velorio-cortejo-com-corpo-de-pele-sai-por-ruas-de-santos\/#primaryimage","url":"https:\/\/portalmf.com.br\/wp-content\/uploads\/2023\/01\/pele-enterro.jpg","contentUrl":"https:\/\/portalmf.com.br\/wp-content\/uploads\/2023\/01\/pele-enterro.jpg","width":1170,"height":700,"caption":"Foto: Rovena Rosa\/Ag\u00eancia Brasil"},{"@type":"BreadcrumbList","@id":"https:\/\/portalmf.com.br\/index.php\/2023\/01\/03\/apos-fim-do-velorio-cortejo-com-corpo-de-pele-sai-por-ruas-de-santos\/#breadcrumb","itemListElement":[{"@type":"ListItem","position":1,"name":"In\u00edcio","item":"https:\/\/portalmf.com.br\/"},{"@type":"ListItem","position":2,"name":"Ap\u00f3s fim do vel\u00f3rio, cortejo com corpo de Pel\u00e9 sai por ruas de Santos"}]},{"@type":"WebSite","@id":"https:\/\/portalmf.com.br\/#website","url":"https:\/\/portalmf.com.br\/","name":"Portal MF","description":"Voc\u00ea conectado com a informa\u00e7\u00e3o","potentialAction":[{"@type":"SearchAction","target":{"@type":"EntryPoint","urlTemplate":"https:\/\/portalmf.com.br\/?s={search_term_string}"},"query-input":"required name=search_term_string"}],"inLanguage":"pt-BR"},{"@type":"Person","@id":"https:\/\/portalmf.com.br\/#\/schema\/person\/9ec101baf56233e53520c26de5d6f6f0","name":"Reda\u00e7\u00e3o Portal MF","image":{"@type":"ImageObject","inLanguage":"pt-BR","@id":"https:\/\/portalmf.com.br\/#\/schema\/person\/image\/","url":"https:\/\/secure.gravatar.com\/avatar\/41b9aaeb2100835f7c64362330f74c7f?s=96&d=mm&r=g","contentUrl":"https:\/\/secure.gravatar.com\/avatar\/41b9aaeb2100835f7c64362330f74c7f?s=96&d=mm&r=g","caption":"Reda\u00e7\u00e3o Portal MF"},"description":"Sejam bem-vindos o portal de informa\u00e7\u00f5es de entretenimento de Feira de Santana, desde 2006 realiza coberturas dos principais eventos com entrevistas exclusivas com as principais personalidades mundiais. Fique conectado tamb\u00e9m nas redes sociais.","sameAs":["http:\/\/www.portalmf.com.br\/","https:\/\/www.facebook.com\/portalmfoficial","https:\/\/www.instagram.com\/portalmf\/","https:\/\/x.com\/https:\/\/x.com\/portalmfoficial","https:\/\/www.youtube.com\/@portalmfoficial"],"url":"https:\/\/portalmf.com.br\/index.php\/author\/junior\/"}]}},"_links":{"self":[{"href":"https:\/\/portalmf.com.br\/index.php\/wp-json\/wp\/v2\/posts\/7516"}],"collection":[{"href":"https:\/\/portalmf.com.br\/index.php\/wp-json\/wp\/v2\/posts"}],"about":[{"href":"https:\/\/portalmf.com.br\/index.php\/wp-json\/wp\/v2\/types\/post"}],"author":[{"embeddable":true,"href":"https:\/\/portalmf.com.br\/index.php\/wp-json\/wp\/v2\/users\/3"}],"replies":[{"embeddable":true,"href":"https:\/\/portalmf.com.br\/index.php\/wp-json\/wp\/v2\/comments?post=7516"}],"version-history":[{"count":1,"href":"https:\/\/portalmf.com.br\/index.php\/wp-json\/wp\/v2\/posts\/7516\/revisions"}],"predecessor-version":[{"id":7518,"href":"https:\/\/portalmf.com.br\/index.php\/wp-json\/wp\/v2\/posts\/7516\/revisions\/7518"}],"wp:featuredmedia":[{"embeddable":true,"href":"https:\/\/portalmf.com.br\/index.php\/wp-json\/wp\/v2\/media\/7517"}],"wp:attachment":[{"href":"https:\/\/portalmf.com.br\/index.php\/wp-json\/wp\/v2\/media?parent=7516"}],"wp:term":[{"taxonomy":"category","embeddable":true,"href":"https:\/\/portalmf.com.br\/index.php\/wp-json\/wp\/v2\/categories?post=7516"},{"taxonomy":"post_tag","embeddable":true,"href":"https:\/\/portalmf.com.br\/index.php\/wp-json\/wp\/v2\/tags?post=7516"}],"curies":[{"name":"wp","href":"https:\/\/api.w.org\/{rel}","templated":true}]}}