{"id":7510,"date":"2023-01-03T16:47:01","date_gmt":"2023-01-03T19:47:01","guid":{"rendered":"https:\/\/portalmf.com.br\/?p=7510"},"modified":"2023-01-03T16:47:02","modified_gmt":"2023-01-03T19:47:02","slug":"secretariado-da-nova-gestao-governamental-e-empossado-nesta-terca-feira-3","status":"publish","type":"post","link":"https:\/\/portalmf.com.br\/index.php\/2023\/01\/03\/secretariado-da-nova-gestao-governamental-e-empossado-nesta-terca-feira-3\/","title":{"rendered":"Secretariado da nova gest\u00e3o governamental \u00e9 empossado nesta ter\u00e7a-feira (3)"},"content":{"rendered":"\n<p>Secret\u00e1rios e secret\u00e1rias da atual gest\u00e3o estadual foram empossados na manh\u00e3 desta ter\u00e7a-feira (3), pelo governador Jer\u00f4nimo Rodrigues e pelo vice, Geraldo J\u00fanior, durante cerim\u00f4nia realizada na \u00e1rea verde da Assembleia Legislativa da Bahia (Alba). Assumiram os cargos os secret\u00e1rios e a Procuradora Geral do Estado, al\u00e9m de superintendentes de programas voltados para o combate \u00e0 fome e \u00e0s pol\u00edticas para a juventude.<\/p>\n\n\n\n<p>Na ocasi\u00e3o, durante coletiva de imprensa, o governador Jer\u00f4nimo Rodrigues destacou a import\u00e2ncia da reforma administrativa para dinamizar e melhorar a gest\u00e3o p\u00fablica, considerando as necessidades e a dimens\u00e3o da Bahia.<em> <\/em><\/p>\n\n\n\n<p><em>\u201cQuando a gente modifica a estrutura de controle dos gastos, de capta\u00e7\u00e3o de recursos, temos que considerar o tamanho do estado e todas as complexidades. E n\u00f3s vamos interiorizar ainda mais as pol\u00edticas p\u00fablicas, por isso, apresentamos um corpo de secretariado com este perfil inovador. Por conta da evolu\u00e7\u00e3o hist\u00f3rica, temos o objetivo de garantir mais mulheres no nosso secretariado, e trazer mais jovens\u201d<\/em>, detalhou.<\/p>\n\n\n\n<p>Dentre as mudan\u00e7as apresentadas est\u00e1 a extin\u00e7\u00e3o da Secretaria de Justi\u00e7a, Direitos Humanos e Desenvolvimento Social, que passa a ser atendida por duas pastas: Justi\u00e7a e Direitos Humanos (SJDH), sob a gest\u00e3o do secret\u00e1rio Felipe Freitas, e a Secretaria da Assist\u00eancia e Desenvolvimento Social (Seades), que tem \u00e0 frente a titular Fabya Reis. J\u00e1 a Secretaria de Promo\u00e7\u00e3o da Igualdade Racial, foi transformada em Secretaria da Igualdade Racial e dos Povos e Comunidades Tradicionais (Sepromi), que passa a ter como gestora \u00c2ngela Guimar\u00e3es.<\/p>\n\n\n\n<p>Tamb\u00e9m tomaram posse o secret\u00e1rio da Casa Civil, Afonso Florence, a Procuradora Geral do Estado, B\u00e1rbara Camardelli, a Superintendente de Pol\u00edticas para os Povos Ind\u00edgenas, Patr\u00edcia Patax\u00f3 e os titulares de duas novas coordena\u00e7\u00f5es gerais, a do Programa Bahia sem Fome, que ser\u00e1 comandada por Tiago Pereira Costa, e a de Pol\u00edticas para a Juventude, que ter\u00e1 \u00e0 frente&nbsp;&nbsp;&nbsp;Nivaldo Millet. A cerim\u00f4nia de posse da secret\u00e1ria de Desenvolvimento Urbano, Jusmari Oliveira, se dar\u00e1 assim que ela for licenciada do cargo de Deputada Federal.<\/p>\n\n\n\n<p><strong>Educa\u00e7\u00e3o e Sa\u00fade<\/strong><\/p>\n\n\n\n<p>A secret\u00e1ria da Educa\u00e7\u00e3o Ad\u00e9lia Pinheiro falou sobre as a\u00e7\u00f5es para estabelecer estrat\u00e9gias para o desenvolvimento das estruturas educacionais do Estado de forma integrada.<em> \u201cSeguimos com o fortalecimento da educa\u00e7\u00e3o b\u00e1sica e da rela\u00e7\u00e3o entre a Secretaria e os munic\u00edpios, para que possamos ter uma rede estadual fortalecida, recebendo as crian\u00e7as e os jovens que v\u00eam das redes municipais, seguindo com o ensino m\u00e9dio, o profissional e tecnol\u00f3gico e tamb\u00e9m com a educa\u00e7\u00e3o superior, fortalecendo as nossas estaduais. Mas tamb\u00e9m sempre muito pr\u00f3ximos com todas as universidades, institutos federais que comp\u00f5em a educa\u00e7\u00e3o superior no nosso estado\u201d<\/em>, frisou.\u00a0<\/p>\n\n\n\n<p>Na pasta da Sa\u00fade, a secret\u00e1ria Roberta Santana destaca a import\u00e2ncia das pol\u00edticas p\u00fablicas para extin\u00e7\u00e3o da mis\u00e9ria como essenciais para a conquista de melhores \u00edndices na sa\u00fade.\u00a0\u00a0<\/p>\n\n\n\n<p><em>\u201cO governador nos faz um grande chamamento, com o desenho da reforma do combate \u00e0 fome, \u00e0 pobreza e \u00e0 desigualdade. Dentro dessa perspectiva a sa\u00fade se alinha. \u00d3bvio que quando a gente trabalha no combate \u00e0 pobreza e \u00e0 fome, tamb\u00e9m trabalhamos numa popula\u00e7\u00e3o mais saud\u00e1vel. Temos outras a\u00e7\u00f5es em andamento, como a qualifica\u00e7\u00e3o do acesso. Nos \u00faltimos anos tivemos um grande investimento na \u00e1rea,\u00a0\u00a0e trabalhamos agora para avan\u00e7ar nos modelos de gest\u00e3o, no aprimoramento dos processos e dos fluxos\u201d,<\/em> explicou.<\/p>\n","protected":false},"excerpt":{"rendered":"<p>Secret\u00e1rios e secret\u00e1rias da atual gest\u00e3o estadual foram empossados na manh\u00e3 desta ter\u00e7a-feira (3), pelo governador Jer\u00f4nimo Rodrigues e pelo vice, Geraldo J\u00fanior, durante cerim\u00f4nia realizada na \u00e1rea verde da Assembleia Legislativa da Bahia (Alba). Assumiram os cargos os secret\u00e1rios e a Procuradora Geral do Estado, al\u00e9m de superintendentes de programas voltados para o combate [&hellip;]<\/p>\n","protected":false},"author":3,"featured_media":7511,"comment_status":"open","ping_status":"open","sticky":false,"template":"","format":"standard","meta":{"_monsterinsights_skip_tracking":false,"_monsterinsights_sitenote_active":false,"_monsterinsights_sitenote_note":"","_monsterinsights_sitenote_category":0,"footnotes":""},"categories":[34],"tags":[],"yoast_head":"<!-- This site is optimized with the Yoast SEO plugin v22.9 - https:\/\/yoast.com\/wordpress\/plugins\/seo\/ -->\n<title>Secretariado da nova gest\u00e3o governamental \u00e9 empossado nesta ter\u00e7a-feira (3) - Portal MF<\/title>\n<meta name=\"robots\" content=\"index, follow, max-snippet:-1, max-image-preview:large, max-video-preview:-1\" \/>\n<link rel=\"canonical\" href=\"https:\/\/portalmf.com.br\/index.php\/2023\/01\/03\/secretariado-da-nova-gestao-governamental-e-empossado-nesta-terca-feira-3\/\" \/>\n<meta property=\"og:locale\" content=\"pt_BR\" \/>\n<meta property=\"og:type\" content=\"article\" \/>\n<meta property=\"og:title\" content=\"Secretariado da nova gest\u00e3o governamental \u00e9 empossado nesta ter\u00e7a-feira (3) - Portal MF\" \/>\n<meta property=\"og:description\" content=\"Secret\u00e1rios e secret\u00e1rias da atual gest\u00e3o estadual foram empossados na manh\u00e3 desta ter\u00e7a-feira (3), pelo governador Jer\u00f4nimo Rodrigues e pelo vice, Geraldo J\u00fanior, durante cerim\u00f4nia realizada na \u00e1rea verde da Assembleia Legislativa da Bahia (Alba). Assumiram os cargos os secret\u00e1rios e a Procuradora Geral do Estado, al\u00e9m de superintendentes de programas voltados para o combate [&hellip;]\" \/>\n<meta property=\"og:url\" content=\"https:\/\/portalmf.com.br\/index.php\/2023\/01\/03\/secretariado-da-nova-gestao-governamental-e-empossado-nesta-terca-feira-3\/\" \/>\n<meta property=\"og:site_name\" content=\"Portal MF\" \/>\n<meta property=\"article:author\" content=\"https:\/\/www.facebook.com\/portalmfoficial\" \/>\n<meta property=\"article:published_time\" content=\"2023-01-03T19:47:01+00:00\" \/>\n<meta property=\"article:modified_time\" content=\"2023-01-03T19:47:02+00:00\" \/>\n<meta property=\"og:image\" content=\"https:\/\/portalmf.com.br\/wp-content\/uploads\/2023\/01\/Foto-Joa-SouzaGOVBA.jpg\" \/>\n\t<meta property=\"og:image:width\" content=\"1600\" \/>\n\t<meta property=\"og:image:height\" content=\"1066\" \/>\n\t<meta property=\"og:image:type\" content=\"image\/jpeg\" \/>\n<meta name=\"author\" content=\"Reda\u00e7\u00e3o Portal MF\" \/>\n<meta name=\"twitter:card\" content=\"summary_large_image\" \/>\n<meta name=\"twitter:creator\" content=\"@https:\/\/x.com\/portalmfoficial\" \/>\n<meta name=\"twitter:label1\" content=\"Escrito por\" \/>\n\t<meta name=\"twitter:data1\" content=\"Reda\u00e7\u00e3o Portal MF\" \/>\n\t<meta name=\"twitter:label2\" content=\"Est. tempo de leitura\" \/>\n\t<meta name=\"twitter:data2\" content=\"3 minutos\" \/>\n<script type=\"application\/ld+json\" class=\"yoast-schema-graph\">{\"@context\":\"https:\/\/schema.org\",\"@graph\":[{\"@type\":\"WebPage\",\"@id\":\"https:\/\/portalmf.com.br\/index.php\/2023\/01\/03\/secretariado-da-nova-gestao-governamental-e-empossado-nesta-terca-feira-3\/\",\"url\":\"https:\/\/portalmf.com.br\/index.php\/2023\/01\/03\/secretariado-da-nova-gestao-governamental-e-empossado-nesta-terca-feira-3\/\",\"name\":\"Secretariado da nova gest\u00e3o governamental \u00e9 empossado nesta ter\u00e7a-feira (3) - Portal MF\",\"isPartOf\":{\"@id\":\"https:\/\/portalmf.com.br\/#website\"},\"primaryImageOfPage\":{\"@id\":\"https:\/\/portalmf.com.br\/index.php\/2023\/01\/03\/secretariado-da-nova-gestao-governamental-e-empossado-nesta-terca-feira-3\/#primaryimage\"},\"image\":{\"@id\":\"https:\/\/portalmf.com.br\/index.php\/2023\/01\/03\/secretariado-da-nova-gestao-governamental-e-empossado-nesta-terca-feira-3\/#primaryimage\"},\"thumbnailUrl\":\"https:\/\/portalmf.com.br\/wp-content\/uploads\/2023\/01\/Foto-Joa-SouzaGOVBA.jpg\",\"datePublished\":\"2023-01-03T19:47:01+00:00\",\"dateModified\":\"2023-01-03T19:47:02+00:00\",\"author\":{\"@id\":\"https:\/\/portalmf.com.br\/#\/schema\/person\/9ec101baf56233e53520c26de5d6f6f0\"},\"breadcrumb\":{\"@id\":\"https:\/\/portalmf.com.br\/index.php\/2023\/01\/03\/secretariado-da-nova-gestao-governamental-e-empossado-nesta-terca-feira-3\/#breadcrumb\"},\"inLanguage\":\"pt-BR\",\"potentialAction\":[{\"@type\":\"ReadAction\",\"target\":[\"https:\/\/portalmf.com.br\/index.php\/2023\/01\/03\/secretariado-da-nova-gestao-governamental-e-empossado-nesta-terca-feira-3\/\"]}]},{\"@type\":\"ImageObject\",\"inLanguage\":\"pt-BR\",\"@id\":\"https:\/\/portalmf.com.br\/index.php\/2023\/01\/03\/secretariado-da-nova-gestao-governamental-e-empossado-nesta-terca-feira-3\/#primaryimage\",\"url\":\"https:\/\/portalmf.com.br\/wp-content\/uploads\/2023\/01\/Foto-Joa-SouzaGOVBA.jpg\",\"contentUrl\":\"https:\/\/portalmf.com.br\/wp-content\/uploads\/2023\/01\/Foto-Joa-SouzaGOVBA.jpg\",\"width\":1600,\"height\":1066,\"caption\":\"Foto Jo\u00e1 SouzaGOVBA\"},{\"@type\":\"BreadcrumbList\",\"@id\":\"https:\/\/portalmf.com.br\/index.php\/2023\/01\/03\/secretariado-da-nova-gestao-governamental-e-empossado-nesta-terca-feira-3\/#breadcrumb\",\"itemListElement\":[{\"@type\":\"ListItem\",\"position\":1,\"name\":\"In\u00edcio\",\"item\":\"https:\/\/portalmf.com.br\/\"},{\"@type\":\"ListItem\",\"position\":2,\"name\":\"Secretariado da nova gest\u00e3o governamental \u00e9 empossado nesta ter\u00e7a-feira (3)\"}]},{\"@type\":\"WebSite\",\"@id\":\"https:\/\/portalmf.com.br\/#website\",\"url\":\"https:\/\/portalmf.com.br\/\",\"name\":\"Portal MF\",\"description\":\"Voc\u00ea conectado com a informa\u00e7\u00e3o\",\"potentialAction\":[{\"@type\":\"SearchAction\",\"target\":{\"@type\":\"EntryPoint\",\"urlTemplate\":\"https:\/\/portalmf.com.br\/?s={search_term_string}\"},\"query-input\":\"required name=search_term_string\"}],\"inLanguage\":\"pt-BR\"},{\"@type\":\"Person\",\"@id\":\"https:\/\/portalmf.com.br\/#\/schema\/person\/9ec101baf56233e53520c26de5d6f6f0\",\"name\":\"Reda\u00e7\u00e3o Portal MF\",\"image\":{\"@type\":\"ImageObject\",\"inLanguage\":\"pt-BR\",\"@id\":\"https:\/\/portalmf.com.br\/#\/schema\/person\/image\/\",\"url\":\"https:\/\/secure.gravatar.com\/avatar\/41b9aaeb2100835f7c64362330f74c7f?s=96&d=mm&r=g\",\"contentUrl\":\"https:\/\/secure.gravatar.com\/avatar\/41b9aaeb2100835f7c64362330f74c7f?s=96&d=mm&r=g\",\"caption\":\"Reda\u00e7\u00e3o Portal MF\"},\"description\":\"Sejam bem-vindos o portal de informa\u00e7\u00f5es de entretenimento de Feira de Santana, desde 2006 realiza coberturas dos principais eventos com entrevistas exclusivas com as principais personalidades mundiais. Fique conectado tamb\u00e9m nas redes sociais.\",\"sameAs\":[\"http:\/\/www.portalmf.com.br\/\",\"https:\/\/www.facebook.com\/portalmfoficial\",\"https:\/\/www.instagram.com\/portalmf\/\",\"https:\/\/x.com\/https:\/\/x.com\/portalmfoficial\",\"https:\/\/www.youtube.com\/@portalmfoficial\"],\"url\":\"https:\/\/portalmf.com.br\/index.php\/author\/junior\/\"}]}<\/script>\n<!-- \/ Yoast SEO plugin. -->","yoast_head_json":{"title":"Secretariado da nova gest\u00e3o governamental \u00e9 empossado nesta ter\u00e7a-feira (3) - Portal MF","robots":{"index":"index","follow":"follow","max-snippet":"max-snippet:-1","max-image-preview":"max-image-preview:large","max-video-preview":"max-video-preview:-1"},"canonical":"https:\/\/portalmf.com.br\/index.php\/2023\/01\/03\/secretariado-da-nova-gestao-governamental-e-empossado-nesta-terca-feira-3\/","og_locale":"pt_BR","og_type":"article","og_title":"Secretariado da nova gest\u00e3o governamental \u00e9 empossado nesta ter\u00e7a-feira (3) - Portal MF","og_description":"Secret\u00e1rios e secret\u00e1rias da atual gest\u00e3o estadual foram empossados na manh\u00e3 desta ter\u00e7a-feira (3), pelo governador Jer\u00f4nimo Rodrigues e pelo vice, Geraldo J\u00fanior, durante cerim\u00f4nia realizada na \u00e1rea verde da Assembleia Legislativa da Bahia (Alba). Assumiram os cargos os secret\u00e1rios e a Procuradora Geral do Estado, al\u00e9m de superintendentes de programas voltados para o combate [&hellip;]","og_url":"https:\/\/portalmf.com.br\/index.php\/2023\/01\/03\/secretariado-da-nova-gestao-governamental-e-empossado-nesta-terca-feira-3\/","og_site_name":"Portal MF","article_author":"https:\/\/www.facebook.com\/portalmfoficial","article_published_time":"2023-01-03T19:47:01+00:00","article_modified_time":"2023-01-03T19:47:02+00:00","og_image":[{"width":1600,"height":1066,"url":"https:\/\/portalmf.com.br\/wp-content\/uploads\/2023\/01\/Foto-Joa-SouzaGOVBA.jpg","type":"image\/jpeg"}],"author":"Reda\u00e7\u00e3o Portal MF","twitter_card":"summary_large_image","twitter_creator":"@https:\/\/x.com\/portalmfoficial","twitter_misc":{"Escrito por":"Reda\u00e7\u00e3o Portal MF","Est. tempo de leitura":"3 minutos"},"schema":{"@context":"https:\/\/schema.org","@graph":[{"@type":"WebPage","@id":"https:\/\/portalmf.com.br\/index.php\/2023\/01\/03\/secretariado-da-nova-gestao-governamental-e-empossado-nesta-terca-feira-3\/","url":"https:\/\/portalmf.com.br\/index.php\/2023\/01\/03\/secretariado-da-nova-gestao-governamental-e-empossado-nesta-terca-feira-3\/","name":"Secretariado da nova gest\u00e3o governamental \u00e9 empossado nesta ter\u00e7a-feira (3) - Portal MF","isPartOf":{"@id":"https:\/\/portalmf.com.br\/#website"},"primaryImageOfPage":{"@id":"https:\/\/portalmf.com.br\/index.php\/2023\/01\/03\/secretariado-da-nova-gestao-governamental-e-empossado-nesta-terca-feira-3\/#primaryimage"},"image":{"@id":"https:\/\/portalmf.com.br\/index.php\/2023\/01\/03\/secretariado-da-nova-gestao-governamental-e-empossado-nesta-terca-feira-3\/#primaryimage"},"thumbnailUrl":"https:\/\/portalmf.com.br\/wp-content\/uploads\/2023\/01\/Foto-Joa-SouzaGOVBA.jpg","datePublished":"2023-01-03T19:47:01+00:00","dateModified":"2023-01-03T19:47:02+00:00","author":{"@id":"https:\/\/portalmf.com.br\/#\/schema\/person\/9ec101baf56233e53520c26de5d6f6f0"},"breadcrumb":{"@id":"https:\/\/portalmf.com.br\/index.php\/2023\/01\/03\/secretariado-da-nova-gestao-governamental-e-empossado-nesta-terca-feira-3\/#breadcrumb"},"inLanguage":"pt-BR","potentialAction":[{"@type":"ReadAction","target":["https:\/\/portalmf.com.br\/index.php\/2023\/01\/03\/secretariado-da-nova-gestao-governamental-e-empossado-nesta-terca-feira-3\/"]}]},{"@type":"ImageObject","inLanguage":"pt-BR","@id":"https:\/\/portalmf.com.br\/index.php\/2023\/01\/03\/secretariado-da-nova-gestao-governamental-e-empossado-nesta-terca-feira-3\/#primaryimage","url":"https:\/\/portalmf.com.br\/wp-content\/uploads\/2023\/01\/Foto-Joa-SouzaGOVBA.jpg","contentUrl":"https:\/\/portalmf.com.br\/wp-content\/uploads\/2023\/01\/Foto-Joa-SouzaGOVBA.jpg","width":1600,"height":1066,"caption":"Foto Jo\u00e1 SouzaGOVBA"},{"@type":"BreadcrumbList","@id":"https:\/\/portalmf.com.br\/index.php\/2023\/01\/03\/secretariado-da-nova-gestao-governamental-e-empossado-nesta-terca-feira-3\/#breadcrumb","itemListElement":[{"@type":"ListItem","position":1,"name":"In\u00edcio","item":"https:\/\/portalmf.com.br\/"},{"@type":"ListItem","position":2,"name":"Secretariado da nova gest\u00e3o governamental \u00e9 empossado nesta ter\u00e7a-feira (3)"}]},{"@type":"WebSite","@id":"https:\/\/portalmf.com.br\/#website","url":"https:\/\/portalmf.com.br\/","name":"Portal MF","description":"Voc\u00ea conectado com a informa\u00e7\u00e3o","potentialAction":[{"@type":"SearchAction","target":{"@type":"EntryPoint","urlTemplate":"https:\/\/portalmf.com.br\/?s={search_term_string}"},"query-input":"required name=search_term_string"}],"inLanguage":"pt-BR"},{"@type":"Person","@id":"https:\/\/portalmf.com.br\/#\/schema\/person\/9ec101baf56233e53520c26de5d6f6f0","name":"Reda\u00e7\u00e3o Portal MF","image":{"@type":"ImageObject","inLanguage":"pt-BR","@id":"https:\/\/portalmf.com.br\/#\/schema\/person\/image\/","url":"https:\/\/secure.gravatar.com\/avatar\/41b9aaeb2100835f7c64362330f74c7f?s=96&d=mm&r=g","contentUrl":"https:\/\/secure.gravatar.com\/avatar\/41b9aaeb2100835f7c64362330f74c7f?s=96&d=mm&r=g","caption":"Reda\u00e7\u00e3o Portal MF"},"description":"Sejam bem-vindos o portal de informa\u00e7\u00f5es de entretenimento de Feira de Santana, desde 2006 realiza coberturas dos principais eventos com entrevistas exclusivas com as principais personalidades mundiais. Fique conectado tamb\u00e9m nas redes sociais.","sameAs":["http:\/\/www.portalmf.com.br\/","https:\/\/www.facebook.com\/portalmfoficial","https:\/\/www.instagram.com\/portalmf\/","https:\/\/x.com\/https:\/\/x.com\/portalmfoficial","https:\/\/www.youtube.com\/@portalmfoficial"],"url":"https:\/\/portalmf.com.br\/index.php\/author\/junior\/"}]}},"_links":{"self":[{"href":"https:\/\/portalmf.com.br\/index.php\/wp-json\/wp\/v2\/posts\/7510"}],"collection":[{"href":"https:\/\/portalmf.com.br\/index.php\/wp-json\/wp\/v2\/posts"}],"about":[{"href":"https:\/\/portalmf.com.br\/index.php\/wp-json\/wp\/v2\/types\/post"}],"author":[{"embeddable":true,"href":"https:\/\/portalmf.com.br\/index.php\/wp-json\/wp\/v2\/users\/3"}],"replies":[{"embeddable":true,"href":"https:\/\/portalmf.com.br\/index.php\/wp-json\/wp\/v2\/comments?post=7510"}],"version-history":[{"count":1,"href":"https:\/\/portalmf.com.br\/index.php\/wp-json\/wp\/v2\/posts\/7510\/revisions"}],"predecessor-version":[{"id":7512,"href":"https:\/\/portalmf.com.br\/index.php\/wp-json\/wp\/v2\/posts\/7510\/revisions\/7512"}],"wp:featuredmedia":[{"embeddable":true,"href":"https:\/\/portalmf.com.br\/index.php\/wp-json\/wp\/v2\/media\/7511"}],"wp:attachment":[{"href":"https:\/\/portalmf.com.br\/index.php\/wp-json\/wp\/v2\/media?parent=7510"}],"wp:term":[{"taxonomy":"category","embeddable":true,"href":"https:\/\/portalmf.com.br\/index.php\/wp-json\/wp\/v2\/categories?post=7510"},{"taxonomy":"post_tag","embeddable":true,"href":"https:\/\/portalmf.com.br\/index.php\/wp-json\/wp\/v2\/tags?post=7510"}],"curies":[{"name":"wp","href":"https:\/\/api.w.org\/{rel}","templated":true}]}}