{"id":7506,"date":"2023-01-02T08:38:00","date_gmt":"2023-01-02T11:38:00","guid":{"rendered":"https:\/\/portalmf.com.br\/?p=7506"},"modified":"2023-01-03T16:41:33","modified_gmt":"2023-01-03T19:41:33","slug":"jeronimo-participa-de-cerimonia-de-posse-de-margareth-menezes-no-ministerio-da-cultura","status":"publish","type":"post","link":"https:\/\/portalmf.com.br\/index.php\/2023\/01\/02\/jeronimo-participa-de-cerimonia-de-posse-de-margareth-menezes-no-ministerio-da-cultura\/","title":{"rendered":"Jer\u00f4nimo participa de cerim\u00f4nia de posse de Margareth Menezes no Minist\u00e9rio da Cultura"},"content":{"rendered":"\n<p>O governador Jer\u00f4nimo Rodrigues cumpriu agenda em Bras\u00edlia, ao longo desta segunda-feira (2), onde participou, no in\u00edcio da noite, da cerim\u00f4nia de posse da ministra baiana Margareth Menezes no Minist\u00e9rio da Cultura (Minc). A solenidade foi realizada no Museu Nacional da Rep\u00fablica e contou com a presen\u00e7a de artistas e de outras autoridades. Entre elas a historiadora Lilia Schwarcz, a escritora Elisa Lucinda e a primeira dama do Brasil, Janja Lula.<\/p>\n\n\n<div class=\"wp-block-image\">\n<figure class=\"alignleft size-medium\"><img fetchpriority=\"high\" decoding=\"async\" width=\"225\" height=\"300\" src=\"https:\/\/portalmf.com.br\/wp-content\/uploads\/2023\/01\/Posse-da-ministra-da-Cultura-Margareth-Meneze-225x300.jpeg\" alt=\"\" class=\"wp-image-7507\" srcset=\"https:\/\/portalmf.com.br\/wp-content\/uploads\/2023\/01\/Posse-da-ministra-da-Cultura-Margareth-Meneze-225x300.jpeg 225w, https:\/\/portalmf.com.br\/wp-content\/uploads\/2023\/01\/Posse-da-ministra-da-Cultura-Margareth-Meneze-768x1024.jpeg 768w, https:\/\/portalmf.com.br\/wp-content\/uploads\/2023\/01\/Posse-da-ministra-da-Cultura-Margareth-Meneze-1152x1536.jpeg 1152w, https:\/\/portalmf.com.br\/wp-content\/uploads\/2023\/01\/Posse-da-ministra-da-Cultura-Margareth-Meneze-1170x1560.jpeg 1170w, https:\/\/portalmf.com.br\/wp-content\/uploads\/2023\/01\/Posse-da-ministra-da-Cultura-Margareth-Meneze-585x780.jpeg 585w, https:\/\/portalmf.com.br\/wp-content\/uploads\/2023\/01\/Posse-da-ministra-da-Cultura-Margareth-Meneze.jpeg 1200w\" sizes=\"(max-width: 225px) 100vw, 225px\" \/><\/figure><\/div>\n\n\n<p>Durante a cerim\u00f4nia, o governador falou sobre o simbolismo de ter um dos grandes nomes da m\u00fasica baiana como maior representante nacional da cultura. <\/p>\n\n\n\n<p><em>\u201cTrazer para essa pasta uma artista, uma cantora, uma mulher, uma negra e uma empreendedora social. Margareth tem um projeto muito bonito e faz gest\u00e3o e articula\u00e7\u00e3o entre a cultura e a inclus\u00e3o. Eu conhe\u00e7o muito bem o projeto de Margareth e tenho certeza que a presen\u00e7a dela no minist\u00e9rio fortalece o papel da cultura brasileira\u201d,<\/em> frisa<\/p>\n\n\n\n<p>Em sua fala, a ministra destacou o papel social do Minist\u00e9rio da Cultura para o pa\u00eds e para os artistas e \u201cfazedores de cultura\u201d. Ela afirmou que \u201co Minc \u00e9 uma conquista da cultura brasileira e dos trabalhadores e trabalhadoras dessa \u00e1rea, que, desde a sua funda\u00e7\u00e3o, v\u00eam buscando ter o seu lugar, seu minist\u00e9rio, pelo que ele representa em termos de reconhecimento da sua identidade\u201d.<\/p>\n\n\n\n<p>Durante a tarde, o governador Jer\u00f4nimo Rodrigues esteve presente nas solenidades de posse dos ministros de Rela\u00e7\u00f5es Institucionais da Presid\u00eancia da Rep\u00fablica, Alexandre Padilha; de Ci\u00eancia, Tecnologia e Inova\u00e7\u00e3o, Luciana Santos; do Desenvolvimento e Assist\u00eancia Social, Fam\u00edlia e Combate \u00e0 Fome, Wellington Dias; Al\u00e9m das cerim\u00f4nias nas quais foram empossados os ministros da Casa Civil, Rui Costa, e da Fazenda, Fernando Hadadd, ocorridas pela manh\u00e3.<\/p>\n","protected":false},"excerpt":{"rendered":"<p>O governador Jer\u00f4nimo Rodrigues cumpriu agenda em Bras\u00edlia, ao longo desta segunda-feira (2), onde participou, no in\u00edcio da noite, da cerim\u00f4nia de posse da ministra baiana Margareth Menezes no Minist\u00e9rio da Cultura (Minc). A solenidade foi realizada no Museu Nacional da Rep\u00fablica e contou com a presen\u00e7a de artistas e de outras autoridades. Entre elas [&hellip;]<\/p>\n","protected":false},"author":3,"featured_media":7508,"comment_status":"open","ping_status":"open","sticky":false,"template":"","format":"standard","meta":{"_monsterinsights_skip_tracking":false,"_monsterinsights_sitenote_active":false,"_monsterinsights_sitenote_note":"","_monsterinsights_sitenote_category":0,"footnotes":""},"categories":[40,34],"tags":[],"yoast_head":"<!-- This site is optimized with the Yoast SEO plugin v22.9 - https:\/\/yoast.com\/wordpress\/plugins\/seo\/ -->\n<title>Jer\u00f4nimo participa de cerim\u00f4nia de posse de Margareth Menezes no Minist\u00e9rio da Cultura - Portal MF<\/title>\n<meta name=\"robots\" content=\"index, follow, max-snippet:-1, max-image-preview:large, max-video-preview:-1\" \/>\n<link rel=\"canonical\" href=\"https:\/\/portalmf.com.br\/index.php\/2023\/01\/02\/jeronimo-participa-de-cerimonia-de-posse-de-margareth-menezes-no-ministerio-da-cultura\/\" \/>\n<meta property=\"og:locale\" content=\"pt_BR\" \/>\n<meta property=\"og:type\" content=\"article\" \/>\n<meta property=\"og:title\" content=\"Jer\u00f4nimo participa de cerim\u00f4nia de posse de Margareth Menezes no Minist\u00e9rio da Cultura - Portal MF\" \/>\n<meta property=\"og:description\" content=\"O governador Jer\u00f4nimo Rodrigues cumpriu agenda em Bras\u00edlia, ao longo desta segunda-feira (2), onde participou, no in\u00edcio da noite, da cerim\u00f4nia de posse da ministra baiana Margareth Menezes no Minist\u00e9rio da Cultura (Minc). A solenidade foi realizada no Museu Nacional da Rep\u00fablica e contou com a presen\u00e7a de artistas e de outras autoridades. Entre elas [&hellip;]\" \/>\n<meta property=\"og:url\" content=\"https:\/\/portalmf.com.br\/index.php\/2023\/01\/02\/jeronimo-participa-de-cerimonia-de-posse-de-margareth-menezes-no-ministerio-da-cultura\/\" \/>\n<meta property=\"og:site_name\" content=\"Portal MF\" \/>\n<meta property=\"article:author\" content=\"https:\/\/www.facebook.com\/portalmfoficial\" \/>\n<meta property=\"article:published_time\" content=\"2023-01-02T11:38:00+00:00\" \/>\n<meta property=\"article:modified_time\" content=\"2023-01-03T19:41:33+00:00\" \/>\n<meta property=\"og:image\" content=\"https:\/\/portalmf.com.br\/wp-content\/uploads\/2023\/01\/Posse-da-ministra-da-Cultura-Margareth-Menezes.jpeg\" \/>\n\t<meta property=\"og:image:width\" content=\"1280\" \/>\n\t<meta property=\"og:image:height\" content=\"960\" \/>\n\t<meta property=\"og:image:type\" content=\"image\/jpeg\" \/>\n<meta name=\"author\" content=\"Reda\u00e7\u00e3o Portal MF\" \/>\n<meta name=\"twitter:card\" content=\"summary_large_image\" \/>\n<meta name=\"twitter:creator\" content=\"@https:\/\/x.com\/portalmfoficial\" \/>\n<meta name=\"twitter:label1\" content=\"Escrito por\" \/>\n\t<meta name=\"twitter:data1\" content=\"Reda\u00e7\u00e3o Portal MF\" \/>\n\t<meta name=\"twitter:label2\" content=\"Est. tempo de leitura\" \/>\n\t<meta name=\"twitter:data2\" content=\"2 minutos\" \/>\n<script type=\"application\/ld+json\" class=\"yoast-schema-graph\">{\"@context\":\"https:\/\/schema.org\",\"@graph\":[{\"@type\":\"WebPage\",\"@id\":\"https:\/\/portalmf.com.br\/index.php\/2023\/01\/02\/jeronimo-participa-de-cerimonia-de-posse-de-margareth-menezes-no-ministerio-da-cultura\/\",\"url\":\"https:\/\/portalmf.com.br\/index.php\/2023\/01\/02\/jeronimo-participa-de-cerimonia-de-posse-de-margareth-menezes-no-ministerio-da-cultura\/\",\"name\":\"Jer\u00f4nimo participa de cerim\u00f4nia de posse de Margareth Menezes no Minist\u00e9rio da Cultura - Portal MF\",\"isPartOf\":{\"@id\":\"https:\/\/portalmf.com.br\/#website\"},\"primaryImageOfPage\":{\"@id\":\"https:\/\/portalmf.com.br\/index.php\/2023\/01\/02\/jeronimo-participa-de-cerimonia-de-posse-de-margareth-menezes-no-ministerio-da-cultura\/#primaryimage\"},\"image\":{\"@id\":\"https:\/\/portalmf.com.br\/index.php\/2023\/01\/02\/jeronimo-participa-de-cerimonia-de-posse-de-margareth-menezes-no-ministerio-da-cultura\/#primaryimage\"},\"thumbnailUrl\":\"https:\/\/portalmf.com.br\/wp-content\/uploads\/2023\/01\/Posse-da-ministra-da-Cultura-Margareth-Menezes.jpeg\",\"datePublished\":\"2023-01-02T11:38:00+00:00\",\"dateModified\":\"2023-01-03T19:41:33+00:00\",\"author\":{\"@id\":\"https:\/\/portalmf.com.br\/#\/schema\/person\/9ec101baf56233e53520c26de5d6f6f0\"},\"breadcrumb\":{\"@id\":\"https:\/\/portalmf.com.br\/index.php\/2023\/01\/02\/jeronimo-participa-de-cerimonia-de-posse-de-margareth-menezes-no-ministerio-da-cultura\/#breadcrumb\"},\"inLanguage\":\"pt-BR\",\"potentialAction\":[{\"@type\":\"ReadAction\",\"target\":[\"https:\/\/portalmf.com.br\/index.php\/2023\/01\/02\/jeronimo-participa-de-cerimonia-de-posse-de-margareth-menezes-no-ministerio-da-cultura\/\"]}]},{\"@type\":\"ImageObject\",\"inLanguage\":\"pt-BR\",\"@id\":\"https:\/\/portalmf.com.br\/index.php\/2023\/01\/02\/jeronimo-participa-de-cerimonia-de-posse-de-margareth-menezes-no-ministerio-da-cultura\/#primaryimage\",\"url\":\"https:\/\/portalmf.com.br\/wp-content\/uploads\/2023\/01\/Posse-da-ministra-da-Cultura-Margareth-Menezes.jpeg\",\"contentUrl\":\"https:\/\/portalmf.com.br\/wp-content\/uploads\/2023\/01\/Posse-da-ministra-da-Cultura-Margareth-Menezes.jpeg\",\"width\":1280,\"height\":960},{\"@type\":\"BreadcrumbList\",\"@id\":\"https:\/\/portalmf.com.br\/index.php\/2023\/01\/02\/jeronimo-participa-de-cerimonia-de-posse-de-margareth-menezes-no-ministerio-da-cultura\/#breadcrumb\",\"itemListElement\":[{\"@type\":\"ListItem\",\"position\":1,\"name\":\"In\u00edcio\",\"item\":\"https:\/\/portalmf.com.br\/\"},{\"@type\":\"ListItem\",\"position\":2,\"name\":\"Jer\u00f4nimo participa de cerim\u00f4nia de posse de Margareth Menezes no Minist\u00e9rio da Cultura\"}]},{\"@type\":\"WebSite\",\"@id\":\"https:\/\/portalmf.com.br\/#website\",\"url\":\"https:\/\/portalmf.com.br\/\",\"name\":\"Portal MF\",\"description\":\"Voc\u00ea conectado com a informa\u00e7\u00e3o\",\"potentialAction\":[{\"@type\":\"SearchAction\",\"target\":{\"@type\":\"EntryPoint\",\"urlTemplate\":\"https:\/\/portalmf.com.br\/?s={search_term_string}\"},\"query-input\":\"required name=search_term_string\"}],\"inLanguage\":\"pt-BR\"},{\"@type\":\"Person\",\"@id\":\"https:\/\/portalmf.com.br\/#\/schema\/person\/9ec101baf56233e53520c26de5d6f6f0\",\"name\":\"Reda\u00e7\u00e3o Portal MF\",\"image\":{\"@type\":\"ImageObject\",\"inLanguage\":\"pt-BR\",\"@id\":\"https:\/\/portalmf.com.br\/#\/schema\/person\/image\/\",\"url\":\"https:\/\/secure.gravatar.com\/avatar\/41b9aaeb2100835f7c64362330f74c7f?s=96&d=mm&r=g\",\"contentUrl\":\"https:\/\/secure.gravatar.com\/avatar\/41b9aaeb2100835f7c64362330f74c7f?s=96&d=mm&r=g\",\"caption\":\"Reda\u00e7\u00e3o Portal MF\"},\"description\":\"Sejam bem-vindos o portal de informa\u00e7\u00f5es de entretenimento de Feira de Santana, desde 2006 realiza coberturas dos principais eventos com entrevistas exclusivas com as principais personalidades mundiais. Fique conectado tamb\u00e9m nas redes sociais.\",\"sameAs\":[\"http:\/\/www.portalmf.com.br\/\",\"https:\/\/www.facebook.com\/portalmfoficial\",\"https:\/\/www.instagram.com\/portalmf\/\",\"https:\/\/x.com\/https:\/\/x.com\/portalmfoficial\",\"https:\/\/www.youtube.com\/@portalmfoficial\"],\"url\":\"https:\/\/portalmf.com.br\/index.php\/author\/junior\/\"}]}<\/script>\n<!-- \/ Yoast SEO plugin. -->","yoast_head_json":{"title":"Jer\u00f4nimo participa de cerim\u00f4nia de posse de Margareth Menezes no Minist\u00e9rio da Cultura - Portal MF","robots":{"index":"index","follow":"follow","max-snippet":"max-snippet:-1","max-image-preview":"max-image-preview:large","max-video-preview":"max-video-preview:-1"},"canonical":"https:\/\/portalmf.com.br\/index.php\/2023\/01\/02\/jeronimo-participa-de-cerimonia-de-posse-de-margareth-menezes-no-ministerio-da-cultura\/","og_locale":"pt_BR","og_type":"article","og_title":"Jer\u00f4nimo participa de cerim\u00f4nia de posse de Margareth Menezes no Minist\u00e9rio da Cultura - Portal MF","og_description":"O governador Jer\u00f4nimo Rodrigues cumpriu agenda em Bras\u00edlia, ao longo desta segunda-feira (2), onde participou, no in\u00edcio da noite, da cerim\u00f4nia de posse da ministra baiana Margareth Menezes no Minist\u00e9rio da Cultura (Minc). A solenidade foi realizada no Museu Nacional da Rep\u00fablica e contou com a presen\u00e7a de artistas e de outras autoridades. Entre elas [&hellip;]","og_url":"https:\/\/portalmf.com.br\/index.php\/2023\/01\/02\/jeronimo-participa-de-cerimonia-de-posse-de-margareth-menezes-no-ministerio-da-cultura\/","og_site_name":"Portal MF","article_author":"https:\/\/www.facebook.com\/portalmfoficial","article_published_time":"2023-01-02T11:38:00+00:00","article_modified_time":"2023-01-03T19:41:33+00:00","og_image":[{"width":1280,"height":960,"url":"https:\/\/portalmf.com.br\/wp-content\/uploads\/2023\/01\/Posse-da-ministra-da-Cultura-Margareth-Menezes.jpeg","type":"image\/jpeg"}],"author":"Reda\u00e7\u00e3o Portal MF","twitter_card":"summary_large_image","twitter_creator":"@https:\/\/x.com\/portalmfoficial","twitter_misc":{"Escrito por":"Reda\u00e7\u00e3o Portal MF","Est. tempo de leitura":"2 minutos"},"schema":{"@context":"https:\/\/schema.org","@graph":[{"@type":"WebPage","@id":"https:\/\/portalmf.com.br\/index.php\/2023\/01\/02\/jeronimo-participa-de-cerimonia-de-posse-de-margareth-menezes-no-ministerio-da-cultura\/","url":"https:\/\/portalmf.com.br\/index.php\/2023\/01\/02\/jeronimo-participa-de-cerimonia-de-posse-de-margareth-menezes-no-ministerio-da-cultura\/","name":"Jer\u00f4nimo participa de cerim\u00f4nia de posse de Margareth Menezes no Minist\u00e9rio da Cultura - Portal MF","isPartOf":{"@id":"https:\/\/portalmf.com.br\/#website"},"primaryImageOfPage":{"@id":"https:\/\/portalmf.com.br\/index.php\/2023\/01\/02\/jeronimo-participa-de-cerimonia-de-posse-de-margareth-menezes-no-ministerio-da-cultura\/#primaryimage"},"image":{"@id":"https:\/\/portalmf.com.br\/index.php\/2023\/01\/02\/jeronimo-participa-de-cerimonia-de-posse-de-margareth-menezes-no-ministerio-da-cultura\/#primaryimage"},"thumbnailUrl":"https:\/\/portalmf.com.br\/wp-content\/uploads\/2023\/01\/Posse-da-ministra-da-Cultura-Margareth-Menezes.jpeg","datePublished":"2023-01-02T11:38:00+00:00","dateModified":"2023-01-03T19:41:33+00:00","author":{"@id":"https:\/\/portalmf.com.br\/#\/schema\/person\/9ec101baf56233e53520c26de5d6f6f0"},"breadcrumb":{"@id":"https:\/\/portalmf.com.br\/index.php\/2023\/01\/02\/jeronimo-participa-de-cerimonia-de-posse-de-margareth-menezes-no-ministerio-da-cultura\/#breadcrumb"},"inLanguage":"pt-BR","potentialAction":[{"@type":"ReadAction","target":["https:\/\/portalmf.com.br\/index.php\/2023\/01\/02\/jeronimo-participa-de-cerimonia-de-posse-de-margareth-menezes-no-ministerio-da-cultura\/"]}]},{"@type":"ImageObject","inLanguage":"pt-BR","@id":"https:\/\/portalmf.com.br\/index.php\/2023\/01\/02\/jeronimo-participa-de-cerimonia-de-posse-de-margareth-menezes-no-ministerio-da-cultura\/#primaryimage","url":"https:\/\/portalmf.com.br\/wp-content\/uploads\/2023\/01\/Posse-da-ministra-da-Cultura-Margareth-Menezes.jpeg","contentUrl":"https:\/\/portalmf.com.br\/wp-content\/uploads\/2023\/01\/Posse-da-ministra-da-Cultura-Margareth-Menezes.jpeg","width":1280,"height":960},{"@type":"BreadcrumbList","@id":"https:\/\/portalmf.com.br\/index.php\/2023\/01\/02\/jeronimo-participa-de-cerimonia-de-posse-de-margareth-menezes-no-ministerio-da-cultura\/#breadcrumb","itemListElement":[{"@type":"ListItem","position":1,"name":"In\u00edcio","item":"https:\/\/portalmf.com.br\/"},{"@type":"ListItem","position":2,"name":"Jer\u00f4nimo participa de cerim\u00f4nia de posse de Margareth Menezes no Minist\u00e9rio da Cultura"}]},{"@type":"WebSite","@id":"https:\/\/portalmf.com.br\/#website","url":"https:\/\/portalmf.com.br\/","name":"Portal MF","description":"Voc\u00ea conectado com a informa\u00e7\u00e3o","potentialAction":[{"@type":"SearchAction","target":{"@type":"EntryPoint","urlTemplate":"https:\/\/portalmf.com.br\/?s={search_term_string}"},"query-input":"required name=search_term_string"}],"inLanguage":"pt-BR"},{"@type":"Person","@id":"https:\/\/portalmf.com.br\/#\/schema\/person\/9ec101baf56233e53520c26de5d6f6f0","name":"Reda\u00e7\u00e3o Portal MF","image":{"@type":"ImageObject","inLanguage":"pt-BR","@id":"https:\/\/portalmf.com.br\/#\/schema\/person\/image\/","url":"https:\/\/secure.gravatar.com\/avatar\/41b9aaeb2100835f7c64362330f74c7f?s=96&d=mm&r=g","contentUrl":"https:\/\/secure.gravatar.com\/avatar\/41b9aaeb2100835f7c64362330f74c7f?s=96&d=mm&r=g","caption":"Reda\u00e7\u00e3o Portal MF"},"description":"Sejam bem-vindos o portal de informa\u00e7\u00f5es de entretenimento de Feira de Santana, desde 2006 realiza coberturas dos principais eventos com entrevistas exclusivas com as principais personalidades mundiais. Fique conectado tamb\u00e9m nas redes sociais.","sameAs":["http:\/\/www.portalmf.com.br\/","https:\/\/www.facebook.com\/portalmfoficial","https:\/\/www.instagram.com\/portalmf\/","https:\/\/x.com\/https:\/\/x.com\/portalmfoficial","https:\/\/www.youtube.com\/@portalmfoficial"],"url":"https:\/\/portalmf.com.br\/index.php\/author\/junior\/"}]}},"_links":{"self":[{"href":"https:\/\/portalmf.com.br\/index.php\/wp-json\/wp\/v2\/posts\/7506"}],"collection":[{"href":"https:\/\/portalmf.com.br\/index.php\/wp-json\/wp\/v2\/posts"}],"about":[{"href":"https:\/\/portalmf.com.br\/index.php\/wp-json\/wp\/v2\/types\/post"}],"author":[{"embeddable":true,"href":"https:\/\/portalmf.com.br\/index.php\/wp-json\/wp\/v2\/users\/3"}],"replies":[{"embeddable":true,"href":"https:\/\/portalmf.com.br\/index.php\/wp-json\/wp\/v2\/comments?post=7506"}],"version-history":[{"count":1,"href":"https:\/\/portalmf.com.br\/index.php\/wp-json\/wp\/v2\/posts\/7506\/revisions"}],"predecessor-version":[{"id":7509,"href":"https:\/\/portalmf.com.br\/index.php\/wp-json\/wp\/v2\/posts\/7506\/revisions\/7509"}],"wp:featuredmedia":[{"embeddable":true,"href":"https:\/\/portalmf.com.br\/index.php\/wp-json\/wp\/v2\/media\/7508"}],"wp:attachment":[{"href":"https:\/\/portalmf.com.br\/index.php\/wp-json\/wp\/v2\/media?parent=7506"}],"wp:term":[{"taxonomy":"category","embeddable":true,"href":"https:\/\/portalmf.com.br\/index.php\/wp-json\/wp\/v2\/categories?post=7506"},{"taxonomy":"post_tag","embeddable":true,"href":"https:\/\/portalmf.com.br\/index.php\/wp-json\/wp\/v2\/tags?post=7506"}],"curies":[{"name":"wp","href":"https:\/\/api.w.org\/{rel}","templated":true}]}}