{"id":7500,"date":"2023-01-03T15:53:05","date_gmt":"2023-01-03T18:53:05","guid":{"rendered":"https:\/\/portalmf.com.br\/?p=7500"},"modified":"2023-01-03T15:53:06","modified_gmt":"2023-01-03T18:53:06","slug":"pedro-americo-faz-apelo-aos-vereadores-para-aprovacao-de-emprestimo-que-visa-fazer-as-obras-de-drenagem-em-feira","status":"publish","type":"post","link":"https:\/\/portalmf.com.br\/index.php\/2023\/01\/03\/pedro-americo-faz-apelo-aos-vereadores-para-aprovacao-de-emprestimo-que-visa-fazer-as-obras-de-drenagem-em-feira\/","title":{"rendered":"Pedro Am\u00e9rico faz apelo aos vereadores para aprova\u00e7\u00e3o de empr\u00e9stimo que visa fazer as obras de drenagem em Feira"},"content":{"rendered":"\n<p>Um problema que castiga a popula\u00e7\u00e3o feirense h\u00e1 muito tempo, volta a assombrar. As fortes chuvas causam problemas em diversas \u00e1reas da cidade, principalmente, nos bairros mais vulner\u00e1veis, e o atual Secret\u00e1rio de Agricultura da cidade e vereador licenciado, Pedro Am\u00e9rico Lopes, que j\u00e1 luta para solucionar o problema h\u00e1 muitos anos, v\u00ea agora uma alternativa de resolver o problema, a aprova\u00e7\u00e3o do projeto de empr\u00e9stimo solicitado pela Prefeitura Municipal na C\u00e2mara, para que seja realizado o processo de drenagem e requalifica\u00e7\u00e3o de vias.<\/p>\n\n\n\n<p>Desde sua atua\u00e7\u00e3o na Defesa Civil, ao per\u00edodo em que esteve na Casa da Cidadania, Pedro Am\u00e9rico tem ouvido a popula\u00e7\u00e3o e suas demandas quanto aos preju\u00edzos causados pelas chuvas. Agora, mesmo enquanto gestor da SEAGRI, o parlamentar faz apelo para que os vereadores aprovem o projeto do Executivo que solicita a autoriza\u00e7\u00e3o de empr\u00e9stimo para que as obras sejam enfim, realizadas na cidade.<\/p>\n\n\n\n<p>A busca pela solu\u00e7\u00e3o efetiva do problema vem desde a \u00e9poca em que Pedro Am\u00e9rico coordenava a Defesa Civil, quando, al\u00e9m dos estudos realizados, foi a Bras\u00edlia (DF), buscando recursos, e n\u00e3o teve apoio, mesmo com a troca de governantes. Projetos foram protocolados no SICONV &#8211; Sistema de Gest\u00e3o de Conv\u00eanios e Contratos de Repasse, e novamente, o or\u00e7amento federal para que fossem realizadas as obras n\u00e3o foi aprovado. Enquanto isso, bairros como Bara\u00fanas, Campo Limpo, George Am\u00e9rico, CJ. Jos\u00e9 Ronaldo, Jardim Ac\u00e1cia, Novo Horizonte, Feira X e muitos outros bairros, sofrem em \u00e9pocas de chuva, como esta.<\/p>\n\n\n\n<p>Foi quando que o ent\u00e3o vereador apresentou ao Prefeito Colbert a alternativa de iniciar o processo junto a Universidade Federal da Bahia, que foi contratada pela Prefeitura para elabora\u00e7\u00e3o do Plano Diretor de Drenagem e Manejo de \u00c1guas Pluviais Urbanas do Munic\u00edpio de Feira de Santana \u2013 PDMAPFS, um instrumento para nortear a\u00e7\u00f5es de preven\u00e7\u00e3o e redu\u00e7\u00e3o dos preju\u00edzos causados pelas chuvas em \u00e1reas cr\u00edticas na cidade, al\u00e9m de orientar o crescimento sustent\u00e1vel dos assentamentos urbanos.<\/p>\n\n\n\n<p><em>\u201cO relat\u00f3rio final apontou quais s\u00e3o as obras necess\u00e1rias e quais as interven\u00e7\u00f5es que a prefeitura deveria fazer para que a gente possa solucionar e mitigar o m\u00e1ximo os problemas de alagamento e enchentes em Feira de Santana<\/em>\u201d, elucidou Pedro Am\u00e9rico.<\/p>\n\n\n\n<p>Ap\u00f3s a apresenta\u00e7\u00e3o do relat\u00f3rio, Pedro estabeleceu diversos di\u00e1logos com o prefeito Colbert Martins para que as obras de drenagem e requalifica\u00e7\u00e3o integral de algumas regi\u00f5es dos bairros mais vulner\u00e1veis de Feira de Santana fossem inclu\u00eddas no projeto que foi enviado \u00e0 C\u00e2mara para autoriza\u00e7\u00e3o de empr\u00e9stimo. <em>\u201cDentre as obras que est\u00e3o elencadas para serem feitas com esse empr\u00e9stimo, foram inclu\u00eddas ap\u00f3s um di\u00e1logo que tivemos, as obras de drenagem e requalifica\u00e7\u00e3o integral de algumas regi\u00f5es dos bairros mais vulner\u00e1veis de Feira de Santana, como o Santo Ant\u00f4nio do Cazumb\u00e1, Cara\u00edbas, CJ. Jos\u00e9 Ronaldo e outros. Fizemos um estudo e um levantamento de custo para fazer a drenagem, requalifica\u00e7\u00e3o das cal\u00e7adas e das vias nesses bairros, e o prefeito acrescentou esse projeto ao que vem junto com o pedido de empr\u00e9stimo<\/em>\u201d, lembrou.<\/p>\n\n\n\n<p>Agora, na fase final do projeto, basta que a C\u00e2mara Municipal de Feira de Santana se atenha \u00e0 import\u00e2ncia do projeto e aprove a autoriza\u00e7\u00e3o de empr\u00e9stimo para que a Prefeitura de Feira possa realizar as obras. \u201c<em>N\u00f3s entendemos que \u00e9 preciso ter a aprova\u00e7\u00e3o desse projeto na C\u00e2mara de Vereadores para que possamos come\u00e7ar de fato a ter uma interven\u00e7\u00e3o mais efetiva nas quest\u00f5es das drenagens em Feira de Santana. O empr\u00e9stimo vai fazer com que possamos dar um ponta p\u00e9 grande para requalificar a cidade e evitar que as pessoas que morem nos bairros mais vulner\u00e1veis continuem sofrendo com os alagamentos\u201d,<\/em> explicou.<\/p>\n\n\n\n<p><em>\u201cEu entendo que esse recurso n\u00e3o vai solucionar totalmente o problema de drenagem em Feira de Santana, at\u00e9 porque trata-se de uma cidade que cresceu muito r\u00e1pido e a situa\u00e7\u00e3o urbana n\u00e3o permitiu o processo de urbaniza\u00e7\u00e3o ligada a drenagem e as quest\u00f5es fundamentais nossas. Mas os estudos dizem que podemos fazer, ent\u00e3o com a responsabilidade que temos com Feira de Santana, vamos lutar at\u00e9 o fim para fazermos o melhor pela popula\u00e7\u00e3o\u201d,<\/em> finalizou.<\/p>\n","protected":false},"excerpt":{"rendered":"<p>Um problema que castiga a popula\u00e7\u00e3o feirense h\u00e1 muito tempo, volta a assombrar. As fortes chuvas causam problemas em diversas \u00e1reas da cidade, principalmente, nos bairros mais vulner\u00e1veis, e o atual Secret\u00e1rio de Agricultura da cidade e vereador licenciado, Pedro Am\u00e9rico Lopes, que j\u00e1 luta para solucionar o problema h\u00e1 muitos anos, v\u00ea agora uma [&hellip;]<\/p>\n","protected":false},"author":3,"featured_media":7501,"comment_status":"open","ping_status":"open","sticky":false,"template":"","format":"standard","meta":{"_monsterinsights_skip_tracking":false,"_monsterinsights_sitenote_active":false,"_monsterinsights_sitenote_note":"","_monsterinsights_sitenote_category":0,"footnotes":""},"categories":[34],"tags":[],"yoast_head":"<!-- This site is optimized with the Yoast SEO plugin v22.9 - https:\/\/yoast.com\/wordpress\/plugins\/seo\/ -->\n<title>Pedro Am\u00e9rico faz apelo aos vereadores para aprova\u00e7\u00e3o de empr\u00e9stimo que visa fazer as obras de drenagem em Feira - Portal MF<\/title>\n<meta name=\"robots\" content=\"index, follow, max-snippet:-1, max-image-preview:large, max-video-preview:-1\" \/>\n<link rel=\"canonical\" href=\"https:\/\/portalmf.com.br\/index.php\/2023\/01\/03\/pedro-americo-faz-apelo-aos-vereadores-para-aprovacao-de-emprestimo-que-visa-fazer-as-obras-de-drenagem-em-feira\/\" \/>\n<meta property=\"og:locale\" content=\"pt_BR\" \/>\n<meta property=\"og:type\" content=\"article\" \/>\n<meta property=\"og:title\" content=\"Pedro Am\u00e9rico faz apelo aos vereadores para aprova\u00e7\u00e3o de empr\u00e9stimo que visa fazer as obras de drenagem em Feira - Portal MF\" \/>\n<meta property=\"og:description\" content=\"Um problema que castiga a popula\u00e7\u00e3o feirense h\u00e1 muito tempo, volta a assombrar. As fortes chuvas causam problemas em diversas \u00e1reas da cidade, principalmente, nos bairros mais vulner\u00e1veis, e o atual Secret\u00e1rio de Agricultura da cidade e vereador licenciado, Pedro Am\u00e9rico Lopes, que j\u00e1 luta para solucionar o problema h\u00e1 muitos anos, v\u00ea agora uma [&hellip;]\" \/>\n<meta property=\"og:url\" content=\"https:\/\/portalmf.com.br\/index.php\/2023\/01\/03\/pedro-americo-faz-apelo-aos-vereadores-para-aprovacao-de-emprestimo-que-visa-fazer-as-obras-de-drenagem-em-feira\/\" \/>\n<meta property=\"og:site_name\" content=\"Portal MF\" \/>\n<meta property=\"article:author\" content=\"https:\/\/www.facebook.com\/portalmfoficial\" \/>\n<meta property=\"article:published_time\" content=\"2023-01-03T18:53:05+00:00\" \/>\n<meta property=\"article:modified_time\" content=\"2023-01-03T18:53:06+00:00\" \/>\n<meta property=\"og:image\" content=\"https:\/\/portalmf.com.br\/wp-content\/uploads\/2023\/01\/Pedro-Americo.jpg\" \/>\n\t<meta property=\"og:image:width\" content=\"1306\" \/>\n\t<meta property=\"og:image:height\" content=\"870\" \/>\n\t<meta property=\"og:image:type\" content=\"image\/jpeg\" \/>\n<meta name=\"author\" content=\"Reda\u00e7\u00e3o Portal MF\" \/>\n<meta name=\"twitter:card\" content=\"summary_large_image\" \/>\n<meta name=\"twitter:creator\" content=\"@https:\/\/x.com\/portalmfoficial\" \/>\n<meta name=\"twitter:label1\" content=\"Escrito por\" \/>\n\t<meta name=\"twitter:data1\" content=\"Reda\u00e7\u00e3o Portal MF\" \/>\n\t<meta name=\"twitter:label2\" content=\"Est. tempo de leitura\" \/>\n\t<meta name=\"twitter:data2\" content=\"4 minutos\" \/>\n<script type=\"application\/ld+json\" class=\"yoast-schema-graph\">{\"@context\":\"https:\/\/schema.org\",\"@graph\":[{\"@type\":\"WebPage\",\"@id\":\"https:\/\/portalmf.com.br\/index.php\/2023\/01\/03\/pedro-americo-faz-apelo-aos-vereadores-para-aprovacao-de-emprestimo-que-visa-fazer-as-obras-de-drenagem-em-feira\/\",\"url\":\"https:\/\/portalmf.com.br\/index.php\/2023\/01\/03\/pedro-americo-faz-apelo-aos-vereadores-para-aprovacao-de-emprestimo-que-visa-fazer-as-obras-de-drenagem-em-feira\/\",\"name\":\"Pedro Am\u00e9rico faz apelo aos vereadores para aprova\u00e7\u00e3o de empr\u00e9stimo que visa fazer as obras de drenagem em Feira - Portal MF\",\"isPartOf\":{\"@id\":\"https:\/\/portalmf.com.br\/#website\"},\"primaryImageOfPage\":{\"@id\":\"https:\/\/portalmf.com.br\/index.php\/2023\/01\/03\/pedro-americo-faz-apelo-aos-vereadores-para-aprovacao-de-emprestimo-que-visa-fazer-as-obras-de-drenagem-em-feira\/#primaryimage\"},\"image\":{\"@id\":\"https:\/\/portalmf.com.br\/index.php\/2023\/01\/03\/pedro-americo-faz-apelo-aos-vereadores-para-aprovacao-de-emprestimo-que-visa-fazer-as-obras-de-drenagem-em-feira\/#primaryimage\"},\"thumbnailUrl\":\"https:\/\/portalmf.com.br\/wp-content\/uploads\/2023\/01\/Pedro-Americo.jpg\",\"datePublished\":\"2023-01-03T18:53:05+00:00\",\"dateModified\":\"2023-01-03T18:53:06+00:00\",\"author\":{\"@id\":\"https:\/\/portalmf.com.br\/#\/schema\/person\/9ec101baf56233e53520c26de5d6f6f0\"},\"breadcrumb\":{\"@id\":\"https:\/\/portalmf.com.br\/index.php\/2023\/01\/03\/pedro-americo-faz-apelo-aos-vereadores-para-aprovacao-de-emprestimo-que-visa-fazer-as-obras-de-drenagem-em-feira\/#breadcrumb\"},\"inLanguage\":\"pt-BR\",\"potentialAction\":[{\"@type\":\"ReadAction\",\"target\":[\"https:\/\/portalmf.com.br\/index.php\/2023\/01\/03\/pedro-americo-faz-apelo-aos-vereadores-para-aprovacao-de-emprestimo-que-visa-fazer-as-obras-de-drenagem-em-feira\/\"]}]},{\"@type\":\"ImageObject\",\"inLanguage\":\"pt-BR\",\"@id\":\"https:\/\/portalmf.com.br\/index.php\/2023\/01\/03\/pedro-americo-faz-apelo-aos-vereadores-para-aprovacao-de-emprestimo-que-visa-fazer-as-obras-de-drenagem-em-feira\/#primaryimage\",\"url\":\"https:\/\/portalmf.com.br\/wp-content\/uploads\/2023\/01\/Pedro-Americo.jpg\",\"contentUrl\":\"https:\/\/portalmf.com.br\/wp-content\/uploads\/2023\/01\/Pedro-Americo.jpg\",\"width\":1306,\"height\":870},{\"@type\":\"BreadcrumbList\",\"@id\":\"https:\/\/portalmf.com.br\/index.php\/2023\/01\/03\/pedro-americo-faz-apelo-aos-vereadores-para-aprovacao-de-emprestimo-que-visa-fazer-as-obras-de-drenagem-em-feira\/#breadcrumb\",\"itemListElement\":[{\"@type\":\"ListItem\",\"position\":1,\"name\":\"In\u00edcio\",\"item\":\"https:\/\/portalmf.com.br\/\"},{\"@type\":\"ListItem\",\"position\":2,\"name\":\"Pedro Am\u00e9rico faz apelo aos vereadores para aprova\u00e7\u00e3o de empr\u00e9stimo que visa fazer as obras de drenagem em Feira\"}]},{\"@type\":\"WebSite\",\"@id\":\"https:\/\/portalmf.com.br\/#website\",\"url\":\"https:\/\/portalmf.com.br\/\",\"name\":\"Portal MF\",\"description\":\"Voc\u00ea conectado com a informa\u00e7\u00e3o\",\"potentialAction\":[{\"@type\":\"SearchAction\",\"target\":{\"@type\":\"EntryPoint\",\"urlTemplate\":\"https:\/\/portalmf.com.br\/?s={search_term_string}\"},\"query-input\":\"required name=search_term_string\"}],\"inLanguage\":\"pt-BR\"},{\"@type\":\"Person\",\"@id\":\"https:\/\/portalmf.com.br\/#\/schema\/person\/9ec101baf56233e53520c26de5d6f6f0\",\"name\":\"Reda\u00e7\u00e3o Portal MF\",\"image\":{\"@type\":\"ImageObject\",\"inLanguage\":\"pt-BR\",\"@id\":\"https:\/\/portalmf.com.br\/#\/schema\/person\/image\/\",\"url\":\"https:\/\/secure.gravatar.com\/avatar\/41b9aaeb2100835f7c64362330f74c7f?s=96&d=mm&r=g\",\"contentUrl\":\"https:\/\/secure.gravatar.com\/avatar\/41b9aaeb2100835f7c64362330f74c7f?s=96&d=mm&r=g\",\"caption\":\"Reda\u00e7\u00e3o Portal MF\"},\"description\":\"Sejam bem-vindos o portal de informa\u00e7\u00f5es de entretenimento de Feira de Santana, desde 2006 realiza coberturas dos principais eventos com entrevistas exclusivas com as principais personalidades mundiais. Fique conectado tamb\u00e9m nas redes sociais.\",\"sameAs\":[\"http:\/\/www.portalmf.com.br\/\",\"https:\/\/www.facebook.com\/portalmfoficial\",\"https:\/\/www.instagram.com\/portalmf\/\",\"https:\/\/x.com\/https:\/\/x.com\/portalmfoficial\",\"https:\/\/www.youtube.com\/@portalmfoficial\"],\"url\":\"https:\/\/portalmf.com.br\/index.php\/author\/junior\/\"}]}<\/script>\n<!-- \/ Yoast SEO plugin. -->","yoast_head_json":{"title":"Pedro Am\u00e9rico faz apelo aos vereadores para aprova\u00e7\u00e3o de empr\u00e9stimo que visa fazer as obras de drenagem em Feira - Portal MF","robots":{"index":"index","follow":"follow","max-snippet":"max-snippet:-1","max-image-preview":"max-image-preview:large","max-video-preview":"max-video-preview:-1"},"canonical":"https:\/\/portalmf.com.br\/index.php\/2023\/01\/03\/pedro-americo-faz-apelo-aos-vereadores-para-aprovacao-de-emprestimo-que-visa-fazer-as-obras-de-drenagem-em-feira\/","og_locale":"pt_BR","og_type":"article","og_title":"Pedro Am\u00e9rico faz apelo aos vereadores para aprova\u00e7\u00e3o de empr\u00e9stimo que visa fazer as obras de drenagem em Feira - Portal MF","og_description":"Um problema que castiga a popula\u00e7\u00e3o feirense h\u00e1 muito tempo, volta a assombrar. As fortes chuvas causam problemas em diversas \u00e1reas da cidade, principalmente, nos bairros mais vulner\u00e1veis, e o atual Secret\u00e1rio de Agricultura da cidade e vereador licenciado, Pedro Am\u00e9rico Lopes, que j\u00e1 luta para solucionar o problema h\u00e1 muitos anos, v\u00ea agora uma [&hellip;]","og_url":"https:\/\/portalmf.com.br\/index.php\/2023\/01\/03\/pedro-americo-faz-apelo-aos-vereadores-para-aprovacao-de-emprestimo-que-visa-fazer-as-obras-de-drenagem-em-feira\/","og_site_name":"Portal MF","article_author":"https:\/\/www.facebook.com\/portalmfoficial","article_published_time":"2023-01-03T18:53:05+00:00","article_modified_time":"2023-01-03T18:53:06+00:00","og_image":[{"width":1306,"height":870,"url":"https:\/\/portalmf.com.br\/wp-content\/uploads\/2023\/01\/Pedro-Americo.jpg","type":"image\/jpeg"}],"author":"Reda\u00e7\u00e3o Portal MF","twitter_card":"summary_large_image","twitter_creator":"@https:\/\/x.com\/portalmfoficial","twitter_misc":{"Escrito por":"Reda\u00e7\u00e3o Portal MF","Est. tempo de leitura":"4 minutos"},"schema":{"@context":"https:\/\/schema.org","@graph":[{"@type":"WebPage","@id":"https:\/\/portalmf.com.br\/index.php\/2023\/01\/03\/pedro-americo-faz-apelo-aos-vereadores-para-aprovacao-de-emprestimo-que-visa-fazer-as-obras-de-drenagem-em-feira\/","url":"https:\/\/portalmf.com.br\/index.php\/2023\/01\/03\/pedro-americo-faz-apelo-aos-vereadores-para-aprovacao-de-emprestimo-que-visa-fazer-as-obras-de-drenagem-em-feira\/","name":"Pedro Am\u00e9rico faz apelo aos vereadores para aprova\u00e7\u00e3o de empr\u00e9stimo que visa fazer as obras de drenagem em Feira - Portal MF","isPartOf":{"@id":"https:\/\/portalmf.com.br\/#website"},"primaryImageOfPage":{"@id":"https:\/\/portalmf.com.br\/index.php\/2023\/01\/03\/pedro-americo-faz-apelo-aos-vereadores-para-aprovacao-de-emprestimo-que-visa-fazer-as-obras-de-drenagem-em-feira\/#primaryimage"},"image":{"@id":"https:\/\/portalmf.com.br\/index.php\/2023\/01\/03\/pedro-americo-faz-apelo-aos-vereadores-para-aprovacao-de-emprestimo-que-visa-fazer-as-obras-de-drenagem-em-feira\/#primaryimage"},"thumbnailUrl":"https:\/\/portalmf.com.br\/wp-content\/uploads\/2023\/01\/Pedro-Americo.jpg","datePublished":"2023-01-03T18:53:05+00:00","dateModified":"2023-01-03T18:53:06+00:00","author":{"@id":"https:\/\/portalmf.com.br\/#\/schema\/person\/9ec101baf56233e53520c26de5d6f6f0"},"breadcrumb":{"@id":"https:\/\/portalmf.com.br\/index.php\/2023\/01\/03\/pedro-americo-faz-apelo-aos-vereadores-para-aprovacao-de-emprestimo-que-visa-fazer-as-obras-de-drenagem-em-feira\/#breadcrumb"},"inLanguage":"pt-BR","potentialAction":[{"@type":"ReadAction","target":["https:\/\/portalmf.com.br\/index.php\/2023\/01\/03\/pedro-americo-faz-apelo-aos-vereadores-para-aprovacao-de-emprestimo-que-visa-fazer-as-obras-de-drenagem-em-feira\/"]}]},{"@type":"ImageObject","inLanguage":"pt-BR","@id":"https:\/\/portalmf.com.br\/index.php\/2023\/01\/03\/pedro-americo-faz-apelo-aos-vereadores-para-aprovacao-de-emprestimo-que-visa-fazer-as-obras-de-drenagem-em-feira\/#primaryimage","url":"https:\/\/portalmf.com.br\/wp-content\/uploads\/2023\/01\/Pedro-Americo.jpg","contentUrl":"https:\/\/portalmf.com.br\/wp-content\/uploads\/2023\/01\/Pedro-Americo.jpg","width":1306,"height":870},{"@type":"BreadcrumbList","@id":"https:\/\/portalmf.com.br\/index.php\/2023\/01\/03\/pedro-americo-faz-apelo-aos-vereadores-para-aprovacao-de-emprestimo-que-visa-fazer-as-obras-de-drenagem-em-feira\/#breadcrumb","itemListElement":[{"@type":"ListItem","position":1,"name":"In\u00edcio","item":"https:\/\/portalmf.com.br\/"},{"@type":"ListItem","position":2,"name":"Pedro Am\u00e9rico faz apelo aos vereadores para aprova\u00e7\u00e3o de empr\u00e9stimo que visa fazer as obras de drenagem em Feira"}]},{"@type":"WebSite","@id":"https:\/\/portalmf.com.br\/#website","url":"https:\/\/portalmf.com.br\/","name":"Portal MF","description":"Voc\u00ea conectado com a informa\u00e7\u00e3o","potentialAction":[{"@type":"SearchAction","target":{"@type":"EntryPoint","urlTemplate":"https:\/\/portalmf.com.br\/?s={search_term_string}"},"query-input":"required name=search_term_string"}],"inLanguage":"pt-BR"},{"@type":"Person","@id":"https:\/\/portalmf.com.br\/#\/schema\/person\/9ec101baf56233e53520c26de5d6f6f0","name":"Reda\u00e7\u00e3o Portal MF","image":{"@type":"ImageObject","inLanguage":"pt-BR","@id":"https:\/\/portalmf.com.br\/#\/schema\/person\/image\/","url":"https:\/\/secure.gravatar.com\/avatar\/41b9aaeb2100835f7c64362330f74c7f?s=96&d=mm&r=g","contentUrl":"https:\/\/secure.gravatar.com\/avatar\/41b9aaeb2100835f7c64362330f74c7f?s=96&d=mm&r=g","caption":"Reda\u00e7\u00e3o Portal MF"},"description":"Sejam bem-vindos o portal de informa\u00e7\u00f5es de entretenimento de Feira de Santana, desde 2006 realiza coberturas dos principais eventos com entrevistas exclusivas com as principais personalidades mundiais. Fique conectado tamb\u00e9m nas redes sociais.","sameAs":["http:\/\/www.portalmf.com.br\/","https:\/\/www.facebook.com\/portalmfoficial","https:\/\/www.instagram.com\/portalmf\/","https:\/\/x.com\/https:\/\/x.com\/portalmfoficial","https:\/\/www.youtube.com\/@portalmfoficial"],"url":"https:\/\/portalmf.com.br\/index.php\/author\/junior\/"}]}},"_links":{"self":[{"href":"https:\/\/portalmf.com.br\/index.php\/wp-json\/wp\/v2\/posts\/7500"}],"collection":[{"href":"https:\/\/portalmf.com.br\/index.php\/wp-json\/wp\/v2\/posts"}],"about":[{"href":"https:\/\/portalmf.com.br\/index.php\/wp-json\/wp\/v2\/types\/post"}],"author":[{"embeddable":true,"href":"https:\/\/portalmf.com.br\/index.php\/wp-json\/wp\/v2\/users\/3"}],"replies":[{"embeddable":true,"href":"https:\/\/portalmf.com.br\/index.php\/wp-json\/wp\/v2\/comments?post=7500"}],"version-history":[{"count":1,"href":"https:\/\/portalmf.com.br\/index.php\/wp-json\/wp\/v2\/posts\/7500\/revisions"}],"predecessor-version":[{"id":7502,"href":"https:\/\/portalmf.com.br\/index.php\/wp-json\/wp\/v2\/posts\/7500\/revisions\/7502"}],"wp:featuredmedia":[{"embeddable":true,"href":"https:\/\/portalmf.com.br\/index.php\/wp-json\/wp\/v2\/media\/7501"}],"wp:attachment":[{"href":"https:\/\/portalmf.com.br\/index.php\/wp-json\/wp\/v2\/media?parent=7500"}],"wp:term":[{"taxonomy":"category","embeddable":true,"href":"https:\/\/portalmf.com.br\/index.php\/wp-json\/wp\/v2\/categories?post=7500"},{"taxonomy":"post_tag","embeddable":true,"href":"https:\/\/portalmf.com.br\/index.php\/wp-json\/wp\/v2\/tags?post=7500"}],"curies":[{"name":"wp","href":"https:\/\/api.w.org\/{rel}","templated":true}]}}