{"id":7494,"date":"2023-01-03T15:38:00","date_gmt":"2023-01-03T18:38:00","guid":{"rendered":"https:\/\/portalmf.com.br\/?p=7494"},"modified":"2023-01-03T15:38:01","modified_gmt":"2023-01-03T18:38:01","slug":"premio-braskem-de-teatro-divulga-cronograma-e-comissao-julgadora-para-2023","status":"publish","type":"post","link":"https:\/\/portalmf.com.br\/index.php\/2023\/01\/03\/premio-braskem-de-teatro-divulga-cronograma-e-comissao-julgadora-para-2023\/","title":{"rendered":"Pr\u00eamio Braskem de Teatro divulga cronograma e comiss\u00e3o julgadora para 2023"},"content":{"rendered":"\n<p>Em sua 29\u00aa edi\u00e7\u00e3o, o Pr\u00eamio Braskem de Teatro divulgou, nesta segunda-feira (2), o cronograma de sele\u00e7\u00e3o e a comiss\u00e3o julgadora. A novidade est\u00e1 na possibilidade de inscri\u00e7\u00e3o de pe\u00e7as de cidades do interior da Bahia que participar\u00e3o de classificat\u00f3ria na Mostra Interior em Cena, a ser realizada em agosto, em Salvador. Tamb\u00e9m podem concorrer ao pr\u00eamio espet\u00e1culos exibidos no ano de 2022, no formato presencial ou virtual, al\u00e9m de pe\u00e7as in\u00e9ditas, com apresenta\u00e7\u00f5es presenciais de janeiro a setembro deste ano.<\/p>\n\n\n\n<p>As inscri\u00e7\u00f5es come\u00e7am nesta quinta-feira (5) e seguem at\u00e9 o dia 24 de agosto no site oficial da premia\u00e7\u00e3o: www.premiobraskemdeteatro.com.br. Para as pe\u00e7as teatrais que desejem participar da Mostra Interior em Cena, as inscri\u00e7\u00f5es v\u00e3o de 15 de janeiro a 15 de junho, tamb\u00e9m no site oficial. Realizado pela Caderno 2 Produ\u00e7\u00f5es, o Pr\u00eamio Braskem de Teatro conta com patroc\u00ednio da Braskem e do Governo do Estado, por meio do Fazcultura, Secretaria de Cultura e Secretaria da Fazenda.<\/p>\n\n\n\n<p>Este ano, a comiss\u00e3o julgadora que escolher\u00e1 os destaques das artes c\u00eanicas na Bahia \u00e9 formada pelo ator e jornalista Arlon Souza; pelo artista, pesquisador, produtor e gestor cultural Chicco Assis; pela atriz e gestora cultural Gabriela Sanddyego; pela atriz e doutora em Artes C\u00eanicas M\u00f4nica Santana e pelo ator e diretor Jo\u00e3o Guisande. Os convidados ser\u00e3o respons\u00e1veis pela avalia\u00e7\u00e3o dos espet\u00e1culos em todas as fases, incluindo a Mostra Principal, que acontece de 2 de outubro a 26 de novembro, na capital baiana. Tamb\u00e9m far\u00e3o a indica\u00e7\u00e3o dos finalistas \u00e0s nove categorias: Ator, Atriz, Texto, Revela\u00e7\u00e3o, Espet\u00e1culo Adulto, Espet\u00e1culo Infantojuvenil, Dire\u00e7\u00e3o, Performance e Categoria Especial.<\/p>\n\n\n\n<p>Mostra Interior em Cena \u2013 Com o objetivo de divulgar, incentivar e promover a inclus\u00e3o e valoriza\u00e7\u00e3o dos artistas do interior, o Pr\u00eamio Braskem de Teatro criou a Mostra Interior em Cena, que acontece de 2 a 31 de agosto, em Salvador, com a apresenta\u00e7\u00e3o de espet\u00e1culos selecionados de diversos g\u00eaneros e formatos. A iniciativa visa consolidar a premia\u00e7\u00e3o como uma grande celebra\u00e7\u00e3o da arte teatral na Bahia.<\/p>\n\n\n\n<p>Para mais informa\u00e7\u00f5es sobre o regulamento, acesse <a href=\"http:\/\/www.premiobraskemdeteatro.com.br.\">www.premiobraskemdeteatro.com.br.<\/a><\/p>\n\n\n\n<p><strong>Sobre o Pr\u00eamio Braskem de Teatro<\/strong><br>O Pr\u00eamio Braskem de Teatro, que \u00e9 uma realiza\u00e7\u00e3o da Caderno 2 Produ\u00e7\u00f5es com patroc\u00ednio da Braskem e do Governo do Estado, por meio do Fazcultura, Secretaria de Cultura e Secretaria da Fazenda, \u00e9 um evento tradicional j\u00e1 consolidado no cen\u00e1rio cultural da Bahia. Tem como objetivo valorizar, reconhecer e premiar a produ\u00e7\u00e3o teatral do estado, abrindo espa\u00e7o para o surgimento de novos talentos. A premia\u00e7\u00e3o, que em 2023 chega a sua 29\u00aa edi\u00e7\u00e3o, exemplifica a estrat\u00e9gia de atua\u00e7\u00e3o social da Braskem na valoriza\u00e7\u00e3o e promo\u00e7\u00e3o da cultura e das artes, com foco no desenvolvimento humano.<\/p>\n\n\n\n<p><strong>Sobre a Braskem<\/strong><br>Orientada para as pessoas e para a sustentabilidade, a Braskem est\u00e1 engajada em contribuir com a cadeia de valor para o fortalecimento da Economia Circular. Os 8 mil Integrantes da petroqu\u00edmica dedicam-se diariamente para melhorar a vida das pessoas por meio de solu\u00e7\u00f5es sustent\u00e1veis da qu\u00edmica e do pl\u00e1stico. A Braskem possui DNA inovador e um completo portf\u00f3lio de resinas pl\u00e1sticas e produtos qu\u00edmicos para diversos segmentos, como embalagens aliment\u00edcias, constru\u00e7\u00e3o civil, industrial, automotivo, agroneg\u00f3cio, sa\u00fade e higiene, entre outros. Com 40 unidades industriais no Brasil, EUA, M\u00e9xico e Alemanha, a companhia exporta seus produtos para Clientes em 71 pa\u00edses.<\/p>\n\n\n\n<p><strong>Sobre o Fazcultura<\/strong><br>Parceria entre a Secretaria de Cultura do Estado da Bahia (SecultBA) e a Secretaria da Fazenda (Sefaz), o mecanismo integra o Sistema Estadual de Fomento \u00e0 Cultura, composto tamb\u00e9m pelo Fundo de Cultura da Bahia \u2013 FCBA, CrediF\u00e1cil Bahia (em parceria com a Desenbahia) al\u00e9m das linhas especiais de apoio, como os Pontos de Cultura e o Carnaval Ouro Negro. O objetivo \u00e9 promover a\u00e7\u00f5es de patroc\u00ednio cultural por meio de ren\u00fancia fiscal, contribuindo para estimular o desenvolvimento cultural da Bahia, ao tempo em que possibilita \u00e0s empresas patrocinadoras associar sua imagem diretamente \u00e0s a\u00e7\u00f5es culturais que considerem mais adequadas, levando em considera\u00e7\u00e3o que esse tipo de patroc\u00ednio conta atualmente com um expressivo apoio da opini\u00e3o p\u00fablica.<\/p>\n","protected":false},"excerpt":{"rendered":"<p>Em sua 29\u00aa edi\u00e7\u00e3o, o Pr\u00eamio Braskem de Teatro divulgou, nesta segunda-feira (2), o cronograma de sele\u00e7\u00e3o e a comiss\u00e3o julgadora. A novidade est\u00e1 na possibilidade de inscri\u00e7\u00e3o de pe\u00e7as de cidades do interior da Bahia que participar\u00e3o de classificat\u00f3ria na Mostra Interior em Cena, a ser realizada em agosto, em Salvador. Tamb\u00e9m podem concorrer [&hellip;]<\/p>\n","protected":false},"author":3,"featured_media":7497,"comment_status":"open","ping_status":"open","sticky":false,"template":"","format":"standard","meta":{"_monsterinsights_skip_tracking":false,"_monsterinsights_sitenote_active":false,"_monsterinsights_sitenote_note":"","_monsterinsights_sitenote_category":0,"footnotes":""},"categories":[40],"tags":[],"yoast_head":"<!-- This site is optimized with the Yoast SEO plugin v22.9 - https:\/\/yoast.com\/wordpress\/plugins\/seo\/ -->\n<title>Pr\u00eamio Braskem de Teatro divulga cronograma e comiss\u00e3o julgadora para 2023 - Portal MF<\/title>\n<meta name=\"robots\" content=\"index, follow, max-snippet:-1, max-image-preview:large, max-video-preview:-1\" \/>\n<link rel=\"canonical\" href=\"https:\/\/portalmf.com.br\/index.php\/2023\/01\/03\/premio-braskem-de-teatro-divulga-cronograma-e-comissao-julgadora-para-2023\/\" \/>\n<meta property=\"og:locale\" content=\"pt_BR\" \/>\n<meta property=\"og:type\" content=\"article\" \/>\n<meta property=\"og:title\" content=\"Pr\u00eamio Braskem de Teatro divulga cronograma e comiss\u00e3o julgadora para 2023 - Portal MF\" \/>\n<meta property=\"og:description\" content=\"Em sua 29\u00aa edi\u00e7\u00e3o, o Pr\u00eamio Braskem de Teatro divulgou, nesta segunda-feira (2), o cronograma de sele\u00e7\u00e3o e a comiss\u00e3o julgadora. A novidade est\u00e1 na possibilidade de inscri\u00e7\u00e3o de pe\u00e7as de cidades do interior da Bahia que participar\u00e3o de classificat\u00f3ria na Mostra Interior em Cena, a ser realizada em agosto, em Salvador. Tamb\u00e9m podem concorrer [&hellip;]\" \/>\n<meta property=\"og:url\" content=\"https:\/\/portalmf.com.br\/index.php\/2023\/01\/03\/premio-braskem-de-teatro-divulga-cronograma-e-comissao-julgadora-para-2023\/\" \/>\n<meta property=\"og:site_name\" content=\"Portal MF\" \/>\n<meta property=\"article:author\" content=\"https:\/\/www.facebook.com\/portalmfoficial\" \/>\n<meta property=\"article:published_time\" content=\"2023-01-03T18:38:00+00:00\" \/>\n<meta property=\"article:modified_time\" content=\"2023-01-03T18:38:01+00:00\" \/>\n<meta property=\"og:image\" content=\"https:\/\/portalmf.com.br\/wp-content\/uploads\/2023\/01\/Premio-Braskem-de-Teatro.jpeg\" \/>\n\t<meta property=\"og:image:width\" content=\"1280\" \/>\n\t<meta property=\"og:image:height\" content=\"853\" \/>\n\t<meta property=\"og:image:type\" content=\"image\/jpeg\" \/>\n<meta name=\"author\" content=\"Reda\u00e7\u00e3o Portal MF\" \/>\n<meta name=\"twitter:card\" content=\"summary_large_image\" \/>\n<meta name=\"twitter:creator\" content=\"@https:\/\/x.com\/portalmfoficial\" \/>\n<meta name=\"twitter:label1\" content=\"Escrito por\" \/>\n\t<meta name=\"twitter:data1\" content=\"Reda\u00e7\u00e3o Portal MF\" \/>\n\t<meta name=\"twitter:label2\" content=\"Est. tempo de leitura\" \/>\n\t<meta name=\"twitter:data2\" content=\"4 minutos\" \/>\n<script type=\"application\/ld+json\" class=\"yoast-schema-graph\">{\"@context\":\"https:\/\/schema.org\",\"@graph\":[{\"@type\":\"WebPage\",\"@id\":\"https:\/\/portalmf.com.br\/index.php\/2023\/01\/03\/premio-braskem-de-teatro-divulga-cronograma-e-comissao-julgadora-para-2023\/\",\"url\":\"https:\/\/portalmf.com.br\/index.php\/2023\/01\/03\/premio-braskem-de-teatro-divulga-cronograma-e-comissao-julgadora-para-2023\/\",\"name\":\"Pr\u00eamio Braskem de Teatro divulga cronograma e comiss\u00e3o julgadora para 2023 - Portal MF\",\"isPartOf\":{\"@id\":\"https:\/\/portalmf.com.br\/#website\"},\"primaryImageOfPage\":{\"@id\":\"https:\/\/portalmf.com.br\/index.php\/2023\/01\/03\/premio-braskem-de-teatro-divulga-cronograma-e-comissao-julgadora-para-2023\/#primaryimage\"},\"image\":{\"@id\":\"https:\/\/portalmf.com.br\/index.php\/2023\/01\/03\/premio-braskem-de-teatro-divulga-cronograma-e-comissao-julgadora-para-2023\/#primaryimage\"},\"thumbnailUrl\":\"https:\/\/portalmf.com.br\/wp-content\/uploads\/2023\/01\/Premio-Braskem-de-Teatro.jpeg\",\"datePublished\":\"2023-01-03T18:38:00+00:00\",\"dateModified\":\"2023-01-03T18:38:01+00:00\",\"author\":{\"@id\":\"https:\/\/portalmf.com.br\/#\/schema\/person\/9ec101baf56233e53520c26de5d6f6f0\"},\"breadcrumb\":{\"@id\":\"https:\/\/portalmf.com.br\/index.php\/2023\/01\/03\/premio-braskem-de-teatro-divulga-cronograma-e-comissao-julgadora-para-2023\/#breadcrumb\"},\"inLanguage\":\"pt-BR\",\"potentialAction\":[{\"@type\":\"ReadAction\",\"target\":[\"https:\/\/portalmf.com.br\/index.php\/2023\/01\/03\/premio-braskem-de-teatro-divulga-cronograma-e-comissao-julgadora-para-2023\/\"]}]},{\"@type\":\"ImageObject\",\"inLanguage\":\"pt-BR\",\"@id\":\"https:\/\/portalmf.com.br\/index.php\/2023\/01\/03\/premio-braskem-de-teatro-divulga-cronograma-e-comissao-julgadora-para-2023\/#primaryimage\",\"url\":\"https:\/\/portalmf.com.br\/wp-content\/uploads\/2023\/01\/Premio-Braskem-de-Teatro.jpeg\",\"contentUrl\":\"https:\/\/portalmf.com.br\/wp-content\/uploads\/2023\/01\/Premio-Braskem-de-Teatro.jpeg\",\"width\":1280,\"height\":853},{\"@type\":\"BreadcrumbList\",\"@id\":\"https:\/\/portalmf.com.br\/index.php\/2023\/01\/03\/premio-braskem-de-teatro-divulga-cronograma-e-comissao-julgadora-para-2023\/#breadcrumb\",\"itemListElement\":[{\"@type\":\"ListItem\",\"position\":1,\"name\":\"In\u00edcio\",\"item\":\"https:\/\/portalmf.com.br\/\"},{\"@type\":\"ListItem\",\"position\":2,\"name\":\"Pr\u00eamio Braskem de Teatro divulga cronograma e comiss\u00e3o julgadora para 2023\"}]},{\"@type\":\"WebSite\",\"@id\":\"https:\/\/portalmf.com.br\/#website\",\"url\":\"https:\/\/portalmf.com.br\/\",\"name\":\"Portal MF\",\"description\":\"Voc\u00ea conectado com a informa\u00e7\u00e3o\",\"potentialAction\":[{\"@type\":\"SearchAction\",\"target\":{\"@type\":\"EntryPoint\",\"urlTemplate\":\"https:\/\/portalmf.com.br\/?s={search_term_string}\"},\"query-input\":\"required name=search_term_string\"}],\"inLanguage\":\"pt-BR\"},{\"@type\":\"Person\",\"@id\":\"https:\/\/portalmf.com.br\/#\/schema\/person\/9ec101baf56233e53520c26de5d6f6f0\",\"name\":\"Reda\u00e7\u00e3o Portal MF\",\"image\":{\"@type\":\"ImageObject\",\"inLanguage\":\"pt-BR\",\"@id\":\"https:\/\/portalmf.com.br\/#\/schema\/person\/image\/\",\"url\":\"https:\/\/secure.gravatar.com\/avatar\/41b9aaeb2100835f7c64362330f74c7f?s=96&d=mm&r=g\",\"contentUrl\":\"https:\/\/secure.gravatar.com\/avatar\/41b9aaeb2100835f7c64362330f74c7f?s=96&d=mm&r=g\",\"caption\":\"Reda\u00e7\u00e3o Portal MF\"},\"description\":\"Sejam bem-vindos o portal de informa\u00e7\u00f5es de entretenimento de Feira de Santana, desde 2006 realiza coberturas dos principais eventos com entrevistas exclusivas com as principais personalidades mundiais. Fique conectado tamb\u00e9m nas redes sociais.\",\"sameAs\":[\"http:\/\/www.portalmf.com.br\/\",\"https:\/\/www.facebook.com\/portalmfoficial\",\"https:\/\/www.instagram.com\/portalmf\/\",\"https:\/\/x.com\/https:\/\/x.com\/portalmfoficial\",\"https:\/\/www.youtube.com\/@portalmfoficial\"],\"url\":\"https:\/\/portalmf.com.br\/index.php\/author\/junior\/\"}]}<\/script>\n<!-- \/ Yoast SEO plugin. -->","yoast_head_json":{"title":"Pr\u00eamio Braskem de Teatro divulga cronograma e comiss\u00e3o julgadora para 2023 - Portal MF","robots":{"index":"index","follow":"follow","max-snippet":"max-snippet:-1","max-image-preview":"max-image-preview:large","max-video-preview":"max-video-preview:-1"},"canonical":"https:\/\/portalmf.com.br\/index.php\/2023\/01\/03\/premio-braskem-de-teatro-divulga-cronograma-e-comissao-julgadora-para-2023\/","og_locale":"pt_BR","og_type":"article","og_title":"Pr\u00eamio Braskem de Teatro divulga cronograma e comiss\u00e3o julgadora para 2023 - Portal MF","og_description":"Em sua 29\u00aa edi\u00e7\u00e3o, o Pr\u00eamio Braskem de Teatro divulgou, nesta segunda-feira (2), o cronograma de sele\u00e7\u00e3o e a comiss\u00e3o julgadora. A novidade est\u00e1 na possibilidade de inscri\u00e7\u00e3o de pe\u00e7as de cidades do interior da Bahia que participar\u00e3o de classificat\u00f3ria na Mostra Interior em Cena, a ser realizada em agosto, em Salvador. Tamb\u00e9m podem concorrer [&hellip;]","og_url":"https:\/\/portalmf.com.br\/index.php\/2023\/01\/03\/premio-braskem-de-teatro-divulga-cronograma-e-comissao-julgadora-para-2023\/","og_site_name":"Portal MF","article_author":"https:\/\/www.facebook.com\/portalmfoficial","article_published_time":"2023-01-03T18:38:00+00:00","article_modified_time":"2023-01-03T18:38:01+00:00","og_image":[{"width":1280,"height":853,"url":"https:\/\/portalmf.com.br\/wp-content\/uploads\/2023\/01\/Premio-Braskem-de-Teatro.jpeg","type":"image\/jpeg"}],"author":"Reda\u00e7\u00e3o Portal MF","twitter_card":"summary_large_image","twitter_creator":"@https:\/\/x.com\/portalmfoficial","twitter_misc":{"Escrito por":"Reda\u00e7\u00e3o Portal MF","Est. tempo de leitura":"4 minutos"},"schema":{"@context":"https:\/\/schema.org","@graph":[{"@type":"WebPage","@id":"https:\/\/portalmf.com.br\/index.php\/2023\/01\/03\/premio-braskem-de-teatro-divulga-cronograma-e-comissao-julgadora-para-2023\/","url":"https:\/\/portalmf.com.br\/index.php\/2023\/01\/03\/premio-braskem-de-teatro-divulga-cronograma-e-comissao-julgadora-para-2023\/","name":"Pr\u00eamio Braskem de Teatro divulga cronograma e comiss\u00e3o julgadora para 2023 - Portal MF","isPartOf":{"@id":"https:\/\/portalmf.com.br\/#website"},"primaryImageOfPage":{"@id":"https:\/\/portalmf.com.br\/index.php\/2023\/01\/03\/premio-braskem-de-teatro-divulga-cronograma-e-comissao-julgadora-para-2023\/#primaryimage"},"image":{"@id":"https:\/\/portalmf.com.br\/index.php\/2023\/01\/03\/premio-braskem-de-teatro-divulga-cronograma-e-comissao-julgadora-para-2023\/#primaryimage"},"thumbnailUrl":"https:\/\/portalmf.com.br\/wp-content\/uploads\/2023\/01\/Premio-Braskem-de-Teatro.jpeg","datePublished":"2023-01-03T18:38:00+00:00","dateModified":"2023-01-03T18:38:01+00:00","author":{"@id":"https:\/\/portalmf.com.br\/#\/schema\/person\/9ec101baf56233e53520c26de5d6f6f0"},"breadcrumb":{"@id":"https:\/\/portalmf.com.br\/index.php\/2023\/01\/03\/premio-braskem-de-teatro-divulga-cronograma-e-comissao-julgadora-para-2023\/#breadcrumb"},"inLanguage":"pt-BR","potentialAction":[{"@type":"ReadAction","target":["https:\/\/portalmf.com.br\/index.php\/2023\/01\/03\/premio-braskem-de-teatro-divulga-cronograma-e-comissao-julgadora-para-2023\/"]}]},{"@type":"ImageObject","inLanguage":"pt-BR","@id":"https:\/\/portalmf.com.br\/index.php\/2023\/01\/03\/premio-braskem-de-teatro-divulga-cronograma-e-comissao-julgadora-para-2023\/#primaryimage","url":"https:\/\/portalmf.com.br\/wp-content\/uploads\/2023\/01\/Premio-Braskem-de-Teatro.jpeg","contentUrl":"https:\/\/portalmf.com.br\/wp-content\/uploads\/2023\/01\/Premio-Braskem-de-Teatro.jpeg","width":1280,"height":853},{"@type":"BreadcrumbList","@id":"https:\/\/portalmf.com.br\/index.php\/2023\/01\/03\/premio-braskem-de-teatro-divulga-cronograma-e-comissao-julgadora-para-2023\/#breadcrumb","itemListElement":[{"@type":"ListItem","position":1,"name":"In\u00edcio","item":"https:\/\/portalmf.com.br\/"},{"@type":"ListItem","position":2,"name":"Pr\u00eamio Braskem de Teatro divulga cronograma e comiss\u00e3o julgadora para 2023"}]},{"@type":"WebSite","@id":"https:\/\/portalmf.com.br\/#website","url":"https:\/\/portalmf.com.br\/","name":"Portal MF","description":"Voc\u00ea conectado com a informa\u00e7\u00e3o","potentialAction":[{"@type":"SearchAction","target":{"@type":"EntryPoint","urlTemplate":"https:\/\/portalmf.com.br\/?s={search_term_string}"},"query-input":"required name=search_term_string"}],"inLanguage":"pt-BR"},{"@type":"Person","@id":"https:\/\/portalmf.com.br\/#\/schema\/person\/9ec101baf56233e53520c26de5d6f6f0","name":"Reda\u00e7\u00e3o Portal MF","image":{"@type":"ImageObject","inLanguage":"pt-BR","@id":"https:\/\/portalmf.com.br\/#\/schema\/person\/image\/","url":"https:\/\/secure.gravatar.com\/avatar\/41b9aaeb2100835f7c64362330f74c7f?s=96&d=mm&r=g","contentUrl":"https:\/\/secure.gravatar.com\/avatar\/41b9aaeb2100835f7c64362330f74c7f?s=96&d=mm&r=g","caption":"Reda\u00e7\u00e3o Portal MF"},"description":"Sejam bem-vindos o portal de informa\u00e7\u00f5es de entretenimento de Feira de Santana, desde 2006 realiza coberturas dos principais eventos com entrevistas exclusivas com as principais personalidades mundiais. Fique conectado tamb\u00e9m nas redes sociais.","sameAs":["http:\/\/www.portalmf.com.br\/","https:\/\/www.facebook.com\/portalmfoficial","https:\/\/www.instagram.com\/portalmf\/","https:\/\/x.com\/https:\/\/x.com\/portalmfoficial","https:\/\/www.youtube.com\/@portalmfoficial"],"url":"https:\/\/portalmf.com.br\/index.php\/author\/junior\/"}]}},"_links":{"self":[{"href":"https:\/\/portalmf.com.br\/index.php\/wp-json\/wp\/v2\/posts\/7494"}],"collection":[{"href":"https:\/\/portalmf.com.br\/index.php\/wp-json\/wp\/v2\/posts"}],"about":[{"href":"https:\/\/portalmf.com.br\/index.php\/wp-json\/wp\/v2\/types\/post"}],"author":[{"embeddable":true,"href":"https:\/\/portalmf.com.br\/index.php\/wp-json\/wp\/v2\/users\/3"}],"replies":[{"embeddable":true,"href":"https:\/\/portalmf.com.br\/index.php\/wp-json\/wp\/v2\/comments?post=7494"}],"version-history":[{"count":1,"href":"https:\/\/portalmf.com.br\/index.php\/wp-json\/wp\/v2\/posts\/7494\/revisions"}],"predecessor-version":[{"id":7498,"href":"https:\/\/portalmf.com.br\/index.php\/wp-json\/wp\/v2\/posts\/7494\/revisions\/7498"}],"wp:featuredmedia":[{"embeddable":true,"href":"https:\/\/portalmf.com.br\/index.php\/wp-json\/wp\/v2\/media\/7497"}],"wp:attachment":[{"href":"https:\/\/portalmf.com.br\/index.php\/wp-json\/wp\/v2\/media?parent=7494"}],"wp:term":[{"taxonomy":"category","embeddable":true,"href":"https:\/\/portalmf.com.br\/index.php\/wp-json\/wp\/v2\/categories?post=7494"},{"taxonomy":"post_tag","embeddable":true,"href":"https:\/\/portalmf.com.br\/index.php\/wp-json\/wp\/v2\/tags?post=7494"}],"curies":[{"name":"wp","href":"https:\/\/api.w.org\/{rel}","templated":true}]}}