{"id":7491,"date":"2023-01-03T14:56:19","date_gmt":"2023-01-03T17:56:19","guid":{"rendered":"https:\/\/portalmf.com.br\/?p=7491"},"modified":"2023-01-03T15:39:55","modified_gmt":"2023-01-03T18:39:55","slug":"saulo-durval-e-filhos-de-jorge-abrem-os-ensaios-de-carnaval-na-bahia","status":"publish","type":"post","link":"https:\/\/portalmf.com.br\/index.php\/2023\/01\/03\/saulo-durval-e-filhos-de-jorge-abrem-os-ensaios-de-carnaval-na-bahia\/","title":{"rendered":"Saulo, Durval e Filhos de Jorge abrem os ensaios de carnaval na Bahia"},"content":{"rendered":"\n<p>A ESPERA ACABOU!!! E, est\u00e1 chegando a hora da Arena Fonte Nova abrir os port\u00f5es para receber mais uma edi\u00e7\u00e3o do projeto que j\u00e1 virou tradi\u00e7\u00e3o no Ver\u00e3o da Bahia. Um encontro de dois \u00edcones do Ax\u00e9 Music em clima de folia que vai fazer o ch\u00e3o tremer. \u00c9 o que promete a pr\u00f3xima edi\u00e7\u00e3o do Pranch\u00e3o &#8211; evento que j\u00e1 virou tradi\u00e7\u00e3o na Bahia, no qual Saulo e Durval, dois grandes artistas da m\u00fasica baiana, desfilam a bordo do pranch\u00e3o, um moderno palco m\u00f3vel que permite maior aproxima\u00e7\u00e3o e intera\u00e7\u00e3o entre os m\u00fasicos e o p\u00fablico. <\/p>\n\n\n\n<p>Realizado no dia 07 de janeiro, a partir das 15h, a festa, que est\u00e1 voltando mais forte do que nunca, contar\u00e1 com show de abertura da banda Filhos de Jorge. Dividido em dois setores, os ingressos para a PISTA j\u00e1 est\u00e3o \u00e0 venda no TicketMaker, Partik e Sympla. Para curtir a BARRACA DE PRAIA (Area Vip), o p\u00fablico poder\u00e1 comprar o ingresso na sede da Oquei Entretenimento, realizadora do evento, que fica no 3\u00ba Piso do Shopping da Bahia.<\/p>\n\n\n\n<p><strong>Mais informa\u00e7\u00f5es<\/strong><\/p>\n\n\n\n<p><strong>Saulo <\/strong>\u00e9 cantor, compositor, instrumentista e produtor. Come\u00e7ou a carreira cantando na banda Chica F\u00e9, em 1996, e logo depois, saiu para comandar a Banda Eva, onde permaneceu durante 11 anos. Em 2013, saiu do grupo e gravou o primeiro \u00e1lbum ao vivo em carreira solo, Saulo ao vivo. Hoje \u00e9 um dos principais nomes da nova gera\u00e7\u00e3o da m\u00fasica baiana. Na Fonte Nova, ele apresentar\u00e1 um repert\u00f3rio que traz desde os sucessos da sua carreira, como \u201cRa\u00edz de Todo Bem\u201d e &#8216;Agradecer&#8217;. Al\u00e9m disso, ele canta tamb\u00e9m m\u00fasicas dos \u00e1lbuns solo, como &#8216;Baiuna&#8217; e &#8216;Sol Lua Sol&#8217;.<\/p>\n\n\n\n<p><strong>Durval Lelys: <\/strong>Cantar, tocar e divertir o p\u00fablico, esses s\u00e3o os objetivos do cantor Durval Lelys ao subir em um trio el\u00e9trico ou em um palco. Ap\u00f3s anos de hist\u00f3ria dentro da banda Asa de \u00c1guia, Durval \u00e9 reconhecido pelo seu carisma, alegria e originalidade. O artista recebeu diversos pr\u00eamios importantes e conquistou milhares de f\u00e3s por todos os cantos do pa\u00eds. Pioneiro no cen\u00e1rio musical por mesclar diferentes ritmos com o ax\u00e9, Durval tamb\u00e9m conquistou o p\u00fablico com suas coreografias inusitadas e figurino impec\u00e1vel, tornando-se refer\u00eancia quando o assunto \u00e9 criatividade. Por falar em criatividade, o artista foi um dos principais criadores do Abad\u00e1, trazendo mais conforto para o foli\u00e3o.<\/p>\n\n\n\n<p><strong>Filhos de Jorge:<\/strong> Composta por m\u00fasicos experientes, a Filhos de Jorge se caracteriza por sua sonoridade \u00fanica, resultante de instrumentos percussivos exclusivos. Fabricados a partir de desenhos e sons idealizados pelos irm\u00e3os Gilmar e Papito Gomes, s\u00f3cios e diretores musicais da banda, a \u201ccozinha\u201d faz a diferen\u00e7a na identidade do grupo. Em 2013 a banda ganhou o Brasil e o mundo com a m\u00fasica \u201cZiriguidum\u201d, que foi executada em diversos pa\u00edses das Am\u00e9ricas e da Europa.<\/p>\n","protected":false},"excerpt":{"rendered":"<p>A ESPERA ACABOU!!! E, est\u00e1 chegando a hora da Arena Fonte Nova abrir os port\u00f5es para receber mais uma edi\u00e7\u00e3o do projeto que j\u00e1 virou tradi\u00e7\u00e3o no Ver\u00e3o da Bahia. Um encontro de dois \u00edcones do Ax\u00e9 Music em clima de folia que vai fazer o ch\u00e3o tremer. \u00c9 o que promete a pr\u00f3xima edi\u00e7\u00e3o [&hellip;]<\/p>\n","protected":false},"author":3,"featured_media":7492,"comment_status":"open","ping_status":"open","sticky":false,"template":"","format":"standard","meta":{"_monsterinsights_skip_tracking":false,"_monsterinsights_sitenote_active":false,"_monsterinsights_sitenote_note":"","_monsterinsights_sitenote_category":0,"footnotes":""},"categories":[48,45],"tags":[],"yoast_head":"<!-- This site is optimized with the Yoast SEO plugin v22.9 - https:\/\/yoast.com\/wordpress\/plugins\/seo\/ -->\n<title>Saulo, Durval e Filhos de Jorge abrem os ensaios de carnaval na Bahia - Portal MF<\/title>\n<meta name=\"robots\" content=\"index, follow, max-snippet:-1, max-image-preview:large, max-video-preview:-1\" \/>\n<link rel=\"canonical\" href=\"https:\/\/portalmf.com.br\/index.php\/2023\/01\/03\/saulo-durval-e-filhos-de-jorge-abrem-os-ensaios-de-carnaval-na-bahia\/\" \/>\n<meta property=\"og:locale\" content=\"pt_BR\" \/>\n<meta property=\"og:type\" content=\"article\" \/>\n<meta property=\"og:title\" content=\"Saulo, Durval e Filhos de Jorge abrem os ensaios de carnaval na Bahia - Portal MF\" \/>\n<meta property=\"og:description\" content=\"A ESPERA ACABOU!!! E, est\u00e1 chegando a hora da Arena Fonte Nova abrir os port\u00f5es para receber mais uma edi\u00e7\u00e3o do projeto que j\u00e1 virou tradi\u00e7\u00e3o no Ver\u00e3o da Bahia. Um encontro de dois \u00edcones do Ax\u00e9 Music em clima de folia que vai fazer o ch\u00e3o tremer. \u00c9 o que promete a pr\u00f3xima edi\u00e7\u00e3o [&hellip;]\" \/>\n<meta property=\"og:url\" content=\"https:\/\/portalmf.com.br\/index.php\/2023\/01\/03\/saulo-durval-e-filhos-de-jorge-abrem-os-ensaios-de-carnaval-na-bahia\/\" \/>\n<meta property=\"og:site_name\" content=\"Portal MF\" \/>\n<meta property=\"article:author\" content=\"https:\/\/www.facebook.com\/portalmfoficial\" \/>\n<meta property=\"article:published_time\" content=\"2023-01-03T17:56:19+00:00\" \/>\n<meta property=\"article:modified_time\" content=\"2023-01-03T18:39:55+00:00\" \/>\n<meta property=\"og:image\" content=\"https:\/\/portalmf.com.br\/wp-content\/uploads\/2023\/01\/PRANCHAO.jpeg\" \/>\n\t<meta property=\"og:image:width\" content=\"1000\" \/>\n\t<meta property=\"og:image:height\" content=\"800\" \/>\n\t<meta property=\"og:image:type\" content=\"image\/jpeg\" \/>\n<meta name=\"author\" content=\"Reda\u00e7\u00e3o Portal MF\" \/>\n<meta name=\"twitter:card\" content=\"summary_large_image\" \/>\n<meta name=\"twitter:creator\" content=\"@https:\/\/x.com\/portalmfoficial\" \/>\n<meta name=\"twitter:label1\" content=\"Escrito por\" \/>\n\t<meta name=\"twitter:data1\" content=\"Reda\u00e7\u00e3o Portal MF\" \/>\n\t<meta name=\"twitter:label2\" content=\"Est. tempo de leitura\" \/>\n\t<meta name=\"twitter:data2\" content=\"3 minutos\" \/>\n<script type=\"application\/ld+json\" class=\"yoast-schema-graph\">{\"@context\":\"https:\/\/schema.org\",\"@graph\":[{\"@type\":\"WebPage\",\"@id\":\"https:\/\/portalmf.com.br\/index.php\/2023\/01\/03\/saulo-durval-e-filhos-de-jorge-abrem-os-ensaios-de-carnaval-na-bahia\/\",\"url\":\"https:\/\/portalmf.com.br\/index.php\/2023\/01\/03\/saulo-durval-e-filhos-de-jorge-abrem-os-ensaios-de-carnaval-na-bahia\/\",\"name\":\"Saulo, Durval e Filhos de Jorge abrem os ensaios de carnaval na Bahia - Portal MF\",\"isPartOf\":{\"@id\":\"https:\/\/portalmf.com.br\/#website\"},\"primaryImageOfPage\":{\"@id\":\"https:\/\/portalmf.com.br\/index.php\/2023\/01\/03\/saulo-durval-e-filhos-de-jorge-abrem-os-ensaios-de-carnaval-na-bahia\/#primaryimage\"},\"image\":{\"@id\":\"https:\/\/portalmf.com.br\/index.php\/2023\/01\/03\/saulo-durval-e-filhos-de-jorge-abrem-os-ensaios-de-carnaval-na-bahia\/#primaryimage\"},\"thumbnailUrl\":\"https:\/\/portalmf.com.br\/wp-content\/uploads\/2023\/01\/PRANCHAO.jpeg\",\"datePublished\":\"2023-01-03T17:56:19+00:00\",\"dateModified\":\"2023-01-03T18:39:55+00:00\",\"author\":{\"@id\":\"https:\/\/portalmf.com.br\/#\/schema\/person\/9ec101baf56233e53520c26de5d6f6f0\"},\"breadcrumb\":{\"@id\":\"https:\/\/portalmf.com.br\/index.php\/2023\/01\/03\/saulo-durval-e-filhos-de-jorge-abrem-os-ensaios-de-carnaval-na-bahia\/#breadcrumb\"},\"inLanguage\":\"pt-BR\",\"potentialAction\":[{\"@type\":\"ReadAction\",\"target\":[\"https:\/\/portalmf.com.br\/index.php\/2023\/01\/03\/saulo-durval-e-filhos-de-jorge-abrem-os-ensaios-de-carnaval-na-bahia\/\"]}]},{\"@type\":\"ImageObject\",\"inLanguage\":\"pt-BR\",\"@id\":\"https:\/\/portalmf.com.br\/index.php\/2023\/01\/03\/saulo-durval-e-filhos-de-jorge-abrem-os-ensaios-de-carnaval-na-bahia\/#primaryimage\",\"url\":\"https:\/\/portalmf.com.br\/wp-content\/uploads\/2023\/01\/PRANCHAO.jpeg\",\"contentUrl\":\"https:\/\/portalmf.com.br\/wp-content\/uploads\/2023\/01\/PRANCHAO.jpeg\",\"width\":1000,\"height\":800},{\"@type\":\"BreadcrumbList\",\"@id\":\"https:\/\/portalmf.com.br\/index.php\/2023\/01\/03\/saulo-durval-e-filhos-de-jorge-abrem-os-ensaios-de-carnaval-na-bahia\/#breadcrumb\",\"itemListElement\":[{\"@type\":\"ListItem\",\"position\":1,\"name\":\"In\u00edcio\",\"item\":\"https:\/\/portalmf.com.br\/\"},{\"@type\":\"ListItem\",\"position\":2,\"name\":\"Saulo, Durval e Filhos de Jorge abrem os ensaios de carnaval na Bahia\"}]},{\"@type\":\"WebSite\",\"@id\":\"https:\/\/portalmf.com.br\/#website\",\"url\":\"https:\/\/portalmf.com.br\/\",\"name\":\"Portal MF\",\"description\":\"Voc\u00ea conectado com a informa\u00e7\u00e3o\",\"potentialAction\":[{\"@type\":\"SearchAction\",\"target\":{\"@type\":\"EntryPoint\",\"urlTemplate\":\"https:\/\/portalmf.com.br\/?s={search_term_string}\"},\"query-input\":\"required name=search_term_string\"}],\"inLanguage\":\"pt-BR\"},{\"@type\":\"Person\",\"@id\":\"https:\/\/portalmf.com.br\/#\/schema\/person\/9ec101baf56233e53520c26de5d6f6f0\",\"name\":\"Reda\u00e7\u00e3o Portal MF\",\"image\":{\"@type\":\"ImageObject\",\"inLanguage\":\"pt-BR\",\"@id\":\"https:\/\/portalmf.com.br\/#\/schema\/person\/image\/\",\"url\":\"https:\/\/secure.gravatar.com\/avatar\/41b9aaeb2100835f7c64362330f74c7f?s=96&d=mm&r=g\",\"contentUrl\":\"https:\/\/secure.gravatar.com\/avatar\/41b9aaeb2100835f7c64362330f74c7f?s=96&d=mm&r=g\",\"caption\":\"Reda\u00e7\u00e3o Portal MF\"},\"description\":\"Sejam bem-vindos o portal de informa\u00e7\u00f5es de entretenimento de Feira de Santana, desde 2006 realiza coberturas dos principais eventos com entrevistas exclusivas com as principais personalidades mundiais. Fique conectado tamb\u00e9m nas redes sociais.\",\"sameAs\":[\"http:\/\/www.portalmf.com.br\/\",\"https:\/\/www.facebook.com\/portalmfoficial\",\"https:\/\/www.instagram.com\/portalmf\/\",\"https:\/\/x.com\/https:\/\/x.com\/portalmfoficial\",\"https:\/\/www.youtube.com\/@portalmfoficial\"],\"url\":\"https:\/\/portalmf.com.br\/index.php\/author\/junior\/\"}]}<\/script>\n<!-- \/ Yoast SEO plugin. -->","yoast_head_json":{"title":"Saulo, Durval e Filhos de Jorge abrem os ensaios de carnaval na Bahia - Portal MF","robots":{"index":"index","follow":"follow","max-snippet":"max-snippet:-1","max-image-preview":"max-image-preview:large","max-video-preview":"max-video-preview:-1"},"canonical":"https:\/\/portalmf.com.br\/index.php\/2023\/01\/03\/saulo-durval-e-filhos-de-jorge-abrem-os-ensaios-de-carnaval-na-bahia\/","og_locale":"pt_BR","og_type":"article","og_title":"Saulo, Durval e Filhos de Jorge abrem os ensaios de carnaval na Bahia - Portal MF","og_description":"A ESPERA ACABOU!!! E, est\u00e1 chegando a hora da Arena Fonte Nova abrir os port\u00f5es para receber mais uma edi\u00e7\u00e3o do projeto que j\u00e1 virou tradi\u00e7\u00e3o no Ver\u00e3o da Bahia. Um encontro de dois \u00edcones do Ax\u00e9 Music em clima de folia que vai fazer o ch\u00e3o tremer. \u00c9 o que promete a pr\u00f3xima edi\u00e7\u00e3o [&hellip;]","og_url":"https:\/\/portalmf.com.br\/index.php\/2023\/01\/03\/saulo-durval-e-filhos-de-jorge-abrem-os-ensaios-de-carnaval-na-bahia\/","og_site_name":"Portal MF","article_author":"https:\/\/www.facebook.com\/portalmfoficial","article_published_time":"2023-01-03T17:56:19+00:00","article_modified_time":"2023-01-03T18:39:55+00:00","og_image":[{"width":1000,"height":800,"url":"https:\/\/portalmf.com.br\/wp-content\/uploads\/2023\/01\/PRANCHAO.jpeg","type":"image\/jpeg"}],"author":"Reda\u00e7\u00e3o Portal MF","twitter_card":"summary_large_image","twitter_creator":"@https:\/\/x.com\/portalmfoficial","twitter_misc":{"Escrito por":"Reda\u00e7\u00e3o Portal MF","Est. tempo de leitura":"3 minutos"},"schema":{"@context":"https:\/\/schema.org","@graph":[{"@type":"WebPage","@id":"https:\/\/portalmf.com.br\/index.php\/2023\/01\/03\/saulo-durval-e-filhos-de-jorge-abrem-os-ensaios-de-carnaval-na-bahia\/","url":"https:\/\/portalmf.com.br\/index.php\/2023\/01\/03\/saulo-durval-e-filhos-de-jorge-abrem-os-ensaios-de-carnaval-na-bahia\/","name":"Saulo, Durval e Filhos de Jorge abrem os ensaios de carnaval na Bahia - Portal MF","isPartOf":{"@id":"https:\/\/portalmf.com.br\/#website"},"primaryImageOfPage":{"@id":"https:\/\/portalmf.com.br\/index.php\/2023\/01\/03\/saulo-durval-e-filhos-de-jorge-abrem-os-ensaios-de-carnaval-na-bahia\/#primaryimage"},"image":{"@id":"https:\/\/portalmf.com.br\/index.php\/2023\/01\/03\/saulo-durval-e-filhos-de-jorge-abrem-os-ensaios-de-carnaval-na-bahia\/#primaryimage"},"thumbnailUrl":"https:\/\/portalmf.com.br\/wp-content\/uploads\/2023\/01\/PRANCHAO.jpeg","datePublished":"2023-01-03T17:56:19+00:00","dateModified":"2023-01-03T18:39:55+00:00","author":{"@id":"https:\/\/portalmf.com.br\/#\/schema\/person\/9ec101baf56233e53520c26de5d6f6f0"},"breadcrumb":{"@id":"https:\/\/portalmf.com.br\/index.php\/2023\/01\/03\/saulo-durval-e-filhos-de-jorge-abrem-os-ensaios-de-carnaval-na-bahia\/#breadcrumb"},"inLanguage":"pt-BR","potentialAction":[{"@type":"ReadAction","target":["https:\/\/portalmf.com.br\/index.php\/2023\/01\/03\/saulo-durval-e-filhos-de-jorge-abrem-os-ensaios-de-carnaval-na-bahia\/"]}]},{"@type":"ImageObject","inLanguage":"pt-BR","@id":"https:\/\/portalmf.com.br\/index.php\/2023\/01\/03\/saulo-durval-e-filhos-de-jorge-abrem-os-ensaios-de-carnaval-na-bahia\/#primaryimage","url":"https:\/\/portalmf.com.br\/wp-content\/uploads\/2023\/01\/PRANCHAO.jpeg","contentUrl":"https:\/\/portalmf.com.br\/wp-content\/uploads\/2023\/01\/PRANCHAO.jpeg","width":1000,"height":800},{"@type":"BreadcrumbList","@id":"https:\/\/portalmf.com.br\/index.php\/2023\/01\/03\/saulo-durval-e-filhos-de-jorge-abrem-os-ensaios-de-carnaval-na-bahia\/#breadcrumb","itemListElement":[{"@type":"ListItem","position":1,"name":"In\u00edcio","item":"https:\/\/portalmf.com.br\/"},{"@type":"ListItem","position":2,"name":"Saulo, Durval e Filhos de Jorge abrem os ensaios de carnaval na Bahia"}]},{"@type":"WebSite","@id":"https:\/\/portalmf.com.br\/#website","url":"https:\/\/portalmf.com.br\/","name":"Portal MF","description":"Voc\u00ea conectado com a informa\u00e7\u00e3o","potentialAction":[{"@type":"SearchAction","target":{"@type":"EntryPoint","urlTemplate":"https:\/\/portalmf.com.br\/?s={search_term_string}"},"query-input":"required name=search_term_string"}],"inLanguage":"pt-BR"},{"@type":"Person","@id":"https:\/\/portalmf.com.br\/#\/schema\/person\/9ec101baf56233e53520c26de5d6f6f0","name":"Reda\u00e7\u00e3o Portal MF","image":{"@type":"ImageObject","inLanguage":"pt-BR","@id":"https:\/\/portalmf.com.br\/#\/schema\/person\/image\/","url":"https:\/\/secure.gravatar.com\/avatar\/41b9aaeb2100835f7c64362330f74c7f?s=96&d=mm&r=g","contentUrl":"https:\/\/secure.gravatar.com\/avatar\/41b9aaeb2100835f7c64362330f74c7f?s=96&d=mm&r=g","caption":"Reda\u00e7\u00e3o Portal MF"},"description":"Sejam bem-vindos o portal de informa\u00e7\u00f5es de entretenimento de Feira de Santana, desde 2006 realiza coberturas dos principais eventos com entrevistas exclusivas com as principais personalidades mundiais. Fique conectado tamb\u00e9m nas redes sociais.","sameAs":["http:\/\/www.portalmf.com.br\/","https:\/\/www.facebook.com\/portalmfoficial","https:\/\/www.instagram.com\/portalmf\/","https:\/\/x.com\/https:\/\/x.com\/portalmfoficial","https:\/\/www.youtube.com\/@portalmfoficial"],"url":"https:\/\/portalmf.com.br\/index.php\/author\/junior\/"}]}},"_links":{"self":[{"href":"https:\/\/portalmf.com.br\/index.php\/wp-json\/wp\/v2\/posts\/7491"}],"collection":[{"href":"https:\/\/portalmf.com.br\/index.php\/wp-json\/wp\/v2\/posts"}],"about":[{"href":"https:\/\/portalmf.com.br\/index.php\/wp-json\/wp\/v2\/types\/post"}],"author":[{"embeddable":true,"href":"https:\/\/portalmf.com.br\/index.php\/wp-json\/wp\/v2\/users\/3"}],"replies":[{"embeddable":true,"href":"https:\/\/portalmf.com.br\/index.php\/wp-json\/wp\/v2\/comments?post=7491"}],"version-history":[{"count":3,"href":"https:\/\/portalmf.com.br\/index.php\/wp-json\/wp\/v2\/posts\/7491\/revisions"}],"predecessor-version":[{"id":7499,"href":"https:\/\/portalmf.com.br\/index.php\/wp-json\/wp\/v2\/posts\/7491\/revisions\/7499"}],"wp:featuredmedia":[{"embeddable":true,"href":"https:\/\/portalmf.com.br\/index.php\/wp-json\/wp\/v2\/media\/7492"}],"wp:attachment":[{"href":"https:\/\/portalmf.com.br\/index.php\/wp-json\/wp\/v2\/media?parent=7491"}],"wp:term":[{"taxonomy":"category","embeddable":true,"href":"https:\/\/portalmf.com.br\/index.php\/wp-json\/wp\/v2\/categories?post=7491"},{"taxonomy":"post_tag","embeddable":true,"href":"https:\/\/portalmf.com.br\/index.php\/wp-json\/wp\/v2\/tags?post=7491"}],"curies":[{"name":"wp","href":"https:\/\/api.w.org\/{rel}","templated":true}]}}