{"id":7488,"date":"2023-01-03T14:53:39","date_gmt":"2023-01-03T17:53:39","guid":{"rendered":"https:\/\/portalmf.com.br\/?p=7488"},"modified":"2023-01-03T14:53:40","modified_gmt":"2023-01-03T17:53:40","slug":"projeto-fervo-das-avancadas-agita-o-pelourinho-nesta-sexta-06","status":"publish","type":"post","link":"https:\/\/portalmf.com.br\/index.php\/2023\/01\/03\/projeto-fervo-das-avancadas-agita-o-pelourinho-nesta-sexta-06\/","title":{"rendered":"Projeto Fervo das Avan\u00e7adas agita o Pelourinho nesta sexta (06)"},"content":{"rendered":"\n<p>O Projeto Fervo das Avan\u00e7adas vai agitar o final de semana no Centro Hist\u00f3rico de Salvador. O encontro acontece, de gra\u00e7a, na pr\u00f3xima sexta-feira, dia 6 de janeiro, a partir das 20h, no Largo Pedro Archanjo, Pelourinho. Com apresenta\u00e7\u00f5es das cantoras DAI e N\u00eassa, e performance da DJ Bruxa Braba e do coletivo Afrobapho.<\/p>\n\n\n\n<p>A grade \u00e9 formada prioritariamente por mulheres, refor\u00e7ando a ideia do projeto que \u00e9 dar visibilidade ao poderio feminino na m\u00fasica.<\/p>\n\n\n\n<p>O Projeto Fervo das Avan\u00e7adas \u00e9 produzido pela Vestido de Palha Produ\u00e7\u00f5es com apoio do Governo do Estado da Bahia.<\/p>\n\n\n\n<p>Servi\u00e7o:<\/p>\n\n\n\n<p>O que: Projeto Fervo das Avan\u00e7adas<br>Quando: 06 de janeiro de 2023<br>Onde: Largo Pedro Archanjo, Pelourinho<br>Valor: Gratuito<br>OBS: Apresentar cart\u00e3o de vacina e usar m\u00e1scara.<\/p>\n","protected":false},"excerpt":{"rendered":"<p>O Projeto Fervo das Avan\u00e7adas vai agitar o final de semana no Centro Hist\u00f3rico de Salvador. O encontro acontece, de gra\u00e7a, na pr\u00f3xima sexta-feira, dia 6 de janeiro, a partir das 20h, no Largo Pedro Archanjo, Pelourinho. Com apresenta\u00e7\u00f5es das cantoras DAI e N\u00eassa, e performance da DJ Bruxa Braba e do coletivo Afrobapho. A [&hellip;]<\/p>\n","protected":false},"author":3,"featured_media":7489,"comment_status":"open","ping_status":"open","sticky":false,"template":"","format":"standard","meta":{"_monsterinsights_skip_tracking":false,"_monsterinsights_sitenote_active":false,"_monsterinsights_sitenote_note":"","_monsterinsights_sitenote_category":0,"footnotes":""},"categories":[45],"tags":[],"yoast_head":"<!-- This site is optimized with the Yoast SEO plugin v22.9 - https:\/\/yoast.com\/wordpress\/plugins\/seo\/ -->\n<title>Projeto Fervo das Avan\u00e7adas agita o Pelourinho nesta sexta (06) - Portal MF<\/title>\n<meta name=\"robots\" content=\"index, follow, max-snippet:-1, max-image-preview:large, max-video-preview:-1\" \/>\n<link rel=\"canonical\" href=\"https:\/\/portalmf.com.br\/index.php\/2023\/01\/03\/projeto-fervo-das-avancadas-agita-o-pelourinho-nesta-sexta-06\/\" \/>\n<meta property=\"og:locale\" content=\"pt_BR\" \/>\n<meta property=\"og:type\" content=\"article\" \/>\n<meta property=\"og:title\" content=\"Projeto Fervo das Avan\u00e7adas agita o Pelourinho nesta sexta (06) - Portal MF\" \/>\n<meta property=\"og:description\" content=\"O Projeto Fervo das Avan\u00e7adas vai agitar o final de semana no Centro Hist\u00f3rico de Salvador. O encontro acontece, de gra\u00e7a, na pr\u00f3xima sexta-feira, dia 6 de janeiro, a partir das 20h, no Largo Pedro Archanjo, Pelourinho. Com apresenta\u00e7\u00f5es das cantoras DAI e N\u00eassa, e performance da DJ Bruxa Braba e do coletivo Afrobapho. A [&hellip;]\" \/>\n<meta property=\"og:url\" content=\"https:\/\/portalmf.com.br\/index.php\/2023\/01\/03\/projeto-fervo-das-avancadas-agita-o-pelourinho-nesta-sexta-06\/\" \/>\n<meta property=\"og:site_name\" content=\"Portal MF\" \/>\n<meta property=\"article:author\" content=\"https:\/\/www.facebook.com\/portalmfoficial\" \/>\n<meta property=\"article:published_time\" content=\"2023-01-03T17:53:39+00:00\" \/>\n<meta property=\"article:modified_time\" content=\"2023-01-03T17:53:40+00:00\" \/>\n<meta property=\"og:image\" content=\"https:\/\/portalmf.com.br\/wp-content\/uploads\/2023\/01\/Projeto-Fervo-das-Avancadas.jpeg\" \/>\n\t<meta property=\"og:image:width\" content=\"1600\" \/>\n\t<meta property=\"og:image:height\" content=\"1200\" \/>\n\t<meta property=\"og:image:type\" content=\"image\/jpeg\" \/>\n<meta name=\"author\" content=\"Reda\u00e7\u00e3o Portal MF\" \/>\n<meta name=\"twitter:card\" content=\"summary_large_image\" \/>\n<meta name=\"twitter:creator\" content=\"@https:\/\/x.com\/portalmfoficial\" \/>\n<meta name=\"twitter:label1\" content=\"Escrito por\" \/>\n\t<meta name=\"twitter:data1\" content=\"Reda\u00e7\u00e3o Portal MF\" \/>\n\t<meta name=\"twitter:label2\" content=\"Est. tempo de leitura\" \/>\n\t<meta name=\"twitter:data2\" content=\"1 minuto\" \/>\n<script type=\"application\/ld+json\" class=\"yoast-schema-graph\">{\"@context\":\"https:\/\/schema.org\",\"@graph\":[{\"@type\":\"WebPage\",\"@id\":\"https:\/\/portalmf.com.br\/index.php\/2023\/01\/03\/projeto-fervo-das-avancadas-agita-o-pelourinho-nesta-sexta-06\/\",\"url\":\"https:\/\/portalmf.com.br\/index.php\/2023\/01\/03\/projeto-fervo-das-avancadas-agita-o-pelourinho-nesta-sexta-06\/\",\"name\":\"Projeto Fervo das Avan\u00e7adas agita o Pelourinho nesta sexta (06) - Portal MF\",\"isPartOf\":{\"@id\":\"https:\/\/portalmf.com.br\/#website\"},\"primaryImageOfPage\":{\"@id\":\"https:\/\/portalmf.com.br\/index.php\/2023\/01\/03\/projeto-fervo-das-avancadas-agita-o-pelourinho-nesta-sexta-06\/#primaryimage\"},\"image\":{\"@id\":\"https:\/\/portalmf.com.br\/index.php\/2023\/01\/03\/projeto-fervo-das-avancadas-agita-o-pelourinho-nesta-sexta-06\/#primaryimage\"},\"thumbnailUrl\":\"https:\/\/portalmf.com.br\/wp-content\/uploads\/2023\/01\/Projeto-Fervo-das-Avancadas.jpeg\",\"datePublished\":\"2023-01-03T17:53:39+00:00\",\"dateModified\":\"2023-01-03T17:53:40+00:00\",\"author\":{\"@id\":\"https:\/\/portalmf.com.br\/#\/schema\/person\/9ec101baf56233e53520c26de5d6f6f0\"},\"breadcrumb\":{\"@id\":\"https:\/\/portalmf.com.br\/index.php\/2023\/01\/03\/projeto-fervo-das-avancadas-agita-o-pelourinho-nesta-sexta-06\/#breadcrumb\"},\"inLanguage\":\"pt-BR\",\"potentialAction\":[{\"@type\":\"ReadAction\",\"target\":[\"https:\/\/portalmf.com.br\/index.php\/2023\/01\/03\/projeto-fervo-das-avancadas-agita-o-pelourinho-nesta-sexta-06\/\"]}]},{\"@type\":\"ImageObject\",\"inLanguage\":\"pt-BR\",\"@id\":\"https:\/\/portalmf.com.br\/index.php\/2023\/01\/03\/projeto-fervo-das-avancadas-agita-o-pelourinho-nesta-sexta-06\/#primaryimage\",\"url\":\"https:\/\/portalmf.com.br\/wp-content\/uploads\/2023\/01\/Projeto-Fervo-das-Avancadas.jpeg\",\"contentUrl\":\"https:\/\/portalmf.com.br\/wp-content\/uploads\/2023\/01\/Projeto-Fervo-das-Avancadas.jpeg\",\"width\":1600,\"height\":1200},{\"@type\":\"BreadcrumbList\",\"@id\":\"https:\/\/portalmf.com.br\/index.php\/2023\/01\/03\/projeto-fervo-das-avancadas-agita-o-pelourinho-nesta-sexta-06\/#breadcrumb\",\"itemListElement\":[{\"@type\":\"ListItem\",\"position\":1,\"name\":\"In\u00edcio\",\"item\":\"https:\/\/portalmf.com.br\/\"},{\"@type\":\"ListItem\",\"position\":2,\"name\":\"Projeto Fervo das Avan\u00e7adas agita o Pelourinho nesta sexta (06)\"}]},{\"@type\":\"WebSite\",\"@id\":\"https:\/\/portalmf.com.br\/#website\",\"url\":\"https:\/\/portalmf.com.br\/\",\"name\":\"Portal MF\",\"description\":\"Voc\u00ea conectado com a informa\u00e7\u00e3o\",\"potentialAction\":[{\"@type\":\"SearchAction\",\"target\":{\"@type\":\"EntryPoint\",\"urlTemplate\":\"https:\/\/portalmf.com.br\/?s={search_term_string}\"},\"query-input\":\"required name=search_term_string\"}],\"inLanguage\":\"pt-BR\"},{\"@type\":\"Person\",\"@id\":\"https:\/\/portalmf.com.br\/#\/schema\/person\/9ec101baf56233e53520c26de5d6f6f0\",\"name\":\"Reda\u00e7\u00e3o Portal MF\",\"image\":{\"@type\":\"ImageObject\",\"inLanguage\":\"pt-BR\",\"@id\":\"https:\/\/portalmf.com.br\/#\/schema\/person\/image\/\",\"url\":\"https:\/\/secure.gravatar.com\/avatar\/41b9aaeb2100835f7c64362330f74c7f?s=96&d=mm&r=g\",\"contentUrl\":\"https:\/\/secure.gravatar.com\/avatar\/41b9aaeb2100835f7c64362330f74c7f?s=96&d=mm&r=g\",\"caption\":\"Reda\u00e7\u00e3o Portal MF\"},\"description\":\"Sejam bem-vindos o portal de informa\u00e7\u00f5es de entretenimento de Feira de Santana, desde 2006 realiza coberturas dos principais eventos com entrevistas exclusivas com as principais personalidades mundiais. Fique conectado tamb\u00e9m nas redes sociais.\",\"sameAs\":[\"http:\/\/www.portalmf.com.br\/\",\"https:\/\/www.facebook.com\/portalmfoficial\",\"https:\/\/www.instagram.com\/portalmf\/\",\"https:\/\/x.com\/https:\/\/x.com\/portalmfoficial\",\"https:\/\/www.youtube.com\/@portalmfoficial\"],\"url\":\"https:\/\/portalmf.com.br\/index.php\/author\/junior\/\"}]}<\/script>\n<!-- \/ Yoast SEO plugin. -->","yoast_head_json":{"title":"Projeto Fervo das Avan\u00e7adas agita o Pelourinho nesta sexta (06) - Portal MF","robots":{"index":"index","follow":"follow","max-snippet":"max-snippet:-1","max-image-preview":"max-image-preview:large","max-video-preview":"max-video-preview:-1"},"canonical":"https:\/\/portalmf.com.br\/index.php\/2023\/01\/03\/projeto-fervo-das-avancadas-agita-o-pelourinho-nesta-sexta-06\/","og_locale":"pt_BR","og_type":"article","og_title":"Projeto Fervo das Avan\u00e7adas agita o Pelourinho nesta sexta (06) - Portal MF","og_description":"O Projeto Fervo das Avan\u00e7adas vai agitar o final de semana no Centro Hist\u00f3rico de Salvador. O encontro acontece, de gra\u00e7a, na pr\u00f3xima sexta-feira, dia 6 de janeiro, a partir das 20h, no Largo Pedro Archanjo, Pelourinho. Com apresenta\u00e7\u00f5es das cantoras DAI e N\u00eassa, e performance da DJ Bruxa Braba e do coletivo Afrobapho. A [&hellip;]","og_url":"https:\/\/portalmf.com.br\/index.php\/2023\/01\/03\/projeto-fervo-das-avancadas-agita-o-pelourinho-nesta-sexta-06\/","og_site_name":"Portal MF","article_author":"https:\/\/www.facebook.com\/portalmfoficial","article_published_time":"2023-01-03T17:53:39+00:00","article_modified_time":"2023-01-03T17:53:40+00:00","og_image":[{"width":1600,"height":1200,"url":"https:\/\/portalmf.com.br\/wp-content\/uploads\/2023\/01\/Projeto-Fervo-das-Avancadas.jpeg","type":"image\/jpeg"}],"author":"Reda\u00e7\u00e3o Portal MF","twitter_card":"summary_large_image","twitter_creator":"@https:\/\/x.com\/portalmfoficial","twitter_misc":{"Escrito por":"Reda\u00e7\u00e3o Portal MF","Est. tempo de leitura":"1 minuto"},"schema":{"@context":"https:\/\/schema.org","@graph":[{"@type":"WebPage","@id":"https:\/\/portalmf.com.br\/index.php\/2023\/01\/03\/projeto-fervo-das-avancadas-agita-o-pelourinho-nesta-sexta-06\/","url":"https:\/\/portalmf.com.br\/index.php\/2023\/01\/03\/projeto-fervo-das-avancadas-agita-o-pelourinho-nesta-sexta-06\/","name":"Projeto Fervo das Avan\u00e7adas agita o Pelourinho nesta sexta (06) - Portal MF","isPartOf":{"@id":"https:\/\/portalmf.com.br\/#website"},"primaryImageOfPage":{"@id":"https:\/\/portalmf.com.br\/index.php\/2023\/01\/03\/projeto-fervo-das-avancadas-agita-o-pelourinho-nesta-sexta-06\/#primaryimage"},"image":{"@id":"https:\/\/portalmf.com.br\/index.php\/2023\/01\/03\/projeto-fervo-das-avancadas-agita-o-pelourinho-nesta-sexta-06\/#primaryimage"},"thumbnailUrl":"https:\/\/portalmf.com.br\/wp-content\/uploads\/2023\/01\/Projeto-Fervo-das-Avancadas.jpeg","datePublished":"2023-01-03T17:53:39+00:00","dateModified":"2023-01-03T17:53:40+00:00","author":{"@id":"https:\/\/portalmf.com.br\/#\/schema\/person\/9ec101baf56233e53520c26de5d6f6f0"},"breadcrumb":{"@id":"https:\/\/portalmf.com.br\/index.php\/2023\/01\/03\/projeto-fervo-das-avancadas-agita-o-pelourinho-nesta-sexta-06\/#breadcrumb"},"inLanguage":"pt-BR","potentialAction":[{"@type":"ReadAction","target":["https:\/\/portalmf.com.br\/index.php\/2023\/01\/03\/projeto-fervo-das-avancadas-agita-o-pelourinho-nesta-sexta-06\/"]}]},{"@type":"ImageObject","inLanguage":"pt-BR","@id":"https:\/\/portalmf.com.br\/index.php\/2023\/01\/03\/projeto-fervo-das-avancadas-agita-o-pelourinho-nesta-sexta-06\/#primaryimage","url":"https:\/\/portalmf.com.br\/wp-content\/uploads\/2023\/01\/Projeto-Fervo-das-Avancadas.jpeg","contentUrl":"https:\/\/portalmf.com.br\/wp-content\/uploads\/2023\/01\/Projeto-Fervo-das-Avancadas.jpeg","width":1600,"height":1200},{"@type":"BreadcrumbList","@id":"https:\/\/portalmf.com.br\/index.php\/2023\/01\/03\/projeto-fervo-das-avancadas-agita-o-pelourinho-nesta-sexta-06\/#breadcrumb","itemListElement":[{"@type":"ListItem","position":1,"name":"In\u00edcio","item":"https:\/\/portalmf.com.br\/"},{"@type":"ListItem","position":2,"name":"Projeto Fervo das Avan\u00e7adas agita o Pelourinho nesta sexta (06)"}]},{"@type":"WebSite","@id":"https:\/\/portalmf.com.br\/#website","url":"https:\/\/portalmf.com.br\/","name":"Portal MF","description":"Voc\u00ea conectado com a informa\u00e7\u00e3o","potentialAction":[{"@type":"SearchAction","target":{"@type":"EntryPoint","urlTemplate":"https:\/\/portalmf.com.br\/?s={search_term_string}"},"query-input":"required name=search_term_string"}],"inLanguage":"pt-BR"},{"@type":"Person","@id":"https:\/\/portalmf.com.br\/#\/schema\/person\/9ec101baf56233e53520c26de5d6f6f0","name":"Reda\u00e7\u00e3o Portal MF","image":{"@type":"ImageObject","inLanguage":"pt-BR","@id":"https:\/\/portalmf.com.br\/#\/schema\/person\/image\/","url":"https:\/\/secure.gravatar.com\/avatar\/41b9aaeb2100835f7c64362330f74c7f?s=96&d=mm&r=g","contentUrl":"https:\/\/secure.gravatar.com\/avatar\/41b9aaeb2100835f7c64362330f74c7f?s=96&d=mm&r=g","caption":"Reda\u00e7\u00e3o Portal MF"},"description":"Sejam bem-vindos o portal de informa\u00e7\u00f5es de entretenimento de Feira de Santana, desde 2006 realiza coberturas dos principais eventos com entrevistas exclusivas com as principais personalidades mundiais. Fique conectado tamb\u00e9m nas redes sociais.","sameAs":["http:\/\/www.portalmf.com.br\/","https:\/\/www.facebook.com\/portalmfoficial","https:\/\/www.instagram.com\/portalmf\/","https:\/\/x.com\/https:\/\/x.com\/portalmfoficial","https:\/\/www.youtube.com\/@portalmfoficial"],"url":"https:\/\/portalmf.com.br\/index.php\/author\/junior\/"}]}},"_links":{"self":[{"href":"https:\/\/portalmf.com.br\/index.php\/wp-json\/wp\/v2\/posts\/7488"}],"collection":[{"href":"https:\/\/portalmf.com.br\/index.php\/wp-json\/wp\/v2\/posts"}],"about":[{"href":"https:\/\/portalmf.com.br\/index.php\/wp-json\/wp\/v2\/types\/post"}],"author":[{"embeddable":true,"href":"https:\/\/portalmf.com.br\/index.php\/wp-json\/wp\/v2\/users\/3"}],"replies":[{"embeddable":true,"href":"https:\/\/portalmf.com.br\/index.php\/wp-json\/wp\/v2\/comments?post=7488"}],"version-history":[{"count":1,"href":"https:\/\/portalmf.com.br\/index.php\/wp-json\/wp\/v2\/posts\/7488\/revisions"}],"predecessor-version":[{"id":7490,"href":"https:\/\/portalmf.com.br\/index.php\/wp-json\/wp\/v2\/posts\/7488\/revisions\/7490"}],"wp:featuredmedia":[{"embeddable":true,"href":"https:\/\/portalmf.com.br\/index.php\/wp-json\/wp\/v2\/media\/7489"}],"wp:attachment":[{"href":"https:\/\/portalmf.com.br\/index.php\/wp-json\/wp\/v2\/media?parent=7488"}],"wp:term":[{"taxonomy":"category","embeddable":true,"href":"https:\/\/portalmf.com.br\/index.php\/wp-json\/wp\/v2\/categories?post=7488"},{"taxonomy":"post_tag","embeddable":true,"href":"https:\/\/portalmf.com.br\/index.php\/wp-json\/wp\/v2\/tags?post=7488"}],"curies":[{"name":"wp","href":"https:\/\/api.w.org\/{rel}","templated":true}]}}