{"id":7485,"date":"2023-01-03T14:51:11","date_gmt":"2023-01-03T17:51:11","guid":{"rendered":"https:\/\/portalmf.com.br\/?p=7485"},"modified":"2023-01-03T14:51:12","modified_gmt":"2023-01-03T17:51:12","slug":"band-decreta-fim-de-canal-na-tv-paga","status":"publish","type":"post","link":"https:\/\/portalmf.com.br\/index.php\/2023\/01\/03\/band-decreta-fim-de-canal-na-tv-paga\/","title":{"rendered":"Band decreta fim de canal na TV paga"},"content":{"rendered":"\n<p>Um dos canais parceiros da\u00a0<strong>Band<\/strong>\u00a0na TV por assinatura, o\u00a0<strong>Smithsonian<\/strong>\u00a0teve seu fim decretado pela Astart\u00ea, companhia aliada \u00e0 produtora Newco, ligada ao Grupo Bandeirantes. O an\u00fancio foi feito a poucos dias do fim do ano e pegou todo mundo de surpresa.<\/p>\n\n\n\n<p>Por meio de nota, a Astart\u00ea informou que o Smithsonian Brasil vai deixar de fazer parte do seu portf\u00f3lio no pr\u00f3ximo dia 31 de dezembro, e assim encerrando sua exibi\u00e7\u00e3o nas operadoras de TV por assinatura.<\/p>\n\n\n\n<h3 class=\"wp-block-heading\">Smithsonian sai do ar ap\u00f3s pouco mais de tr\u00eas anos<\/h3>\n\n\n\n<p>Criado em parceria com a Showtime, atualmente Paramount, o canal de cultura foi lan\u00e7ado oficialmente no Brasil h\u00e1 tr\u00eas anos e deu um novo g\u00e1s para o conte\u00fado mais amplo do audiovisual no pa\u00eds e em todo o mundo.<\/p>\n\n\n\n<p>O canal foi iniciado no dia 26 de abril de 2019, sob opera\u00e7\u00e3o da Band, com disponibilidade na Claro TV no canal 590. No dia 1\u00ba de abril de 2022, a Sky Brasil fechou acordo para sua exibi\u00e7\u00e3o no canal 464. Parte da programa\u00e7\u00e3o era exibida no Terra Viva.<\/p>\n\n\n\n<p>Os detalhes para a decis\u00e3o extraordin\u00e1ria n\u00e3o foram revelados. Em 2022, a TV paga sofreu mais um terremoto em sua audi\u00eancia. No \u00e2mbito geral, os canais da TV por assinatura perdeu milh\u00f5es de clientes e perdeu ainda mais relev\u00e2ncia na casa do telespectador.<\/p>\n\n\n\n<p>Com informa\u00e7\u00f5es do RD1<\/p>\n","protected":false},"excerpt":{"rendered":"<p>Um dos canais parceiros da\u00a0Band\u00a0na TV por assinatura, o\u00a0Smithsonian\u00a0teve seu fim decretado pela Astart\u00ea, companhia aliada \u00e0 produtora Newco, ligada ao Grupo Bandeirantes. O an\u00fancio foi feito a poucos dias do fim do ano e pegou todo mundo de surpresa. Por meio de nota, a Astart\u00ea informou que o Smithsonian Brasil vai deixar de fazer [&hellip;]<\/p>\n","protected":false},"author":3,"featured_media":7486,"comment_status":"open","ping_status":"open","sticky":false,"template":"","format":"standard","meta":{"_monsterinsights_skip_tracking":false,"_monsterinsights_sitenote_active":false,"_monsterinsights_sitenote_note":"","_monsterinsights_sitenote_category":0,"footnotes":""},"categories":[43],"tags":[],"yoast_head":"<!-- This site is optimized with the Yoast SEO plugin v22.9 - https:\/\/yoast.com\/wordpress\/plugins\/seo\/ -->\n<title>Band decreta fim de canal na TV paga - Portal MF<\/title>\n<meta name=\"robots\" content=\"index, follow, max-snippet:-1, max-image-preview:large, max-video-preview:-1\" \/>\n<link rel=\"canonical\" href=\"https:\/\/portalmf.com.br\/index.php\/2023\/01\/03\/band-decreta-fim-de-canal-na-tv-paga\/\" \/>\n<meta property=\"og:locale\" content=\"pt_BR\" \/>\n<meta property=\"og:type\" content=\"article\" \/>\n<meta property=\"og:title\" content=\"Band decreta fim de canal na TV paga - Portal MF\" \/>\n<meta property=\"og:description\" content=\"Um dos canais parceiros da\u00a0Band\u00a0na TV por assinatura, o\u00a0Smithsonian\u00a0teve seu fim decretado pela Astart\u00ea, companhia aliada \u00e0 produtora Newco, ligada ao Grupo Bandeirantes. O an\u00fancio foi feito a poucos dias do fim do ano e pegou todo mundo de surpresa. Por meio de nota, a Astart\u00ea informou que o Smithsonian Brasil vai deixar de fazer [&hellip;]\" \/>\n<meta property=\"og:url\" content=\"https:\/\/portalmf.com.br\/index.php\/2023\/01\/03\/band-decreta-fim-de-canal-na-tv-paga\/\" \/>\n<meta property=\"og:site_name\" content=\"Portal MF\" \/>\n<meta property=\"article:author\" content=\"https:\/\/www.facebook.com\/portalmfoficial\" \/>\n<meta property=\"article:published_time\" content=\"2023-01-03T17:51:11+00:00\" \/>\n<meta property=\"article:modified_time\" content=\"2023-01-03T17:51:12+00:00\" \/>\n<meta property=\"og:image\" content=\"https:\/\/portalmf.com.br\/wp-content\/uploads\/2023\/01\/20221230-canal-smithsonian.jpg\" \/>\n\t<meta property=\"og:image:width\" content=\"690\" \/>\n\t<meta property=\"og:image:height\" content=\"386\" \/>\n\t<meta property=\"og:image:type\" content=\"image\/jpeg\" \/>\n<meta name=\"author\" content=\"Reda\u00e7\u00e3o Portal MF\" \/>\n<meta name=\"twitter:card\" content=\"summary_large_image\" \/>\n<meta name=\"twitter:creator\" content=\"@https:\/\/x.com\/portalmfoficial\" \/>\n<meta name=\"twitter:label1\" content=\"Escrito por\" \/>\n\t<meta name=\"twitter:data1\" content=\"Reda\u00e7\u00e3o Portal MF\" \/>\n\t<meta name=\"twitter:label2\" content=\"Est. tempo de leitura\" \/>\n\t<meta name=\"twitter:data2\" content=\"2 minutos\" \/>\n<script type=\"application\/ld+json\" class=\"yoast-schema-graph\">{\"@context\":\"https:\/\/schema.org\",\"@graph\":[{\"@type\":\"WebPage\",\"@id\":\"https:\/\/portalmf.com.br\/index.php\/2023\/01\/03\/band-decreta-fim-de-canal-na-tv-paga\/\",\"url\":\"https:\/\/portalmf.com.br\/index.php\/2023\/01\/03\/band-decreta-fim-de-canal-na-tv-paga\/\",\"name\":\"Band decreta fim de canal na TV paga - Portal MF\",\"isPartOf\":{\"@id\":\"https:\/\/portalmf.com.br\/#website\"},\"primaryImageOfPage\":{\"@id\":\"https:\/\/portalmf.com.br\/index.php\/2023\/01\/03\/band-decreta-fim-de-canal-na-tv-paga\/#primaryimage\"},\"image\":{\"@id\":\"https:\/\/portalmf.com.br\/index.php\/2023\/01\/03\/band-decreta-fim-de-canal-na-tv-paga\/#primaryimage\"},\"thumbnailUrl\":\"https:\/\/portalmf.com.br\/wp-content\/uploads\/2023\/01\/20221230-canal-smithsonian.jpg\",\"datePublished\":\"2023-01-03T17:51:11+00:00\",\"dateModified\":\"2023-01-03T17:51:12+00:00\",\"author\":{\"@id\":\"https:\/\/portalmf.com.br\/#\/schema\/person\/9ec101baf56233e53520c26de5d6f6f0\"},\"breadcrumb\":{\"@id\":\"https:\/\/portalmf.com.br\/index.php\/2023\/01\/03\/band-decreta-fim-de-canal-na-tv-paga\/#breadcrumb\"},\"inLanguage\":\"pt-BR\",\"potentialAction\":[{\"@type\":\"ReadAction\",\"target\":[\"https:\/\/portalmf.com.br\/index.php\/2023\/01\/03\/band-decreta-fim-de-canal-na-tv-paga\/\"]}]},{\"@type\":\"ImageObject\",\"inLanguage\":\"pt-BR\",\"@id\":\"https:\/\/portalmf.com.br\/index.php\/2023\/01\/03\/band-decreta-fim-de-canal-na-tv-paga\/#primaryimage\",\"url\":\"https:\/\/portalmf.com.br\/wp-content\/uploads\/2023\/01\/20221230-canal-smithsonian.jpg\",\"contentUrl\":\"https:\/\/portalmf.com.br\/wp-content\/uploads\/2023\/01\/20221230-canal-smithsonian.jpg\",\"width\":690,\"height\":386},{\"@type\":\"BreadcrumbList\",\"@id\":\"https:\/\/portalmf.com.br\/index.php\/2023\/01\/03\/band-decreta-fim-de-canal-na-tv-paga\/#breadcrumb\",\"itemListElement\":[{\"@type\":\"ListItem\",\"position\":1,\"name\":\"In\u00edcio\",\"item\":\"https:\/\/portalmf.com.br\/\"},{\"@type\":\"ListItem\",\"position\":2,\"name\":\"Band decreta fim de canal na TV paga\"}]},{\"@type\":\"WebSite\",\"@id\":\"https:\/\/portalmf.com.br\/#website\",\"url\":\"https:\/\/portalmf.com.br\/\",\"name\":\"Portal MF\",\"description\":\"Voc\u00ea conectado com a informa\u00e7\u00e3o\",\"potentialAction\":[{\"@type\":\"SearchAction\",\"target\":{\"@type\":\"EntryPoint\",\"urlTemplate\":\"https:\/\/portalmf.com.br\/?s={search_term_string}\"},\"query-input\":\"required name=search_term_string\"}],\"inLanguage\":\"pt-BR\"},{\"@type\":\"Person\",\"@id\":\"https:\/\/portalmf.com.br\/#\/schema\/person\/9ec101baf56233e53520c26de5d6f6f0\",\"name\":\"Reda\u00e7\u00e3o Portal MF\",\"image\":{\"@type\":\"ImageObject\",\"inLanguage\":\"pt-BR\",\"@id\":\"https:\/\/portalmf.com.br\/#\/schema\/person\/image\/\",\"url\":\"https:\/\/secure.gravatar.com\/avatar\/41b9aaeb2100835f7c64362330f74c7f?s=96&d=mm&r=g\",\"contentUrl\":\"https:\/\/secure.gravatar.com\/avatar\/41b9aaeb2100835f7c64362330f74c7f?s=96&d=mm&r=g\",\"caption\":\"Reda\u00e7\u00e3o Portal MF\"},\"description\":\"Sejam bem-vindos o portal de informa\u00e7\u00f5es de entretenimento de Feira de Santana, desde 2006 realiza coberturas dos principais eventos com entrevistas exclusivas com as principais personalidades mundiais. Fique conectado tamb\u00e9m nas redes sociais.\",\"sameAs\":[\"http:\/\/www.portalmf.com.br\/\",\"https:\/\/www.facebook.com\/portalmfoficial\",\"https:\/\/www.instagram.com\/portalmf\/\",\"https:\/\/x.com\/https:\/\/x.com\/portalmfoficial\",\"https:\/\/www.youtube.com\/@portalmfoficial\"],\"url\":\"https:\/\/portalmf.com.br\/index.php\/author\/junior\/\"}]}<\/script>\n<!-- \/ Yoast SEO plugin. -->","yoast_head_json":{"title":"Band decreta fim de canal na TV paga - Portal MF","robots":{"index":"index","follow":"follow","max-snippet":"max-snippet:-1","max-image-preview":"max-image-preview:large","max-video-preview":"max-video-preview:-1"},"canonical":"https:\/\/portalmf.com.br\/index.php\/2023\/01\/03\/band-decreta-fim-de-canal-na-tv-paga\/","og_locale":"pt_BR","og_type":"article","og_title":"Band decreta fim de canal na TV paga - Portal MF","og_description":"Um dos canais parceiros da\u00a0Band\u00a0na TV por assinatura, o\u00a0Smithsonian\u00a0teve seu fim decretado pela Astart\u00ea, companhia aliada \u00e0 produtora Newco, ligada ao Grupo Bandeirantes. O an\u00fancio foi feito a poucos dias do fim do ano e pegou todo mundo de surpresa. Por meio de nota, a Astart\u00ea informou que o Smithsonian Brasil vai deixar de fazer [&hellip;]","og_url":"https:\/\/portalmf.com.br\/index.php\/2023\/01\/03\/band-decreta-fim-de-canal-na-tv-paga\/","og_site_name":"Portal MF","article_author":"https:\/\/www.facebook.com\/portalmfoficial","article_published_time":"2023-01-03T17:51:11+00:00","article_modified_time":"2023-01-03T17:51:12+00:00","og_image":[{"width":690,"height":386,"url":"https:\/\/portalmf.com.br\/wp-content\/uploads\/2023\/01\/20221230-canal-smithsonian.jpg","type":"image\/jpeg"}],"author":"Reda\u00e7\u00e3o Portal MF","twitter_card":"summary_large_image","twitter_creator":"@https:\/\/x.com\/portalmfoficial","twitter_misc":{"Escrito por":"Reda\u00e7\u00e3o Portal MF","Est. tempo de leitura":"2 minutos"},"schema":{"@context":"https:\/\/schema.org","@graph":[{"@type":"WebPage","@id":"https:\/\/portalmf.com.br\/index.php\/2023\/01\/03\/band-decreta-fim-de-canal-na-tv-paga\/","url":"https:\/\/portalmf.com.br\/index.php\/2023\/01\/03\/band-decreta-fim-de-canal-na-tv-paga\/","name":"Band decreta fim de canal na TV paga - Portal MF","isPartOf":{"@id":"https:\/\/portalmf.com.br\/#website"},"primaryImageOfPage":{"@id":"https:\/\/portalmf.com.br\/index.php\/2023\/01\/03\/band-decreta-fim-de-canal-na-tv-paga\/#primaryimage"},"image":{"@id":"https:\/\/portalmf.com.br\/index.php\/2023\/01\/03\/band-decreta-fim-de-canal-na-tv-paga\/#primaryimage"},"thumbnailUrl":"https:\/\/portalmf.com.br\/wp-content\/uploads\/2023\/01\/20221230-canal-smithsonian.jpg","datePublished":"2023-01-03T17:51:11+00:00","dateModified":"2023-01-03T17:51:12+00:00","author":{"@id":"https:\/\/portalmf.com.br\/#\/schema\/person\/9ec101baf56233e53520c26de5d6f6f0"},"breadcrumb":{"@id":"https:\/\/portalmf.com.br\/index.php\/2023\/01\/03\/band-decreta-fim-de-canal-na-tv-paga\/#breadcrumb"},"inLanguage":"pt-BR","potentialAction":[{"@type":"ReadAction","target":["https:\/\/portalmf.com.br\/index.php\/2023\/01\/03\/band-decreta-fim-de-canal-na-tv-paga\/"]}]},{"@type":"ImageObject","inLanguage":"pt-BR","@id":"https:\/\/portalmf.com.br\/index.php\/2023\/01\/03\/band-decreta-fim-de-canal-na-tv-paga\/#primaryimage","url":"https:\/\/portalmf.com.br\/wp-content\/uploads\/2023\/01\/20221230-canal-smithsonian.jpg","contentUrl":"https:\/\/portalmf.com.br\/wp-content\/uploads\/2023\/01\/20221230-canal-smithsonian.jpg","width":690,"height":386},{"@type":"BreadcrumbList","@id":"https:\/\/portalmf.com.br\/index.php\/2023\/01\/03\/band-decreta-fim-de-canal-na-tv-paga\/#breadcrumb","itemListElement":[{"@type":"ListItem","position":1,"name":"In\u00edcio","item":"https:\/\/portalmf.com.br\/"},{"@type":"ListItem","position":2,"name":"Band decreta fim de canal na TV paga"}]},{"@type":"WebSite","@id":"https:\/\/portalmf.com.br\/#website","url":"https:\/\/portalmf.com.br\/","name":"Portal MF","description":"Voc\u00ea conectado com a informa\u00e7\u00e3o","potentialAction":[{"@type":"SearchAction","target":{"@type":"EntryPoint","urlTemplate":"https:\/\/portalmf.com.br\/?s={search_term_string}"},"query-input":"required name=search_term_string"}],"inLanguage":"pt-BR"},{"@type":"Person","@id":"https:\/\/portalmf.com.br\/#\/schema\/person\/9ec101baf56233e53520c26de5d6f6f0","name":"Reda\u00e7\u00e3o Portal MF","image":{"@type":"ImageObject","inLanguage":"pt-BR","@id":"https:\/\/portalmf.com.br\/#\/schema\/person\/image\/","url":"https:\/\/secure.gravatar.com\/avatar\/41b9aaeb2100835f7c64362330f74c7f?s=96&d=mm&r=g","contentUrl":"https:\/\/secure.gravatar.com\/avatar\/41b9aaeb2100835f7c64362330f74c7f?s=96&d=mm&r=g","caption":"Reda\u00e7\u00e3o Portal MF"},"description":"Sejam bem-vindos o portal de informa\u00e7\u00f5es de entretenimento de Feira de Santana, desde 2006 realiza coberturas dos principais eventos com entrevistas exclusivas com as principais personalidades mundiais. Fique conectado tamb\u00e9m nas redes sociais.","sameAs":["http:\/\/www.portalmf.com.br\/","https:\/\/www.facebook.com\/portalmfoficial","https:\/\/www.instagram.com\/portalmf\/","https:\/\/x.com\/https:\/\/x.com\/portalmfoficial","https:\/\/www.youtube.com\/@portalmfoficial"],"url":"https:\/\/portalmf.com.br\/index.php\/author\/junior\/"}]}},"_links":{"self":[{"href":"https:\/\/portalmf.com.br\/index.php\/wp-json\/wp\/v2\/posts\/7485"}],"collection":[{"href":"https:\/\/portalmf.com.br\/index.php\/wp-json\/wp\/v2\/posts"}],"about":[{"href":"https:\/\/portalmf.com.br\/index.php\/wp-json\/wp\/v2\/types\/post"}],"author":[{"embeddable":true,"href":"https:\/\/portalmf.com.br\/index.php\/wp-json\/wp\/v2\/users\/3"}],"replies":[{"embeddable":true,"href":"https:\/\/portalmf.com.br\/index.php\/wp-json\/wp\/v2\/comments?post=7485"}],"version-history":[{"count":1,"href":"https:\/\/portalmf.com.br\/index.php\/wp-json\/wp\/v2\/posts\/7485\/revisions"}],"predecessor-version":[{"id":7487,"href":"https:\/\/portalmf.com.br\/index.php\/wp-json\/wp\/v2\/posts\/7485\/revisions\/7487"}],"wp:featuredmedia":[{"embeddable":true,"href":"https:\/\/portalmf.com.br\/index.php\/wp-json\/wp\/v2\/media\/7486"}],"wp:attachment":[{"href":"https:\/\/portalmf.com.br\/index.php\/wp-json\/wp\/v2\/media?parent=7485"}],"wp:term":[{"taxonomy":"category","embeddable":true,"href":"https:\/\/portalmf.com.br\/index.php\/wp-json\/wp\/v2\/categories?post=7485"},{"taxonomy":"post_tag","embeddable":true,"href":"https:\/\/portalmf.com.br\/index.php\/wp-json\/wp\/v2\/tags?post=7485"}],"curies":[{"name":"wp","href":"https:\/\/api.w.org\/{rel}","templated":true}]}}