{"id":7482,"date":"2023-01-03T14:32:30","date_gmt":"2023-01-03T17:32:30","guid":{"rendered":"https:\/\/portalmf.com.br\/?p=7482"},"modified":"2023-01-03T14:32:31","modified_gmt":"2023-01-03T17:32:31","slug":"neymar-aparece-curtindo-samba-apos-ausencia-em-velorio-de-pele","status":"publish","type":"post","link":"https:\/\/portalmf.com.br\/index.php\/2023\/01\/03\/neymar-aparece-curtindo-samba-apos-ausencia-em-velorio-de-pele\/","title":{"rendered":"Neymar aparece curtindo samba ap\u00f3s aus\u00eancia em vel\u00f3rio de Pel\u00e9"},"content":{"rendered":"\n<p>Ausente no\u00a0\u00a0vel\u00f3rio do Rei Pel\u00e9, realizado em Santos nesta segunda e ter\u00e7a-feira (3),\u00a0<strong>Neymar<\/strong>\u00a0apareceu curtindo um samba com seus amigos em Paris, capital da Fran\u00e7a.<\/p>\n\n\n\n<p>De acordo com imagens divulgadas nas redes sociais, o camisa 10 foi filmado cantando com algumas amigas, entre elas,\u00a0Carol Cabrino, esposa do zagueiro\u00a0Marquinhos, companheiro de PSG. Bruna Biancardi, ex-namorada de Neymar, tamb\u00e9m estava presente na festa.<\/p>\n\n\n\n<p>Neymar foi criticado por n\u00e3o comparecer ao vel\u00f3rio de Pel\u00e9. O\u00a0pai do jogador, que esteve\u00a0presente na despedida do Rei,\u00a0\u00a0negou a informa\u00e7\u00e3o da imprensa francesa que o craque havia embarcado para o Brasil para acompanhar as homenagens ao Rei. &#8220;N\u00e3o, o Neymar n\u00e3o vem&#8221;, apontou ele.<\/p>\n\n\n\n<figure class=\"wp-block-embed is-type-rich is-provider-twitter wp-block-embed-twitter\"><div class=\"wp-block-embed__wrapper\">\n<blockquote class=\"twitter-tweet\" data-width=\"550\" data-dnt=\"true\"><p lang=\"pt\" dir=\"ltr\">Neymar <a href=\"https:\/\/t.co\/oEMX2winr8\">pic.twitter.com\/oEMX2winr8<\/a><\/p>&mdash; Igembeald (@igembed) <a href=\"https:\/\/twitter.com\/igembed\/status\/1610312862928453634?ref_src=twsrc%5Etfw\">January 3, 2023<\/a><\/blockquote><script async src=\"https:\/\/platform.twitter.com\/widgets.js\" charset=\"utf-8\"><\/script>\n<\/div><\/figure>\n\n\n\n<p>Outros ve\u00edculos do pa\u00eds tamb\u00e9m afirmaram que o time parisiense n\u00e3o teria liberado o brasileiro para comparecer na Vila Belmiro. No entanto, novas informa\u00e7\u00f5es citam que o\u00a0<strong>PSG<\/strong>\u00a0nega que n\u00e3o tenha barrado Neymar.<\/p>\n\n\n\n<figure class=\"wp-block-embed is-type-rich is-provider-twitter wp-block-embed-twitter\"><div class=\"wp-block-embed__wrapper\">\n<blockquote class=\"twitter-tweet\" data-width=\"550\" data-dnt=\"true\"><p lang=\"fr\" dir=\"ltr\">\ud83d\udea8 Le PSG n\u2019a absolument pas interdit \u00e0 Neymar de se rendre au Br\u00e9sil pour les fun\u00e9railles de Pel\u00e9. \u274c <a href=\"https:\/\/twitter.com\/Tanziloic?ref_src=twsrc%5Etfw\">@Tanziloic<\/a><\/p>&mdash; Hadrien Grenier (@hadrien_grenier) <a href=\"https:\/\/twitter.com\/hadrien_grenier\/status\/1609995066763788291?ref_src=twsrc%5Etfw\">January 2, 2023<\/a><\/blockquote><script async src=\"https:\/\/platform.twitter.com\/widgets.js\" charset=\"utf-8\"><\/script>\n<\/div><\/figure>\n\n\n\n<p>Com informa\u00e7\u00f5es do IG<\/p>\n","protected":false},"excerpt":{"rendered":"<p>Ausente no\u00a0\u00a0vel\u00f3rio do Rei Pel\u00e9, realizado em Santos nesta segunda e ter\u00e7a-feira (3),\u00a0Neymar\u00a0apareceu curtindo um samba com seus amigos em Paris, capital da Fran\u00e7a. De acordo com imagens divulgadas nas redes sociais, o camisa 10 foi filmado cantando com algumas amigas, entre elas,\u00a0Carol Cabrino, esposa do zagueiro\u00a0Marquinhos, companheiro de PSG. Bruna Biancardi, ex-namorada de Neymar, [&hellip;]<\/p>\n","protected":false},"author":3,"featured_media":7483,"comment_status":"open","ping_status":"open","sticky":false,"template":"","format":"standard","meta":{"_monsterinsights_skip_tracking":false,"_monsterinsights_sitenote_active":false,"_monsterinsights_sitenote_note":"","_monsterinsights_sitenote_category":0,"footnotes":""},"categories":[47,35],"tags":[],"yoast_head":"<!-- This site is optimized with the Yoast SEO plugin v22.9 - https:\/\/yoast.com\/wordpress\/plugins\/seo\/ -->\n<title>Neymar aparece curtindo samba ap\u00f3s aus\u00eancia em vel\u00f3rio de Pel\u00e9 - Portal MF<\/title>\n<meta name=\"robots\" content=\"index, follow, max-snippet:-1, max-image-preview:large, max-video-preview:-1\" \/>\n<link rel=\"canonical\" href=\"https:\/\/portalmf.com.br\/index.php\/2023\/01\/03\/neymar-aparece-curtindo-samba-apos-ausencia-em-velorio-de-pele\/\" \/>\n<meta property=\"og:locale\" content=\"pt_BR\" \/>\n<meta property=\"og:type\" content=\"article\" \/>\n<meta property=\"og:title\" content=\"Neymar aparece curtindo samba ap\u00f3s aus\u00eancia em vel\u00f3rio de Pel\u00e9 - Portal MF\" \/>\n<meta property=\"og:description\" content=\"Ausente no\u00a0\u00a0vel\u00f3rio do Rei Pel\u00e9, realizado em Santos nesta segunda e ter\u00e7a-feira (3),\u00a0Neymar\u00a0apareceu curtindo um samba com seus amigos em Paris, capital da Fran\u00e7a. De acordo com imagens divulgadas nas redes sociais, o camisa 10 foi filmado cantando com algumas amigas, entre elas,\u00a0Carol Cabrino, esposa do zagueiro\u00a0Marquinhos, companheiro de PSG. Bruna Biancardi, ex-namorada de Neymar, [&hellip;]\" \/>\n<meta property=\"og:url\" content=\"https:\/\/portalmf.com.br\/index.php\/2023\/01\/03\/neymar-aparece-curtindo-samba-apos-ausencia-em-velorio-de-pele\/\" \/>\n<meta property=\"og:site_name\" content=\"Portal MF\" \/>\n<meta property=\"article:author\" content=\"https:\/\/www.facebook.com\/portalmfoficial\" \/>\n<meta property=\"article:published_time\" content=\"2023-01-03T17:32:30+00:00\" \/>\n<meta property=\"article:modified_time\" content=\"2023-01-03T17:32:31+00:00\" \/>\n<meta property=\"og:image\" content=\"https:\/\/portalmf.com.br\/wp-content\/uploads\/2023\/01\/NEYMAR_FESTA.jpg\" \/>\n\t<meta property=\"og:image:width\" content=\"906\" \/>\n\t<meta property=\"og:image:height\" content=\"509\" \/>\n\t<meta property=\"og:image:type\" content=\"image\/jpeg\" \/>\n<meta name=\"author\" content=\"Reda\u00e7\u00e3o Portal MF\" \/>\n<meta name=\"twitter:card\" content=\"summary_large_image\" \/>\n<meta name=\"twitter:creator\" content=\"@https:\/\/x.com\/portalmfoficial\" \/>\n<meta name=\"twitter:label1\" content=\"Escrito por\" \/>\n\t<meta name=\"twitter:data1\" content=\"Reda\u00e7\u00e3o Portal MF\" \/>\n\t<meta name=\"twitter:label2\" content=\"Est. tempo de leitura\" \/>\n\t<meta name=\"twitter:data2\" content=\"1 minuto\" \/>\n<script type=\"application\/ld+json\" class=\"yoast-schema-graph\">{\"@context\":\"https:\/\/schema.org\",\"@graph\":[{\"@type\":\"WebPage\",\"@id\":\"https:\/\/portalmf.com.br\/index.php\/2023\/01\/03\/neymar-aparece-curtindo-samba-apos-ausencia-em-velorio-de-pele\/\",\"url\":\"https:\/\/portalmf.com.br\/index.php\/2023\/01\/03\/neymar-aparece-curtindo-samba-apos-ausencia-em-velorio-de-pele\/\",\"name\":\"Neymar aparece curtindo samba ap\u00f3s aus\u00eancia em vel\u00f3rio de Pel\u00e9 - Portal MF\",\"isPartOf\":{\"@id\":\"https:\/\/portalmf.com.br\/#website\"},\"primaryImageOfPage\":{\"@id\":\"https:\/\/portalmf.com.br\/index.php\/2023\/01\/03\/neymar-aparece-curtindo-samba-apos-ausencia-em-velorio-de-pele\/#primaryimage\"},\"image\":{\"@id\":\"https:\/\/portalmf.com.br\/index.php\/2023\/01\/03\/neymar-aparece-curtindo-samba-apos-ausencia-em-velorio-de-pele\/#primaryimage\"},\"thumbnailUrl\":\"https:\/\/portalmf.com.br\/wp-content\/uploads\/2023\/01\/NEYMAR_FESTA.jpg\",\"datePublished\":\"2023-01-03T17:32:30+00:00\",\"dateModified\":\"2023-01-03T17:32:31+00:00\",\"author\":{\"@id\":\"https:\/\/portalmf.com.br\/#\/schema\/person\/9ec101baf56233e53520c26de5d6f6f0\"},\"breadcrumb\":{\"@id\":\"https:\/\/portalmf.com.br\/index.php\/2023\/01\/03\/neymar-aparece-curtindo-samba-apos-ausencia-em-velorio-de-pele\/#breadcrumb\"},\"inLanguage\":\"pt-BR\",\"potentialAction\":[{\"@type\":\"ReadAction\",\"target\":[\"https:\/\/portalmf.com.br\/index.php\/2023\/01\/03\/neymar-aparece-curtindo-samba-apos-ausencia-em-velorio-de-pele\/\"]}]},{\"@type\":\"ImageObject\",\"inLanguage\":\"pt-BR\",\"@id\":\"https:\/\/portalmf.com.br\/index.php\/2023\/01\/03\/neymar-aparece-curtindo-samba-apos-ausencia-em-velorio-de-pele\/#primaryimage\",\"url\":\"https:\/\/portalmf.com.br\/wp-content\/uploads\/2023\/01\/NEYMAR_FESTA.jpg\",\"contentUrl\":\"https:\/\/portalmf.com.br\/wp-content\/uploads\/2023\/01\/NEYMAR_FESTA.jpg\",\"width\":906,\"height\":509,\"caption\":\"Foto Reprodu\u00e7\u00e3o\"},{\"@type\":\"BreadcrumbList\",\"@id\":\"https:\/\/portalmf.com.br\/index.php\/2023\/01\/03\/neymar-aparece-curtindo-samba-apos-ausencia-em-velorio-de-pele\/#breadcrumb\",\"itemListElement\":[{\"@type\":\"ListItem\",\"position\":1,\"name\":\"In\u00edcio\",\"item\":\"https:\/\/portalmf.com.br\/\"},{\"@type\":\"ListItem\",\"position\":2,\"name\":\"Neymar aparece curtindo samba ap\u00f3s aus\u00eancia em vel\u00f3rio de Pel\u00e9\"}]},{\"@type\":\"WebSite\",\"@id\":\"https:\/\/portalmf.com.br\/#website\",\"url\":\"https:\/\/portalmf.com.br\/\",\"name\":\"Portal MF\",\"description\":\"Voc\u00ea conectado com a informa\u00e7\u00e3o\",\"potentialAction\":[{\"@type\":\"SearchAction\",\"target\":{\"@type\":\"EntryPoint\",\"urlTemplate\":\"https:\/\/portalmf.com.br\/?s={search_term_string}\"},\"query-input\":\"required name=search_term_string\"}],\"inLanguage\":\"pt-BR\"},{\"@type\":\"Person\",\"@id\":\"https:\/\/portalmf.com.br\/#\/schema\/person\/9ec101baf56233e53520c26de5d6f6f0\",\"name\":\"Reda\u00e7\u00e3o Portal MF\",\"image\":{\"@type\":\"ImageObject\",\"inLanguage\":\"pt-BR\",\"@id\":\"https:\/\/portalmf.com.br\/#\/schema\/person\/image\/\",\"url\":\"https:\/\/secure.gravatar.com\/avatar\/41b9aaeb2100835f7c64362330f74c7f?s=96&d=mm&r=g\",\"contentUrl\":\"https:\/\/secure.gravatar.com\/avatar\/41b9aaeb2100835f7c64362330f74c7f?s=96&d=mm&r=g\",\"caption\":\"Reda\u00e7\u00e3o Portal MF\"},\"description\":\"Sejam bem-vindos o portal de informa\u00e7\u00f5es de entretenimento de Feira de Santana, desde 2006 realiza coberturas dos principais eventos com entrevistas exclusivas com as principais personalidades mundiais. Fique conectado tamb\u00e9m nas redes sociais.\",\"sameAs\":[\"http:\/\/www.portalmf.com.br\/\",\"https:\/\/www.facebook.com\/portalmfoficial\",\"https:\/\/www.instagram.com\/portalmf\/\",\"https:\/\/x.com\/https:\/\/x.com\/portalmfoficial\",\"https:\/\/www.youtube.com\/@portalmfoficial\"],\"url\":\"https:\/\/portalmf.com.br\/index.php\/author\/junior\/\"}]}<\/script>\n<!-- \/ Yoast SEO plugin. -->","yoast_head_json":{"title":"Neymar aparece curtindo samba ap\u00f3s aus\u00eancia em vel\u00f3rio de Pel\u00e9 - Portal MF","robots":{"index":"index","follow":"follow","max-snippet":"max-snippet:-1","max-image-preview":"max-image-preview:large","max-video-preview":"max-video-preview:-1"},"canonical":"https:\/\/portalmf.com.br\/index.php\/2023\/01\/03\/neymar-aparece-curtindo-samba-apos-ausencia-em-velorio-de-pele\/","og_locale":"pt_BR","og_type":"article","og_title":"Neymar aparece curtindo samba ap\u00f3s aus\u00eancia em vel\u00f3rio de Pel\u00e9 - Portal MF","og_description":"Ausente no\u00a0\u00a0vel\u00f3rio do Rei Pel\u00e9, realizado em Santos nesta segunda e ter\u00e7a-feira (3),\u00a0Neymar\u00a0apareceu curtindo um samba com seus amigos em Paris, capital da Fran\u00e7a. De acordo com imagens divulgadas nas redes sociais, o camisa 10 foi filmado cantando com algumas amigas, entre elas,\u00a0Carol Cabrino, esposa do zagueiro\u00a0Marquinhos, companheiro de PSG. Bruna Biancardi, ex-namorada de Neymar, [&hellip;]","og_url":"https:\/\/portalmf.com.br\/index.php\/2023\/01\/03\/neymar-aparece-curtindo-samba-apos-ausencia-em-velorio-de-pele\/","og_site_name":"Portal MF","article_author":"https:\/\/www.facebook.com\/portalmfoficial","article_published_time":"2023-01-03T17:32:30+00:00","article_modified_time":"2023-01-03T17:32:31+00:00","og_image":[{"width":906,"height":509,"url":"https:\/\/portalmf.com.br\/wp-content\/uploads\/2023\/01\/NEYMAR_FESTA.jpg","type":"image\/jpeg"}],"author":"Reda\u00e7\u00e3o Portal MF","twitter_card":"summary_large_image","twitter_creator":"@https:\/\/x.com\/portalmfoficial","twitter_misc":{"Escrito por":"Reda\u00e7\u00e3o Portal MF","Est. tempo de leitura":"1 minuto"},"schema":{"@context":"https:\/\/schema.org","@graph":[{"@type":"WebPage","@id":"https:\/\/portalmf.com.br\/index.php\/2023\/01\/03\/neymar-aparece-curtindo-samba-apos-ausencia-em-velorio-de-pele\/","url":"https:\/\/portalmf.com.br\/index.php\/2023\/01\/03\/neymar-aparece-curtindo-samba-apos-ausencia-em-velorio-de-pele\/","name":"Neymar aparece curtindo samba ap\u00f3s aus\u00eancia em vel\u00f3rio de Pel\u00e9 - Portal MF","isPartOf":{"@id":"https:\/\/portalmf.com.br\/#website"},"primaryImageOfPage":{"@id":"https:\/\/portalmf.com.br\/index.php\/2023\/01\/03\/neymar-aparece-curtindo-samba-apos-ausencia-em-velorio-de-pele\/#primaryimage"},"image":{"@id":"https:\/\/portalmf.com.br\/index.php\/2023\/01\/03\/neymar-aparece-curtindo-samba-apos-ausencia-em-velorio-de-pele\/#primaryimage"},"thumbnailUrl":"https:\/\/portalmf.com.br\/wp-content\/uploads\/2023\/01\/NEYMAR_FESTA.jpg","datePublished":"2023-01-03T17:32:30+00:00","dateModified":"2023-01-03T17:32:31+00:00","author":{"@id":"https:\/\/portalmf.com.br\/#\/schema\/person\/9ec101baf56233e53520c26de5d6f6f0"},"breadcrumb":{"@id":"https:\/\/portalmf.com.br\/index.php\/2023\/01\/03\/neymar-aparece-curtindo-samba-apos-ausencia-em-velorio-de-pele\/#breadcrumb"},"inLanguage":"pt-BR","potentialAction":[{"@type":"ReadAction","target":["https:\/\/portalmf.com.br\/index.php\/2023\/01\/03\/neymar-aparece-curtindo-samba-apos-ausencia-em-velorio-de-pele\/"]}]},{"@type":"ImageObject","inLanguage":"pt-BR","@id":"https:\/\/portalmf.com.br\/index.php\/2023\/01\/03\/neymar-aparece-curtindo-samba-apos-ausencia-em-velorio-de-pele\/#primaryimage","url":"https:\/\/portalmf.com.br\/wp-content\/uploads\/2023\/01\/NEYMAR_FESTA.jpg","contentUrl":"https:\/\/portalmf.com.br\/wp-content\/uploads\/2023\/01\/NEYMAR_FESTA.jpg","width":906,"height":509,"caption":"Foto Reprodu\u00e7\u00e3o"},{"@type":"BreadcrumbList","@id":"https:\/\/portalmf.com.br\/index.php\/2023\/01\/03\/neymar-aparece-curtindo-samba-apos-ausencia-em-velorio-de-pele\/#breadcrumb","itemListElement":[{"@type":"ListItem","position":1,"name":"In\u00edcio","item":"https:\/\/portalmf.com.br\/"},{"@type":"ListItem","position":2,"name":"Neymar aparece curtindo samba ap\u00f3s aus\u00eancia em vel\u00f3rio de Pel\u00e9"}]},{"@type":"WebSite","@id":"https:\/\/portalmf.com.br\/#website","url":"https:\/\/portalmf.com.br\/","name":"Portal MF","description":"Voc\u00ea conectado com a informa\u00e7\u00e3o","potentialAction":[{"@type":"SearchAction","target":{"@type":"EntryPoint","urlTemplate":"https:\/\/portalmf.com.br\/?s={search_term_string}"},"query-input":"required name=search_term_string"}],"inLanguage":"pt-BR"},{"@type":"Person","@id":"https:\/\/portalmf.com.br\/#\/schema\/person\/9ec101baf56233e53520c26de5d6f6f0","name":"Reda\u00e7\u00e3o Portal MF","image":{"@type":"ImageObject","inLanguage":"pt-BR","@id":"https:\/\/portalmf.com.br\/#\/schema\/person\/image\/","url":"https:\/\/secure.gravatar.com\/avatar\/41b9aaeb2100835f7c64362330f74c7f?s=96&d=mm&r=g","contentUrl":"https:\/\/secure.gravatar.com\/avatar\/41b9aaeb2100835f7c64362330f74c7f?s=96&d=mm&r=g","caption":"Reda\u00e7\u00e3o Portal MF"},"description":"Sejam bem-vindos o portal de informa\u00e7\u00f5es de entretenimento de Feira de Santana, desde 2006 realiza coberturas dos principais eventos com entrevistas exclusivas com as principais personalidades mundiais. Fique conectado tamb\u00e9m nas redes sociais.","sameAs":["http:\/\/www.portalmf.com.br\/","https:\/\/www.facebook.com\/portalmfoficial","https:\/\/www.instagram.com\/portalmf\/","https:\/\/x.com\/https:\/\/x.com\/portalmfoficial","https:\/\/www.youtube.com\/@portalmfoficial"],"url":"https:\/\/portalmf.com.br\/index.php\/author\/junior\/"}]}},"_links":{"self":[{"href":"https:\/\/portalmf.com.br\/index.php\/wp-json\/wp\/v2\/posts\/7482"}],"collection":[{"href":"https:\/\/portalmf.com.br\/index.php\/wp-json\/wp\/v2\/posts"}],"about":[{"href":"https:\/\/portalmf.com.br\/index.php\/wp-json\/wp\/v2\/types\/post"}],"author":[{"embeddable":true,"href":"https:\/\/portalmf.com.br\/index.php\/wp-json\/wp\/v2\/users\/3"}],"replies":[{"embeddable":true,"href":"https:\/\/portalmf.com.br\/index.php\/wp-json\/wp\/v2\/comments?post=7482"}],"version-history":[{"count":1,"href":"https:\/\/portalmf.com.br\/index.php\/wp-json\/wp\/v2\/posts\/7482\/revisions"}],"predecessor-version":[{"id":7484,"href":"https:\/\/portalmf.com.br\/index.php\/wp-json\/wp\/v2\/posts\/7482\/revisions\/7484"}],"wp:featuredmedia":[{"embeddable":true,"href":"https:\/\/portalmf.com.br\/index.php\/wp-json\/wp\/v2\/media\/7483"}],"wp:attachment":[{"href":"https:\/\/portalmf.com.br\/index.php\/wp-json\/wp\/v2\/media?parent=7482"}],"wp:term":[{"taxonomy":"category","embeddable":true,"href":"https:\/\/portalmf.com.br\/index.php\/wp-json\/wp\/v2\/categories?post=7482"},{"taxonomy":"post_tag","embeddable":true,"href":"https:\/\/portalmf.com.br\/index.php\/wp-json\/wp\/v2\/tags?post=7482"}],"curies":[{"name":"wp","href":"https:\/\/api.w.org\/{rel}","templated":true}]}}