{"id":7479,"date":"2023-01-02T18:21:54","date_gmt":"2023-01-02T21:21:54","guid":{"rendered":"https:\/\/portalmf.com.br\/?p=7479"},"modified":"2023-01-02T18:21:55","modified_gmt":"2023-01-02T21:21:55","slug":"saque-aniversario-do-fgts-em-2023-ja-esta-disponivel","status":"publish","type":"post","link":"https:\/\/portalmf.com.br\/index.php\/2023\/01\/02\/saque-aniversario-do-fgts-em-2023-ja-esta-disponivel\/","title":{"rendered":"Saque-anivers\u00e1rio do FGTS em 2023 j\u00e1 est\u00e1 dispon\u00edvel"},"content":{"rendered":"\n<p>Os trabalhadores que optarem pelo saque-anivers\u00e1rio do Fundo de Garantia do Tempo de Servi\u00e7o (FGTS) aos poucos come\u00e7am a ter acesso \u00e0 cota de 2023. As retiradas ocorrem conforme o m\u00eas de anivers\u00e1rio do trabalhador. Cerca de 1,3 milh\u00e3o de cotistas nascidos em janeiro podem fazer o saque a partir de&nbsp;hoje&nbsp;(2).<img decoding=\"async\" src=\"https:\/\/agenciabrasil.ebc.com.br\/ebc.png?id=1501210&amp;o=node\"><img decoding=\"async\" src=\"https:\/\/agenciabrasil.ebc.com.br\/ebc.gif?id=1501210&amp;o=node\"><\/p>\n\n\n\n<p>Criada em 2019 e em vigor desde 2020, essa modalidade permite a retirada de parte do saldo de qualquer conta ativa ou inativa do fundo a cada ano, no m\u00eas de anivers\u00e1rio, em troca de n\u00e3o receber parte do que tem direito em caso de demiss\u00e3o sem justa causa. At\u00e9 agora, cerca de 17,8 milh\u00f5es de pessoas aderiram ao saque-anivers\u00e1rio.<\/p>\n\n\n\n<p>O per\u00edodo de saques come\u00e7a no primeiro dia \u00fatil do m\u00eas de anivers\u00e1rio do trabalhador. Os valores ficam dispon\u00edveis at\u00e9 o \u00faltimo dia \u00fatil do segundo m\u00eas subsequente. Caso o dinheiro n\u00e3o seja retirado no prazo, volta para as contas do FGTS em nome do trabalhador.<br><br>Confira o calend\u00e1rio do saque-anivers\u00e1rio em 2022<br><br>M\u00eas de nascimento&nbsp;&nbsp;&nbsp;&nbsp;&nbsp;&nbsp;&nbsp;&nbsp;Per\u00edodo de pagamento<br>Janeiro&nbsp; &nbsp; &nbsp; &nbsp; &nbsp; &nbsp; &nbsp; &nbsp; &nbsp; &nbsp; &nbsp; &nbsp; &nbsp; &nbsp;2 de janeiro&nbsp;a&nbsp;31 de mar\u00e7o<br>Fevereiro&nbsp; &nbsp; &nbsp; &nbsp; &nbsp; &nbsp; &nbsp; &nbsp; &nbsp; &nbsp; &nbsp; &nbsp;1\u00ba de fevereiro e&nbsp;28 de abril<br>Mar\u00e7o&nbsp; &nbsp; &nbsp; &nbsp; &nbsp; &nbsp; &nbsp; &nbsp; &nbsp; &nbsp; &nbsp; &nbsp; &nbsp; &nbsp; 1\u00ba de mar\u00e7o a&nbsp;31 de maio<br>Abril&nbsp; &nbsp; &nbsp; &nbsp; &nbsp; &nbsp; &nbsp; &nbsp; &nbsp; &nbsp; &nbsp; &nbsp; &nbsp; &nbsp; &nbsp; &nbsp;3 de abril&nbsp;a&nbsp;30 de junho<br>Maio&nbsp; &nbsp; &nbsp; &nbsp; &nbsp; &nbsp; &nbsp; &nbsp; &nbsp; &nbsp; &nbsp; &nbsp; &nbsp; &nbsp; &nbsp; &nbsp;2&nbsp; de maio&nbsp;a&nbsp;31 de julho<br>Junho&nbsp; &nbsp; &nbsp; &nbsp; &nbsp; &nbsp; &nbsp; &nbsp; &nbsp; &nbsp; &nbsp; &nbsp; &nbsp; &nbsp; 1\u00ba de junho a&nbsp;31 de agosto<br>Julho&nbsp; &nbsp; &nbsp; &nbsp; &nbsp; &nbsp; &nbsp; &nbsp; &nbsp; &nbsp; &nbsp; &nbsp; &nbsp; &nbsp; &nbsp; 3 de julho&nbsp;a&nbsp;29 de setembro<br>Agosto&nbsp; &nbsp; &nbsp; &nbsp; &nbsp; &nbsp; &nbsp; &nbsp; &nbsp; &nbsp; &nbsp; &nbsp; &nbsp; &nbsp;1\u00ba de agosto a&nbsp;31 de outubro<br>Setembro&nbsp; &nbsp; &nbsp; &nbsp; &nbsp; &nbsp; &nbsp; &nbsp; &nbsp; &nbsp; &nbsp; &nbsp;1\u00ba de setembro a&nbsp;30 de novembro<br>Outubro&nbsp; &nbsp; &nbsp; &nbsp; &nbsp; &nbsp; &nbsp; &nbsp; &nbsp; &nbsp; &nbsp; &nbsp; &nbsp; 2 de outubro&nbsp;a&nbsp;29 de dezembro<br>Novembro&nbsp; &nbsp; &nbsp; &nbsp; &nbsp; &nbsp; &nbsp; &nbsp; &nbsp; &nbsp; &nbsp; 1\u00ba de novembro a&nbsp;31 de janeiro&nbsp;de 2023<br>Dezembro&nbsp; &nbsp; &nbsp; &nbsp; &nbsp; &nbsp; &nbsp; &nbsp; &nbsp; &nbsp; &nbsp; 1\u00ba de dezembro a&nbsp;29 de fevereiro&nbsp;de 2024<\/p>\n\n\n\n<h2 class=\"wp-block-heading\">Ades\u00e3o<\/h2>\n\n\n\n<p>A ades\u00e3o a esse tipo de modalidade \u00e9 volunt\u00e1ria e pode ser feita por meio do aplicativo oficial do FGTS, dispon\u00edvel para smartphones e tablets dos sistemas Android e iOS. O processo tamb\u00e9m pode ser feito no<em>&nbsp;site<\/em>&nbsp;da Caixa Econ\u00f4mica Federal ou nas ag\u00eancias do banco. Se quiser receber o dinheiro no mesmo ano, o trabalhador dever\u00e1 optar pelo saque-anivers\u00e1rio at\u00e9 o \u00faltimo dia do m\u00eas de nascimento. Caso contr\u00e1rio, s\u00f3 receber\u00e1 a partir do ano seguinte.<\/p>\n\n\n\n<p>Ao retirar uma parcela do FGTS a cada ano, o trabalhador deixar\u00e1 de receber o valor depositado pela empresa caso seja demitido sem justa causa. O pagamento da multa de 40% nessas situa\u00e7\u00f5es est\u00e1 mantido. As demais possibilidades de saque do FGTS \u2013 como compra de im\u00f3veis, aposentadoria e doen\u00e7as graves \u2013 n\u00e3o s\u00e3o afetadas pelo saque-anivers\u00e1rio.<\/p>\n\n\n\n<h2 class=\"wp-block-heading\">Cuidados<\/h2>\n\n\n\n<p>A qualquer momento, o trabalhador pode desistir do saque-anivers\u00e1rio e voltar para a modalidade tradicional, que s\u00f3 permite a retirada em casos especiais, como demiss\u00e3o sem justa causa, aposentadoria, doen\u00e7a grave ou compra de im\u00f3veis.<\/p>\n\n\n\n<p>A decis\u00e3o, por\u00e9m, exige cuidado. Ao voltar para o saque tradicional, o trabalhador ficar\u00e1 dois anos sem poder sacar o saldo da conta no FGTS, mesmo em caso de demiss\u00e3o. Se for dispensado, receber\u00e1 apenas a multa de 40%.<\/p>\n\n\n\n<h2 class=\"wp-block-heading\">Como sacar<\/h2>\n\n\n\n<p>A Caixa orienta o resgate por meio do aplicativo FGTS. Nesse caso, o trabalhador pode programar a transfer\u00eancia do dinheiro para qualquer conta em seu nome, independentemente do banco. A opera\u00e7\u00e3o n\u00e3o tem custo.<\/p>\n\n\n\n<p>As retiradas podem ser feitas nas casas lot\u00e9ricas e terminais de autoatendimento para quem tem senha do Cart\u00e3o Cidad\u00e3o. Quem tem Cart\u00e3o Cidad\u00e3o e senha pode sacar nos correspondentes Caixa Aqui, caso esses estabelecimentos estejam autorizados a abrir. Basta apresentar documento de identifica\u00e7\u00e3o.<\/p>\n\n\n\n<h2 class=\"wp-block-heading\">Valores<\/h2>\n\n\n\n<p>O valor que o trabalhador que aderiu ao saque-anivers\u00e1rio tem direito de retirar a cada ano depende do saldo em cada conta do FGTS. Para contas com saldo de at\u00e9 R$ 500, poder\u00e1 ser retirado 50% do total. A partir da\u00ed, o percentual cai, mas ser\u00e1 paga um valor fixo adicional, que aumenta conforme o saldo total. O c\u00e1lculo ocorre da seguinte forma.<br><br>Saldo no FGTS\u00a0 \u00a0 \u00a0 \u00a0 \u00a0 \u00a0 \u00a0 \u00a0 \u00a0 \u00a0 \u00a0 \u00a0 \u00a0 \u00a0 \u00a0 \u00a0 Percentual de saque\u00a0\u00a0\u00a0\u00a0\u00a0\u00a0\u00a0\u00a0Parcela adicional<br>At\u00e9 R$ 500\u00a0 \u00a0 \u00a0 \u00a0 \u00a0 \u00a0 \u00a0 \u00a0 \u00a0 \u00a0 \u00a0 \u00a0 \u00a0 \u00a0 \u00a0 \u00a0 \u00a0 \u00a0 \u00a0 \u00a0 50% do saldo\u00a0 \u00a0 \u00a0 \u00a0 \u00a0 \u00a0 \u00a0 \u00a0 \u00a0 \u00a0sem adicional<br>De R$ 500,01 at\u00e9 R$ 1 mil\u00a0 \u00a0 \u00a0 \u00a0 \u00a0 \u00a0 \u00a0 \u00a040% do saldo\u00a0 \u00a0 \u00a0 \u00a0 \u00a0 \u00a0 \u00a0 \u00a0 \u00a0 \u00a0R$ 50<br>De R$ 1.000,01 at\u00e9 R$ 5 mil\u00a0 \u00a0 \u00a0 \u00a0 \u00a0 \u00a0 30% do saldo\u00a0 \u00a0 \u00a0 \u00a0 \u00a0 \u00a0 \u00a0 \u00a0 \u00a0 \u00a0R$ 150<br>De R$ 5.000,01 at\u00e9 R$ 10 mil\u00a0 \u00a0 \u00a0 \u00a0 \u00a0 20% do saldo\u00a0 \u00a0 \u00a0 \u00a0 \u00a0 \u00a0 \u00a0 \u00a0 \u00a0 \u00a0R$ 650<br>De R$ 10.000,01 at\u00e9 R$ 15 mil\u00a0 \u00a0 \u00a0 \u00a0 15% do saldo\u00a0 \u00a0 \u00a0 \u00a0 \u00a0 \u00a0 \u00a0 \u00a0 \u00a0 \u00a0R$ 1.150<br>De R$ 15.000,01 at\u00e9 R$ 20 mil\u00a0 \u00a0 \u00a0 \u00a0 10% do saldo\u00a0 \u00a0 \u00a0 \u00a0 \u00a0 \u00a0 \u00a0 \u00a0 \u00a0 \u00a0R$ 1,9 mil<br>Acima de R$\u00a020.000,01\u00a0 \u00a0 \u00a0 \u00a0 \u00a0 \u00a0 \u00a0 \u00a0 \u00a0 \u00a0 5% do saldo\u00a0 \u00a0 \u00a0 \u00a0 \u00a0 \u00a0 \u00a0 \u00a0 \u00a0 \u00a0 \u00a0R$ 2,9 mil<\/p>\n\n\n\n<p>Com informa\u00e7\u00f5es da Ag\u00eancia Brasil<\/p>\n","protected":false},"excerpt":{"rendered":"<p>Os trabalhadores que optarem pelo saque-anivers\u00e1rio do Fundo de Garantia do Tempo de Servi\u00e7o (FGTS) aos poucos come\u00e7am a ter acesso \u00e0 cota de 2023. As retiradas ocorrem conforme o m\u00eas de anivers\u00e1rio do trabalhador. Cerca de 1,3 milh\u00e3o de cotistas nascidos em janeiro podem fazer o saque a partir de&nbsp;hoje&nbsp;(2). Criada em 2019 e [&hellip;]<\/p>\n","protected":false},"author":3,"featured_media":7480,"comment_status":"open","ping_status":"open","sticky":false,"template":"","format":"standard","meta":{"_monsterinsights_skip_tracking":false,"_monsterinsights_sitenote_active":false,"_monsterinsights_sitenote_note":"","_monsterinsights_sitenote_category":0,"footnotes":""},"categories":[34],"tags":[],"yoast_head":"<!-- This site is optimized with the Yoast SEO plugin v22.9 - https:\/\/yoast.com\/wordpress\/plugins\/seo\/ -->\n<title>Saque-anivers\u00e1rio do FGTS em 2023 j\u00e1 est\u00e1 dispon\u00edvel - Portal MF<\/title>\n<meta name=\"robots\" content=\"index, follow, max-snippet:-1, max-image-preview:large, max-video-preview:-1\" \/>\n<link rel=\"canonical\" href=\"https:\/\/portalmf.com.br\/index.php\/2023\/01\/02\/saque-aniversario-do-fgts-em-2023-ja-esta-disponivel\/\" \/>\n<meta property=\"og:locale\" content=\"pt_BR\" \/>\n<meta property=\"og:type\" content=\"article\" \/>\n<meta property=\"og:title\" content=\"Saque-anivers\u00e1rio do FGTS em 2023 j\u00e1 est\u00e1 dispon\u00edvel - Portal MF\" \/>\n<meta property=\"og:description\" content=\"Os trabalhadores que optarem pelo saque-anivers\u00e1rio do Fundo de Garantia do Tempo de Servi\u00e7o (FGTS) aos poucos come\u00e7am a ter acesso \u00e0 cota de 2023. As retiradas ocorrem conforme o m\u00eas de anivers\u00e1rio do trabalhador. Cerca de 1,3 milh\u00e3o de cotistas nascidos em janeiro podem fazer o saque a partir de&nbsp;hoje&nbsp;(2). Criada em 2019 e [&hellip;]\" \/>\n<meta property=\"og:url\" content=\"https:\/\/portalmf.com.br\/index.php\/2023\/01\/02\/saque-aniversario-do-fgts-em-2023-ja-esta-disponivel\/\" \/>\n<meta property=\"og:site_name\" content=\"Portal MF\" \/>\n<meta property=\"article:author\" content=\"https:\/\/www.facebook.com\/portalmfoficial\" \/>\n<meta property=\"article:published_time\" content=\"2023-01-02T21:21:54+00:00\" \/>\n<meta property=\"article:modified_time\" content=\"2023-01-02T21:21:55+00:00\" \/>\n<meta property=\"og:image\" content=\"https:\/\/portalmf.com.br\/wp-content\/uploads\/2023\/01\/jfcrz_abr_14091923110.jpg\" \/>\n\t<meta property=\"og:image:width\" content=\"1170\" \/>\n\t<meta property=\"og:image:height\" content=\"700\" \/>\n\t<meta property=\"og:image:type\" content=\"image\/jpeg\" \/>\n<meta name=\"author\" content=\"Reda\u00e7\u00e3o Portal MF\" \/>\n<meta name=\"twitter:card\" content=\"summary_large_image\" \/>\n<meta name=\"twitter:creator\" content=\"@https:\/\/x.com\/portalmfoficial\" \/>\n<meta name=\"twitter:label1\" content=\"Escrito por\" \/>\n\t<meta name=\"twitter:data1\" content=\"Reda\u00e7\u00e3o Portal MF\" \/>\n\t<meta name=\"twitter:label2\" content=\"Est. tempo de leitura\" \/>\n\t<meta name=\"twitter:data2\" content=\"5 minutos\" \/>\n<script type=\"application\/ld+json\" class=\"yoast-schema-graph\">{\"@context\":\"https:\/\/schema.org\",\"@graph\":[{\"@type\":\"WebPage\",\"@id\":\"https:\/\/portalmf.com.br\/index.php\/2023\/01\/02\/saque-aniversario-do-fgts-em-2023-ja-esta-disponivel\/\",\"url\":\"https:\/\/portalmf.com.br\/index.php\/2023\/01\/02\/saque-aniversario-do-fgts-em-2023-ja-esta-disponivel\/\",\"name\":\"Saque-anivers\u00e1rio do FGTS em 2023 j\u00e1 est\u00e1 dispon\u00edvel - Portal MF\",\"isPartOf\":{\"@id\":\"https:\/\/portalmf.com.br\/#website\"},\"primaryImageOfPage\":{\"@id\":\"https:\/\/portalmf.com.br\/index.php\/2023\/01\/02\/saque-aniversario-do-fgts-em-2023-ja-esta-disponivel\/#primaryimage\"},\"image\":{\"@id\":\"https:\/\/portalmf.com.br\/index.php\/2023\/01\/02\/saque-aniversario-do-fgts-em-2023-ja-esta-disponivel\/#primaryimage\"},\"thumbnailUrl\":\"https:\/\/portalmf.com.br\/wp-content\/uploads\/2023\/01\/jfcrz_abr_14091923110.jpg\",\"datePublished\":\"2023-01-02T21:21:54+00:00\",\"dateModified\":\"2023-01-02T21:21:55+00:00\",\"author\":{\"@id\":\"https:\/\/portalmf.com.br\/#\/schema\/person\/9ec101baf56233e53520c26de5d6f6f0\"},\"breadcrumb\":{\"@id\":\"https:\/\/portalmf.com.br\/index.php\/2023\/01\/02\/saque-aniversario-do-fgts-em-2023-ja-esta-disponivel\/#breadcrumb\"},\"inLanguage\":\"pt-BR\",\"potentialAction\":[{\"@type\":\"ReadAction\",\"target\":[\"https:\/\/portalmf.com.br\/index.php\/2023\/01\/02\/saque-aniversario-do-fgts-em-2023-ja-esta-disponivel\/\"]}]},{\"@type\":\"ImageObject\",\"inLanguage\":\"pt-BR\",\"@id\":\"https:\/\/portalmf.com.br\/index.php\/2023\/01\/02\/saque-aniversario-do-fgts-em-2023-ja-esta-disponivel\/#primaryimage\",\"url\":\"https:\/\/portalmf.com.br\/wp-content\/uploads\/2023\/01\/jfcrz_abr_14091923110.jpg\",\"contentUrl\":\"https:\/\/portalmf.com.br\/wp-content\/uploads\/2023\/01\/jfcrz_abr_14091923110.jpg\",\"width\":1170,\"height\":700,\"caption\":\"Foto: Jos\u00e9 Cruz\/Ag\u00eancia Brasil\"},{\"@type\":\"BreadcrumbList\",\"@id\":\"https:\/\/portalmf.com.br\/index.php\/2023\/01\/02\/saque-aniversario-do-fgts-em-2023-ja-esta-disponivel\/#breadcrumb\",\"itemListElement\":[{\"@type\":\"ListItem\",\"position\":1,\"name\":\"In\u00edcio\",\"item\":\"https:\/\/portalmf.com.br\/\"},{\"@type\":\"ListItem\",\"position\":2,\"name\":\"Saque-anivers\u00e1rio do FGTS em 2023 j\u00e1 est\u00e1 dispon\u00edvel\"}]},{\"@type\":\"WebSite\",\"@id\":\"https:\/\/portalmf.com.br\/#website\",\"url\":\"https:\/\/portalmf.com.br\/\",\"name\":\"Portal MF\",\"description\":\"Voc\u00ea conectado com a informa\u00e7\u00e3o\",\"potentialAction\":[{\"@type\":\"SearchAction\",\"target\":{\"@type\":\"EntryPoint\",\"urlTemplate\":\"https:\/\/portalmf.com.br\/?s={search_term_string}\"},\"query-input\":\"required name=search_term_string\"}],\"inLanguage\":\"pt-BR\"},{\"@type\":\"Person\",\"@id\":\"https:\/\/portalmf.com.br\/#\/schema\/person\/9ec101baf56233e53520c26de5d6f6f0\",\"name\":\"Reda\u00e7\u00e3o Portal MF\",\"image\":{\"@type\":\"ImageObject\",\"inLanguage\":\"pt-BR\",\"@id\":\"https:\/\/portalmf.com.br\/#\/schema\/person\/image\/\",\"url\":\"https:\/\/secure.gravatar.com\/avatar\/41b9aaeb2100835f7c64362330f74c7f?s=96&d=mm&r=g\",\"contentUrl\":\"https:\/\/secure.gravatar.com\/avatar\/41b9aaeb2100835f7c64362330f74c7f?s=96&d=mm&r=g\",\"caption\":\"Reda\u00e7\u00e3o Portal MF\"},\"description\":\"Sejam bem-vindos o portal de informa\u00e7\u00f5es de entretenimento de Feira de Santana, desde 2006 realiza coberturas dos principais eventos com entrevistas exclusivas com as principais personalidades mundiais. Fique conectado tamb\u00e9m nas redes sociais.\",\"sameAs\":[\"http:\/\/www.portalmf.com.br\/\",\"https:\/\/www.facebook.com\/portalmfoficial\",\"https:\/\/www.instagram.com\/portalmf\/\",\"https:\/\/x.com\/https:\/\/x.com\/portalmfoficial\",\"https:\/\/www.youtube.com\/@portalmfoficial\"],\"url\":\"https:\/\/portalmf.com.br\/index.php\/author\/junior\/\"}]}<\/script>\n<!-- \/ Yoast SEO plugin. -->","yoast_head_json":{"title":"Saque-anivers\u00e1rio do FGTS em 2023 j\u00e1 est\u00e1 dispon\u00edvel - Portal MF","robots":{"index":"index","follow":"follow","max-snippet":"max-snippet:-1","max-image-preview":"max-image-preview:large","max-video-preview":"max-video-preview:-1"},"canonical":"https:\/\/portalmf.com.br\/index.php\/2023\/01\/02\/saque-aniversario-do-fgts-em-2023-ja-esta-disponivel\/","og_locale":"pt_BR","og_type":"article","og_title":"Saque-anivers\u00e1rio do FGTS em 2023 j\u00e1 est\u00e1 dispon\u00edvel - Portal MF","og_description":"Os trabalhadores que optarem pelo saque-anivers\u00e1rio do Fundo de Garantia do Tempo de Servi\u00e7o (FGTS) aos poucos come\u00e7am a ter acesso \u00e0 cota de 2023. As retiradas ocorrem conforme o m\u00eas de anivers\u00e1rio do trabalhador. Cerca de 1,3 milh\u00e3o de cotistas nascidos em janeiro podem fazer o saque a partir de&nbsp;hoje&nbsp;(2). Criada em 2019 e [&hellip;]","og_url":"https:\/\/portalmf.com.br\/index.php\/2023\/01\/02\/saque-aniversario-do-fgts-em-2023-ja-esta-disponivel\/","og_site_name":"Portal MF","article_author":"https:\/\/www.facebook.com\/portalmfoficial","article_published_time":"2023-01-02T21:21:54+00:00","article_modified_time":"2023-01-02T21:21:55+00:00","og_image":[{"width":1170,"height":700,"url":"https:\/\/portalmf.com.br\/wp-content\/uploads\/2023\/01\/jfcrz_abr_14091923110.jpg","type":"image\/jpeg"}],"author":"Reda\u00e7\u00e3o Portal MF","twitter_card":"summary_large_image","twitter_creator":"@https:\/\/x.com\/portalmfoficial","twitter_misc":{"Escrito por":"Reda\u00e7\u00e3o Portal MF","Est. tempo de leitura":"5 minutos"},"schema":{"@context":"https:\/\/schema.org","@graph":[{"@type":"WebPage","@id":"https:\/\/portalmf.com.br\/index.php\/2023\/01\/02\/saque-aniversario-do-fgts-em-2023-ja-esta-disponivel\/","url":"https:\/\/portalmf.com.br\/index.php\/2023\/01\/02\/saque-aniversario-do-fgts-em-2023-ja-esta-disponivel\/","name":"Saque-anivers\u00e1rio do FGTS em 2023 j\u00e1 est\u00e1 dispon\u00edvel - Portal MF","isPartOf":{"@id":"https:\/\/portalmf.com.br\/#website"},"primaryImageOfPage":{"@id":"https:\/\/portalmf.com.br\/index.php\/2023\/01\/02\/saque-aniversario-do-fgts-em-2023-ja-esta-disponivel\/#primaryimage"},"image":{"@id":"https:\/\/portalmf.com.br\/index.php\/2023\/01\/02\/saque-aniversario-do-fgts-em-2023-ja-esta-disponivel\/#primaryimage"},"thumbnailUrl":"https:\/\/portalmf.com.br\/wp-content\/uploads\/2023\/01\/jfcrz_abr_14091923110.jpg","datePublished":"2023-01-02T21:21:54+00:00","dateModified":"2023-01-02T21:21:55+00:00","author":{"@id":"https:\/\/portalmf.com.br\/#\/schema\/person\/9ec101baf56233e53520c26de5d6f6f0"},"breadcrumb":{"@id":"https:\/\/portalmf.com.br\/index.php\/2023\/01\/02\/saque-aniversario-do-fgts-em-2023-ja-esta-disponivel\/#breadcrumb"},"inLanguage":"pt-BR","potentialAction":[{"@type":"ReadAction","target":["https:\/\/portalmf.com.br\/index.php\/2023\/01\/02\/saque-aniversario-do-fgts-em-2023-ja-esta-disponivel\/"]}]},{"@type":"ImageObject","inLanguage":"pt-BR","@id":"https:\/\/portalmf.com.br\/index.php\/2023\/01\/02\/saque-aniversario-do-fgts-em-2023-ja-esta-disponivel\/#primaryimage","url":"https:\/\/portalmf.com.br\/wp-content\/uploads\/2023\/01\/jfcrz_abr_14091923110.jpg","contentUrl":"https:\/\/portalmf.com.br\/wp-content\/uploads\/2023\/01\/jfcrz_abr_14091923110.jpg","width":1170,"height":700,"caption":"Foto: Jos\u00e9 Cruz\/Ag\u00eancia Brasil"},{"@type":"BreadcrumbList","@id":"https:\/\/portalmf.com.br\/index.php\/2023\/01\/02\/saque-aniversario-do-fgts-em-2023-ja-esta-disponivel\/#breadcrumb","itemListElement":[{"@type":"ListItem","position":1,"name":"In\u00edcio","item":"https:\/\/portalmf.com.br\/"},{"@type":"ListItem","position":2,"name":"Saque-anivers\u00e1rio do FGTS em 2023 j\u00e1 est\u00e1 dispon\u00edvel"}]},{"@type":"WebSite","@id":"https:\/\/portalmf.com.br\/#website","url":"https:\/\/portalmf.com.br\/","name":"Portal MF","description":"Voc\u00ea conectado com a informa\u00e7\u00e3o","potentialAction":[{"@type":"SearchAction","target":{"@type":"EntryPoint","urlTemplate":"https:\/\/portalmf.com.br\/?s={search_term_string}"},"query-input":"required name=search_term_string"}],"inLanguage":"pt-BR"},{"@type":"Person","@id":"https:\/\/portalmf.com.br\/#\/schema\/person\/9ec101baf56233e53520c26de5d6f6f0","name":"Reda\u00e7\u00e3o Portal MF","image":{"@type":"ImageObject","inLanguage":"pt-BR","@id":"https:\/\/portalmf.com.br\/#\/schema\/person\/image\/","url":"https:\/\/secure.gravatar.com\/avatar\/41b9aaeb2100835f7c64362330f74c7f?s=96&d=mm&r=g","contentUrl":"https:\/\/secure.gravatar.com\/avatar\/41b9aaeb2100835f7c64362330f74c7f?s=96&d=mm&r=g","caption":"Reda\u00e7\u00e3o Portal MF"},"description":"Sejam bem-vindos o portal de informa\u00e7\u00f5es de entretenimento de Feira de Santana, desde 2006 realiza coberturas dos principais eventos com entrevistas exclusivas com as principais personalidades mundiais. Fique conectado tamb\u00e9m nas redes sociais.","sameAs":["http:\/\/www.portalmf.com.br\/","https:\/\/www.facebook.com\/portalmfoficial","https:\/\/www.instagram.com\/portalmf\/","https:\/\/x.com\/https:\/\/x.com\/portalmfoficial","https:\/\/www.youtube.com\/@portalmfoficial"],"url":"https:\/\/portalmf.com.br\/index.php\/author\/junior\/"}]}},"_links":{"self":[{"href":"https:\/\/portalmf.com.br\/index.php\/wp-json\/wp\/v2\/posts\/7479"}],"collection":[{"href":"https:\/\/portalmf.com.br\/index.php\/wp-json\/wp\/v2\/posts"}],"about":[{"href":"https:\/\/portalmf.com.br\/index.php\/wp-json\/wp\/v2\/types\/post"}],"author":[{"embeddable":true,"href":"https:\/\/portalmf.com.br\/index.php\/wp-json\/wp\/v2\/users\/3"}],"replies":[{"embeddable":true,"href":"https:\/\/portalmf.com.br\/index.php\/wp-json\/wp\/v2\/comments?post=7479"}],"version-history":[{"count":1,"href":"https:\/\/portalmf.com.br\/index.php\/wp-json\/wp\/v2\/posts\/7479\/revisions"}],"predecessor-version":[{"id":7481,"href":"https:\/\/portalmf.com.br\/index.php\/wp-json\/wp\/v2\/posts\/7479\/revisions\/7481"}],"wp:featuredmedia":[{"embeddable":true,"href":"https:\/\/portalmf.com.br\/index.php\/wp-json\/wp\/v2\/media\/7480"}],"wp:attachment":[{"href":"https:\/\/portalmf.com.br\/index.php\/wp-json\/wp\/v2\/media?parent=7479"}],"wp:term":[{"taxonomy":"category","embeddable":true,"href":"https:\/\/portalmf.com.br\/index.php\/wp-json\/wp\/v2\/categories?post=7479"},{"taxonomy":"post_tag","embeddable":true,"href":"https:\/\/portalmf.com.br\/index.php\/wp-json\/wp\/v2\/tags?post=7479"}],"curies":[{"name":"wp","href":"https:\/\/api.w.org\/{rel}","templated":true}]}}