{"id":7473,"date":"2023-01-02T18:18:46","date_gmt":"2023-01-02T21:18:46","guid":{"rendered":"https:\/\/portalmf.com.br\/?p=7473"},"modified":"2023-01-02T18:18:47","modified_gmt":"2023-01-02T21:18:47","slug":"em-seu-primeiro-dia-como-presidente-lula-assina-52-decretos-e-4-mps","status":"publish","type":"post","link":"https:\/\/portalmf.com.br\/index.php\/2023\/01\/02\/em-seu-primeiro-dia-como-presidente-lula-assina-52-decretos-e-4-mps\/","title":{"rendered":"Em seu primeiro dia como presidente, Lula assina 52 decretos e 4 MPs"},"content":{"rendered":"\n<p>No primeiro dia de seu terceiro mandato, ontem (1), o presidente Luiz In\u00e1cio Lula da Silva&nbsp;<a href=\"https:\/\/agenciabrasil.ebc.com.br\/politica\/noticia\/2023-01\/lula-da-posse-ministros-e-assina-primeiras-medidas-de-governo\" target=\"_blank\" rel=\"noreferrer noopener\">assinou a quatro Medidas Provis\u00f3rias (MPs) e 52 decretos presidenciais<\/a>, com os quais estabelece a estrutura da nova gest\u00e3o federal e seus&nbsp;<a href=\"https:\/\/agenciabrasil.ebc.com.br\/politica\/noticia\/2022-12\/confira-os-nomes-dos-37-ministros-do-futuro-governo\" target=\"_blank\" rel=\"noreferrer noopener\">37 minist\u00e9rios<\/a>.<img decoding=\"async\" src=\"https:\/\/agenciabrasil.ebc.com.br\/ebc.png?id=1501346&amp;o=node\"><img decoding=\"async\" src=\"https:\/\/agenciabrasil.ebc.com.br\/ebc.gif?id=1501346&amp;o=node\"><\/p>\n\n\n\n<p>A&nbsp;<a href=\"http:\/\/www.planalto.gov.br\/ccivil_03\/_Ato2023-2026\/2023\/Mpv\/mpv1155.htm\" target=\"_blank\" rel=\"noreferrer noopener\">MP n\u00b0 1.155<\/a>&nbsp; garante o pagamento de R$ 600 para mais de 21 milh\u00f5es de fam\u00edlias benefici\u00e1rias do Aux\u00edlio Brasil, que, em breve, voltar\u00e1 a se chamar Bolsa Fam\u00edlia. Os R$ 200 a mais que cada fam\u00edlia vem recebendo desde junho de 2022 s\u00f3 seriam pagos at\u00e9 o fim de 2022, quando o valor original do benef\u00edcio (R$ 400) seria restitu\u00eddo, mas o governo federal pretende transformar o adicional em algo permanente.<\/p>\n\n\n\n<p>Com a<a href=\"http:\/\/www.planalto.gov.br\/ccivil_03\/_Ato2023-2026\/2023\/Mpv\/mpv1157.htm\" target=\"_blank\" rel=\"noreferrer noopener\">&nbsp;MP 1.157<\/a>, ficam estendidas at\u00e9 28 de fevereiro as isen\u00e7\u00f5es de PIS\/Pasep e Cofins cobradas da gasolina e do \u00e1lcool combust\u00edvel, e at\u00e9 31 de dezembro deste ano as do \u00f3leo diesel e biodiesel.<\/p>\n\n\n\n<p>J\u00e1 a&nbsp;<a href=\"http:\/\/www.planalto.gov.br\/ccivil_03\/_Ato2023-2026\/2023\/Mpv\/mpv1156.htm\" target=\"_blank\" rel=\"noreferrer noopener\">MP 1.156<\/a>&nbsp; extingue a Funda\u00e7\u00e3o Nacional de Sa\u00fade (Funasa) e transfere suas compet\u00eancias para os minist\u00e9rios da Sa\u00fade e das Cidades.&nbsp;<\/p>\n\n\n\n<p>Editadas pelos presidentes da Rep\u00fablica em situa\u00e7\u00f5es consideradas de relev\u00e2ncia e urg\u00eancia, as&nbsp;Medidas Provis\u00f3rias s\u00e3o normas com for\u00e7a de lei,&nbsp;ou seja, que produzem efeitos jur\u00eddicos t\u00e3o logo s\u00e3o publicadas no Di\u00e1rio Oficial. Apesar disso, precisam ser posteriormente apreciadas pela C\u00e2mara dos Deputados e Senado, que podem rejeitar a proposta, aprov\u00e1-la na \u00edntegra ou propor altera\u00e7\u00f5es ao texto original.&nbsp;O prazo inicial de vig\u00eancia de uma MP \u00e9 de 60 dias, podendo ser prorrogada automaticamente por igual per\u00edodo caso n\u00e3o tenha sido votada nas duas Casas &#8211; e se n\u00e3o for apreciada em at\u00e9 45 dias, contados da sua publica\u00e7\u00e3o, a MP entra em chamado regime de urg\u00eancia, paralisando as&nbsp;demais delibera\u00e7\u00f5es legislativas.<\/p>\n\n\n\n<h2 class=\"wp-block-heading\">Armas<\/h2>\n\n\n\n<p>Os&nbsp;<a href=\"http:\/\/www4.planalto.gov.br\/legislacao\/portal-legis\/legislacao-1\/decretos1\/2023-decretos\" target=\"_blank\" rel=\"noreferrer noopener\">decretos&nbsp;<\/a>de n\u00famero 11.325 a 11.376 foram publicados no Di\u00e1rio Oficial da Uni\u00e3o de hoje (2). A maioria (41) deles trata da estrutura regimental e funcional das pastas e das secretarias Geral; de Comunica\u00e7\u00e3o Social e de Rela\u00e7\u00f5es Institucionais, al\u00e9m de transferir cargos em comiss\u00e3o e fun\u00e7\u00f5es de confian\u00e7a da Secretaria Especial de Assuntos Estrat\u00e9gicos para o rec\u00e9m-criado Minist\u00e9rio da Gest\u00e3o e da Inova\u00e7\u00e3o em Servi\u00e7os P\u00fablicos, que ser\u00e1 comandando pela ex-secret\u00e1ria de Or\u00e7amento do governo Dilma Rousseff, Esther Dweck.<\/p>\n\n\n\n<p>J\u00e1 com o&nbsp;<a href=\"http:\/\/www.planalto.gov.br\/ccivil_03\/_ato2023-2026\/2023\/decreto\/D11366.htm\" target=\"_blank\" rel=\"noreferrer noopener\">Decreto n\u00b0 11.366<\/a>, Lula come\u00e7a a cumprir uma de suas promessas de campanha: reestabelecer uma pol\u00edtica de controle de armas mais severa que a de seu antecessor.<\/p>\n\n\n\n<p>A medida reduz a quantidade de armas e de muni\u00e7\u00f5es de uso permitido, condicionando a autoriza\u00e7\u00e3o de porte \u00e0 comprova\u00e7\u00e3o da necessidade. Tamb\u00e9m suspende os registros para aquisi\u00e7\u00e3o e transfer\u00eancia de armas e muni\u00e7\u00f5es de uso restrito por ca\u00e7adores, atiradores e colecionadores (CACs) e a concess\u00e3o de autoriza\u00e7\u00f5es para abertura de novos clubes e escolas de tiro. O decreto presidencial tamb\u00e9m determina que, em 60 dias, a Pol\u00edcia Federal (PF) recadastre todas as armas comercializadas a partir de maio de 2019 e que um grupo de trabalho seja criado para discutir uma nova regulamenta\u00e7\u00e3o \u00e0&nbsp;<a href=\"https:\/\/www.planalto.gov.br\/ccivil_03\/leis\/2003\/l10.826.htm\" target=\"_blank\" rel=\"noreferrer noopener\">Lei n\u00ba 10.826<\/a>, que estabelece as normas para registro, posse e venda de armas de fogo e muni\u00e7\u00e3o.<\/p>\n\n\n\n<h2 class=\"wp-block-heading\">Meio Ambiente<\/h2>\n\n\n\n<p>Os primeiros decretos assinados por Lula tamb\u00e9m incidem sobre as pol\u00edticas de combate ao desmatamento em todo o pa\u00eds. O&nbsp;<a href=\"http:\/\/www.planalto.gov.br\/ccivil_03\/_ato2023-2026\/2023\/decreto\/D11368.htm\" target=\"_blank\" rel=\"noreferrer noopener\">Decreto n\u00ba 11.368&nbsp;<\/a>&nbsp;autoriza o Banco Nacional de Desenvolvimento Econ\u00f4mico e Social (Bndes) a voltar a captar doa\u00e7\u00f5es financeiras destinadas ao chamado Fundo Amaz\u00f4nia para investimentos n\u00e3o reembols\u00e1veis em a\u00e7\u00f5es de preven\u00e7\u00e3o, monitoramento e combate ao desmatamento e \u00e0 conserva\u00e7\u00e3o e uso sustent\u00e1vel do bioma amaz\u00f4nico. Financiado pelos governos da Noruega e Alemanha, o fundo tem, bloqueados, cerca de R$ 3,3 bilh\u00f5es.<\/p>\n\n\n\n<p>J\u00e1 o&nbsp;<a href=\"http:\/\/www.planalto.gov.br\/ccivil_03\/_ato2023-2026\/2023\/decreto\/D11373.htm\" target=\"_blank\" rel=\"noreferrer noopener\">Decreto n\u00b0 11.373<\/a>&nbsp;restituiu a obrigatoriedade da Uni\u00e3o destinar ao Fundo Nacional do Meio Ambiente 50% dos valores arrecadados com a cobran\u00e7a de multas ambientais. Aprovado no decreto original, de julho de 2008, o percentual foi reduzido para 20% em dezembro do mesmo ano, tendo sido mantido at\u00e9 ontem.<\/p>\n\n\n\n<p>O Fundo Nacional tamb\u00e9m \u00e9 contemplado pelo&nbsp;<a href=\"http:\/\/www.planalto.gov.br\/ccivil_03\/_ato2023-2026\/2023\/decreto\/D11372.htm\" target=\"_blank\" rel=\"noreferrer noopener\">Decreto n\u00b0 11.372<\/a>, que amplia n\u00e3o s\u00f3 a participa\u00e7\u00e3o da sociedade civil no colegiado, mas das pr\u00f3prias inst\u00e2ncias do governo federal, que ser\u00e1 representado tamb\u00e9m por indicados pelos institutos Brasileiro do Meio Ambiente e dos Recursos Naturais Renov\u00e1veis (Ibama) e Chico Mendes de Conserva\u00e7\u00e3o da Biodiversidade (Ibama).<\/p>\n\n\n\n<h2 class=\"wp-block-heading\">Revoga\u00e7\u00f5es<\/h2>\n\n\n\n<p>Lula tamb\u00e9m revogou outros sete atos de Bolsonaro. O&nbsp;<a href=\"http:\/\/www.planalto.gov.br\/ccivil_03\/_ato2023-2026\/2023\/decreto\/D11369.htm\" target=\"_blank\" rel=\"noreferrer noopener\">ato normativo n\u00ba 11.369<\/a>&nbsp; anula o&nbsp;<a href=\"https:\/\/www.in.gov.br\/en\/web\/dou\/-\/decreto-n-10.966-de-11-de-fevereiro-de-2022-379739340\" target=\"_blank\" rel=\"noreferrer noopener\">Decreto n\u00b0 10.966<\/a>, que instituiu o Programa de Apoio ao Desenvolvimento da Minera\u00e7\u00e3o Artesanal e em Pequena Escala e a Comiss\u00e3o Interministerial para o Desenvolvimento da Minera\u00e7\u00e3o Artesanal e em Pequena Escala.<\/p>\n\n\n\n<p>O&nbsp;<a href=\"http:\/\/www.planalto.gov.br\/ccivil_03\/_ato2023-2026\/2023\/decreto\/D11370.htm\" target=\"_blank\" rel=\"noreferrer noopener\">Decreto n\u00ba 11.370<\/a>&nbsp; extingue o&nbsp;<a href=\"https:\/\/www.in.gov.br\/en\/web\/dou\/-\/decreto-n-10.502-de-30-de-setembro-de-2020-280529948\" target=\"_blank\" rel=\"noreferrer noopener\">Decreto n\u00ba 10.502<\/a>, que estabeleceu a Pol\u00edtica Nacional de Educa\u00e7\u00e3o Especial: Equitativa, Inclusiva e com Aprendizado ao Longo da Vida. De acordo com a nova gest\u00e3o, o decreto extinto \u201csegregava crian\u00e7as, jovens e adultos com defici\u00eancia, impedindo o acesso \u00e0 educa\u00e7\u00e3o inclusiva\u201d.<\/p>\n\n\n\n<p>O Decreto n\u00b0 11.371 revoga os decretos&nbsp;<a href=\"https:\/\/www.planalto.gov.br\/ccivil_03\/_ato2019-2022\/2019\/decreto\/d9759.htm\" target=\"_blank\" rel=\"noreferrer noopener\">n\u00b0 9.759<\/a>&nbsp;e&nbsp;<a href=\"http:\/\/www.planalto.gov.br\/ccivil_03\/_ato2019-2022\/2019\/decreto\/D9812.htm\" target=\"_blank\" rel=\"noreferrer noopener\">9.812<\/a>, que redefiniram as diretrizes e o funcionamento de colegiados federais.<\/p>\n\n\n\n<p>J\u00e1 o Decreto n\u00b0 11.374 torna sem efeito tr\u00eas atos normativos editados no pen\u00faltimo dia do governo Bolsonaro. O extinto Decreto<a href=\"http:\/\/www.planalto.gov.br\/ccivil_03\/_ato2019-2022\/2022\/decreto\/D11321.htm\" target=\"_blank\" rel=\"noreferrer noopener\">&nbsp;n\u00b0 11.321<\/a>&nbsp;concedia desconto de 50% para as al\u00edquotas do Adicional ao Frete para a Renova\u00e7\u00e3o da Marinha Mercante.<\/p>\n\n\n\n<p>Para anular os outros dois<a href=\"https:\/\/www.planalto.gov.br\/ccivil_03\/_ato2019-2022\/2022\/decreto\/d11322.htm\" target=\"_blank\" rel=\"noreferrer noopener\">&nbsp;decretos &nbsp;11.322<\/a>&nbsp; e&nbsp;<a href=\"https:\/\/www.planalto.gov.br\/ccivil_03\/_ato2019-2022\/2022\/decreto\/d11323.htm\" target=\"_blank\" rel=\"noreferrer noopener\">11.323<\/a>, Lula restabeleceu a reda\u00e7\u00e3o original das normas modificadas no final da gest\u00e3o Bolsonaro: o&nbsp;<a href=\"https:\/\/www.planalto.gov.br\/ccivil_03\/_ato2015-2018\/2015\/decreto\/d8426.htm\" target=\"_blank\" rel=\"noreferrer noopener\">Decreto n\u00b0 8.426<\/a>, de 2015, trata dos percentuais para a Contribui\u00e7\u00e3o para os Programas de Integra\u00e7\u00e3o Social e de Forma\u00e7\u00e3o do Patrim\u00f4nio do Servidor P\u00fablico (PIS\/Pasep) e da Contribui\u00e7\u00e3o para o Financiamento da Seguridade Social (Cofins) cobrados dos ganhos n\u00e3o-cumulativos aferidos por empresas. J\u00e1 o&nbsp;<a href=\"http:\/\/www.planalto.gov.br\/ccivil_03\/_ato2019-2022\/2021\/decreto\/D10615.htm#:~:text=DECRETO%20N%C2%BA%2010.615%2C%20DE%2029,que%20lhe%20confere%20o%20art\" target=\"_blank\" rel=\"noreferrer noopener\">Decreto n\u00b0 10.615<\/a>, de 2021, disp\u00f5e sobre o&nbsp;<a href=\"https:\/\/www.gov.br\/mcti\/pt-br\/acompanhe-o-mcti\/padis\" target=\"_blank\" rel=\"noreferrer noopener\">Programa de Apoio ao Desenvolvimento Tecnol\u00f3gico da Ind\u00fastria de Semicondutores(Padis)<\/a>, incluindo os cr\u00e9ditos financeiros concedidos \u00e0s empresas participantes.<\/p>\n\n\n\n<p>O presidente eleito tamb\u00e9m assinou um despacho determinando que a Controladoria-Geral da Uni\u00e3o (CGU) \u00a0reavalie, em 30 dias, v\u00e1rias das medidas editadas por Bolsonaro, entre elas as que determinaram segredo sobre documentos e informa\u00e7\u00f5es relativas ao\u00a0governo e de interesse p\u00fablico.<\/p>\n\n\n\n<p>Com informa\u00e7\u00f5es da Ag\u00eancia Brasil<\/p>\n","protected":false},"excerpt":{"rendered":"<p>No primeiro dia de seu terceiro mandato, ontem (1), o presidente Luiz In\u00e1cio Lula da Silva&nbsp;assinou a quatro Medidas Provis\u00f3rias (MPs) e 52 decretos presidenciais, com os quais estabelece a estrutura da nova gest\u00e3o federal e seus&nbsp;37 minist\u00e9rios. A&nbsp;MP n\u00b0 1.155&nbsp; garante o pagamento de R$ 600 para mais de 21 milh\u00f5es de fam\u00edlias benefici\u00e1rias [&hellip;]<\/p>\n","protected":false},"author":3,"featured_media":7474,"comment_status":"open","ping_status":"open","sticky":false,"template":"","format":"standard","meta":{"_monsterinsights_skip_tracking":false,"_monsterinsights_sitenote_active":false,"_monsterinsights_sitenote_note":"","_monsterinsights_sitenote_category":0,"footnotes":""},"categories":[34],"tags":[],"yoast_head":"<!-- This site is optimized with the Yoast SEO plugin v22.9 - https:\/\/yoast.com\/wordpress\/plugins\/seo\/ -->\n<title>Em seu primeiro dia como presidente, Lula assina 52 decretos e 4 MPs - Portal MF<\/title>\n<meta name=\"robots\" content=\"index, follow, max-snippet:-1, max-image-preview:large, max-video-preview:-1\" \/>\n<link rel=\"canonical\" href=\"https:\/\/portalmf.com.br\/index.php\/2023\/01\/02\/em-seu-primeiro-dia-como-presidente-lula-assina-52-decretos-e-4-mps\/\" \/>\n<meta property=\"og:locale\" content=\"pt_BR\" \/>\n<meta property=\"og:type\" content=\"article\" \/>\n<meta property=\"og:title\" content=\"Em seu primeiro dia como presidente, Lula assina 52 decretos e 4 MPs - Portal MF\" \/>\n<meta property=\"og:description\" content=\"No primeiro dia de seu terceiro mandato, ontem (1), o presidente Luiz In\u00e1cio Lula da Silva&nbsp;assinou a quatro Medidas Provis\u00f3rias (MPs) e 52 decretos presidenciais, com os quais estabelece a estrutura da nova gest\u00e3o federal e seus&nbsp;37 minist\u00e9rios. A&nbsp;MP n\u00b0 1.155&nbsp; garante o pagamento de R$ 600 para mais de 21 milh\u00f5es de fam\u00edlias benefici\u00e1rias [&hellip;]\" \/>\n<meta property=\"og:url\" content=\"https:\/\/portalmf.com.br\/index.php\/2023\/01\/02\/em-seu-primeiro-dia-como-presidente-lula-assina-52-decretos-e-4-mps\/\" \/>\n<meta property=\"og:site_name\" content=\"Portal MF\" \/>\n<meta property=\"article:author\" content=\"https:\/\/www.facebook.com\/portalmfoficial\" \/>\n<meta property=\"article:published_time\" content=\"2023-01-02T21:18:46+00:00\" \/>\n<meta property=\"article:modified_time\" content=\"2023-01-02T21:18:47+00:00\" \/>\n<meta property=\"og:image\" content=\"https:\/\/portalmf.com.br\/wp-content\/uploads\/2023\/01\/vac_abr_posse_0101233267.jpg\" \/>\n\t<meta property=\"og:image:width\" content=\"1170\" \/>\n\t<meta property=\"og:image:height\" content=\"700\" \/>\n\t<meta property=\"og:image:type\" content=\"image\/jpeg\" \/>\n<meta name=\"author\" content=\"Reda\u00e7\u00e3o Portal MF\" \/>\n<meta name=\"twitter:card\" content=\"summary_large_image\" \/>\n<meta name=\"twitter:creator\" content=\"@https:\/\/x.com\/portalmfoficial\" \/>\n<meta name=\"twitter:label1\" content=\"Escrito por\" \/>\n\t<meta name=\"twitter:data1\" content=\"Reda\u00e7\u00e3o Portal MF\" \/>\n\t<meta name=\"twitter:label2\" content=\"Est. tempo de leitura\" \/>\n\t<meta name=\"twitter:data2\" content=\"6 minutos\" \/>\n<script type=\"application\/ld+json\" class=\"yoast-schema-graph\">{\"@context\":\"https:\/\/schema.org\",\"@graph\":[{\"@type\":\"WebPage\",\"@id\":\"https:\/\/portalmf.com.br\/index.php\/2023\/01\/02\/em-seu-primeiro-dia-como-presidente-lula-assina-52-decretos-e-4-mps\/\",\"url\":\"https:\/\/portalmf.com.br\/index.php\/2023\/01\/02\/em-seu-primeiro-dia-como-presidente-lula-assina-52-decretos-e-4-mps\/\",\"name\":\"Em seu primeiro dia como presidente, Lula assina 52 decretos e 4 MPs - Portal MF\",\"isPartOf\":{\"@id\":\"https:\/\/portalmf.com.br\/#website\"},\"primaryImageOfPage\":{\"@id\":\"https:\/\/portalmf.com.br\/index.php\/2023\/01\/02\/em-seu-primeiro-dia-como-presidente-lula-assina-52-decretos-e-4-mps\/#primaryimage\"},\"image\":{\"@id\":\"https:\/\/portalmf.com.br\/index.php\/2023\/01\/02\/em-seu-primeiro-dia-como-presidente-lula-assina-52-decretos-e-4-mps\/#primaryimage\"},\"thumbnailUrl\":\"https:\/\/portalmf.com.br\/wp-content\/uploads\/2023\/01\/vac_abr_posse_0101233267.jpg\",\"datePublished\":\"2023-01-02T21:18:46+00:00\",\"dateModified\":\"2023-01-02T21:18:47+00:00\",\"author\":{\"@id\":\"https:\/\/portalmf.com.br\/#\/schema\/person\/9ec101baf56233e53520c26de5d6f6f0\"},\"breadcrumb\":{\"@id\":\"https:\/\/portalmf.com.br\/index.php\/2023\/01\/02\/em-seu-primeiro-dia-como-presidente-lula-assina-52-decretos-e-4-mps\/#breadcrumb\"},\"inLanguage\":\"pt-BR\",\"potentialAction\":[{\"@type\":\"ReadAction\",\"target\":[\"https:\/\/portalmf.com.br\/index.php\/2023\/01\/02\/em-seu-primeiro-dia-como-presidente-lula-assina-52-decretos-e-4-mps\/\"]}]},{\"@type\":\"ImageObject\",\"inLanguage\":\"pt-BR\",\"@id\":\"https:\/\/portalmf.com.br\/index.php\/2023\/01\/02\/em-seu-primeiro-dia-como-presidente-lula-assina-52-decretos-e-4-mps\/#primaryimage\",\"url\":\"https:\/\/portalmf.com.br\/wp-content\/uploads\/2023\/01\/vac_abr_posse_0101233267.jpg\",\"contentUrl\":\"https:\/\/portalmf.com.br\/wp-content\/uploads\/2023\/01\/vac_abr_posse_0101233267.jpg\",\"width\":1170,\"height\":700,\"caption\":\"Foto: Valter Campanato\/Ag\u00eancia Brasil\"},{\"@type\":\"BreadcrumbList\",\"@id\":\"https:\/\/portalmf.com.br\/index.php\/2023\/01\/02\/em-seu-primeiro-dia-como-presidente-lula-assina-52-decretos-e-4-mps\/#breadcrumb\",\"itemListElement\":[{\"@type\":\"ListItem\",\"position\":1,\"name\":\"In\u00edcio\",\"item\":\"https:\/\/portalmf.com.br\/\"},{\"@type\":\"ListItem\",\"position\":2,\"name\":\"Em seu primeiro dia como presidente, Lula assina 52 decretos e 4 MPs\"}]},{\"@type\":\"WebSite\",\"@id\":\"https:\/\/portalmf.com.br\/#website\",\"url\":\"https:\/\/portalmf.com.br\/\",\"name\":\"Portal MF\",\"description\":\"Voc\u00ea conectado com a informa\u00e7\u00e3o\",\"potentialAction\":[{\"@type\":\"SearchAction\",\"target\":{\"@type\":\"EntryPoint\",\"urlTemplate\":\"https:\/\/portalmf.com.br\/?s={search_term_string}\"},\"query-input\":\"required name=search_term_string\"}],\"inLanguage\":\"pt-BR\"},{\"@type\":\"Person\",\"@id\":\"https:\/\/portalmf.com.br\/#\/schema\/person\/9ec101baf56233e53520c26de5d6f6f0\",\"name\":\"Reda\u00e7\u00e3o Portal MF\",\"image\":{\"@type\":\"ImageObject\",\"inLanguage\":\"pt-BR\",\"@id\":\"https:\/\/portalmf.com.br\/#\/schema\/person\/image\/\",\"url\":\"https:\/\/secure.gravatar.com\/avatar\/41b9aaeb2100835f7c64362330f74c7f?s=96&d=mm&r=g\",\"contentUrl\":\"https:\/\/secure.gravatar.com\/avatar\/41b9aaeb2100835f7c64362330f74c7f?s=96&d=mm&r=g\",\"caption\":\"Reda\u00e7\u00e3o Portal MF\"},\"description\":\"Sejam bem-vindos o portal de informa\u00e7\u00f5es de entretenimento de Feira de Santana, desde 2006 realiza coberturas dos principais eventos com entrevistas exclusivas com as principais personalidades mundiais. Fique conectado tamb\u00e9m nas redes sociais.\",\"sameAs\":[\"http:\/\/www.portalmf.com.br\/\",\"https:\/\/www.facebook.com\/portalmfoficial\",\"https:\/\/www.instagram.com\/portalmf\/\",\"https:\/\/x.com\/https:\/\/x.com\/portalmfoficial\",\"https:\/\/www.youtube.com\/@portalmfoficial\"],\"url\":\"https:\/\/portalmf.com.br\/index.php\/author\/junior\/\"}]}<\/script>\n<!-- \/ Yoast SEO plugin. -->","yoast_head_json":{"title":"Em seu primeiro dia como presidente, Lula assina 52 decretos e 4 MPs - Portal MF","robots":{"index":"index","follow":"follow","max-snippet":"max-snippet:-1","max-image-preview":"max-image-preview:large","max-video-preview":"max-video-preview:-1"},"canonical":"https:\/\/portalmf.com.br\/index.php\/2023\/01\/02\/em-seu-primeiro-dia-como-presidente-lula-assina-52-decretos-e-4-mps\/","og_locale":"pt_BR","og_type":"article","og_title":"Em seu primeiro dia como presidente, Lula assina 52 decretos e 4 MPs - Portal MF","og_description":"No primeiro dia de seu terceiro mandato, ontem (1), o presidente Luiz In\u00e1cio Lula da Silva&nbsp;assinou a quatro Medidas Provis\u00f3rias (MPs) e 52 decretos presidenciais, com os quais estabelece a estrutura da nova gest\u00e3o federal e seus&nbsp;37 minist\u00e9rios. A&nbsp;MP n\u00b0 1.155&nbsp; garante o pagamento de R$ 600 para mais de 21 milh\u00f5es de fam\u00edlias benefici\u00e1rias [&hellip;]","og_url":"https:\/\/portalmf.com.br\/index.php\/2023\/01\/02\/em-seu-primeiro-dia-como-presidente-lula-assina-52-decretos-e-4-mps\/","og_site_name":"Portal MF","article_author":"https:\/\/www.facebook.com\/portalmfoficial","article_published_time":"2023-01-02T21:18:46+00:00","article_modified_time":"2023-01-02T21:18:47+00:00","og_image":[{"width":1170,"height":700,"url":"https:\/\/portalmf.com.br\/wp-content\/uploads\/2023\/01\/vac_abr_posse_0101233267.jpg","type":"image\/jpeg"}],"author":"Reda\u00e7\u00e3o Portal MF","twitter_card":"summary_large_image","twitter_creator":"@https:\/\/x.com\/portalmfoficial","twitter_misc":{"Escrito por":"Reda\u00e7\u00e3o Portal MF","Est. tempo de leitura":"6 minutos"},"schema":{"@context":"https:\/\/schema.org","@graph":[{"@type":"WebPage","@id":"https:\/\/portalmf.com.br\/index.php\/2023\/01\/02\/em-seu-primeiro-dia-como-presidente-lula-assina-52-decretos-e-4-mps\/","url":"https:\/\/portalmf.com.br\/index.php\/2023\/01\/02\/em-seu-primeiro-dia-como-presidente-lula-assina-52-decretos-e-4-mps\/","name":"Em seu primeiro dia como presidente, Lula assina 52 decretos e 4 MPs - Portal MF","isPartOf":{"@id":"https:\/\/portalmf.com.br\/#website"},"primaryImageOfPage":{"@id":"https:\/\/portalmf.com.br\/index.php\/2023\/01\/02\/em-seu-primeiro-dia-como-presidente-lula-assina-52-decretos-e-4-mps\/#primaryimage"},"image":{"@id":"https:\/\/portalmf.com.br\/index.php\/2023\/01\/02\/em-seu-primeiro-dia-como-presidente-lula-assina-52-decretos-e-4-mps\/#primaryimage"},"thumbnailUrl":"https:\/\/portalmf.com.br\/wp-content\/uploads\/2023\/01\/vac_abr_posse_0101233267.jpg","datePublished":"2023-01-02T21:18:46+00:00","dateModified":"2023-01-02T21:18:47+00:00","author":{"@id":"https:\/\/portalmf.com.br\/#\/schema\/person\/9ec101baf56233e53520c26de5d6f6f0"},"breadcrumb":{"@id":"https:\/\/portalmf.com.br\/index.php\/2023\/01\/02\/em-seu-primeiro-dia-como-presidente-lula-assina-52-decretos-e-4-mps\/#breadcrumb"},"inLanguage":"pt-BR","potentialAction":[{"@type":"ReadAction","target":["https:\/\/portalmf.com.br\/index.php\/2023\/01\/02\/em-seu-primeiro-dia-como-presidente-lula-assina-52-decretos-e-4-mps\/"]}]},{"@type":"ImageObject","inLanguage":"pt-BR","@id":"https:\/\/portalmf.com.br\/index.php\/2023\/01\/02\/em-seu-primeiro-dia-como-presidente-lula-assina-52-decretos-e-4-mps\/#primaryimage","url":"https:\/\/portalmf.com.br\/wp-content\/uploads\/2023\/01\/vac_abr_posse_0101233267.jpg","contentUrl":"https:\/\/portalmf.com.br\/wp-content\/uploads\/2023\/01\/vac_abr_posse_0101233267.jpg","width":1170,"height":700,"caption":"Foto: Valter Campanato\/Ag\u00eancia Brasil"},{"@type":"BreadcrumbList","@id":"https:\/\/portalmf.com.br\/index.php\/2023\/01\/02\/em-seu-primeiro-dia-como-presidente-lula-assina-52-decretos-e-4-mps\/#breadcrumb","itemListElement":[{"@type":"ListItem","position":1,"name":"In\u00edcio","item":"https:\/\/portalmf.com.br\/"},{"@type":"ListItem","position":2,"name":"Em seu primeiro dia como presidente, Lula assina 52 decretos e 4 MPs"}]},{"@type":"WebSite","@id":"https:\/\/portalmf.com.br\/#website","url":"https:\/\/portalmf.com.br\/","name":"Portal MF","description":"Voc\u00ea conectado com a informa\u00e7\u00e3o","potentialAction":[{"@type":"SearchAction","target":{"@type":"EntryPoint","urlTemplate":"https:\/\/portalmf.com.br\/?s={search_term_string}"},"query-input":"required name=search_term_string"}],"inLanguage":"pt-BR"},{"@type":"Person","@id":"https:\/\/portalmf.com.br\/#\/schema\/person\/9ec101baf56233e53520c26de5d6f6f0","name":"Reda\u00e7\u00e3o Portal MF","image":{"@type":"ImageObject","inLanguage":"pt-BR","@id":"https:\/\/portalmf.com.br\/#\/schema\/person\/image\/","url":"https:\/\/secure.gravatar.com\/avatar\/41b9aaeb2100835f7c64362330f74c7f?s=96&d=mm&r=g","contentUrl":"https:\/\/secure.gravatar.com\/avatar\/41b9aaeb2100835f7c64362330f74c7f?s=96&d=mm&r=g","caption":"Reda\u00e7\u00e3o Portal MF"},"description":"Sejam bem-vindos o portal de informa\u00e7\u00f5es de entretenimento de Feira de Santana, desde 2006 realiza coberturas dos principais eventos com entrevistas exclusivas com as principais personalidades mundiais. Fique conectado tamb\u00e9m nas redes sociais.","sameAs":["http:\/\/www.portalmf.com.br\/","https:\/\/www.facebook.com\/portalmfoficial","https:\/\/www.instagram.com\/portalmf\/","https:\/\/x.com\/https:\/\/x.com\/portalmfoficial","https:\/\/www.youtube.com\/@portalmfoficial"],"url":"https:\/\/portalmf.com.br\/index.php\/author\/junior\/"}]}},"_links":{"self":[{"href":"https:\/\/portalmf.com.br\/index.php\/wp-json\/wp\/v2\/posts\/7473"}],"collection":[{"href":"https:\/\/portalmf.com.br\/index.php\/wp-json\/wp\/v2\/posts"}],"about":[{"href":"https:\/\/portalmf.com.br\/index.php\/wp-json\/wp\/v2\/types\/post"}],"author":[{"embeddable":true,"href":"https:\/\/portalmf.com.br\/index.php\/wp-json\/wp\/v2\/users\/3"}],"replies":[{"embeddable":true,"href":"https:\/\/portalmf.com.br\/index.php\/wp-json\/wp\/v2\/comments?post=7473"}],"version-history":[{"count":1,"href":"https:\/\/portalmf.com.br\/index.php\/wp-json\/wp\/v2\/posts\/7473\/revisions"}],"predecessor-version":[{"id":7475,"href":"https:\/\/portalmf.com.br\/index.php\/wp-json\/wp\/v2\/posts\/7473\/revisions\/7475"}],"wp:featuredmedia":[{"embeddable":true,"href":"https:\/\/portalmf.com.br\/index.php\/wp-json\/wp\/v2\/media\/7474"}],"wp:attachment":[{"href":"https:\/\/portalmf.com.br\/index.php\/wp-json\/wp\/v2\/media?parent=7473"}],"wp:term":[{"taxonomy":"category","embeddable":true,"href":"https:\/\/portalmf.com.br\/index.php\/wp-json\/wp\/v2\/categories?post=7473"},{"taxonomy":"post_tag","embeddable":true,"href":"https:\/\/portalmf.com.br\/index.php\/wp-json\/wp\/v2\/tags?post=7473"}],"curies":[{"name":"wp","href":"https:\/\/api.w.org\/{rel}","templated":true}]}}