{"id":7470,"date":"2023-01-02T18:16:45","date_gmt":"2023-01-02T21:16:45","guid":{"rendered":"https:\/\/portalmf.com.br\/?p=7470"},"modified":"2023-01-02T18:16:46","modified_gmt":"2023-01-02T21:16:46","slug":"nisia-trindade-assume-saude-e-diz-que-gestao-sera-pautada-pela-ciencia","status":"publish","type":"post","link":"https:\/\/portalmf.com.br\/index.php\/2023\/01\/02\/nisia-trindade-assume-saude-e-diz-que-gestao-sera-pautada-pela-ciencia\/","title":{"rendered":"N\u00edsia Trindade assume Sa\u00fade e diz que gest\u00e3o ser\u00e1 pautada pela ci\u00eancia"},"content":{"rendered":"\n<p>A cientista e pesquisadora N\u00edsia Trindade assumiu hoje (2) o posto de ministra da Sa\u00fade. Durante cerim\u00f4nia de transmiss\u00e3o de cargo, no audit\u00f3rio da pasta, em Bras\u00edlia, ela cravou que sua gest\u00e3o ser\u00e1 pautada pela ci\u00eancia e pelo di\u00e1logo com a comunidade cient\u00edfica.<img decoding=\"async\" src=\"https:\/\/agenciabrasil.ebc.com.br\/ebc.png?id=1501380&amp;o=node\"><img decoding=\"async\" src=\"https:\/\/agenciabrasil.ebc.com.br\/ebc.gif?id=1501380&amp;o=node\"><\/p>\n\n\n\n<p>Antes de iniciar sua fala, N\u00edsia foi homenageada por servidores da Funda\u00e7\u00e3o Oswaldo Cruz (Fiocruz), institui\u00e7\u00e3o que presidia at\u00e9 ent\u00e3o, lembrou que a pandemia de covid-19 ainda n\u00e3o acabou e refor\u00e7ou a import\u00e2ncia de se completar o esquema vacinal contra a doen\u00e7a.<\/p>\n\n\n\n<p>\u201cA pandemia mostrou a nossa vulnerabilidade. O rei est\u00e1 nu. Precisamos afirmar, sem nenhuma tergiversa\u00e7\u00e3o, e superar essa condi\u00e7\u00e3o\u201d, disse, ao destacar que o pa\u00eds responde por 11% das mortes por covid-19 no mundo, apesar de representar 2,7% da popula\u00e7\u00e3o global.<\/p>\n\n\n\n<h2 class=\"wp-block-heading\">Revoga\u00e7\u00f5es<\/h2>\n\n\n\n<p>N\u00edsia anunciou que a pasta, por meio de um grupo de trabalho, vai iniciar estudos no intuito de revogar portarias que ferem a ci\u00eancia, os direitos humanos e os direitos sexuais e reprodutivos. A expectativa, segundo ela, \u00e9 que os trabalhos sejam finalizados em at\u00e9 15 dias.<\/p>\n\n\n\n<p>A ministra adiantou \u00e1reas com decretos a serem revistos: sa\u00fade mental, incluindo atos que contrariam a luta antimanicomial; sa\u00fade da mulher; e atos que contrariem a recomenda\u00e7\u00e3o cient\u00edfica, citando especificamente a prescri\u00e7\u00e3o de cloroquina e hidroxicloroquina.<\/p>\n\n\n\n<h2 class=\"wp-block-heading\">Programa Nacional de Imuniza\u00e7\u00f5es<\/h2>\n\n\n\n<p>Em conversa com a imprensa, N\u00edsia anunciou a cria\u00e7\u00e3o de um departamento respons\u00e1vel por fortalecer o Programa Nacional de Imuniza\u00e7\u00f5es (PNI). Atualmente, o programa pertence a uma coordenadoria subordinada \u00e0 Secretaria de Vigil\u00e2ncia em Sa\u00fade.<\/p>\n\n\n\n<p>\u201cPor uma feliz coincid\u00eancia, assumo o cargo no Dia do Sanitarista. A sa\u00fade, como disse o sanitarista S\u00e9rgio Arouca, n\u00e3o \u00e9 aus\u00eancia de doen\u00e7a, mas uma condi\u00e7\u00e3o de bem estar f\u00edsico e mental\u201d, concluiu.<\/p>\n\n\n\n<h2 class=\"wp-block-heading\">Nomea\u00e7\u00f5es<\/h2>\n\n\n\n<p>Confira os nomes anunciados pela ministra durante a cerim\u00f4nia de transmiss\u00e3o de cargo:<\/p>\n\n\n\n<p>&#8211; Swedenberger do Nascimento Barbosa como secret\u00e1rio-executivo:<\/p>\n\n\n\n<p>&#8211; N\u00e9sio Fernandes como secret\u00e1rio de Aten\u00e7\u00e3o Prim\u00e1ria \u00e0 Sa\u00fade;<\/p>\n\n\n\n<p>&#8211; Helv\u00e9cio Magalh\u00e3es como secret\u00e1rio de Aten\u00e7\u00e3o Especializada \u00e0 Sa\u00fade;<\/p>\n\n\n\n<p>&#8211; Ethel Maciel como secret\u00e1ria de Vigil\u00e2ncia em Sa\u00fade e Ambiente;<\/p>\n\n\n\n<p>&#8211; Carlos Gadelha como secret\u00e1rio de Ci\u00eancia, Tecnologia, Inova\u00e7\u00e3o e Insumos Estrat\u00e9gicos;<\/p>\n\n\n\n<p>&#8211; Isabela Pinto como secret\u00e1ria de Gest\u00e3o do Trabalho e da Educa\u00e7\u00e3o na Sa\u00fade;<\/p>\n\n\n\n<p>&#8211; Ana Estela Haddad como secret\u00e1ria da Informa\u00e7\u00e3o e Sa\u00fade Digital;<\/p>\n\n\n\n<p>&#8211; Weibe Tapeba como secret\u00e1rio de Sa\u00fade Ind\u00edgena.<\/p>\n\n\n\n<p>Com informa\u00e7\u00f5es da Ag\u00eancia Brasil<\/p>\n","protected":false},"excerpt":{"rendered":"<p>A cientista e pesquisadora N\u00edsia Trindade assumiu hoje (2) o posto de ministra da Sa\u00fade. Durante cerim\u00f4nia de transmiss\u00e3o de cargo, no audit\u00f3rio da pasta, em Bras\u00edlia, ela cravou que sua gest\u00e3o ser\u00e1 pautada pela ci\u00eancia e pelo di\u00e1logo com a comunidade cient\u00edfica. Antes de iniciar sua fala, N\u00edsia foi homenageada por servidores da Funda\u00e7\u00e3o [&hellip;]<\/p>\n","protected":false},"author":3,"featured_media":7471,"comment_status":"open","ping_status":"open","sticky":false,"template":"","format":"standard","meta":{"_monsterinsights_skip_tracking":false,"_monsterinsights_sitenote_active":false,"_monsterinsights_sitenote_note":"","_monsterinsights_sitenote_category":0,"footnotes":""},"categories":[34],"tags":[],"yoast_head":"<!-- This site is optimized with the Yoast SEO plugin v22.9 - https:\/\/yoast.com\/wordpress\/plugins\/seo\/ -->\n<title>N\u00edsia Trindade assume Sa\u00fade e diz que gest\u00e3o ser\u00e1 pautada pela ci\u00eancia - Portal MF<\/title>\n<meta name=\"robots\" content=\"index, follow, max-snippet:-1, max-image-preview:large, max-video-preview:-1\" \/>\n<link rel=\"canonical\" href=\"https:\/\/portalmf.com.br\/index.php\/2023\/01\/02\/nisia-trindade-assume-saude-e-diz-que-gestao-sera-pautada-pela-ciencia\/\" \/>\n<meta property=\"og:locale\" content=\"pt_BR\" \/>\n<meta property=\"og:type\" content=\"article\" \/>\n<meta property=\"og:title\" content=\"N\u00edsia Trindade assume Sa\u00fade e diz que gest\u00e3o ser\u00e1 pautada pela ci\u00eancia - Portal MF\" \/>\n<meta property=\"og:description\" content=\"A cientista e pesquisadora N\u00edsia Trindade assumiu hoje (2) o posto de ministra da Sa\u00fade. Durante cerim\u00f4nia de transmiss\u00e3o de cargo, no audit\u00f3rio da pasta, em Bras\u00edlia, ela cravou que sua gest\u00e3o ser\u00e1 pautada pela ci\u00eancia e pelo di\u00e1logo com a comunidade cient\u00edfica. Antes de iniciar sua fala, N\u00edsia foi homenageada por servidores da Funda\u00e7\u00e3o [&hellip;]\" \/>\n<meta property=\"og:url\" content=\"https:\/\/portalmf.com.br\/index.php\/2023\/01\/02\/nisia-trindade-assume-saude-e-diz-que-gestao-sera-pautada-pela-ciencia\/\" \/>\n<meta property=\"og:site_name\" content=\"Portal MF\" \/>\n<meta property=\"article:author\" content=\"https:\/\/www.facebook.com\/portalmfoficial\" \/>\n<meta property=\"article:published_time\" content=\"2023-01-02T21:16:45+00:00\" \/>\n<meta property=\"article:modified_time\" content=\"2023-01-02T21:16:46+00:00\" \/>\n<meta property=\"og:image\" content=\"https:\/\/portalmf.com.br\/wp-content\/uploads\/2023\/01\/posse-nisia-trindade_mcamgo_abr_020120231818-7.jpg\" \/>\n\t<meta property=\"og:image:width\" content=\"1170\" \/>\n\t<meta property=\"og:image:height\" content=\"700\" \/>\n\t<meta property=\"og:image:type\" content=\"image\/jpeg\" \/>\n<meta name=\"author\" content=\"Reda\u00e7\u00e3o Portal MF\" \/>\n<meta name=\"twitter:card\" content=\"summary_large_image\" \/>\n<meta name=\"twitter:creator\" content=\"@https:\/\/x.com\/portalmfoficial\" \/>\n<meta name=\"twitter:label1\" content=\"Escrito por\" \/>\n\t<meta name=\"twitter:data1\" content=\"Reda\u00e7\u00e3o Portal MF\" \/>\n\t<meta name=\"twitter:label2\" content=\"Est. tempo de leitura\" \/>\n\t<meta name=\"twitter:data2\" content=\"3 minutos\" \/>\n<script type=\"application\/ld+json\" class=\"yoast-schema-graph\">{\"@context\":\"https:\/\/schema.org\",\"@graph\":[{\"@type\":\"WebPage\",\"@id\":\"https:\/\/portalmf.com.br\/index.php\/2023\/01\/02\/nisia-trindade-assume-saude-e-diz-que-gestao-sera-pautada-pela-ciencia\/\",\"url\":\"https:\/\/portalmf.com.br\/index.php\/2023\/01\/02\/nisia-trindade-assume-saude-e-diz-que-gestao-sera-pautada-pela-ciencia\/\",\"name\":\"N\u00edsia Trindade assume Sa\u00fade e diz que gest\u00e3o ser\u00e1 pautada pela ci\u00eancia - Portal MF\",\"isPartOf\":{\"@id\":\"https:\/\/portalmf.com.br\/#website\"},\"primaryImageOfPage\":{\"@id\":\"https:\/\/portalmf.com.br\/index.php\/2023\/01\/02\/nisia-trindade-assume-saude-e-diz-que-gestao-sera-pautada-pela-ciencia\/#primaryimage\"},\"image\":{\"@id\":\"https:\/\/portalmf.com.br\/index.php\/2023\/01\/02\/nisia-trindade-assume-saude-e-diz-que-gestao-sera-pautada-pela-ciencia\/#primaryimage\"},\"thumbnailUrl\":\"https:\/\/portalmf.com.br\/wp-content\/uploads\/2023\/01\/posse-nisia-trindade_mcamgo_abr_020120231818-7.jpg\",\"datePublished\":\"2023-01-02T21:16:45+00:00\",\"dateModified\":\"2023-01-02T21:16:46+00:00\",\"author\":{\"@id\":\"https:\/\/portalmf.com.br\/#\/schema\/person\/9ec101baf56233e53520c26de5d6f6f0\"},\"breadcrumb\":{\"@id\":\"https:\/\/portalmf.com.br\/index.php\/2023\/01\/02\/nisia-trindade-assume-saude-e-diz-que-gestao-sera-pautada-pela-ciencia\/#breadcrumb\"},\"inLanguage\":\"pt-BR\",\"potentialAction\":[{\"@type\":\"ReadAction\",\"target\":[\"https:\/\/portalmf.com.br\/index.php\/2023\/01\/02\/nisia-trindade-assume-saude-e-diz-que-gestao-sera-pautada-pela-ciencia\/\"]}]},{\"@type\":\"ImageObject\",\"inLanguage\":\"pt-BR\",\"@id\":\"https:\/\/portalmf.com.br\/index.php\/2023\/01\/02\/nisia-trindade-assume-saude-e-diz-que-gestao-sera-pautada-pela-ciencia\/#primaryimage\",\"url\":\"https:\/\/portalmf.com.br\/wp-content\/uploads\/2023\/01\/posse-nisia-trindade_mcamgo_abr_020120231818-7.jpg\",\"contentUrl\":\"https:\/\/portalmf.com.br\/wp-content\/uploads\/2023\/01\/posse-nisia-trindade_mcamgo_abr_020120231818-7.jpg\",\"width\":1170,\"height\":700,\"caption\":\"Foto: Marcelo Camargo\/Ag\u00eancia Brasil\"},{\"@type\":\"BreadcrumbList\",\"@id\":\"https:\/\/portalmf.com.br\/index.php\/2023\/01\/02\/nisia-trindade-assume-saude-e-diz-que-gestao-sera-pautada-pela-ciencia\/#breadcrumb\",\"itemListElement\":[{\"@type\":\"ListItem\",\"position\":1,\"name\":\"In\u00edcio\",\"item\":\"https:\/\/portalmf.com.br\/\"},{\"@type\":\"ListItem\",\"position\":2,\"name\":\"N\u00edsia Trindade assume Sa\u00fade e diz que gest\u00e3o ser\u00e1 pautada pela ci\u00eancia\"}]},{\"@type\":\"WebSite\",\"@id\":\"https:\/\/portalmf.com.br\/#website\",\"url\":\"https:\/\/portalmf.com.br\/\",\"name\":\"Portal MF\",\"description\":\"Voc\u00ea conectado com a informa\u00e7\u00e3o\",\"potentialAction\":[{\"@type\":\"SearchAction\",\"target\":{\"@type\":\"EntryPoint\",\"urlTemplate\":\"https:\/\/portalmf.com.br\/?s={search_term_string}\"},\"query-input\":\"required name=search_term_string\"}],\"inLanguage\":\"pt-BR\"},{\"@type\":\"Person\",\"@id\":\"https:\/\/portalmf.com.br\/#\/schema\/person\/9ec101baf56233e53520c26de5d6f6f0\",\"name\":\"Reda\u00e7\u00e3o Portal MF\",\"image\":{\"@type\":\"ImageObject\",\"inLanguage\":\"pt-BR\",\"@id\":\"https:\/\/portalmf.com.br\/#\/schema\/person\/image\/\",\"url\":\"https:\/\/secure.gravatar.com\/avatar\/41b9aaeb2100835f7c64362330f74c7f?s=96&d=mm&r=g\",\"contentUrl\":\"https:\/\/secure.gravatar.com\/avatar\/41b9aaeb2100835f7c64362330f74c7f?s=96&d=mm&r=g\",\"caption\":\"Reda\u00e7\u00e3o Portal MF\"},\"description\":\"Sejam bem-vindos o portal de informa\u00e7\u00f5es de entretenimento de Feira de Santana, desde 2006 realiza coberturas dos principais eventos com entrevistas exclusivas com as principais personalidades mundiais. Fique conectado tamb\u00e9m nas redes sociais.\",\"sameAs\":[\"http:\/\/www.portalmf.com.br\/\",\"https:\/\/www.facebook.com\/portalmfoficial\",\"https:\/\/www.instagram.com\/portalmf\/\",\"https:\/\/x.com\/https:\/\/x.com\/portalmfoficial\",\"https:\/\/www.youtube.com\/@portalmfoficial\"],\"url\":\"https:\/\/portalmf.com.br\/index.php\/author\/junior\/\"}]}<\/script>\n<!-- \/ Yoast SEO plugin. -->","yoast_head_json":{"title":"N\u00edsia Trindade assume Sa\u00fade e diz que gest\u00e3o ser\u00e1 pautada pela ci\u00eancia - Portal MF","robots":{"index":"index","follow":"follow","max-snippet":"max-snippet:-1","max-image-preview":"max-image-preview:large","max-video-preview":"max-video-preview:-1"},"canonical":"https:\/\/portalmf.com.br\/index.php\/2023\/01\/02\/nisia-trindade-assume-saude-e-diz-que-gestao-sera-pautada-pela-ciencia\/","og_locale":"pt_BR","og_type":"article","og_title":"N\u00edsia Trindade assume Sa\u00fade e diz que gest\u00e3o ser\u00e1 pautada pela ci\u00eancia - Portal MF","og_description":"A cientista e pesquisadora N\u00edsia Trindade assumiu hoje (2) o posto de ministra da Sa\u00fade. Durante cerim\u00f4nia de transmiss\u00e3o de cargo, no audit\u00f3rio da pasta, em Bras\u00edlia, ela cravou que sua gest\u00e3o ser\u00e1 pautada pela ci\u00eancia e pelo di\u00e1logo com a comunidade cient\u00edfica. Antes de iniciar sua fala, N\u00edsia foi homenageada por servidores da Funda\u00e7\u00e3o [&hellip;]","og_url":"https:\/\/portalmf.com.br\/index.php\/2023\/01\/02\/nisia-trindade-assume-saude-e-diz-que-gestao-sera-pautada-pela-ciencia\/","og_site_name":"Portal MF","article_author":"https:\/\/www.facebook.com\/portalmfoficial","article_published_time":"2023-01-02T21:16:45+00:00","article_modified_time":"2023-01-02T21:16:46+00:00","og_image":[{"width":1170,"height":700,"url":"https:\/\/portalmf.com.br\/wp-content\/uploads\/2023\/01\/posse-nisia-trindade_mcamgo_abr_020120231818-7.jpg","type":"image\/jpeg"}],"author":"Reda\u00e7\u00e3o Portal MF","twitter_card":"summary_large_image","twitter_creator":"@https:\/\/x.com\/portalmfoficial","twitter_misc":{"Escrito por":"Reda\u00e7\u00e3o Portal MF","Est. tempo de leitura":"3 minutos"},"schema":{"@context":"https:\/\/schema.org","@graph":[{"@type":"WebPage","@id":"https:\/\/portalmf.com.br\/index.php\/2023\/01\/02\/nisia-trindade-assume-saude-e-diz-que-gestao-sera-pautada-pela-ciencia\/","url":"https:\/\/portalmf.com.br\/index.php\/2023\/01\/02\/nisia-trindade-assume-saude-e-diz-que-gestao-sera-pautada-pela-ciencia\/","name":"N\u00edsia Trindade assume Sa\u00fade e diz que gest\u00e3o ser\u00e1 pautada pela ci\u00eancia - Portal MF","isPartOf":{"@id":"https:\/\/portalmf.com.br\/#website"},"primaryImageOfPage":{"@id":"https:\/\/portalmf.com.br\/index.php\/2023\/01\/02\/nisia-trindade-assume-saude-e-diz-que-gestao-sera-pautada-pela-ciencia\/#primaryimage"},"image":{"@id":"https:\/\/portalmf.com.br\/index.php\/2023\/01\/02\/nisia-trindade-assume-saude-e-diz-que-gestao-sera-pautada-pela-ciencia\/#primaryimage"},"thumbnailUrl":"https:\/\/portalmf.com.br\/wp-content\/uploads\/2023\/01\/posse-nisia-trindade_mcamgo_abr_020120231818-7.jpg","datePublished":"2023-01-02T21:16:45+00:00","dateModified":"2023-01-02T21:16:46+00:00","author":{"@id":"https:\/\/portalmf.com.br\/#\/schema\/person\/9ec101baf56233e53520c26de5d6f6f0"},"breadcrumb":{"@id":"https:\/\/portalmf.com.br\/index.php\/2023\/01\/02\/nisia-trindade-assume-saude-e-diz-que-gestao-sera-pautada-pela-ciencia\/#breadcrumb"},"inLanguage":"pt-BR","potentialAction":[{"@type":"ReadAction","target":["https:\/\/portalmf.com.br\/index.php\/2023\/01\/02\/nisia-trindade-assume-saude-e-diz-que-gestao-sera-pautada-pela-ciencia\/"]}]},{"@type":"ImageObject","inLanguage":"pt-BR","@id":"https:\/\/portalmf.com.br\/index.php\/2023\/01\/02\/nisia-trindade-assume-saude-e-diz-que-gestao-sera-pautada-pela-ciencia\/#primaryimage","url":"https:\/\/portalmf.com.br\/wp-content\/uploads\/2023\/01\/posse-nisia-trindade_mcamgo_abr_020120231818-7.jpg","contentUrl":"https:\/\/portalmf.com.br\/wp-content\/uploads\/2023\/01\/posse-nisia-trindade_mcamgo_abr_020120231818-7.jpg","width":1170,"height":700,"caption":"Foto: Marcelo Camargo\/Ag\u00eancia Brasil"},{"@type":"BreadcrumbList","@id":"https:\/\/portalmf.com.br\/index.php\/2023\/01\/02\/nisia-trindade-assume-saude-e-diz-que-gestao-sera-pautada-pela-ciencia\/#breadcrumb","itemListElement":[{"@type":"ListItem","position":1,"name":"In\u00edcio","item":"https:\/\/portalmf.com.br\/"},{"@type":"ListItem","position":2,"name":"N\u00edsia Trindade assume Sa\u00fade e diz que gest\u00e3o ser\u00e1 pautada pela ci\u00eancia"}]},{"@type":"WebSite","@id":"https:\/\/portalmf.com.br\/#website","url":"https:\/\/portalmf.com.br\/","name":"Portal MF","description":"Voc\u00ea conectado com a informa\u00e7\u00e3o","potentialAction":[{"@type":"SearchAction","target":{"@type":"EntryPoint","urlTemplate":"https:\/\/portalmf.com.br\/?s={search_term_string}"},"query-input":"required name=search_term_string"}],"inLanguage":"pt-BR"},{"@type":"Person","@id":"https:\/\/portalmf.com.br\/#\/schema\/person\/9ec101baf56233e53520c26de5d6f6f0","name":"Reda\u00e7\u00e3o Portal MF","image":{"@type":"ImageObject","inLanguage":"pt-BR","@id":"https:\/\/portalmf.com.br\/#\/schema\/person\/image\/","url":"https:\/\/secure.gravatar.com\/avatar\/41b9aaeb2100835f7c64362330f74c7f?s=96&d=mm&r=g","contentUrl":"https:\/\/secure.gravatar.com\/avatar\/41b9aaeb2100835f7c64362330f74c7f?s=96&d=mm&r=g","caption":"Reda\u00e7\u00e3o Portal MF"},"description":"Sejam bem-vindos o portal de informa\u00e7\u00f5es de entretenimento de Feira de Santana, desde 2006 realiza coberturas dos principais eventos com entrevistas exclusivas com as principais personalidades mundiais. Fique conectado tamb\u00e9m nas redes sociais.","sameAs":["http:\/\/www.portalmf.com.br\/","https:\/\/www.facebook.com\/portalmfoficial","https:\/\/www.instagram.com\/portalmf\/","https:\/\/x.com\/https:\/\/x.com\/portalmfoficial","https:\/\/www.youtube.com\/@portalmfoficial"],"url":"https:\/\/portalmf.com.br\/index.php\/author\/junior\/"}]}},"_links":{"self":[{"href":"https:\/\/portalmf.com.br\/index.php\/wp-json\/wp\/v2\/posts\/7470"}],"collection":[{"href":"https:\/\/portalmf.com.br\/index.php\/wp-json\/wp\/v2\/posts"}],"about":[{"href":"https:\/\/portalmf.com.br\/index.php\/wp-json\/wp\/v2\/types\/post"}],"author":[{"embeddable":true,"href":"https:\/\/portalmf.com.br\/index.php\/wp-json\/wp\/v2\/users\/3"}],"replies":[{"embeddable":true,"href":"https:\/\/portalmf.com.br\/index.php\/wp-json\/wp\/v2\/comments?post=7470"}],"version-history":[{"count":1,"href":"https:\/\/portalmf.com.br\/index.php\/wp-json\/wp\/v2\/posts\/7470\/revisions"}],"predecessor-version":[{"id":7472,"href":"https:\/\/portalmf.com.br\/index.php\/wp-json\/wp\/v2\/posts\/7470\/revisions\/7472"}],"wp:featuredmedia":[{"embeddable":true,"href":"https:\/\/portalmf.com.br\/index.php\/wp-json\/wp\/v2\/media\/7471"}],"wp:attachment":[{"href":"https:\/\/portalmf.com.br\/index.php\/wp-json\/wp\/v2\/media?parent=7470"}],"wp:term":[{"taxonomy":"category","embeddable":true,"href":"https:\/\/portalmf.com.br\/index.php\/wp-json\/wp\/v2\/categories?post=7470"},{"taxonomy":"post_tag","embeddable":true,"href":"https:\/\/portalmf.com.br\/index.php\/wp-json\/wp\/v2\/tags?post=7470"}],"curies":[{"name":"wp","href":"https:\/\/api.w.org\/{rel}","templated":true}]}}