{"id":7439,"date":"2023-01-02T17:24:50","date_gmt":"2023-01-02T20:24:50","guid":{"rendered":"https:\/\/portalmf.com.br\/?p=7439"},"modified":"2023-01-02T17:24:51","modified_gmt":"2023-01-02T20:24:51","slug":"reveillon-emociones-2023-estreia-em-grande-estilo-no-clube-espanhol","status":"publish","type":"post","link":"https:\/\/portalmf.com.br\/index.php\/2023\/01\/02\/reveillon-emociones-2023-estreia-em-grande-estilo-no-clube-espanhol\/","title":{"rendered":"R\u00e9veillon Emociones 2023 estreia em grande estilo no Clube Espanhol"},"content":{"rendered":"\n<p>O p\u00fablico que escolheu o R\u00e9veillon Emociones para curtir a virada, come\u00e7ou o ano de 2023 em grande estilo. Ao som do cantor Jau &#8211; que comandou a contagem regressiva &#8211; baianos e turistas deram as boas-vindas ao novo ano com muita energia positiva e boa m\u00fasica. Parte do p\u00fablico preferiu aguardar a t\u00e3o esperada virada direto na praia, com p\u00e9 na areia e pulando ondinhas. Outra parte optou pelo sal\u00e3o do buffet, para comer uvas e manter as tradi\u00e7\u00f5es e supersti\u00e7\u00f5es. <\/p>\n\n\n\n<p>Mas a noite por l\u00e1 come\u00e7ou cedo e o que n\u00e3o faltou foram boas energias! Al\u00e9m de Jau, tamb\u00e9m passou pelo palco a banda Mudei de Nome. O evento s\u00f3 terminou com o dia raiando e um balan\u00e7o foi super positivo. <\/p>\n\n\n\n<p><em>\u201cFoi um ano de estreia, mas com muito alto astral e anima\u00e7\u00e3o. Com certeza, o Emociones chegou para ficar e j\u00e1 promete uma nova edi\u00e7\u00e3o!\u201d, <\/em>conta Guiga Sampaio, da Diva Entretenimento, uma das produtoras da festa, que levou ainda a assinatura da GPN Eventos.<\/p>\n\n\n\n<figure class=\"wp-block-image size-full\"><img fetchpriority=\"high\" decoding=\"async\" width=\"576\" height=\"1024\" src=\"https:\/\/portalmf.com.br\/wp-content\/uploads\/2023\/01\/JAU.jpeg\" alt=\"\" class=\"wp-image-7440\" srcset=\"https:\/\/portalmf.com.br\/wp-content\/uploads\/2023\/01\/JAU.jpeg 576w, https:\/\/portalmf.com.br\/wp-content\/uploads\/2023\/01\/JAU-169x300.jpeg 169w\" sizes=\"(max-width: 576px) 100vw, 576px\" \/><\/figure>\n","protected":false},"excerpt":{"rendered":"<p>O p\u00fablico que escolheu o R\u00e9veillon Emociones para curtir a virada, come\u00e7ou o ano de 2023 em grande estilo. Ao som do cantor Jau &#8211; que comandou a contagem regressiva &#8211; baianos e turistas deram as boas-vindas ao novo ano com muita energia positiva e boa m\u00fasica. Parte do p\u00fablico preferiu aguardar a t\u00e3o esperada [&hellip;]<\/p>\n","protected":false},"author":3,"featured_media":7441,"comment_status":"open","ping_status":"open","sticky":false,"template":"","format":"standard","meta":{"_monsterinsights_skip_tracking":false,"_monsterinsights_sitenote_active":false,"_monsterinsights_sitenote_note":"","_monsterinsights_sitenote_category":0,"footnotes":""},"categories":[48,45],"tags":[],"yoast_head":"<!-- This site is optimized with the Yoast SEO plugin v22.9 - https:\/\/yoast.com\/wordpress\/plugins\/seo\/ -->\n<title>R\u00e9veillon Emociones 2023 estreia em grande estilo no Clube Espanhol - Portal MF<\/title>\n<meta name=\"robots\" content=\"index, follow, max-snippet:-1, max-image-preview:large, max-video-preview:-1\" \/>\n<link rel=\"canonical\" href=\"https:\/\/portalmf.com.br\/index.php\/2023\/01\/02\/reveillon-emociones-2023-estreia-em-grande-estilo-no-clube-espanhol\/\" \/>\n<meta property=\"og:locale\" content=\"pt_BR\" \/>\n<meta property=\"og:type\" content=\"article\" \/>\n<meta property=\"og:title\" content=\"R\u00e9veillon Emociones 2023 estreia em grande estilo no Clube Espanhol - Portal MF\" \/>\n<meta property=\"og:description\" content=\"O p\u00fablico que escolheu o R\u00e9veillon Emociones para curtir a virada, come\u00e7ou o ano de 2023 em grande estilo. Ao som do cantor Jau &#8211; que comandou a contagem regressiva &#8211; baianos e turistas deram as boas-vindas ao novo ano com muita energia positiva e boa m\u00fasica. Parte do p\u00fablico preferiu aguardar a t\u00e3o esperada [&hellip;]\" \/>\n<meta property=\"og:url\" content=\"https:\/\/portalmf.com.br\/index.php\/2023\/01\/02\/reveillon-emociones-2023-estreia-em-grande-estilo-no-clube-espanhol\/\" \/>\n<meta property=\"og:site_name\" content=\"Portal MF\" \/>\n<meta property=\"article:author\" content=\"https:\/\/www.facebook.com\/portalmfoficial\" \/>\n<meta property=\"article:published_time\" content=\"2023-01-02T20:24:50+00:00\" \/>\n<meta property=\"article:modified_time\" content=\"2023-01-02T20:24:51+00:00\" \/>\n<meta property=\"og:image\" content=\"https:\/\/portalmf.com.br\/wp-content\/uploads\/2023\/01\/Reveillon-Emociones-2023-estreia-em-grande-estilo-no-Clube-Espanhol.jpeg\" \/>\n\t<meta property=\"og:image:width\" content=\"1024\" \/>\n\t<meta property=\"og:image:height\" content=\"565\" \/>\n\t<meta property=\"og:image:type\" content=\"image\/jpeg\" \/>\n<meta name=\"author\" content=\"Reda\u00e7\u00e3o Portal MF\" \/>\n<meta name=\"twitter:card\" content=\"summary_large_image\" \/>\n<meta name=\"twitter:creator\" content=\"@https:\/\/x.com\/portalmfoficial\" \/>\n<meta name=\"twitter:label1\" content=\"Escrito por\" \/>\n\t<meta name=\"twitter:data1\" content=\"Reda\u00e7\u00e3o Portal MF\" \/>\n\t<meta name=\"twitter:label2\" content=\"Est. tempo de leitura\" \/>\n\t<meta name=\"twitter:data2\" content=\"2 minutos\" \/>\n<script type=\"application\/ld+json\" class=\"yoast-schema-graph\">{\"@context\":\"https:\/\/schema.org\",\"@graph\":[{\"@type\":\"WebPage\",\"@id\":\"https:\/\/portalmf.com.br\/index.php\/2023\/01\/02\/reveillon-emociones-2023-estreia-em-grande-estilo-no-clube-espanhol\/\",\"url\":\"https:\/\/portalmf.com.br\/index.php\/2023\/01\/02\/reveillon-emociones-2023-estreia-em-grande-estilo-no-clube-espanhol\/\",\"name\":\"R\u00e9veillon Emociones 2023 estreia em grande estilo no Clube Espanhol - Portal MF\",\"isPartOf\":{\"@id\":\"https:\/\/portalmf.com.br\/#website\"},\"primaryImageOfPage\":{\"@id\":\"https:\/\/portalmf.com.br\/index.php\/2023\/01\/02\/reveillon-emociones-2023-estreia-em-grande-estilo-no-clube-espanhol\/#primaryimage\"},\"image\":{\"@id\":\"https:\/\/portalmf.com.br\/index.php\/2023\/01\/02\/reveillon-emociones-2023-estreia-em-grande-estilo-no-clube-espanhol\/#primaryimage\"},\"thumbnailUrl\":\"https:\/\/portalmf.com.br\/wp-content\/uploads\/2023\/01\/Reveillon-Emociones-2023-estreia-em-grande-estilo-no-Clube-Espanhol.jpeg\",\"datePublished\":\"2023-01-02T20:24:50+00:00\",\"dateModified\":\"2023-01-02T20:24:51+00:00\",\"author\":{\"@id\":\"https:\/\/portalmf.com.br\/#\/schema\/person\/9ec101baf56233e53520c26de5d6f6f0\"},\"breadcrumb\":{\"@id\":\"https:\/\/portalmf.com.br\/index.php\/2023\/01\/02\/reveillon-emociones-2023-estreia-em-grande-estilo-no-clube-espanhol\/#breadcrumb\"},\"inLanguage\":\"pt-BR\",\"potentialAction\":[{\"@type\":\"ReadAction\",\"target\":[\"https:\/\/portalmf.com.br\/index.php\/2023\/01\/02\/reveillon-emociones-2023-estreia-em-grande-estilo-no-clube-espanhol\/\"]}]},{\"@type\":\"ImageObject\",\"inLanguage\":\"pt-BR\",\"@id\":\"https:\/\/portalmf.com.br\/index.php\/2023\/01\/02\/reveillon-emociones-2023-estreia-em-grande-estilo-no-clube-espanhol\/#primaryimage\",\"url\":\"https:\/\/portalmf.com.br\/wp-content\/uploads\/2023\/01\/Reveillon-Emociones-2023-estreia-em-grande-estilo-no-Clube-Espanhol.jpeg\",\"contentUrl\":\"https:\/\/portalmf.com.br\/wp-content\/uploads\/2023\/01\/Reveillon-Emociones-2023-estreia-em-grande-estilo-no-Clube-Espanhol.jpeg\",\"width\":1024,\"height\":565},{\"@type\":\"BreadcrumbList\",\"@id\":\"https:\/\/portalmf.com.br\/index.php\/2023\/01\/02\/reveillon-emociones-2023-estreia-em-grande-estilo-no-clube-espanhol\/#breadcrumb\",\"itemListElement\":[{\"@type\":\"ListItem\",\"position\":1,\"name\":\"In\u00edcio\",\"item\":\"https:\/\/portalmf.com.br\/\"},{\"@type\":\"ListItem\",\"position\":2,\"name\":\"R\u00e9veillon Emociones 2023 estreia em grande estilo no Clube Espanhol\"}]},{\"@type\":\"WebSite\",\"@id\":\"https:\/\/portalmf.com.br\/#website\",\"url\":\"https:\/\/portalmf.com.br\/\",\"name\":\"Portal MF\",\"description\":\"Voc\u00ea conectado com a informa\u00e7\u00e3o\",\"potentialAction\":[{\"@type\":\"SearchAction\",\"target\":{\"@type\":\"EntryPoint\",\"urlTemplate\":\"https:\/\/portalmf.com.br\/?s={search_term_string}\"},\"query-input\":\"required name=search_term_string\"}],\"inLanguage\":\"pt-BR\"},{\"@type\":\"Person\",\"@id\":\"https:\/\/portalmf.com.br\/#\/schema\/person\/9ec101baf56233e53520c26de5d6f6f0\",\"name\":\"Reda\u00e7\u00e3o Portal MF\",\"image\":{\"@type\":\"ImageObject\",\"inLanguage\":\"pt-BR\",\"@id\":\"https:\/\/portalmf.com.br\/#\/schema\/person\/image\/\",\"url\":\"https:\/\/secure.gravatar.com\/avatar\/41b9aaeb2100835f7c64362330f74c7f?s=96&d=mm&r=g\",\"contentUrl\":\"https:\/\/secure.gravatar.com\/avatar\/41b9aaeb2100835f7c64362330f74c7f?s=96&d=mm&r=g\",\"caption\":\"Reda\u00e7\u00e3o Portal MF\"},\"description\":\"Sejam bem-vindos o portal de informa\u00e7\u00f5es de entretenimento de Feira de Santana, desde 2006 realiza coberturas dos principais eventos com entrevistas exclusivas com as principais personalidades mundiais. Fique conectado tamb\u00e9m nas redes sociais.\",\"sameAs\":[\"http:\/\/www.portalmf.com.br\/\",\"https:\/\/www.facebook.com\/portalmfoficial\",\"https:\/\/www.instagram.com\/portalmf\/\",\"https:\/\/x.com\/https:\/\/x.com\/portalmfoficial\",\"https:\/\/www.youtube.com\/@portalmfoficial\"],\"url\":\"https:\/\/portalmf.com.br\/index.php\/author\/junior\/\"}]}<\/script>\n<!-- \/ Yoast SEO plugin. -->","yoast_head_json":{"title":"R\u00e9veillon Emociones 2023 estreia em grande estilo no Clube Espanhol - Portal MF","robots":{"index":"index","follow":"follow","max-snippet":"max-snippet:-1","max-image-preview":"max-image-preview:large","max-video-preview":"max-video-preview:-1"},"canonical":"https:\/\/portalmf.com.br\/index.php\/2023\/01\/02\/reveillon-emociones-2023-estreia-em-grande-estilo-no-clube-espanhol\/","og_locale":"pt_BR","og_type":"article","og_title":"R\u00e9veillon Emociones 2023 estreia em grande estilo no Clube Espanhol - Portal MF","og_description":"O p\u00fablico que escolheu o R\u00e9veillon Emociones para curtir a virada, come\u00e7ou o ano de 2023 em grande estilo. Ao som do cantor Jau &#8211; que comandou a contagem regressiva &#8211; baianos e turistas deram as boas-vindas ao novo ano com muita energia positiva e boa m\u00fasica. Parte do p\u00fablico preferiu aguardar a t\u00e3o esperada [&hellip;]","og_url":"https:\/\/portalmf.com.br\/index.php\/2023\/01\/02\/reveillon-emociones-2023-estreia-em-grande-estilo-no-clube-espanhol\/","og_site_name":"Portal MF","article_author":"https:\/\/www.facebook.com\/portalmfoficial","article_published_time":"2023-01-02T20:24:50+00:00","article_modified_time":"2023-01-02T20:24:51+00:00","og_image":[{"width":1024,"height":565,"url":"https:\/\/portalmf.com.br\/wp-content\/uploads\/2023\/01\/Reveillon-Emociones-2023-estreia-em-grande-estilo-no-Clube-Espanhol.jpeg","type":"image\/jpeg"}],"author":"Reda\u00e7\u00e3o Portal MF","twitter_card":"summary_large_image","twitter_creator":"@https:\/\/x.com\/portalmfoficial","twitter_misc":{"Escrito por":"Reda\u00e7\u00e3o Portal MF","Est. tempo de leitura":"2 minutos"},"schema":{"@context":"https:\/\/schema.org","@graph":[{"@type":"WebPage","@id":"https:\/\/portalmf.com.br\/index.php\/2023\/01\/02\/reveillon-emociones-2023-estreia-em-grande-estilo-no-clube-espanhol\/","url":"https:\/\/portalmf.com.br\/index.php\/2023\/01\/02\/reveillon-emociones-2023-estreia-em-grande-estilo-no-clube-espanhol\/","name":"R\u00e9veillon Emociones 2023 estreia em grande estilo no Clube Espanhol - Portal MF","isPartOf":{"@id":"https:\/\/portalmf.com.br\/#website"},"primaryImageOfPage":{"@id":"https:\/\/portalmf.com.br\/index.php\/2023\/01\/02\/reveillon-emociones-2023-estreia-em-grande-estilo-no-clube-espanhol\/#primaryimage"},"image":{"@id":"https:\/\/portalmf.com.br\/index.php\/2023\/01\/02\/reveillon-emociones-2023-estreia-em-grande-estilo-no-clube-espanhol\/#primaryimage"},"thumbnailUrl":"https:\/\/portalmf.com.br\/wp-content\/uploads\/2023\/01\/Reveillon-Emociones-2023-estreia-em-grande-estilo-no-Clube-Espanhol.jpeg","datePublished":"2023-01-02T20:24:50+00:00","dateModified":"2023-01-02T20:24:51+00:00","author":{"@id":"https:\/\/portalmf.com.br\/#\/schema\/person\/9ec101baf56233e53520c26de5d6f6f0"},"breadcrumb":{"@id":"https:\/\/portalmf.com.br\/index.php\/2023\/01\/02\/reveillon-emociones-2023-estreia-em-grande-estilo-no-clube-espanhol\/#breadcrumb"},"inLanguage":"pt-BR","potentialAction":[{"@type":"ReadAction","target":["https:\/\/portalmf.com.br\/index.php\/2023\/01\/02\/reveillon-emociones-2023-estreia-em-grande-estilo-no-clube-espanhol\/"]}]},{"@type":"ImageObject","inLanguage":"pt-BR","@id":"https:\/\/portalmf.com.br\/index.php\/2023\/01\/02\/reveillon-emociones-2023-estreia-em-grande-estilo-no-clube-espanhol\/#primaryimage","url":"https:\/\/portalmf.com.br\/wp-content\/uploads\/2023\/01\/Reveillon-Emociones-2023-estreia-em-grande-estilo-no-Clube-Espanhol.jpeg","contentUrl":"https:\/\/portalmf.com.br\/wp-content\/uploads\/2023\/01\/Reveillon-Emociones-2023-estreia-em-grande-estilo-no-Clube-Espanhol.jpeg","width":1024,"height":565},{"@type":"BreadcrumbList","@id":"https:\/\/portalmf.com.br\/index.php\/2023\/01\/02\/reveillon-emociones-2023-estreia-em-grande-estilo-no-clube-espanhol\/#breadcrumb","itemListElement":[{"@type":"ListItem","position":1,"name":"In\u00edcio","item":"https:\/\/portalmf.com.br\/"},{"@type":"ListItem","position":2,"name":"R\u00e9veillon Emociones 2023 estreia em grande estilo no Clube Espanhol"}]},{"@type":"WebSite","@id":"https:\/\/portalmf.com.br\/#website","url":"https:\/\/portalmf.com.br\/","name":"Portal MF","description":"Voc\u00ea conectado com a informa\u00e7\u00e3o","potentialAction":[{"@type":"SearchAction","target":{"@type":"EntryPoint","urlTemplate":"https:\/\/portalmf.com.br\/?s={search_term_string}"},"query-input":"required name=search_term_string"}],"inLanguage":"pt-BR"},{"@type":"Person","@id":"https:\/\/portalmf.com.br\/#\/schema\/person\/9ec101baf56233e53520c26de5d6f6f0","name":"Reda\u00e7\u00e3o Portal MF","image":{"@type":"ImageObject","inLanguage":"pt-BR","@id":"https:\/\/portalmf.com.br\/#\/schema\/person\/image\/","url":"https:\/\/secure.gravatar.com\/avatar\/41b9aaeb2100835f7c64362330f74c7f?s=96&d=mm&r=g","contentUrl":"https:\/\/secure.gravatar.com\/avatar\/41b9aaeb2100835f7c64362330f74c7f?s=96&d=mm&r=g","caption":"Reda\u00e7\u00e3o Portal MF"},"description":"Sejam bem-vindos o portal de informa\u00e7\u00f5es de entretenimento de Feira de Santana, desde 2006 realiza coberturas dos principais eventos com entrevistas exclusivas com as principais personalidades mundiais. Fique conectado tamb\u00e9m nas redes sociais.","sameAs":["http:\/\/www.portalmf.com.br\/","https:\/\/www.facebook.com\/portalmfoficial","https:\/\/www.instagram.com\/portalmf\/","https:\/\/x.com\/https:\/\/x.com\/portalmfoficial","https:\/\/www.youtube.com\/@portalmfoficial"],"url":"https:\/\/portalmf.com.br\/index.php\/author\/junior\/"}]}},"_links":{"self":[{"href":"https:\/\/portalmf.com.br\/index.php\/wp-json\/wp\/v2\/posts\/7439"}],"collection":[{"href":"https:\/\/portalmf.com.br\/index.php\/wp-json\/wp\/v2\/posts"}],"about":[{"href":"https:\/\/portalmf.com.br\/index.php\/wp-json\/wp\/v2\/types\/post"}],"author":[{"embeddable":true,"href":"https:\/\/portalmf.com.br\/index.php\/wp-json\/wp\/v2\/users\/3"}],"replies":[{"embeddable":true,"href":"https:\/\/portalmf.com.br\/index.php\/wp-json\/wp\/v2\/comments?post=7439"}],"version-history":[{"count":1,"href":"https:\/\/portalmf.com.br\/index.php\/wp-json\/wp\/v2\/posts\/7439\/revisions"}],"predecessor-version":[{"id":7442,"href":"https:\/\/portalmf.com.br\/index.php\/wp-json\/wp\/v2\/posts\/7439\/revisions\/7442"}],"wp:featuredmedia":[{"embeddable":true,"href":"https:\/\/portalmf.com.br\/index.php\/wp-json\/wp\/v2\/media\/7441"}],"wp:attachment":[{"href":"https:\/\/portalmf.com.br\/index.php\/wp-json\/wp\/v2\/media?parent=7439"}],"wp:term":[{"taxonomy":"category","embeddable":true,"href":"https:\/\/portalmf.com.br\/index.php\/wp-json\/wp\/v2\/categories?post=7439"},{"taxonomy":"post_tag","embeddable":true,"href":"https:\/\/portalmf.com.br\/index.php\/wp-json\/wp\/v2\/tags?post=7439"}],"curies":[{"name":"wp","href":"https:\/\/api.w.org\/{rel}","templated":true}]}}