{"id":7436,"date":"2023-01-02T09:17:00","date_gmt":"2023-01-02T12:17:00","guid":{"rendered":"https:\/\/portalmf.com.br\/?p=7436"},"modified":"2023-01-02T18:00:05","modified_gmt":"2023-01-02T21:00:05","slug":"ex-humorista-da-globo-e-preso-apos-bater-na-propria-mae","status":"publish","type":"post","link":"https:\/\/portalmf.com.br\/index.php\/2023\/01\/02\/ex-humorista-da-globo-e-preso-apos-bater-na-propria-mae\/","title":{"rendered":"Ex-Humorista da Globo \u00e9 preso ap\u00f3s bater na pr\u00f3pria m\u00e3e"},"content":{"rendered":"\n<p>O humorista Filipe Fernandes Pontes, de 36 anos, foi preso em flagrante neste s\u00e1bado (31) depois de agredir a pr\u00f3pria m\u00e3e em Ribeir\u00e3o Preto (SP).<\/p>\n\n\n\n<p>O caso foi registrado em boletim de ocorr\u00eancia na Central de Pol\u00edcia Judici\u00e1ria (CPJ) como viol\u00eancia dom\u00e9stica, amea\u00e7a, inj\u00faria e vias de fato. O g1 teve acesso ao documento.<\/p>\n\n\n\n<p>O delegado do caso deu voz de pris\u00e3o em flagrante e encaminhou o indiciado para audi\u00eancia de cust\u00f3dia e foi liberado na tarde de s\u00e1bado (31).<\/p>\n\n\n\n<p>Em mar\u00e7o, Filipe havia sido indiciado no Rio de Janeiro por les\u00e3o corporal culposa qualificada no tr\u00e2nsito por conduzir o ve\u00edculo sob influ\u00eancia de \u00e1lcool e por n\u00e3o prestar socorro. \u00c0 \u00e9poca, ele negou as acusa\u00e7\u00f5es.<\/p>\n\n\n\n<p>O humorista ficou conhecido por participar de programas de TV como &#8220;Zorra Total&#8221;, &#8220;Doming\u00e3o do Faust\u00e3o&#8221;, &#8220;Altas Horas&#8221;, na TV Globo, &#8220;P\u00e2nico na Band&#8221; (Band TV) e &#8220;Legend\u00e1rios&#8221; (Record TV).<\/p>\n\n\n\n<p><strong>Agress\u00f5es<\/strong><\/p>\n\n\n\n<p>Segundo o boletim de ocorr\u00eancia do caso, as agress\u00f5es aconteceram por volta das 6h no apartamento onde a fam\u00edlia mora no bairro Campos El\u00edseos, Zona Norte de Ribeir\u00e3o Preto.<\/p>\n\n\n\n<p>A Pol\u00edcia Militar foi chamada ao local e, quando chegou, encontrou o irm\u00e3o de Filipe tentando conter o humorista.<\/p>\n\n\n\n<p>Ele informou aos policiais que Filipe chegou em casa alterado e passou a ofender a m\u00e3e logo que teve contato com ela. A mulher, ent\u00e3o, pediu que ele fosse descansar e, neste momento, o humorista come\u00e7ou a agredi-la.<\/p>\n\n\n\n<p>De acordo com o boletim, Filipe pegou a m\u00e3e pelo pesco\u00e7o e a enforcou. O irm\u00e3o mais novo do humorista acordou e foi socorrer a m\u00e3e, mas foi empurrado e amea\u00e7ado de morte pelo agressor.<\/p>\n\n\n\n<p>Ainda segundo relato das v\u00edtimas no boletim de ocorr\u00eancia, Filipe amea\u00e7ou atear fogo no apartamento e voltou a fazer amea\u00e7as de morte.<\/p>\n\n\n\n<p>Na delegacia, a m\u00e3e de Filipe informou que deseja adotar medida protetiva de urg\u00eancia contra o filho.<\/p>\n\n\n\n<p>Neste domingo (1\u00ba) ao&nbsp;g1,&nbsp;Filipe e a m\u00e3e negaram que houve agress\u00e3o&nbsp;e disseram que a confus\u00e3o foi entre o humorista e o irm\u00e3o e que a mulher foi apartar.<\/p>\n\n\n\n<p>Com informa\u00e7\u00f5es do G1<\/p>\n","protected":false},"excerpt":{"rendered":"<p>O humorista Filipe Fernandes Pontes, de 36 anos, foi preso em flagrante neste s\u00e1bado (31) depois de agredir a pr\u00f3pria m\u00e3e em Ribeir\u00e3o Preto (SP). O caso foi registrado em boletim de ocorr\u00eancia na Central de Pol\u00edcia Judici\u00e1ria (CPJ) como viol\u00eancia dom\u00e9stica, amea\u00e7a, inj\u00faria e vias de fato. O g1 teve acesso ao documento. O [&hellip;]<\/p>\n","protected":false},"author":3,"featured_media":7437,"comment_status":"open","ping_status":"open","sticky":false,"template":"","format":"standard","meta":{"_monsterinsights_skip_tracking":false,"_monsterinsights_sitenote_active":false,"_monsterinsights_sitenote_note":"","_monsterinsights_sitenote_category":0,"footnotes":""},"categories":[48,35],"tags":[],"yoast_head":"<!-- This site is optimized with the Yoast SEO plugin v22.9 - https:\/\/yoast.com\/wordpress\/plugins\/seo\/ -->\n<title>Ex-Humorista da Globo \u00e9 preso ap\u00f3s bater na pr\u00f3pria m\u00e3e - Portal MF<\/title>\n<meta name=\"robots\" content=\"index, follow, max-snippet:-1, max-image-preview:large, max-video-preview:-1\" \/>\n<link rel=\"canonical\" href=\"https:\/\/portalmf.com.br\/index.php\/2023\/01\/02\/ex-humorista-da-globo-e-preso-apos-bater-na-propria-mae\/\" \/>\n<meta property=\"og:locale\" content=\"pt_BR\" \/>\n<meta property=\"og:type\" content=\"article\" \/>\n<meta property=\"og:title\" content=\"Ex-Humorista da Globo \u00e9 preso ap\u00f3s bater na pr\u00f3pria m\u00e3e - Portal MF\" \/>\n<meta property=\"og:description\" content=\"O humorista Filipe Fernandes Pontes, de 36 anos, foi preso em flagrante neste s\u00e1bado (31) depois de agredir a pr\u00f3pria m\u00e3e em Ribeir\u00e3o Preto (SP). O caso foi registrado em boletim de ocorr\u00eancia na Central de Pol\u00edcia Judici\u00e1ria (CPJ) como viol\u00eancia dom\u00e9stica, amea\u00e7a, inj\u00faria e vias de fato. O g1 teve acesso ao documento. O [&hellip;]\" \/>\n<meta property=\"og:url\" content=\"https:\/\/portalmf.com.br\/index.php\/2023\/01\/02\/ex-humorista-da-globo-e-preso-apos-bater-na-propria-mae\/\" \/>\n<meta property=\"og:site_name\" content=\"Portal MF\" \/>\n<meta property=\"article:author\" content=\"https:\/\/www.facebook.com\/portalmfoficial\" \/>\n<meta property=\"article:published_time\" content=\"2023-01-02T12:17:00+00:00\" \/>\n<meta property=\"article:modified_time\" content=\"2023-01-02T21:00:05+00:00\" \/>\n<meta property=\"og:image\" content=\"https:\/\/portalmf.com.br\/wp-content\/uploads\/2023\/01\/filipe-pontes-1672518600000_v2_900x506.jpg\" \/>\n\t<meta property=\"og:image:width\" content=\"900\" \/>\n\t<meta property=\"og:image:height\" content=\"506\" \/>\n\t<meta property=\"og:image:type\" content=\"image\/jpeg\" \/>\n<meta name=\"author\" content=\"Reda\u00e7\u00e3o Portal MF\" \/>\n<meta name=\"twitter:card\" content=\"summary_large_image\" \/>\n<meta name=\"twitter:creator\" content=\"@https:\/\/x.com\/portalmfoficial\" \/>\n<meta name=\"twitter:label1\" content=\"Escrito por\" \/>\n\t<meta name=\"twitter:data1\" content=\"Reda\u00e7\u00e3o Portal MF\" \/>\n\t<meta name=\"twitter:label2\" content=\"Est. tempo de leitura\" \/>\n\t<meta name=\"twitter:data2\" content=\"2 minutos\" \/>\n<script type=\"application\/ld+json\" class=\"yoast-schema-graph\">{\"@context\":\"https:\/\/schema.org\",\"@graph\":[{\"@type\":\"WebPage\",\"@id\":\"https:\/\/portalmf.com.br\/index.php\/2023\/01\/02\/ex-humorista-da-globo-e-preso-apos-bater-na-propria-mae\/\",\"url\":\"https:\/\/portalmf.com.br\/index.php\/2023\/01\/02\/ex-humorista-da-globo-e-preso-apos-bater-na-propria-mae\/\",\"name\":\"Ex-Humorista da Globo \u00e9 preso ap\u00f3s bater na pr\u00f3pria m\u00e3e - Portal MF\",\"isPartOf\":{\"@id\":\"https:\/\/portalmf.com.br\/#website\"},\"primaryImageOfPage\":{\"@id\":\"https:\/\/portalmf.com.br\/index.php\/2023\/01\/02\/ex-humorista-da-globo-e-preso-apos-bater-na-propria-mae\/#primaryimage\"},\"image\":{\"@id\":\"https:\/\/portalmf.com.br\/index.php\/2023\/01\/02\/ex-humorista-da-globo-e-preso-apos-bater-na-propria-mae\/#primaryimage\"},\"thumbnailUrl\":\"https:\/\/portalmf.com.br\/wp-content\/uploads\/2023\/01\/filipe-pontes-1672518600000_v2_900x506.jpg\",\"datePublished\":\"2023-01-02T12:17:00+00:00\",\"dateModified\":\"2023-01-02T21:00:05+00:00\",\"author\":{\"@id\":\"https:\/\/portalmf.com.br\/#\/schema\/person\/9ec101baf56233e53520c26de5d6f6f0\"},\"breadcrumb\":{\"@id\":\"https:\/\/portalmf.com.br\/index.php\/2023\/01\/02\/ex-humorista-da-globo-e-preso-apos-bater-na-propria-mae\/#breadcrumb\"},\"inLanguage\":\"pt-BR\",\"potentialAction\":[{\"@type\":\"ReadAction\",\"target\":[\"https:\/\/portalmf.com.br\/index.php\/2023\/01\/02\/ex-humorista-da-globo-e-preso-apos-bater-na-propria-mae\/\"]}]},{\"@type\":\"ImageObject\",\"inLanguage\":\"pt-BR\",\"@id\":\"https:\/\/portalmf.com.br\/index.php\/2023\/01\/02\/ex-humorista-da-globo-e-preso-apos-bater-na-propria-mae\/#primaryimage\",\"url\":\"https:\/\/portalmf.com.br\/wp-content\/uploads\/2023\/01\/filipe-pontes-1672518600000_v2_900x506.jpg\",\"contentUrl\":\"https:\/\/portalmf.com.br\/wp-content\/uploads\/2023\/01\/filipe-pontes-1672518600000_v2_900x506.jpg\",\"width\":900,\"height\":506},{\"@type\":\"BreadcrumbList\",\"@id\":\"https:\/\/portalmf.com.br\/index.php\/2023\/01\/02\/ex-humorista-da-globo-e-preso-apos-bater-na-propria-mae\/#breadcrumb\",\"itemListElement\":[{\"@type\":\"ListItem\",\"position\":1,\"name\":\"In\u00edcio\",\"item\":\"https:\/\/portalmf.com.br\/\"},{\"@type\":\"ListItem\",\"position\":2,\"name\":\"Ex-Humorista da Globo \u00e9 preso ap\u00f3s bater na pr\u00f3pria m\u00e3e\"}]},{\"@type\":\"WebSite\",\"@id\":\"https:\/\/portalmf.com.br\/#website\",\"url\":\"https:\/\/portalmf.com.br\/\",\"name\":\"Portal MF\",\"description\":\"Voc\u00ea conectado com a informa\u00e7\u00e3o\",\"potentialAction\":[{\"@type\":\"SearchAction\",\"target\":{\"@type\":\"EntryPoint\",\"urlTemplate\":\"https:\/\/portalmf.com.br\/?s={search_term_string}\"},\"query-input\":\"required name=search_term_string\"}],\"inLanguage\":\"pt-BR\"},{\"@type\":\"Person\",\"@id\":\"https:\/\/portalmf.com.br\/#\/schema\/person\/9ec101baf56233e53520c26de5d6f6f0\",\"name\":\"Reda\u00e7\u00e3o Portal MF\",\"image\":{\"@type\":\"ImageObject\",\"inLanguage\":\"pt-BR\",\"@id\":\"https:\/\/portalmf.com.br\/#\/schema\/person\/image\/\",\"url\":\"https:\/\/secure.gravatar.com\/avatar\/41b9aaeb2100835f7c64362330f74c7f?s=96&d=mm&r=g\",\"contentUrl\":\"https:\/\/secure.gravatar.com\/avatar\/41b9aaeb2100835f7c64362330f74c7f?s=96&d=mm&r=g\",\"caption\":\"Reda\u00e7\u00e3o Portal MF\"},\"description\":\"Sejam bem-vindos o portal de informa\u00e7\u00f5es de entretenimento de Feira de Santana, desde 2006 realiza coberturas dos principais eventos com entrevistas exclusivas com as principais personalidades mundiais. Fique conectado tamb\u00e9m nas redes sociais.\",\"sameAs\":[\"http:\/\/www.portalmf.com.br\/\",\"https:\/\/www.facebook.com\/portalmfoficial\",\"https:\/\/www.instagram.com\/portalmf\/\",\"https:\/\/x.com\/https:\/\/x.com\/portalmfoficial\",\"https:\/\/www.youtube.com\/@portalmfoficial\"],\"url\":\"https:\/\/portalmf.com.br\/index.php\/author\/junior\/\"}]}<\/script>\n<!-- \/ Yoast SEO plugin. -->","yoast_head_json":{"title":"Ex-Humorista da Globo \u00e9 preso ap\u00f3s bater na pr\u00f3pria m\u00e3e - Portal MF","robots":{"index":"index","follow":"follow","max-snippet":"max-snippet:-1","max-image-preview":"max-image-preview:large","max-video-preview":"max-video-preview:-1"},"canonical":"https:\/\/portalmf.com.br\/index.php\/2023\/01\/02\/ex-humorista-da-globo-e-preso-apos-bater-na-propria-mae\/","og_locale":"pt_BR","og_type":"article","og_title":"Ex-Humorista da Globo \u00e9 preso ap\u00f3s bater na pr\u00f3pria m\u00e3e - Portal MF","og_description":"O humorista Filipe Fernandes Pontes, de 36 anos, foi preso em flagrante neste s\u00e1bado (31) depois de agredir a pr\u00f3pria m\u00e3e em Ribeir\u00e3o Preto (SP). O caso foi registrado em boletim de ocorr\u00eancia na Central de Pol\u00edcia Judici\u00e1ria (CPJ) como viol\u00eancia dom\u00e9stica, amea\u00e7a, inj\u00faria e vias de fato. O g1 teve acesso ao documento. O [&hellip;]","og_url":"https:\/\/portalmf.com.br\/index.php\/2023\/01\/02\/ex-humorista-da-globo-e-preso-apos-bater-na-propria-mae\/","og_site_name":"Portal MF","article_author":"https:\/\/www.facebook.com\/portalmfoficial","article_published_time":"2023-01-02T12:17:00+00:00","article_modified_time":"2023-01-02T21:00:05+00:00","og_image":[{"width":900,"height":506,"url":"https:\/\/portalmf.com.br\/wp-content\/uploads\/2023\/01\/filipe-pontes-1672518600000_v2_900x506.jpg","type":"image\/jpeg"}],"author":"Reda\u00e7\u00e3o Portal MF","twitter_card":"summary_large_image","twitter_creator":"@https:\/\/x.com\/portalmfoficial","twitter_misc":{"Escrito por":"Reda\u00e7\u00e3o Portal MF","Est. tempo de leitura":"2 minutos"},"schema":{"@context":"https:\/\/schema.org","@graph":[{"@type":"WebPage","@id":"https:\/\/portalmf.com.br\/index.php\/2023\/01\/02\/ex-humorista-da-globo-e-preso-apos-bater-na-propria-mae\/","url":"https:\/\/portalmf.com.br\/index.php\/2023\/01\/02\/ex-humorista-da-globo-e-preso-apos-bater-na-propria-mae\/","name":"Ex-Humorista da Globo \u00e9 preso ap\u00f3s bater na pr\u00f3pria m\u00e3e - Portal MF","isPartOf":{"@id":"https:\/\/portalmf.com.br\/#website"},"primaryImageOfPage":{"@id":"https:\/\/portalmf.com.br\/index.php\/2023\/01\/02\/ex-humorista-da-globo-e-preso-apos-bater-na-propria-mae\/#primaryimage"},"image":{"@id":"https:\/\/portalmf.com.br\/index.php\/2023\/01\/02\/ex-humorista-da-globo-e-preso-apos-bater-na-propria-mae\/#primaryimage"},"thumbnailUrl":"https:\/\/portalmf.com.br\/wp-content\/uploads\/2023\/01\/filipe-pontes-1672518600000_v2_900x506.jpg","datePublished":"2023-01-02T12:17:00+00:00","dateModified":"2023-01-02T21:00:05+00:00","author":{"@id":"https:\/\/portalmf.com.br\/#\/schema\/person\/9ec101baf56233e53520c26de5d6f6f0"},"breadcrumb":{"@id":"https:\/\/portalmf.com.br\/index.php\/2023\/01\/02\/ex-humorista-da-globo-e-preso-apos-bater-na-propria-mae\/#breadcrumb"},"inLanguage":"pt-BR","potentialAction":[{"@type":"ReadAction","target":["https:\/\/portalmf.com.br\/index.php\/2023\/01\/02\/ex-humorista-da-globo-e-preso-apos-bater-na-propria-mae\/"]}]},{"@type":"ImageObject","inLanguage":"pt-BR","@id":"https:\/\/portalmf.com.br\/index.php\/2023\/01\/02\/ex-humorista-da-globo-e-preso-apos-bater-na-propria-mae\/#primaryimage","url":"https:\/\/portalmf.com.br\/wp-content\/uploads\/2023\/01\/filipe-pontes-1672518600000_v2_900x506.jpg","contentUrl":"https:\/\/portalmf.com.br\/wp-content\/uploads\/2023\/01\/filipe-pontes-1672518600000_v2_900x506.jpg","width":900,"height":506},{"@type":"BreadcrumbList","@id":"https:\/\/portalmf.com.br\/index.php\/2023\/01\/02\/ex-humorista-da-globo-e-preso-apos-bater-na-propria-mae\/#breadcrumb","itemListElement":[{"@type":"ListItem","position":1,"name":"In\u00edcio","item":"https:\/\/portalmf.com.br\/"},{"@type":"ListItem","position":2,"name":"Ex-Humorista da Globo \u00e9 preso ap\u00f3s bater na pr\u00f3pria m\u00e3e"}]},{"@type":"WebSite","@id":"https:\/\/portalmf.com.br\/#website","url":"https:\/\/portalmf.com.br\/","name":"Portal MF","description":"Voc\u00ea conectado com a informa\u00e7\u00e3o","potentialAction":[{"@type":"SearchAction","target":{"@type":"EntryPoint","urlTemplate":"https:\/\/portalmf.com.br\/?s={search_term_string}"},"query-input":"required name=search_term_string"}],"inLanguage":"pt-BR"},{"@type":"Person","@id":"https:\/\/portalmf.com.br\/#\/schema\/person\/9ec101baf56233e53520c26de5d6f6f0","name":"Reda\u00e7\u00e3o Portal MF","image":{"@type":"ImageObject","inLanguage":"pt-BR","@id":"https:\/\/portalmf.com.br\/#\/schema\/person\/image\/","url":"https:\/\/secure.gravatar.com\/avatar\/41b9aaeb2100835f7c64362330f74c7f?s=96&d=mm&r=g","contentUrl":"https:\/\/secure.gravatar.com\/avatar\/41b9aaeb2100835f7c64362330f74c7f?s=96&d=mm&r=g","caption":"Reda\u00e7\u00e3o Portal MF"},"description":"Sejam bem-vindos o portal de informa\u00e7\u00f5es de entretenimento de Feira de Santana, desde 2006 realiza coberturas dos principais eventos com entrevistas exclusivas com as principais personalidades mundiais. Fique conectado tamb\u00e9m nas redes sociais.","sameAs":["http:\/\/www.portalmf.com.br\/","https:\/\/www.facebook.com\/portalmfoficial","https:\/\/www.instagram.com\/portalmf\/","https:\/\/x.com\/https:\/\/x.com\/portalmfoficial","https:\/\/www.youtube.com\/@portalmfoficial"],"url":"https:\/\/portalmf.com.br\/index.php\/author\/junior\/"}]}},"_links":{"self":[{"href":"https:\/\/portalmf.com.br\/index.php\/wp-json\/wp\/v2\/posts\/7436"}],"collection":[{"href":"https:\/\/portalmf.com.br\/index.php\/wp-json\/wp\/v2\/posts"}],"about":[{"href":"https:\/\/portalmf.com.br\/index.php\/wp-json\/wp\/v2\/types\/post"}],"author":[{"embeddable":true,"href":"https:\/\/portalmf.com.br\/index.php\/wp-json\/wp\/v2\/users\/3"}],"replies":[{"embeddable":true,"href":"https:\/\/portalmf.com.br\/index.php\/wp-json\/wp\/v2\/comments?post=7436"}],"version-history":[{"count":1,"href":"https:\/\/portalmf.com.br\/index.php\/wp-json\/wp\/v2\/posts\/7436\/revisions"}],"predecessor-version":[{"id":7438,"href":"https:\/\/portalmf.com.br\/index.php\/wp-json\/wp\/v2\/posts\/7436\/revisions\/7438"}],"wp:featuredmedia":[{"embeddable":true,"href":"https:\/\/portalmf.com.br\/index.php\/wp-json\/wp\/v2\/media\/7437"}],"wp:attachment":[{"href":"https:\/\/portalmf.com.br\/index.php\/wp-json\/wp\/v2\/media?parent=7436"}],"wp:term":[{"taxonomy":"category","embeddable":true,"href":"https:\/\/portalmf.com.br\/index.php\/wp-json\/wp\/v2\/categories?post=7436"},{"taxonomy":"post_tag","embeddable":true,"href":"https:\/\/portalmf.com.br\/index.php\/wp-json\/wp\/v2\/tags?post=7436"}],"curies":[{"name":"wp","href":"https:\/\/api.w.org\/{rel}","templated":true}]}}