{"id":7420,"date":"2022-12-30T16:48:12","date_gmt":"2022-12-30T19:48:12","guid":{"rendered":"https:\/\/portalmf.com.br\/?p=7420"},"modified":"2022-12-30T16:48:12","modified_gmt":"2022-12-30T19:48:12","slug":"play-fm-confirma-encerramento-do-projeto-em-sao-paulo-e-na-rede","status":"publish","type":"post","link":"https:\/\/portalmf.com.br\/index.php\/2022\/12\/30\/play-fm-confirma-encerramento-do-projeto-em-sao-paulo-e-na-rede\/","title":{"rendered":"Play FM confirma encerramento do projeto em S\u00e3o Paulo e na rede"},"content":{"rendered":"\n<p>A rede liderada pela Play FM 92.1 de S\u00e3o Paulo ser\u00e1 encerrada em 2023 e ter\u00e1 neste s\u00e1bado (31) o seu \u00faltimo dia de opera\u00e7\u00e3o. O t\u00e9rmino do projeto ocorrer\u00e1 devido a sa\u00edda da marca do dial FM da capital paulista e, inicialmente, foi anunciado que a Play FM seguiria ativa atrav\u00e9s de seus canais digitais e tamb\u00e9m nas FMs que hoje integram a sua rede nacional. Por\u00e9m, ap\u00f3s nova decis\u00e3o, cada emissora dever\u00e1 tomar um rumo operacional diferente, inclusive as esta\u00e7\u00f5es que s\u00e3o pr\u00f3prias do Grupo Bandeirantes de Comunica\u00e7\u00e3o, respons\u00e1vel pelo projeto. Em pouco mais de dois anos, a Play FM cresceu r\u00e1pido em audi\u00eancia e teve seu projeto reconhecido pela cr\u00edtica especializada.<\/p>\n\n\n\n<p>Segundo o que anunciou a equipe da Play FM, a emissora j\u00e1 est\u00e1 em escala de fim de ano e hoje (30) \u00e9 o \u00faltimo dia de locu\u00e7\u00e3o ao vivo. Amanh\u00e3 a r\u00e1dio ter\u00e1 a sua programa\u00e7\u00e3o gravada, sendo encerrada em definitivo a partir das 23h59 deste s\u00e1bado (31). Depois, a 92.1 FM passa a operar como Feliz FM, de formato religioso\/gospel.<\/p>\n\n\n\n<p>Na semana passada, ap\u00f3s a confirma\u00e7\u00e3o de que a 92.1 FM ser\u00e1 o canal que sediar\u00e1 a Feliz FM na capital paulista, a Play FM, que atualmente ocupa a frequ\u00eancia, confirmou que deixar\u00e1 o dial de S\u00e3o Paulo a partir de 1\u00ba de janeiro, mas que seguir\u00e1 com a sua opera\u00e7\u00e3o atrav\u00e9s da internet e tamb\u00e9m nas FMs que integram sua rede nacional.<\/p>\n\n\n\n<p>Desde ontem (29), ouvintes relataram ao tudoradio.com que a equipe da esta\u00e7\u00e3o realizou postagens em redes sociais, inclusive da pr\u00f3pria Play FM, se despedindo da audi\u00eancia em FM da capital paulista, r\u00e1dio que est\u00e1 no ar desde 2020. Chamadas presentes na grade de programa\u00e7\u00e3o da Play FM tamb\u00e9m informam a audi\u00eancia sobre a sa\u00edda do ar.<\/p>\n\n\n\n<p>O tudoradio.com foi atr\u00e1s das FMs que integram atualmente a rede Play FM e ir\u00e1 atualizar a mat\u00e9ria conforme cada uma confirme o que ser\u00e1 feito no ar a partir do dia 1\u00ba de janeiro. Uma delas avisou que ser\u00e1 feito uma grade local em formato de transi\u00e7\u00e3o durante o pr\u00f3ximo m\u00eas, ainda mantendo o nome de Play FM, para depois decidir qual projeto ocupar\u00e1 a sua sintonia. Por\u00e9m, segundo o que apurou o portal, o Grupo Bandeirantes dever\u00e1 manter uma gera\u00e7\u00e3o musical com a marca no come\u00e7o de 2023, prestando suporte \u00e0s emissoras, mas depois ir\u00e1 dissolver o projeto.<\/p>\n\n\n\n<p>Apesar do curto per\u00edodo no ar, a Play FM teve trajet\u00f3ria de destaque<\/p>\n\n\n\n<p>Criada em 31 de julho de 2020 com um formato voltado ao p\u00fablico adulto-contempor\u00e2neo, mas com um playlist mais aberto (popular), a Play FM foi evoluindo na audi\u00eancia em S\u00e3o Paulo e regi\u00e3o metropolitana. Hoje a r\u00e1dio conta com um volume que \u00e9 bem superior ao dobro da audi\u00eancia que antes estava concentrada em 92.1 FM, durante a trajet\u00f3ria final da R\u00e1dio Tr\u00e2nsito.<\/p>\n\n\n\n<p>A Play FM ir\u00e1 encerrar sua opera\u00e7\u00e3o em alta de audi\u00eancia, ostentando atualmente, com folga, o maior tempo m\u00e9dio do r\u00e1dio da Grande S\u00e3o Paulo. Entre profissionais do meio, foi considerada uma novidade art\u00edstica para o dial, inclusive sendo indicada ao pr\u00eamio APCA (Associa\u00e7\u00e3o Paulista de Cr\u00edticos de Artes).<\/p>\n\n\n\n<p>O projeto teve uma expans\u00e3o nacional de sua atividade, com destaque para esse \u00faltimo semestre. Hoje conta com 8 r\u00e1dios ativas com a marca Play FM. Recentemente a rede passou a operar em Cap\u00e3o Bonito (90.7 FM) e ampliou sua cobertura de sinal nas regi\u00f5es de Ara\u00e7atuba e Birig\u00fci (em 95.9 FM). Tamb\u00e9m ocorreram as estreias em Porto Alegre (via 84.9 FM) e a Play AM 610 de Mogi Mirim (que est\u00e1 em processo de migra\u00e7\u00e3o AM-FM. Ainda sem previs\u00e3o de efetiva\u00e7\u00e3o, mas ir\u00e1 operar em 76.9 FM).<\/p>\n\n\n\n<p>Com informa\u00e7\u00f5es do Tudo Radio<\/p>\n","protected":false},"excerpt":{"rendered":"<p>A rede liderada pela Play FM 92.1 de S\u00e3o Paulo ser\u00e1 encerrada em 2023 e ter\u00e1 neste s\u00e1bado (31) o seu \u00faltimo dia de opera\u00e7\u00e3o. O t\u00e9rmino do projeto ocorrer\u00e1 devido a sa\u00edda da marca do dial FM da capital paulista e, inicialmente, foi anunciado que a Play FM seguiria ativa atrav\u00e9s de seus canais [&hellip;]<\/p>\n","protected":false},"author":3,"featured_media":7421,"comment_status":"open","ping_status":"open","sticky":false,"template":"","format":"standard","meta":{"_monsterinsights_skip_tracking":false,"_monsterinsights_sitenote_active":false,"_monsterinsights_sitenote_note":"","_monsterinsights_sitenote_category":0,"footnotes":""},"categories":[50],"tags":[],"yoast_head":"<!-- This site is optimized with the Yoast SEO plugin v22.9 - https:\/\/yoast.com\/wordpress\/plugins\/seo\/ -->\n<title>Play FM confirma encerramento do projeto em S\u00e3o Paulo e na rede - Portal MF<\/title>\n<meta name=\"robots\" content=\"index, follow, max-snippet:-1, max-image-preview:large, max-video-preview:-1\" \/>\n<link rel=\"canonical\" href=\"https:\/\/portalmf.com.br\/index.php\/2022\/12\/30\/play-fm-confirma-encerramento-do-projeto-em-sao-paulo-e-na-rede\/\" \/>\n<meta property=\"og:locale\" content=\"pt_BR\" \/>\n<meta property=\"og:type\" content=\"article\" \/>\n<meta property=\"og:title\" content=\"Play FM confirma encerramento do projeto em S\u00e3o Paulo e na rede - Portal MF\" \/>\n<meta property=\"og:description\" content=\"A rede liderada pela Play FM 92.1 de S\u00e3o Paulo ser\u00e1 encerrada em 2023 e ter\u00e1 neste s\u00e1bado (31) o seu \u00faltimo dia de opera\u00e7\u00e3o. O t\u00e9rmino do projeto ocorrer\u00e1 devido a sa\u00edda da marca do dial FM da capital paulista e, inicialmente, foi anunciado que a Play FM seguiria ativa atrav\u00e9s de seus canais [&hellip;]\" \/>\n<meta property=\"og:url\" content=\"https:\/\/portalmf.com.br\/index.php\/2022\/12\/30\/play-fm-confirma-encerramento-do-projeto-em-sao-paulo-e-na-rede\/\" \/>\n<meta property=\"og:site_name\" content=\"Portal MF\" \/>\n<meta property=\"article:author\" content=\"https:\/\/www.facebook.com\/portalmfoficial\" \/>\n<meta property=\"article:published_time\" content=\"2022-12-30T19:48:12+00:00\" \/>\n<meta property=\"og:image\" content=\"https:\/\/portalmf.com.br\/wp-content\/uploads\/2022\/12\/PLAY-FM.jpg\" \/>\n\t<meta property=\"og:image:width\" content=\"1079\" \/>\n\t<meta property=\"og:image:height\" content=\"1079\" \/>\n\t<meta property=\"og:image:type\" content=\"image\/jpeg\" \/>\n<meta name=\"author\" content=\"Reda\u00e7\u00e3o Portal MF\" \/>\n<meta name=\"twitter:card\" content=\"summary_large_image\" \/>\n<meta name=\"twitter:creator\" content=\"@https:\/\/x.com\/portalmfoficial\" \/>\n<meta name=\"twitter:label1\" content=\"Escrito por\" \/>\n\t<meta name=\"twitter:data1\" content=\"Reda\u00e7\u00e3o Portal MF\" \/>\n\t<meta name=\"twitter:label2\" content=\"Est. tempo de leitura\" \/>\n\t<meta name=\"twitter:data2\" content=\"4 minutos\" \/>\n<script type=\"application\/ld+json\" class=\"yoast-schema-graph\">{\"@context\":\"https:\/\/schema.org\",\"@graph\":[{\"@type\":\"WebPage\",\"@id\":\"https:\/\/portalmf.com.br\/index.php\/2022\/12\/30\/play-fm-confirma-encerramento-do-projeto-em-sao-paulo-e-na-rede\/\",\"url\":\"https:\/\/portalmf.com.br\/index.php\/2022\/12\/30\/play-fm-confirma-encerramento-do-projeto-em-sao-paulo-e-na-rede\/\",\"name\":\"Play FM confirma encerramento do projeto em S\u00e3o Paulo e na rede - Portal MF\",\"isPartOf\":{\"@id\":\"https:\/\/portalmf.com.br\/#website\"},\"primaryImageOfPage\":{\"@id\":\"https:\/\/portalmf.com.br\/index.php\/2022\/12\/30\/play-fm-confirma-encerramento-do-projeto-em-sao-paulo-e-na-rede\/#primaryimage\"},\"image\":{\"@id\":\"https:\/\/portalmf.com.br\/index.php\/2022\/12\/30\/play-fm-confirma-encerramento-do-projeto-em-sao-paulo-e-na-rede\/#primaryimage\"},\"thumbnailUrl\":\"https:\/\/portalmf.com.br\/wp-content\/uploads\/2022\/12\/PLAY-FM.jpg\",\"datePublished\":\"2022-12-30T19:48:12+00:00\",\"dateModified\":\"2022-12-30T19:48:12+00:00\",\"author\":{\"@id\":\"https:\/\/portalmf.com.br\/#\/schema\/person\/9ec101baf56233e53520c26de5d6f6f0\"},\"breadcrumb\":{\"@id\":\"https:\/\/portalmf.com.br\/index.php\/2022\/12\/30\/play-fm-confirma-encerramento-do-projeto-em-sao-paulo-e-na-rede\/#breadcrumb\"},\"inLanguage\":\"pt-BR\",\"potentialAction\":[{\"@type\":\"ReadAction\",\"target\":[\"https:\/\/portalmf.com.br\/index.php\/2022\/12\/30\/play-fm-confirma-encerramento-do-projeto-em-sao-paulo-e-na-rede\/\"]}]},{\"@type\":\"ImageObject\",\"inLanguage\":\"pt-BR\",\"@id\":\"https:\/\/portalmf.com.br\/index.php\/2022\/12\/30\/play-fm-confirma-encerramento-do-projeto-em-sao-paulo-e-na-rede\/#primaryimage\",\"url\":\"https:\/\/portalmf.com.br\/wp-content\/uploads\/2022\/12\/PLAY-FM.jpg\",\"contentUrl\":\"https:\/\/portalmf.com.br\/wp-content\/uploads\/2022\/12\/PLAY-FM.jpg\",\"width\":1079,\"height\":1079},{\"@type\":\"BreadcrumbList\",\"@id\":\"https:\/\/portalmf.com.br\/index.php\/2022\/12\/30\/play-fm-confirma-encerramento-do-projeto-em-sao-paulo-e-na-rede\/#breadcrumb\",\"itemListElement\":[{\"@type\":\"ListItem\",\"position\":1,\"name\":\"In\u00edcio\",\"item\":\"https:\/\/portalmf.com.br\/\"},{\"@type\":\"ListItem\",\"position\":2,\"name\":\"Play FM confirma encerramento do projeto em S\u00e3o Paulo e na rede\"}]},{\"@type\":\"WebSite\",\"@id\":\"https:\/\/portalmf.com.br\/#website\",\"url\":\"https:\/\/portalmf.com.br\/\",\"name\":\"Portal MF\",\"description\":\"Voc\u00ea conectado com a informa\u00e7\u00e3o\",\"potentialAction\":[{\"@type\":\"SearchAction\",\"target\":{\"@type\":\"EntryPoint\",\"urlTemplate\":\"https:\/\/portalmf.com.br\/?s={search_term_string}\"},\"query-input\":\"required name=search_term_string\"}],\"inLanguage\":\"pt-BR\"},{\"@type\":\"Person\",\"@id\":\"https:\/\/portalmf.com.br\/#\/schema\/person\/9ec101baf56233e53520c26de5d6f6f0\",\"name\":\"Reda\u00e7\u00e3o Portal MF\",\"image\":{\"@type\":\"ImageObject\",\"inLanguage\":\"pt-BR\",\"@id\":\"https:\/\/portalmf.com.br\/#\/schema\/person\/image\/\",\"url\":\"https:\/\/secure.gravatar.com\/avatar\/41b9aaeb2100835f7c64362330f74c7f?s=96&d=mm&r=g\",\"contentUrl\":\"https:\/\/secure.gravatar.com\/avatar\/41b9aaeb2100835f7c64362330f74c7f?s=96&d=mm&r=g\",\"caption\":\"Reda\u00e7\u00e3o Portal MF\"},\"description\":\"Sejam bem-vindos o portal de informa\u00e7\u00f5es de entretenimento de Feira de Santana, desde 2006 realiza coberturas dos principais eventos com entrevistas exclusivas com as principais personalidades mundiais. Fique conectado tamb\u00e9m nas redes sociais.\",\"sameAs\":[\"http:\/\/www.portalmf.com.br\/\",\"https:\/\/www.facebook.com\/portalmfoficial\",\"https:\/\/www.instagram.com\/portalmf\/\",\"https:\/\/x.com\/https:\/\/x.com\/portalmfoficial\",\"https:\/\/www.youtube.com\/@portalmfoficial\"],\"url\":\"https:\/\/portalmf.com.br\/index.php\/author\/junior\/\"}]}<\/script>\n<!-- \/ Yoast SEO plugin. -->","yoast_head_json":{"title":"Play FM confirma encerramento do projeto em S\u00e3o Paulo e na rede - Portal MF","robots":{"index":"index","follow":"follow","max-snippet":"max-snippet:-1","max-image-preview":"max-image-preview:large","max-video-preview":"max-video-preview:-1"},"canonical":"https:\/\/portalmf.com.br\/index.php\/2022\/12\/30\/play-fm-confirma-encerramento-do-projeto-em-sao-paulo-e-na-rede\/","og_locale":"pt_BR","og_type":"article","og_title":"Play FM confirma encerramento do projeto em S\u00e3o Paulo e na rede - Portal MF","og_description":"A rede liderada pela Play FM 92.1 de S\u00e3o Paulo ser\u00e1 encerrada em 2023 e ter\u00e1 neste s\u00e1bado (31) o seu \u00faltimo dia de opera\u00e7\u00e3o. O t\u00e9rmino do projeto ocorrer\u00e1 devido a sa\u00edda da marca do dial FM da capital paulista e, inicialmente, foi anunciado que a Play FM seguiria ativa atrav\u00e9s de seus canais [&hellip;]","og_url":"https:\/\/portalmf.com.br\/index.php\/2022\/12\/30\/play-fm-confirma-encerramento-do-projeto-em-sao-paulo-e-na-rede\/","og_site_name":"Portal MF","article_author":"https:\/\/www.facebook.com\/portalmfoficial","article_published_time":"2022-12-30T19:48:12+00:00","og_image":[{"width":1079,"height":1079,"url":"https:\/\/portalmf.com.br\/wp-content\/uploads\/2022\/12\/PLAY-FM.jpg","type":"image\/jpeg"}],"author":"Reda\u00e7\u00e3o Portal MF","twitter_card":"summary_large_image","twitter_creator":"@https:\/\/x.com\/portalmfoficial","twitter_misc":{"Escrito por":"Reda\u00e7\u00e3o Portal MF","Est. tempo de leitura":"4 minutos"},"schema":{"@context":"https:\/\/schema.org","@graph":[{"@type":"WebPage","@id":"https:\/\/portalmf.com.br\/index.php\/2022\/12\/30\/play-fm-confirma-encerramento-do-projeto-em-sao-paulo-e-na-rede\/","url":"https:\/\/portalmf.com.br\/index.php\/2022\/12\/30\/play-fm-confirma-encerramento-do-projeto-em-sao-paulo-e-na-rede\/","name":"Play FM confirma encerramento do projeto em S\u00e3o Paulo e na rede - Portal MF","isPartOf":{"@id":"https:\/\/portalmf.com.br\/#website"},"primaryImageOfPage":{"@id":"https:\/\/portalmf.com.br\/index.php\/2022\/12\/30\/play-fm-confirma-encerramento-do-projeto-em-sao-paulo-e-na-rede\/#primaryimage"},"image":{"@id":"https:\/\/portalmf.com.br\/index.php\/2022\/12\/30\/play-fm-confirma-encerramento-do-projeto-em-sao-paulo-e-na-rede\/#primaryimage"},"thumbnailUrl":"https:\/\/portalmf.com.br\/wp-content\/uploads\/2022\/12\/PLAY-FM.jpg","datePublished":"2022-12-30T19:48:12+00:00","dateModified":"2022-12-30T19:48:12+00:00","author":{"@id":"https:\/\/portalmf.com.br\/#\/schema\/person\/9ec101baf56233e53520c26de5d6f6f0"},"breadcrumb":{"@id":"https:\/\/portalmf.com.br\/index.php\/2022\/12\/30\/play-fm-confirma-encerramento-do-projeto-em-sao-paulo-e-na-rede\/#breadcrumb"},"inLanguage":"pt-BR","potentialAction":[{"@type":"ReadAction","target":["https:\/\/portalmf.com.br\/index.php\/2022\/12\/30\/play-fm-confirma-encerramento-do-projeto-em-sao-paulo-e-na-rede\/"]}]},{"@type":"ImageObject","inLanguage":"pt-BR","@id":"https:\/\/portalmf.com.br\/index.php\/2022\/12\/30\/play-fm-confirma-encerramento-do-projeto-em-sao-paulo-e-na-rede\/#primaryimage","url":"https:\/\/portalmf.com.br\/wp-content\/uploads\/2022\/12\/PLAY-FM.jpg","contentUrl":"https:\/\/portalmf.com.br\/wp-content\/uploads\/2022\/12\/PLAY-FM.jpg","width":1079,"height":1079},{"@type":"BreadcrumbList","@id":"https:\/\/portalmf.com.br\/index.php\/2022\/12\/30\/play-fm-confirma-encerramento-do-projeto-em-sao-paulo-e-na-rede\/#breadcrumb","itemListElement":[{"@type":"ListItem","position":1,"name":"In\u00edcio","item":"https:\/\/portalmf.com.br\/"},{"@type":"ListItem","position":2,"name":"Play FM confirma encerramento do projeto em S\u00e3o Paulo e na rede"}]},{"@type":"WebSite","@id":"https:\/\/portalmf.com.br\/#website","url":"https:\/\/portalmf.com.br\/","name":"Portal MF","description":"Voc\u00ea conectado com a informa\u00e7\u00e3o","potentialAction":[{"@type":"SearchAction","target":{"@type":"EntryPoint","urlTemplate":"https:\/\/portalmf.com.br\/?s={search_term_string}"},"query-input":"required name=search_term_string"}],"inLanguage":"pt-BR"},{"@type":"Person","@id":"https:\/\/portalmf.com.br\/#\/schema\/person\/9ec101baf56233e53520c26de5d6f6f0","name":"Reda\u00e7\u00e3o Portal MF","image":{"@type":"ImageObject","inLanguage":"pt-BR","@id":"https:\/\/portalmf.com.br\/#\/schema\/person\/image\/","url":"https:\/\/secure.gravatar.com\/avatar\/41b9aaeb2100835f7c64362330f74c7f?s=96&d=mm&r=g","contentUrl":"https:\/\/secure.gravatar.com\/avatar\/41b9aaeb2100835f7c64362330f74c7f?s=96&d=mm&r=g","caption":"Reda\u00e7\u00e3o Portal MF"},"description":"Sejam bem-vindos o portal de informa\u00e7\u00f5es de entretenimento de Feira de Santana, desde 2006 realiza coberturas dos principais eventos com entrevistas exclusivas com as principais personalidades mundiais. Fique conectado tamb\u00e9m nas redes sociais.","sameAs":["http:\/\/www.portalmf.com.br\/","https:\/\/www.facebook.com\/portalmfoficial","https:\/\/www.instagram.com\/portalmf\/","https:\/\/x.com\/https:\/\/x.com\/portalmfoficial","https:\/\/www.youtube.com\/@portalmfoficial"],"url":"https:\/\/portalmf.com.br\/index.php\/author\/junior\/"}]}},"_links":{"self":[{"href":"https:\/\/portalmf.com.br\/index.php\/wp-json\/wp\/v2\/posts\/7420"}],"collection":[{"href":"https:\/\/portalmf.com.br\/index.php\/wp-json\/wp\/v2\/posts"}],"about":[{"href":"https:\/\/portalmf.com.br\/index.php\/wp-json\/wp\/v2\/types\/post"}],"author":[{"embeddable":true,"href":"https:\/\/portalmf.com.br\/index.php\/wp-json\/wp\/v2\/users\/3"}],"replies":[{"embeddable":true,"href":"https:\/\/portalmf.com.br\/index.php\/wp-json\/wp\/v2\/comments?post=7420"}],"version-history":[{"count":1,"href":"https:\/\/portalmf.com.br\/index.php\/wp-json\/wp\/v2\/posts\/7420\/revisions"}],"predecessor-version":[{"id":7422,"href":"https:\/\/portalmf.com.br\/index.php\/wp-json\/wp\/v2\/posts\/7420\/revisions\/7422"}],"wp:featuredmedia":[{"embeddable":true,"href":"https:\/\/portalmf.com.br\/index.php\/wp-json\/wp\/v2\/media\/7421"}],"wp:attachment":[{"href":"https:\/\/portalmf.com.br\/index.php\/wp-json\/wp\/v2\/media?parent=7420"}],"wp:term":[{"taxonomy":"category","embeddable":true,"href":"https:\/\/portalmf.com.br\/index.php\/wp-json\/wp\/v2\/categories?post=7420"},{"taxonomy":"post_tag","embeddable":true,"href":"https:\/\/portalmf.com.br\/index.php\/wp-json\/wp\/v2\/tags?post=7420"}],"curies":[{"name":"wp","href":"https:\/\/api.w.org\/{rel}","templated":true}]}}