{"id":7411,"date":"2022-12-30T16:42:25","date_gmt":"2022-12-30T19:42:25","guid":{"rendered":"https:\/\/portalmf.com.br\/?p=7411"},"modified":"2022-12-30T16:42:25","modified_gmt":"2022-12-30T19:42:25","slug":"timbalada-confirma-participacao-especial-no-ensaio-da-anitta","status":"publish","type":"post","link":"https:\/\/portalmf.com.br\/index.php\/2022\/12\/30\/timbalada-confirma-participacao-especial-no-ensaio-da-anitta\/","title":{"rendered":"Timbalada confirma participa\u00e7\u00e3o especial no Ensaio da Anitta"},"content":{"rendered":"\n<p>A banda Timbalada acaba de confirmar sua participa\u00e7\u00e3o no Ensaio da Anitta &#8211; tradicional ensaio de ver\u00e3o da cantora carioca, que desembarca em solo baiano no primeiro s\u00e1bado de 2023.<\/p>\n\n\n\n<p>O convite surgiu da poderosa e deixou Denny Denan e Buja Ferreira, l\u00edderes da Timbalada, muito felizes e animados.<\/p>\n\n\n\n<p>\u201cVai ser muito especial dividir o palco com a Anitta, que j\u00e1 se tornou uma refer\u00eancia musical no mundo. Vamos preparar tudo com muito carinho pro p\u00fablico curtir muito o nosso som.\u201d, disse animado, Buja.<\/p>\n\n\n\n<p>J\u00e1 Denny disse que \u201c\u00e9 uma alegria poder levar a hist\u00f3ria e a batida da Timbalada para o palco com a Anitta. Vamos fazer um aquecimento para o nosso ensaio, que acontecer\u00e1 no dia 8, no Candeal.\u201d, comentou o cantor.<\/p>\n\n\n\n<p>A festa acontecer\u00e1 no primeiro s\u00e1bado de 2023, dia 7 de janeiro, no Centro de Conven\u00e7\u00f5es.<\/p>\n","protected":false},"excerpt":{"rendered":"<p>A banda Timbalada acaba de confirmar sua participa\u00e7\u00e3o no Ensaio da Anitta &#8211; tradicional ensaio de ver\u00e3o da cantora carioca, que desembarca em solo baiano no primeiro s\u00e1bado de 2023. O convite surgiu da poderosa e deixou Denny Denan e Buja Ferreira, l\u00edderes da Timbalada, muito felizes e animados. \u201cVai ser muito especial dividir o [&hellip;]<\/p>\n","protected":false},"author":3,"featured_media":4569,"comment_status":"open","ping_status":"open","sticky":false,"template":"","format":"standard","meta":{"_monsterinsights_skip_tracking":false,"_monsterinsights_sitenote_active":false,"_monsterinsights_sitenote_note":"","_monsterinsights_sitenote_category":0,"footnotes":""},"categories":[48,45],"tags":[],"yoast_head":"<!-- This site is optimized with the Yoast SEO plugin v22.9 - https:\/\/yoast.com\/wordpress\/plugins\/seo\/ -->\n<title>Timbalada confirma participa\u00e7\u00e3o especial no Ensaio da Anitta - Portal MF<\/title>\n<meta name=\"robots\" content=\"index, follow, max-snippet:-1, max-image-preview:large, max-video-preview:-1\" \/>\n<link rel=\"canonical\" href=\"https:\/\/portalmf.com.br\/index.php\/2022\/12\/30\/timbalada-confirma-participacao-especial-no-ensaio-da-anitta\/\" \/>\n<meta property=\"og:locale\" content=\"pt_BR\" \/>\n<meta property=\"og:type\" content=\"article\" \/>\n<meta property=\"og:title\" content=\"Timbalada confirma participa\u00e7\u00e3o especial no Ensaio da Anitta - Portal MF\" \/>\n<meta property=\"og:description\" content=\"A banda Timbalada acaba de confirmar sua participa\u00e7\u00e3o no Ensaio da Anitta &#8211; tradicional ensaio de ver\u00e3o da cantora carioca, que desembarca em solo baiano no primeiro s\u00e1bado de 2023. O convite surgiu da poderosa e deixou Denny Denan e Buja Ferreira, l\u00edderes da Timbalada, muito felizes e animados. \u201cVai ser muito especial dividir o [&hellip;]\" \/>\n<meta property=\"og:url\" content=\"https:\/\/portalmf.com.br\/index.php\/2022\/12\/30\/timbalada-confirma-participacao-especial-no-ensaio-da-anitta\/\" \/>\n<meta property=\"og:site_name\" content=\"Portal MF\" \/>\n<meta property=\"article:author\" content=\"https:\/\/www.facebook.com\/portalmfoficial\" \/>\n<meta property=\"article:published_time\" content=\"2022-12-30T19:42:25+00:00\" \/>\n<meta property=\"og:image\" content=\"https:\/\/portalmf.com.br\/wp-content\/uploads\/2022\/09\/TIMBALADA-FOTO.jpeg\" \/>\n\t<meta property=\"og:image:width\" content=\"1275\" \/>\n\t<meta property=\"og:image:height\" content=\"839\" \/>\n\t<meta property=\"og:image:type\" content=\"image\/jpeg\" \/>\n<meta name=\"author\" content=\"Reda\u00e7\u00e3o Portal MF\" \/>\n<meta name=\"twitter:card\" content=\"summary_large_image\" \/>\n<meta name=\"twitter:creator\" content=\"@https:\/\/x.com\/portalmfoficial\" \/>\n<meta name=\"twitter:label1\" content=\"Escrito por\" \/>\n\t<meta name=\"twitter:data1\" content=\"Reda\u00e7\u00e3o Portal MF\" \/>\n\t<meta name=\"twitter:label2\" content=\"Est. tempo de leitura\" \/>\n\t<meta name=\"twitter:data2\" content=\"1 minuto\" \/>\n<script type=\"application\/ld+json\" class=\"yoast-schema-graph\">{\"@context\":\"https:\/\/schema.org\",\"@graph\":[{\"@type\":\"WebPage\",\"@id\":\"https:\/\/portalmf.com.br\/index.php\/2022\/12\/30\/timbalada-confirma-participacao-especial-no-ensaio-da-anitta\/\",\"url\":\"https:\/\/portalmf.com.br\/index.php\/2022\/12\/30\/timbalada-confirma-participacao-especial-no-ensaio-da-anitta\/\",\"name\":\"Timbalada confirma participa\u00e7\u00e3o especial no Ensaio da Anitta - Portal MF\",\"isPartOf\":{\"@id\":\"https:\/\/portalmf.com.br\/#website\"},\"primaryImageOfPage\":{\"@id\":\"https:\/\/portalmf.com.br\/index.php\/2022\/12\/30\/timbalada-confirma-participacao-especial-no-ensaio-da-anitta\/#primaryimage\"},\"image\":{\"@id\":\"https:\/\/portalmf.com.br\/index.php\/2022\/12\/30\/timbalada-confirma-participacao-especial-no-ensaio-da-anitta\/#primaryimage\"},\"thumbnailUrl\":\"https:\/\/portalmf.com.br\/wp-content\/uploads\/2022\/09\/TIMBALADA-FOTO.jpeg\",\"datePublished\":\"2022-12-30T19:42:25+00:00\",\"dateModified\":\"2022-12-30T19:42:25+00:00\",\"author\":{\"@id\":\"https:\/\/portalmf.com.br\/#\/schema\/person\/9ec101baf56233e53520c26de5d6f6f0\"},\"breadcrumb\":{\"@id\":\"https:\/\/portalmf.com.br\/index.php\/2022\/12\/30\/timbalada-confirma-participacao-especial-no-ensaio-da-anitta\/#breadcrumb\"},\"inLanguage\":\"pt-BR\",\"potentialAction\":[{\"@type\":\"ReadAction\",\"target\":[\"https:\/\/portalmf.com.br\/index.php\/2022\/12\/30\/timbalada-confirma-participacao-especial-no-ensaio-da-anitta\/\"]}]},{\"@type\":\"ImageObject\",\"inLanguage\":\"pt-BR\",\"@id\":\"https:\/\/portalmf.com.br\/index.php\/2022\/12\/30\/timbalada-confirma-participacao-especial-no-ensaio-da-anitta\/#primaryimage\",\"url\":\"https:\/\/portalmf.com.br\/wp-content\/uploads\/2022\/09\/TIMBALADA-FOTO.jpeg\",\"contentUrl\":\"https:\/\/portalmf.com.br\/wp-content\/uploads\/2022\/09\/TIMBALADA-FOTO.jpeg\",\"width\":1275,\"height\":839},{\"@type\":\"BreadcrumbList\",\"@id\":\"https:\/\/portalmf.com.br\/index.php\/2022\/12\/30\/timbalada-confirma-participacao-especial-no-ensaio-da-anitta\/#breadcrumb\",\"itemListElement\":[{\"@type\":\"ListItem\",\"position\":1,\"name\":\"In\u00edcio\",\"item\":\"https:\/\/portalmf.com.br\/\"},{\"@type\":\"ListItem\",\"position\":2,\"name\":\"Timbalada confirma participa\u00e7\u00e3o especial no Ensaio da Anitta\"}]},{\"@type\":\"WebSite\",\"@id\":\"https:\/\/portalmf.com.br\/#website\",\"url\":\"https:\/\/portalmf.com.br\/\",\"name\":\"Portal MF\",\"description\":\"Voc\u00ea conectado com a informa\u00e7\u00e3o\",\"potentialAction\":[{\"@type\":\"SearchAction\",\"target\":{\"@type\":\"EntryPoint\",\"urlTemplate\":\"https:\/\/portalmf.com.br\/?s={search_term_string}\"},\"query-input\":\"required name=search_term_string\"}],\"inLanguage\":\"pt-BR\"},{\"@type\":\"Person\",\"@id\":\"https:\/\/portalmf.com.br\/#\/schema\/person\/9ec101baf56233e53520c26de5d6f6f0\",\"name\":\"Reda\u00e7\u00e3o Portal MF\",\"image\":{\"@type\":\"ImageObject\",\"inLanguage\":\"pt-BR\",\"@id\":\"https:\/\/portalmf.com.br\/#\/schema\/person\/image\/\",\"url\":\"https:\/\/secure.gravatar.com\/avatar\/41b9aaeb2100835f7c64362330f74c7f?s=96&d=mm&r=g\",\"contentUrl\":\"https:\/\/secure.gravatar.com\/avatar\/41b9aaeb2100835f7c64362330f74c7f?s=96&d=mm&r=g\",\"caption\":\"Reda\u00e7\u00e3o Portal MF\"},\"description\":\"Sejam bem-vindos o portal de informa\u00e7\u00f5es de entretenimento de Feira de Santana, desde 2006 realiza coberturas dos principais eventos com entrevistas exclusivas com as principais personalidades mundiais. Fique conectado tamb\u00e9m nas redes sociais.\",\"sameAs\":[\"http:\/\/www.portalmf.com.br\/\",\"https:\/\/www.facebook.com\/portalmfoficial\",\"https:\/\/www.instagram.com\/portalmf\/\",\"https:\/\/x.com\/https:\/\/x.com\/portalmfoficial\",\"https:\/\/www.youtube.com\/@portalmfoficial\"],\"url\":\"https:\/\/portalmf.com.br\/index.php\/author\/junior\/\"}]}<\/script>\n<!-- \/ Yoast SEO plugin. -->","yoast_head_json":{"title":"Timbalada confirma participa\u00e7\u00e3o especial no Ensaio da Anitta - Portal MF","robots":{"index":"index","follow":"follow","max-snippet":"max-snippet:-1","max-image-preview":"max-image-preview:large","max-video-preview":"max-video-preview:-1"},"canonical":"https:\/\/portalmf.com.br\/index.php\/2022\/12\/30\/timbalada-confirma-participacao-especial-no-ensaio-da-anitta\/","og_locale":"pt_BR","og_type":"article","og_title":"Timbalada confirma participa\u00e7\u00e3o especial no Ensaio da Anitta - Portal MF","og_description":"A banda Timbalada acaba de confirmar sua participa\u00e7\u00e3o no Ensaio da Anitta &#8211; tradicional ensaio de ver\u00e3o da cantora carioca, que desembarca em solo baiano no primeiro s\u00e1bado de 2023. O convite surgiu da poderosa e deixou Denny Denan e Buja Ferreira, l\u00edderes da Timbalada, muito felizes e animados. \u201cVai ser muito especial dividir o [&hellip;]","og_url":"https:\/\/portalmf.com.br\/index.php\/2022\/12\/30\/timbalada-confirma-participacao-especial-no-ensaio-da-anitta\/","og_site_name":"Portal MF","article_author":"https:\/\/www.facebook.com\/portalmfoficial","article_published_time":"2022-12-30T19:42:25+00:00","og_image":[{"width":1275,"height":839,"url":"https:\/\/portalmf.com.br\/wp-content\/uploads\/2022\/09\/TIMBALADA-FOTO.jpeg","type":"image\/jpeg"}],"author":"Reda\u00e7\u00e3o Portal MF","twitter_card":"summary_large_image","twitter_creator":"@https:\/\/x.com\/portalmfoficial","twitter_misc":{"Escrito por":"Reda\u00e7\u00e3o Portal MF","Est. tempo de leitura":"1 minuto"},"schema":{"@context":"https:\/\/schema.org","@graph":[{"@type":"WebPage","@id":"https:\/\/portalmf.com.br\/index.php\/2022\/12\/30\/timbalada-confirma-participacao-especial-no-ensaio-da-anitta\/","url":"https:\/\/portalmf.com.br\/index.php\/2022\/12\/30\/timbalada-confirma-participacao-especial-no-ensaio-da-anitta\/","name":"Timbalada confirma participa\u00e7\u00e3o especial no Ensaio da Anitta - Portal MF","isPartOf":{"@id":"https:\/\/portalmf.com.br\/#website"},"primaryImageOfPage":{"@id":"https:\/\/portalmf.com.br\/index.php\/2022\/12\/30\/timbalada-confirma-participacao-especial-no-ensaio-da-anitta\/#primaryimage"},"image":{"@id":"https:\/\/portalmf.com.br\/index.php\/2022\/12\/30\/timbalada-confirma-participacao-especial-no-ensaio-da-anitta\/#primaryimage"},"thumbnailUrl":"https:\/\/portalmf.com.br\/wp-content\/uploads\/2022\/09\/TIMBALADA-FOTO.jpeg","datePublished":"2022-12-30T19:42:25+00:00","dateModified":"2022-12-30T19:42:25+00:00","author":{"@id":"https:\/\/portalmf.com.br\/#\/schema\/person\/9ec101baf56233e53520c26de5d6f6f0"},"breadcrumb":{"@id":"https:\/\/portalmf.com.br\/index.php\/2022\/12\/30\/timbalada-confirma-participacao-especial-no-ensaio-da-anitta\/#breadcrumb"},"inLanguage":"pt-BR","potentialAction":[{"@type":"ReadAction","target":["https:\/\/portalmf.com.br\/index.php\/2022\/12\/30\/timbalada-confirma-participacao-especial-no-ensaio-da-anitta\/"]}]},{"@type":"ImageObject","inLanguage":"pt-BR","@id":"https:\/\/portalmf.com.br\/index.php\/2022\/12\/30\/timbalada-confirma-participacao-especial-no-ensaio-da-anitta\/#primaryimage","url":"https:\/\/portalmf.com.br\/wp-content\/uploads\/2022\/09\/TIMBALADA-FOTO.jpeg","contentUrl":"https:\/\/portalmf.com.br\/wp-content\/uploads\/2022\/09\/TIMBALADA-FOTO.jpeg","width":1275,"height":839},{"@type":"BreadcrumbList","@id":"https:\/\/portalmf.com.br\/index.php\/2022\/12\/30\/timbalada-confirma-participacao-especial-no-ensaio-da-anitta\/#breadcrumb","itemListElement":[{"@type":"ListItem","position":1,"name":"In\u00edcio","item":"https:\/\/portalmf.com.br\/"},{"@type":"ListItem","position":2,"name":"Timbalada confirma participa\u00e7\u00e3o especial no Ensaio da Anitta"}]},{"@type":"WebSite","@id":"https:\/\/portalmf.com.br\/#website","url":"https:\/\/portalmf.com.br\/","name":"Portal MF","description":"Voc\u00ea conectado com a informa\u00e7\u00e3o","potentialAction":[{"@type":"SearchAction","target":{"@type":"EntryPoint","urlTemplate":"https:\/\/portalmf.com.br\/?s={search_term_string}"},"query-input":"required name=search_term_string"}],"inLanguage":"pt-BR"},{"@type":"Person","@id":"https:\/\/portalmf.com.br\/#\/schema\/person\/9ec101baf56233e53520c26de5d6f6f0","name":"Reda\u00e7\u00e3o Portal MF","image":{"@type":"ImageObject","inLanguage":"pt-BR","@id":"https:\/\/portalmf.com.br\/#\/schema\/person\/image\/","url":"https:\/\/secure.gravatar.com\/avatar\/41b9aaeb2100835f7c64362330f74c7f?s=96&d=mm&r=g","contentUrl":"https:\/\/secure.gravatar.com\/avatar\/41b9aaeb2100835f7c64362330f74c7f?s=96&d=mm&r=g","caption":"Reda\u00e7\u00e3o Portal MF"},"description":"Sejam bem-vindos o portal de informa\u00e7\u00f5es de entretenimento de Feira de Santana, desde 2006 realiza coberturas dos principais eventos com entrevistas exclusivas com as principais personalidades mundiais. Fique conectado tamb\u00e9m nas redes sociais.","sameAs":["http:\/\/www.portalmf.com.br\/","https:\/\/www.facebook.com\/portalmfoficial","https:\/\/www.instagram.com\/portalmf\/","https:\/\/x.com\/https:\/\/x.com\/portalmfoficial","https:\/\/www.youtube.com\/@portalmfoficial"],"url":"https:\/\/portalmf.com.br\/index.php\/author\/junior\/"}]}},"_links":{"self":[{"href":"https:\/\/portalmf.com.br\/index.php\/wp-json\/wp\/v2\/posts\/7411"}],"collection":[{"href":"https:\/\/portalmf.com.br\/index.php\/wp-json\/wp\/v2\/posts"}],"about":[{"href":"https:\/\/portalmf.com.br\/index.php\/wp-json\/wp\/v2\/types\/post"}],"author":[{"embeddable":true,"href":"https:\/\/portalmf.com.br\/index.php\/wp-json\/wp\/v2\/users\/3"}],"replies":[{"embeddable":true,"href":"https:\/\/portalmf.com.br\/index.php\/wp-json\/wp\/v2\/comments?post=7411"}],"version-history":[{"count":1,"href":"https:\/\/portalmf.com.br\/index.php\/wp-json\/wp\/v2\/posts\/7411\/revisions"}],"predecessor-version":[{"id":7412,"href":"https:\/\/portalmf.com.br\/index.php\/wp-json\/wp\/v2\/posts\/7411\/revisions\/7412"}],"wp:featuredmedia":[{"embeddable":true,"href":"https:\/\/portalmf.com.br\/index.php\/wp-json\/wp\/v2\/media\/4569"}],"wp:attachment":[{"href":"https:\/\/portalmf.com.br\/index.php\/wp-json\/wp\/v2\/media?parent=7411"}],"wp:term":[{"taxonomy":"category","embeddable":true,"href":"https:\/\/portalmf.com.br\/index.php\/wp-json\/wp\/v2\/categories?post=7411"},{"taxonomy":"post_tag","embeddable":true,"href":"https:\/\/portalmf.com.br\/index.php\/wp-json\/wp\/v2\/tags?post=7411"}],"curies":[{"name":"wp","href":"https:\/\/api.w.org\/{rel}","templated":true}]}}