{"id":7408,"date":"2022-12-30T10:32:00","date_gmt":"2022-12-30T13:32:00","guid":{"rendered":"https:\/\/portalmf.com.br\/?p=7408"},"modified":"2022-12-30T16:39:44","modified_gmt":"2022-12-30T19:39:44","slug":"mortes-de-famosos-em-2022-abalaram-o-pais","status":"publish","type":"post","link":"https:\/\/portalmf.com.br\/index.php\/2022\/12\/30\/mortes-de-famosos-em-2022-abalaram-o-pais\/","title":{"rendered":"Mortes de famosos em 2022 abalaram o pa\u00eds"},"content":{"rendered":"\n<p>2022 trouxe grandes perdas para o Brasil e o restante do mundo. O fim do ano foi marcado pela morte de Pel\u00e9, consagrado como o Rei do Futebol. O ex-atleta morreu na tarde do dia 29 de dezembro, ap\u00f3s um m\u00eas internado para tratamento de um c\u00e2ncer no c\u00f3lon.<\/p>\n\n\n\n<p>Pel\u00e9 foi internado no hospital Albert Einstein, em S\u00e3o Paulo, para tratar uma infec\u00e7\u00e3o respirat\u00f3ria, consequ\u00eancia da Covid-19, e, tamb\u00e9m, para avalia\u00e7\u00e3o do quadro do c\u00e2ncer. O craque passou os \u00faltimos dias de vida rodeado dos filhos e netos.<\/p>\n\n\n\n<p><strong>EX-JOGADORA DE V\u00d4LEI ISABEL SALGADO<\/strong><\/p>\n\n\n\n<p>A ex-atleta de v\u00f4lei Isabel Salgado morreu aos 62 anos em 16 de novembro. A Isabel do V\u00f4lei, como era conhecida, morreu no hospital S\u00edrio-Liban\u00eas em S\u00e3o Paulo e a causa da morte n\u00e3o foi divulgada. A morte do \u00edcone do v\u00f4lei foi confirmada por Paula Barreto atrav\u00e9s de uma troca de mensagens.<\/p>\n\n\n\n<p><strong>ERASMO CARLOS<\/strong><\/p>\n\n\n\n<p>Erasmo Carlos faleceu aos 81 anos em 22 de novembro de 2022, dias ap\u00f3s deixar o hospital onde estava internado no Rio de Janeiro. A causa da morte do m\u00fasico que marcou uma gera\u00e7\u00e3o e ganhou o Grammy Latino de &#8220;Melhor \u00c1lbum de Rock ou M\u00fasica Alternativa&#8221; foi revelada dias depois.<\/p>\n\n\n\n<p><strong>GAL COSTA E ROLANDO BOLDIN<\/strong><\/p>\n\n\n\n<p>A cantora Gal Costa morreu aos 77 anos em 9 de novembro. A artista foi uma das maiores int\u00e9rpretes da MPB e estava afastada dos palcos desde setembro. No mesmo dia, aos 86 anos morreu o ator, cantor e apresentador Rolando Boldrin, que comandava o &#8220;Sr.Brasil&#8221; na TV Cultura desde 2005.<\/p>\n\n\n\n<p>O artista teve passagens pela Globo, Record, Gazeta, Tupi e Bandeirantes ao longo da carreira, sendo o primeiro comandante do &#8220;Som Brasil&#8221; e atuando em novelas como &#8220;Os Imigrantes&#8221; (1981).<\/p>\n\n\n\n<p><strong>SUSANA NASPOLINI, REP\u00d3RTER DA GLOBO<\/strong><\/p>\n\n\n\n<p>Em 25 de outubro, aos 49 anos, morreu a jornalista Susana Naspolini. Ga\u00facha de Crici\u00fama, a rep\u00f3rter do &#8220;RJTV&#8221; enfrentava um novo c\u00e2ncer, o sexto, dessa vez na bacia.<\/p>\n\n\n\n<p><strong>RAINHA ELIZABETH MORRE AOS 96 ANOS<\/strong><\/p>\n\n\n\n<p>J\u00e1 a Rainha Elizabeth II morreu aos 96 anos em um castelo da Esc\u00f3cia encerrando um reinado de 70 anos, o mais longo do Reino Unido. Com sua morte, o filho mais velho, Charles, assumiu o trono brit\u00e2nico.<\/p>\n\n\n\n<p><strong>ELZA SOARES MORREU EM JANEIRO DE 2022<\/strong><\/p>\n\n\n\n<p>Em janeiro, Elza Soares morreu aos 91 anos no dia 20 de causas naturais. Chamou a coincid\u00eancia que seu ex-marido, o craque Garrincha, tamb\u00e9m faleceu no mesmo dia e m\u00eas, mas de 1983. A cantora, uma das maiores do pa\u00eds, pressentiu a morte horas antes de nos deixar.<\/p>\n\n\n\n<p><strong>J\u00d4 SOARES E CLAUDIA JIMENEZ: AS PERDAS MARCANTES DO HUMOR EM 2022<\/strong><\/p>\n\n\n\n<p>J\u00f4 Soares morreu em 5 de agosto aos 84 anos de causas n\u00e3o divulgadas ap\u00f3s oito dias de interna\u00e7\u00e3o. Na carreira de aproximadamente 60 anos de carreira, atuou, escreveu e fez mais de 14 mil entrevistas em seus programas no SBT e Globo, entre 1988 e 2016.<\/p>\n\n\n\n<p>Quinze dias depois, adeus a Claudia Jimenez, a eterna dona Cacilda da &#8220;Escolinha do Professor Raimundo&#8221;. A artista que tamb\u00e9m foi a Edileusa do &#8220;Sai de Baixo&#8221; morreu aos 63 anos de insufici\u00eancia card\u00edaca. Ao longo de 2022, tamb\u00e9m demos adeus a Ivan Gomes (o Bator\u00e9 de &#8220;A Pra\u00e7a \u00e9 Nossa&#8221;), N\u00e1dia Carvalho (a Santinha Pureza da &#8220;Escolinha do Professor Raimundo&#8221;), Isaac Bardavid (que tamb\u00e9m foi dublador), Rubens Carib\u00e9 e ao diretor Reynaldo Boury.<\/p>\n\n\n\n<p><strong>MUNDO DAS NOVELAS PERDEU MILTON GON\u00c7ALVES, PEDRO PAULO RANGEL E FRAN\u00c7OISE FORTON<\/strong><\/p>\n\n\n\n<p>Outro \u00edcone que saiu de cena foi Milton Gon\u00e7alves, aos 88 anos em 30 de maio. O artista foi v\u00edtima de complica\u00e7\u00f5es de um AVC, sofrido em 2020. Um dos primeiros contratados da Globo, o ator chegou a ser indicado ao Emmy Internacional e acumulou incont\u00e1veis trabalhos na TV e cinema, al\u00e9m de ter sido expoente do movimento negro e candidato ao governo do Rio.<\/p>\n\n\n\n<p>Outras perdas marcantes foram das atrizes Fran\u00e7oise Forton, Helena Xavier, Suzana Faini, Marilu Bueno e M\u00e1rcia Frandeini, dos jornalistas Danuza Le\u00e3o, Alberico Santa Cruz (ex-diretor de jornalismo da Globo), Arnaldo Jabor e T\u00e3o Gomes Pinto, do cineasta Breno Silveira, respons\u00e1vel por levar para o cinema a hist\u00f3ria de Zez\u00e9 Di Camargo e Luciano, &#8220;Dois Filhos de Francisco&#8221;, e da porta-bandeira e \u00edcone do carnaval do Rio Maria Helena, da Imperatriz Leopoldinense.<\/p>\n\n\n\n<p>\u00cdcone de programas de humor e das novelas, Pedro Paulo Rangel morreu aos 74 anos na madrugada de 21 de dezembro. O ator estava internado no CTI da Casa de Sa\u00fade S\u00e3o Jos\u00e9, no Rio de Janeiro, para tratar o quadro de enfisema pulmonar e chegou a ser intubado. Com passagens marcantes pela televis\u00e3o, Pedro Paulo Rangel participou do elenco de grandes novelas como &#8220;Gabriela&#8221;, &#8220;Saramandaia&#8221;, &#8220;O Cravo e a Rosa&#8221;, &#8220;Bel\u00edssima&#8221;, &#8220;Vale Tudo&#8221; e &#8220;TV Pirata&#8221;.<\/p>\n\n\n\n<p><strong>MORTES INTERNACIONAIS<\/strong><\/p>\n\n\n\n<p>Entre os famosos internacionais, o p\u00fablico foi impactado com o an\u00fancio da morte da atriz Kirstie Alley, protagonista da sequ\u00eancia de filmes &#8220;Olha Quem Est\u00e1 Falando&#8221;. A artista morreu aos 71 anos em 05 de dezembro, ap\u00f3s uma luta contra o c\u00e2ncer descoberto recentemente.<\/p>\n\n\n\n<p>Kirstie atuou ao lado de John Travolta em &#8220;Olha Quem Est\u00e1 Falando&#8221; (1989), &#8220;Olha Quem Est\u00e1 Falando Agora&#8221; (1990) e &#8220;Olha Quem Est\u00e1 Falando Tamb\u00e9m&#8221; (1993).<\/p>\n\n\n\n<p><strong>M\u00daSICA PERDEU AINDA PAULINHA ABELHA E SERTANEJO ALEKSANDRO<\/strong><\/p>\n\n\n\n<p>Em 23 de fevereiro, aos 43 anos, a cantora Paulinha Abelha, vocalista do Calcinha Preta, n\u00e3o resistiu a complica\u00e7\u00f5es de um problema renal, que a levaram para o hospital o dia 11 daquele m\u00eas. Seis dias depois a artista entrou em coma.<\/p>\n\n\n\n<p>Cerca de um m\u00eas mais tarde (25 de mar\u00e7o), o baterista do Foo Fighters, Taylor Hawkins foi encontrado morto em hotel da Col\u00f4mbia aos 50 anos. J\u00e1 em 9 de maio, seis pessoas morreram em acidente de \u00f4nibus na rodovia R\u00e9gis Bittencourt. Entre eles, o sertanejo Aleksandro, dupla de Conrado. A m\u00fasica tamb\u00e9m perdeu Roberto Luna e Gilson de Souza.<\/p>\n\n\n\n<p>Fonte: Purepeople<\/p>\n","protected":false},"excerpt":{"rendered":"<p>2022 trouxe grandes perdas para o Brasil e o restante do mundo. O fim do ano foi marcado pela morte de Pel\u00e9, consagrado como o Rei do Futebol. O ex-atleta morreu na tarde do dia 29 de dezembro, ap\u00f3s um m\u00eas internado para tratamento de um c\u00e2ncer no c\u00f3lon. Pel\u00e9 foi internado no hospital Albert [&hellip;]<\/p>\n","protected":false},"author":3,"featured_media":7409,"comment_status":"open","ping_status":"open","sticky":false,"template":"","format":"standard","meta":{"_monsterinsights_skip_tracking":false,"_monsterinsights_sitenote_active":false,"_monsterinsights_sitenote_note":"","_monsterinsights_sitenote_category":0,"footnotes":""},"categories":[47,35],"tags":[],"yoast_head":"<!-- This site is optimized with the Yoast SEO plugin v22.9 - https:\/\/yoast.com\/wordpress\/plugins\/seo\/ -->\n<title>Mortes de famosos em 2022 abalaram o pa\u00eds - Portal MF<\/title>\n<meta name=\"robots\" content=\"index, follow, max-snippet:-1, max-image-preview:large, max-video-preview:-1\" \/>\n<link rel=\"canonical\" href=\"https:\/\/portalmf.com.br\/index.php\/2022\/12\/30\/mortes-de-famosos-em-2022-abalaram-o-pais\/\" \/>\n<meta property=\"og:locale\" content=\"pt_BR\" \/>\n<meta property=\"og:type\" content=\"article\" \/>\n<meta property=\"og:title\" content=\"Mortes de famosos em 2022 abalaram o pa\u00eds - Portal MF\" \/>\n<meta property=\"og:description\" content=\"2022 trouxe grandes perdas para o Brasil e o restante do mundo. O fim do ano foi marcado pela morte de Pel\u00e9, consagrado como o Rei do Futebol. O ex-atleta morreu na tarde do dia 29 de dezembro, ap\u00f3s um m\u00eas internado para tratamento de um c\u00e2ncer no c\u00f3lon. Pel\u00e9 foi internado no hospital Albert [&hellip;]\" \/>\n<meta property=\"og:url\" content=\"https:\/\/portalmf.com.br\/index.php\/2022\/12\/30\/mortes-de-famosos-em-2022-abalaram-o-pais\/\" \/>\n<meta property=\"og:site_name\" content=\"Portal MF\" \/>\n<meta property=\"article:author\" content=\"https:\/\/www.facebook.com\/portalmfoficial\" \/>\n<meta property=\"article:published_time\" content=\"2022-12-30T13:32:00+00:00\" \/>\n<meta property=\"article:modified_time\" content=\"2022-12-30T19:39:44+00:00\" \/>\n<meta property=\"og:image\" content=\"https:\/\/portalmf.com.br\/wp-content\/uploads\/2022\/12\/foto_mortesde2022_famosos.jpg\" \/>\n\t<meta property=\"og:image:width\" content=\"800\" \/>\n\t<meta property=\"og:image:height\" content=\"400\" \/>\n\t<meta property=\"og:image:type\" content=\"image\/jpeg\" \/>\n<meta name=\"author\" content=\"Reda\u00e7\u00e3o Portal MF\" \/>\n<meta name=\"twitter:card\" content=\"summary_large_image\" \/>\n<meta name=\"twitter:creator\" content=\"@https:\/\/x.com\/portalmfoficial\" \/>\n<meta name=\"twitter:label1\" content=\"Escrito por\" \/>\n\t<meta name=\"twitter:data1\" content=\"Reda\u00e7\u00e3o Portal MF\" \/>\n\t<meta name=\"twitter:label2\" content=\"Est. tempo de leitura\" \/>\n\t<meta name=\"twitter:data2\" content=\"6 minutos\" \/>\n<script type=\"application\/ld+json\" class=\"yoast-schema-graph\">{\"@context\":\"https:\/\/schema.org\",\"@graph\":[{\"@type\":\"WebPage\",\"@id\":\"https:\/\/portalmf.com.br\/index.php\/2022\/12\/30\/mortes-de-famosos-em-2022-abalaram-o-pais\/\",\"url\":\"https:\/\/portalmf.com.br\/index.php\/2022\/12\/30\/mortes-de-famosos-em-2022-abalaram-o-pais\/\",\"name\":\"Mortes de famosos em 2022 abalaram o pa\u00eds - Portal MF\",\"isPartOf\":{\"@id\":\"https:\/\/portalmf.com.br\/#website\"},\"primaryImageOfPage\":{\"@id\":\"https:\/\/portalmf.com.br\/index.php\/2022\/12\/30\/mortes-de-famosos-em-2022-abalaram-o-pais\/#primaryimage\"},\"image\":{\"@id\":\"https:\/\/portalmf.com.br\/index.php\/2022\/12\/30\/mortes-de-famosos-em-2022-abalaram-o-pais\/#primaryimage\"},\"thumbnailUrl\":\"https:\/\/portalmf.com.br\/wp-content\/uploads\/2022\/12\/foto_mortesde2022_famosos.jpg\",\"datePublished\":\"2022-12-30T13:32:00+00:00\",\"dateModified\":\"2022-12-30T19:39:44+00:00\",\"author\":{\"@id\":\"https:\/\/portalmf.com.br\/#\/schema\/person\/9ec101baf56233e53520c26de5d6f6f0\"},\"breadcrumb\":{\"@id\":\"https:\/\/portalmf.com.br\/index.php\/2022\/12\/30\/mortes-de-famosos-em-2022-abalaram-o-pais\/#breadcrumb\"},\"inLanguage\":\"pt-BR\",\"potentialAction\":[{\"@type\":\"ReadAction\",\"target\":[\"https:\/\/portalmf.com.br\/index.php\/2022\/12\/30\/mortes-de-famosos-em-2022-abalaram-o-pais\/\"]}]},{\"@type\":\"ImageObject\",\"inLanguage\":\"pt-BR\",\"@id\":\"https:\/\/portalmf.com.br\/index.php\/2022\/12\/30\/mortes-de-famosos-em-2022-abalaram-o-pais\/#primaryimage\",\"url\":\"https:\/\/portalmf.com.br\/wp-content\/uploads\/2022\/12\/foto_mortesde2022_famosos.jpg\",\"contentUrl\":\"https:\/\/portalmf.com.br\/wp-content\/uploads\/2022\/12\/foto_mortesde2022_famosos.jpg\",\"width\":800,\"height\":400},{\"@type\":\"BreadcrumbList\",\"@id\":\"https:\/\/portalmf.com.br\/index.php\/2022\/12\/30\/mortes-de-famosos-em-2022-abalaram-o-pais\/#breadcrumb\",\"itemListElement\":[{\"@type\":\"ListItem\",\"position\":1,\"name\":\"In\u00edcio\",\"item\":\"https:\/\/portalmf.com.br\/\"},{\"@type\":\"ListItem\",\"position\":2,\"name\":\"Mortes de famosos em 2022 abalaram o pa\u00eds\"}]},{\"@type\":\"WebSite\",\"@id\":\"https:\/\/portalmf.com.br\/#website\",\"url\":\"https:\/\/portalmf.com.br\/\",\"name\":\"Portal MF\",\"description\":\"Voc\u00ea conectado com a informa\u00e7\u00e3o\",\"potentialAction\":[{\"@type\":\"SearchAction\",\"target\":{\"@type\":\"EntryPoint\",\"urlTemplate\":\"https:\/\/portalmf.com.br\/?s={search_term_string}\"},\"query-input\":\"required name=search_term_string\"}],\"inLanguage\":\"pt-BR\"},{\"@type\":\"Person\",\"@id\":\"https:\/\/portalmf.com.br\/#\/schema\/person\/9ec101baf56233e53520c26de5d6f6f0\",\"name\":\"Reda\u00e7\u00e3o Portal MF\",\"image\":{\"@type\":\"ImageObject\",\"inLanguage\":\"pt-BR\",\"@id\":\"https:\/\/portalmf.com.br\/#\/schema\/person\/image\/\",\"url\":\"https:\/\/secure.gravatar.com\/avatar\/41b9aaeb2100835f7c64362330f74c7f?s=96&d=mm&r=g\",\"contentUrl\":\"https:\/\/secure.gravatar.com\/avatar\/41b9aaeb2100835f7c64362330f74c7f?s=96&d=mm&r=g\",\"caption\":\"Reda\u00e7\u00e3o Portal MF\"},\"description\":\"Sejam bem-vindos o portal de informa\u00e7\u00f5es de entretenimento de Feira de Santana, desde 2006 realiza coberturas dos principais eventos com entrevistas exclusivas com as principais personalidades mundiais. Fique conectado tamb\u00e9m nas redes sociais.\",\"sameAs\":[\"http:\/\/www.portalmf.com.br\/\",\"https:\/\/www.facebook.com\/portalmfoficial\",\"https:\/\/www.instagram.com\/portalmf\/\",\"https:\/\/x.com\/https:\/\/x.com\/portalmfoficial\",\"https:\/\/www.youtube.com\/@portalmfoficial\"],\"url\":\"https:\/\/portalmf.com.br\/index.php\/author\/junior\/\"}]}<\/script>\n<!-- \/ Yoast SEO plugin. -->","yoast_head_json":{"title":"Mortes de famosos em 2022 abalaram o pa\u00eds - Portal MF","robots":{"index":"index","follow":"follow","max-snippet":"max-snippet:-1","max-image-preview":"max-image-preview:large","max-video-preview":"max-video-preview:-1"},"canonical":"https:\/\/portalmf.com.br\/index.php\/2022\/12\/30\/mortes-de-famosos-em-2022-abalaram-o-pais\/","og_locale":"pt_BR","og_type":"article","og_title":"Mortes de famosos em 2022 abalaram o pa\u00eds - Portal MF","og_description":"2022 trouxe grandes perdas para o Brasil e o restante do mundo. O fim do ano foi marcado pela morte de Pel\u00e9, consagrado como o Rei do Futebol. O ex-atleta morreu na tarde do dia 29 de dezembro, ap\u00f3s um m\u00eas internado para tratamento de um c\u00e2ncer no c\u00f3lon. Pel\u00e9 foi internado no hospital Albert [&hellip;]","og_url":"https:\/\/portalmf.com.br\/index.php\/2022\/12\/30\/mortes-de-famosos-em-2022-abalaram-o-pais\/","og_site_name":"Portal MF","article_author":"https:\/\/www.facebook.com\/portalmfoficial","article_published_time":"2022-12-30T13:32:00+00:00","article_modified_time":"2022-12-30T19:39:44+00:00","og_image":[{"width":800,"height":400,"url":"https:\/\/portalmf.com.br\/wp-content\/uploads\/2022\/12\/foto_mortesde2022_famosos.jpg","type":"image\/jpeg"}],"author":"Reda\u00e7\u00e3o Portal MF","twitter_card":"summary_large_image","twitter_creator":"@https:\/\/x.com\/portalmfoficial","twitter_misc":{"Escrito por":"Reda\u00e7\u00e3o Portal MF","Est. tempo de leitura":"6 minutos"},"schema":{"@context":"https:\/\/schema.org","@graph":[{"@type":"WebPage","@id":"https:\/\/portalmf.com.br\/index.php\/2022\/12\/30\/mortes-de-famosos-em-2022-abalaram-o-pais\/","url":"https:\/\/portalmf.com.br\/index.php\/2022\/12\/30\/mortes-de-famosos-em-2022-abalaram-o-pais\/","name":"Mortes de famosos em 2022 abalaram o pa\u00eds - Portal MF","isPartOf":{"@id":"https:\/\/portalmf.com.br\/#website"},"primaryImageOfPage":{"@id":"https:\/\/portalmf.com.br\/index.php\/2022\/12\/30\/mortes-de-famosos-em-2022-abalaram-o-pais\/#primaryimage"},"image":{"@id":"https:\/\/portalmf.com.br\/index.php\/2022\/12\/30\/mortes-de-famosos-em-2022-abalaram-o-pais\/#primaryimage"},"thumbnailUrl":"https:\/\/portalmf.com.br\/wp-content\/uploads\/2022\/12\/foto_mortesde2022_famosos.jpg","datePublished":"2022-12-30T13:32:00+00:00","dateModified":"2022-12-30T19:39:44+00:00","author":{"@id":"https:\/\/portalmf.com.br\/#\/schema\/person\/9ec101baf56233e53520c26de5d6f6f0"},"breadcrumb":{"@id":"https:\/\/portalmf.com.br\/index.php\/2022\/12\/30\/mortes-de-famosos-em-2022-abalaram-o-pais\/#breadcrumb"},"inLanguage":"pt-BR","potentialAction":[{"@type":"ReadAction","target":["https:\/\/portalmf.com.br\/index.php\/2022\/12\/30\/mortes-de-famosos-em-2022-abalaram-o-pais\/"]}]},{"@type":"ImageObject","inLanguage":"pt-BR","@id":"https:\/\/portalmf.com.br\/index.php\/2022\/12\/30\/mortes-de-famosos-em-2022-abalaram-o-pais\/#primaryimage","url":"https:\/\/portalmf.com.br\/wp-content\/uploads\/2022\/12\/foto_mortesde2022_famosos.jpg","contentUrl":"https:\/\/portalmf.com.br\/wp-content\/uploads\/2022\/12\/foto_mortesde2022_famosos.jpg","width":800,"height":400},{"@type":"BreadcrumbList","@id":"https:\/\/portalmf.com.br\/index.php\/2022\/12\/30\/mortes-de-famosos-em-2022-abalaram-o-pais\/#breadcrumb","itemListElement":[{"@type":"ListItem","position":1,"name":"In\u00edcio","item":"https:\/\/portalmf.com.br\/"},{"@type":"ListItem","position":2,"name":"Mortes de famosos em 2022 abalaram o pa\u00eds"}]},{"@type":"WebSite","@id":"https:\/\/portalmf.com.br\/#website","url":"https:\/\/portalmf.com.br\/","name":"Portal MF","description":"Voc\u00ea conectado com a informa\u00e7\u00e3o","potentialAction":[{"@type":"SearchAction","target":{"@type":"EntryPoint","urlTemplate":"https:\/\/portalmf.com.br\/?s={search_term_string}"},"query-input":"required name=search_term_string"}],"inLanguage":"pt-BR"},{"@type":"Person","@id":"https:\/\/portalmf.com.br\/#\/schema\/person\/9ec101baf56233e53520c26de5d6f6f0","name":"Reda\u00e7\u00e3o Portal MF","image":{"@type":"ImageObject","inLanguage":"pt-BR","@id":"https:\/\/portalmf.com.br\/#\/schema\/person\/image\/","url":"https:\/\/secure.gravatar.com\/avatar\/41b9aaeb2100835f7c64362330f74c7f?s=96&d=mm&r=g","contentUrl":"https:\/\/secure.gravatar.com\/avatar\/41b9aaeb2100835f7c64362330f74c7f?s=96&d=mm&r=g","caption":"Reda\u00e7\u00e3o Portal MF"},"description":"Sejam bem-vindos o portal de informa\u00e7\u00f5es de entretenimento de Feira de Santana, desde 2006 realiza coberturas dos principais eventos com entrevistas exclusivas com as principais personalidades mundiais. Fique conectado tamb\u00e9m nas redes sociais.","sameAs":["http:\/\/www.portalmf.com.br\/","https:\/\/www.facebook.com\/portalmfoficial","https:\/\/www.instagram.com\/portalmf\/","https:\/\/x.com\/https:\/\/x.com\/portalmfoficial","https:\/\/www.youtube.com\/@portalmfoficial"],"url":"https:\/\/portalmf.com.br\/index.php\/author\/junior\/"}]}},"_links":{"self":[{"href":"https:\/\/portalmf.com.br\/index.php\/wp-json\/wp\/v2\/posts\/7408"}],"collection":[{"href":"https:\/\/portalmf.com.br\/index.php\/wp-json\/wp\/v2\/posts"}],"about":[{"href":"https:\/\/portalmf.com.br\/index.php\/wp-json\/wp\/v2\/types\/post"}],"author":[{"embeddable":true,"href":"https:\/\/portalmf.com.br\/index.php\/wp-json\/wp\/v2\/users\/3"}],"replies":[{"embeddable":true,"href":"https:\/\/portalmf.com.br\/index.php\/wp-json\/wp\/v2\/comments?post=7408"}],"version-history":[{"count":1,"href":"https:\/\/portalmf.com.br\/index.php\/wp-json\/wp\/v2\/posts\/7408\/revisions"}],"predecessor-version":[{"id":7410,"href":"https:\/\/portalmf.com.br\/index.php\/wp-json\/wp\/v2\/posts\/7408\/revisions\/7410"}],"wp:featuredmedia":[{"embeddable":true,"href":"https:\/\/portalmf.com.br\/index.php\/wp-json\/wp\/v2\/media\/7409"}],"wp:attachment":[{"href":"https:\/\/portalmf.com.br\/index.php\/wp-json\/wp\/v2\/media?parent=7408"}],"wp:term":[{"taxonomy":"category","embeddable":true,"href":"https:\/\/portalmf.com.br\/index.php\/wp-json\/wp\/v2\/categories?post=7408"},{"taxonomy":"post_tag","embeddable":true,"href":"https:\/\/portalmf.com.br\/index.php\/wp-json\/wp\/v2\/tags?post=7408"}],"curies":[{"name":"wp","href":"https:\/\/api.w.org\/{rel}","templated":true}]}}