{"id":7405,"date":"2022-12-30T16:32:29","date_gmt":"2022-12-30T19:32:29","guid":{"rendered":"https:\/\/portalmf.com.br\/?p=7405"},"modified":"2022-12-30T16:32:30","modified_gmt":"2022-12-30T19:32:30","slug":"dialogo-ira-definir-data-da-micareta-de-feira-em-2023","status":"publish","type":"post","link":"https:\/\/portalmf.com.br\/index.php\/2022\/12\/30\/dialogo-ira-definir-data-da-micareta-de-feira-em-2023\/","title":{"rendered":"Di\u00e1logo ir\u00e1 definir data da Micareta de Feira em 2023"},"content":{"rendered":"\n<p>O prefeito de Feira de Santana, Colbert Martins foi o entrevistado no Programa Radio Servi\u00e7o especial da Radio Geral, na segunda-feira (26), fazendo avalia\u00e7\u00e3o do ano de 2022 e falando sobre as perspectivas da sua gest\u00e3o para 2023.<\/p>\n\n\n\n<p>Um dos assuntos em destaque foi a realiza\u00e7\u00e3o da Micareta de Feira em 2023, o evento foi cancelado em 2020 e 2021 por causa da pandemia da Covid-19. Al\u00e9m de outros eventos da cidade<\/p>\n\n\n\n<p><em>\u201cEst\u00e1 na hora de abrimos o di\u00e1logo sobre essas festas mesmo, o secretario Jairo Carneiro j\u00e1 est\u00e1 pronto para abrir essas conversas sobre a Micareta, eu entendo que est\u00e1 na hora de voltamos a ter esses eventos mesmo a exemplo do carnaval que certamente ocorrer\u00e1, a partir deste ponto gostaria de ouvir todas as pessoas que participem como profissionais da festa \u201c,<\/em> disse o prefeito<\/p>\n\n\n\n<p>Em rela\u00e7\u00e3o ao m\u00eas de realiza\u00e7\u00e3o do evento, Colbert Martins disse que a escolha ser\u00e1 feita em reuni\u00e3o com pessoas que realizam e participam da festa.<\/p>\n\n\n\n<p><em>\u201cPor que a Micareta seria realizada em setembro de 2022, por que n\u00e3o t\u00ednhamos condi\u00e7\u00f5es de realizar antes, eu gostaria de decidir com as pessoas que fazem a festa, pois n\u00e3o \u00e9 uma ideia minha, agora se a maioria entender que \u00e9 poss\u00edvel que seja em abril, ser\u00e1, o importante \u00e9 definir. Sendo em abril vamos fazer o lan\u00e7amento da Micareta no Carnaval de Salvador. Agora vamos fazer da forma mais profissional poss\u00edvel para temos a Micareta, o parque de exposi\u00e7\u00f5es com capacidade de fazer outros investimentos e do Natal Encantado, que n\u00e3o aconteceu neste ano pois a libera\u00e7\u00e3o dos recursos aconteceu no dia 06 e 07 de dezembro\u201d,<\/em> falou<\/p>\n\n\n\n<p>Confira a entrevista completa abaixo:<\/p>\n\n\n\n<figure class=\"wp-block-embed is-type-video is-provider-youtube wp-block-embed-youtube wp-embed-aspect-16-9 wp-has-aspect-ratio\"><div class=\"wp-block-embed__wrapper\">\n<iframe title=\"Programa Radio Servi\u00e7o Especial entrevista o prefeito de Feira de Santana Colbert Martins 26\/12\/2022\" width=\"696\" height=\"392\" src=\"https:\/\/www.youtube.com\/embed\/Z9saaRqHr_Q?start=3&#038;feature=oembed\" frameborder=\"0\" allow=\"accelerometer; autoplay; clipboard-write; encrypted-media; gyroscope; picture-in-picture; web-share\" allowfullscreen><\/iframe>\n<\/div><\/figure>\n","protected":false},"excerpt":{"rendered":"<p>O prefeito de Feira de Santana, Colbert Martins foi o entrevistado no Programa Radio Servi\u00e7o especial da Radio Geral, na segunda-feira (26), fazendo avalia\u00e7\u00e3o do ano de 2022 e falando sobre as perspectivas da sua gest\u00e3o para 2023. Um dos assuntos em destaque foi a realiza\u00e7\u00e3o da Micareta de Feira em 2023, o evento foi [&hellip;]<\/p>\n","protected":false},"author":2,"featured_media":7406,"comment_status":"open","ping_status":"open","sticky":false,"template":"","format":"standard","meta":{"_monsterinsights_skip_tracking":false,"_monsterinsights_sitenote_active":false,"_monsterinsights_sitenote_note":"","_monsterinsights_sitenote_category":0,"footnotes":""},"categories":[47,39],"tags":[],"yoast_head":"<!-- This site is optimized with the Yoast SEO plugin v22.9 - https:\/\/yoast.com\/wordpress\/plugins\/seo\/ -->\n<title>Di\u00e1logo ir\u00e1 definir data da Micareta de Feira em 2023 - Portal MF<\/title>\n<meta name=\"robots\" content=\"index, follow, max-snippet:-1, max-image-preview:large, max-video-preview:-1\" \/>\n<link rel=\"canonical\" href=\"https:\/\/portalmf.com.br\/index.php\/2022\/12\/30\/dialogo-ira-definir-data-da-micareta-de-feira-em-2023\/\" \/>\n<meta property=\"og:locale\" content=\"pt_BR\" \/>\n<meta property=\"og:type\" content=\"article\" \/>\n<meta property=\"og:title\" content=\"Di\u00e1logo ir\u00e1 definir data da Micareta de Feira em 2023 - Portal MF\" \/>\n<meta property=\"og:description\" content=\"O prefeito de Feira de Santana, Colbert Martins foi o entrevistado no Programa Radio Servi\u00e7o especial da Radio Geral, na segunda-feira (26), fazendo avalia\u00e7\u00e3o do ano de 2022 e falando sobre as perspectivas da sua gest\u00e3o para 2023. Um dos assuntos em destaque foi a realiza\u00e7\u00e3o da Micareta de Feira em 2023, o evento foi [&hellip;]\" \/>\n<meta property=\"og:url\" content=\"https:\/\/portalmf.com.br\/index.php\/2022\/12\/30\/dialogo-ira-definir-data-da-micareta-de-feira-em-2023\/\" \/>\n<meta property=\"og:site_name\" content=\"Portal MF\" \/>\n<meta property=\"article:author\" content=\"reginaldojrfsa\" \/>\n<meta property=\"article:published_time\" content=\"2022-12-30T19:32:29+00:00\" \/>\n<meta property=\"article:modified_time\" content=\"2022-12-30T19:32:30+00:00\" \/>\n<meta property=\"og:image\" content=\"https:\/\/portalmf.com.br\/wp-content\/uploads\/2022\/12\/foto_micareta2019_arquivo_portalmf_reginaldojunior.jpg\" \/>\n\t<meta property=\"og:image:width\" content=\"1080\" \/>\n\t<meta property=\"og:image:height\" content=\"810\" \/>\n\t<meta property=\"og:image:type\" content=\"image\/jpeg\" \/>\n<meta name=\"author\" content=\"Reginaldo J\u00fanior\" \/>\n<meta name=\"twitter:card\" content=\"summary_large_image\" \/>\n<meta name=\"twitter:creator\" content=\"@reginaldojrmf\" \/>\n<meta name=\"twitter:label1\" content=\"Escrito por\" \/>\n\t<meta name=\"twitter:data1\" content=\"Reginaldo J\u00fanior\" \/>\n\t<meta name=\"twitter:label2\" content=\"Est. tempo de leitura\" \/>\n\t<meta name=\"twitter:data2\" content=\"2 minutos\" \/>\n<script type=\"application\/ld+json\" class=\"yoast-schema-graph\">{\"@context\":\"https:\/\/schema.org\",\"@graph\":[{\"@type\":\"WebPage\",\"@id\":\"https:\/\/portalmf.com.br\/index.php\/2022\/12\/30\/dialogo-ira-definir-data-da-micareta-de-feira-em-2023\/\",\"url\":\"https:\/\/portalmf.com.br\/index.php\/2022\/12\/30\/dialogo-ira-definir-data-da-micareta-de-feira-em-2023\/\",\"name\":\"Di\u00e1logo ir\u00e1 definir data da Micareta de Feira em 2023 - Portal MF\",\"isPartOf\":{\"@id\":\"https:\/\/portalmf.com.br\/#website\"},\"primaryImageOfPage\":{\"@id\":\"https:\/\/portalmf.com.br\/index.php\/2022\/12\/30\/dialogo-ira-definir-data-da-micareta-de-feira-em-2023\/#primaryimage\"},\"image\":{\"@id\":\"https:\/\/portalmf.com.br\/index.php\/2022\/12\/30\/dialogo-ira-definir-data-da-micareta-de-feira-em-2023\/#primaryimage\"},\"thumbnailUrl\":\"https:\/\/portalmf.com.br\/wp-content\/uploads\/2022\/12\/foto_micareta2019_arquivo_portalmf_reginaldojunior.jpg\",\"datePublished\":\"2022-12-30T19:32:29+00:00\",\"dateModified\":\"2022-12-30T19:32:30+00:00\",\"author\":{\"@id\":\"https:\/\/portalmf.com.br\/#\/schema\/person\/11c82086fe8abc05a19147e964587285\"},\"breadcrumb\":{\"@id\":\"https:\/\/portalmf.com.br\/index.php\/2022\/12\/30\/dialogo-ira-definir-data-da-micareta-de-feira-em-2023\/#breadcrumb\"},\"inLanguage\":\"pt-BR\",\"potentialAction\":[{\"@type\":\"ReadAction\",\"target\":[\"https:\/\/portalmf.com.br\/index.php\/2022\/12\/30\/dialogo-ira-definir-data-da-micareta-de-feira-em-2023\/\"]}]},{\"@type\":\"ImageObject\",\"inLanguage\":\"pt-BR\",\"@id\":\"https:\/\/portalmf.com.br\/index.php\/2022\/12\/30\/dialogo-ira-definir-data-da-micareta-de-feira-em-2023\/#primaryimage\",\"url\":\"https:\/\/portalmf.com.br\/wp-content\/uploads\/2022\/12\/foto_micareta2019_arquivo_portalmf_reginaldojunior.jpg\",\"contentUrl\":\"https:\/\/portalmf.com.br\/wp-content\/uploads\/2022\/12\/foto_micareta2019_arquivo_portalmf_reginaldojunior.jpg\",\"width\":1080,\"height\":810,\"caption\":\"Foto: Arquivo Portal MF\"},{\"@type\":\"BreadcrumbList\",\"@id\":\"https:\/\/portalmf.com.br\/index.php\/2022\/12\/30\/dialogo-ira-definir-data-da-micareta-de-feira-em-2023\/#breadcrumb\",\"itemListElement\":[{\"@type\":\"ListItem\",\"position\":1,\"name\":\"In\u00edcio\",\"item\":\"https:\/\/portalmf.com.br\/\"},{\"@type\":\"ListItem\",\"position\":2,\"name\":\"Di\u00e1logo ir\u00e1 definir data da Micareta de Feira em 2023\"}]},{\"@type\":\"WebSite\",\"@id\":\"https:\/\/portalmf.com.br\/#website\",\"url\":\"https:\/\/portalmf.com.br\/\",\"name\":\"Portal MF\",\"description\":\"Voc\u00ea conectado com a informa\u00e7\u00e3o\",\"potentialAction\":[{\"@type\":\"SearchAction\",\"target\":{\"@type\":\"EntryPoint\",\"urlTemplate\":\"https:\/\/portalmf.com.br\/?s={search_term_string}\"},\"query-input\":\"required name=search_term_string\"}],\"inLanguage\":\"pt-BR\"},{\"@type\":\"Person\",\"@id\":\"https:\/\/portalmf.com.br\/#\/schema\/person\/11c82086fe8abc05a19147e964587285\",\"name\":\"Reginaldo J\u00fanior\",\"image\":{\"@type\":\"ImageObject\",\"inLanguage\":\"pt-BR\",\"@id\":\"https:\/\/portalmf.com.br\/#\/schema\/person\/image\/\",\"url\":\"https:\/\/secure.gravatar.com\/avatar\/32a3c797cd0ac47cc53b8644c62776f9?s=96&d=mm&r=g\",\"contentUrl\":\"https:\/\/secure.gravatar.com\/avatar\/32a3c797cd0ac47cc53b8644c62776f9?s=96&d=mm&r=g\",\"caption\":\"Reginaldo J\u00fanior\"},\"description\":\"Jornalista e idealizador Portal MF\",\"sameAs\":[\"https:\/\/portalmf.com.br\/index.php\/author\/reginaldojr\/\",\"reginaldojrfsa\",\"reginaldojuniormf\",\"https:\/\/x.com\/reginaldojrmf\"],\"url\":\"https:\/\/portalmf.com.br\/index.php\/author\/reginaldojr\/\"}]}<\/script>\n<!-- \/ Yoast SEO plugin. -->","yoast_head_json":{"title":"Di\u00e1logo ir\u00e1 definir data da Micareta de Feira em 2023 - Portal MF","robots":{"index":"index","follow":"follow","max-snippet":"max-snippet:-1","max-image-preview":"max-image-preview:large","max-video-preview":"max-video-preview:-1"},"canonical":"https:\/\/portalmf.com.br\/index.php\/2022\/12\/30\/dialogo-ira-definir-data-da-micareta-de-feira-em-2023\/","og_locale":"pt_BR","og_type":"article","og_title":"Di\u00e1logo ir\u00e1 definir data da Micareta de Feira em 2023 - Portal MF","og_description":"O prefeito de Feira de Santana, Colbert Martins foi o entrevistado no Programa Radio Servi\u00e7o especial da Radio Geral, na segunda-feira (26), fazendo avalia\u00e7\u00e3o do ano de 2022 e falando sobre as perspectivas da sua gest\u00e3o para 2023. Um dos assuntos em destaque foi a realiza\u00e7\u00e3o da Micareta de Feira em 2023, o evento foi [&hellip;]","og_url":"https:\/\/portalmf.com.br\/index.php\/2022\/12\/30\/dialogo-ira-definir-data-da-micareta-de-feira-em-2023\/","og_site_name":"Portal MF","article_author":"reginaldojrfsa","article_published_time":"2022-12-30T19:32:29+00:00","article_modified_time":"2022-12-30T19:32:30+00:00","og_image":[{"width":1080,"height":810,"url":"https:\/\/portalmf.com.br\/wp-content\/uploads\/2022\/12\/foto_micareta2019_arquivo_portalmf_reginaldojunior.jpg","type":"image\/jpeg"}],"author":"Reginaldo J\u00fanior","twitter_card":"summary_large_image","twitter_creator":"@reginaldojrmf","twitter_misc":{"Escrito por":"Reginaldo J\u00fanior","Est. tempo de leitura":"2 minutos"},"schema":{"@context":"https:\/\/schema.org","@graph":[{"@type":"WebPage","@id":"https:\/\/portalmf.com.br\/index.php\/2022\/12\/30\/dialogo-ira-definir-data-da-micareta-de-feira-em-2023\/","url":"https:\/\/portalmf.com.br\/index.php\/2022\/12\/30\/dialogo-ira-definir-data-da-micareta-de-feira-em-2023\/","name":"Di\u00e1logo ir\u00e1 definir data da Micareta de Feira em 2023 - Portal MF","isPartOf":{"@id":"https:\/\/portalmf.com.br\/#website"},"primaryImageOfPage":{"@id":"https:\/\/portalmf.com.br\/index.php\/2022\/12\/30\/dialogo-ira-definir-data-da-micareta-de-feira-em-2023\/#primaryimage"},"image":{"@id":"https:\/\/portalmf.com.br\/index.php\/2022\/12\/30\/dialogo-ira-definir-data-da-micareta-de-feira-em-2023\/#primaryimage"},"thumbnailUrl":"https:\/\/portalmf.com.br\/wp-content\/uploads\/2022\/12\/foto_micareta2019_arquivo_portalmf_reginaldojunior.jpg","datePublished":"2022-12-30T19:32:29+00:00","dateModified":"2022-12-30T19:32:30+00:00","author":{"@id":"https:\/\/portalmf.com.br\/#\/schema\/person\/11c82086fe8abc05a19147e964587285"},"breadcrumb":{"@id":"https:\/\/portalmf.com.br\/index.php\/2022\/12\/30\/dialogo-ira-definir-data-da-micareta-de-feira-em-2023\/#breadcrumb"},"inLanguage":"pt-BR","potentialAction":[{"@type":"ReadAction","target":["https:\/\/portalmf.com.br\/index.php\/2022\/12\/30\/dialogo-ira-definir-data-da-micareta-de-feira-em-2023\/"]}]},{"@type":"ImageObject","inLanguage":"pt-BR","@id":"https:\/\/portalmf.com.br\/index.php\/2022\/12\/30\/dialogo-ira-definir-data-da-micareta-de-feira-em-2023\/#primaryimage","url":"https:\/\/portalmf.com.br\/wp-content\/uploads\/2022\/12\/foto_micareta2019_arquivo_portalmf_reginaldojunior.jpg","contentUrl":"https:\/\/portalmf.com.br\/wp-content\/uploads\/2022\/12\/foto_micareta2019_arquivo_portalmf_reginaldojunior.jpg","width":1080,"height":810,"caption":"Foto: Arquivo Portal MF"},{"@type":"BreadcrumbList","@id":"https:\/\/portalmf.com.br\/index.php\/2022\/12\/30\/dialogo-ira-definir-data-da-micareta-de-feira-em-2023\/#breadcrumb","itemListElement":[{"@type":"ListItem","position":1,"name":"In\u00edcio","item":"https:\/\/portalmf.com.br\/"},{"@type":"ListItem","position":2,"name":"Di\u00e1logo ir\u00e1 definir data da Micareta de Feira em 2023"}]},{"@type":"WebSite","@id":"https:\/\/portalmf.com.br\/#website","url":"https:\/\/portalmf.com.br\/","name":"Portal MF","description":"Voc\u00ea conectado com a informa\u00e7\u00e3o","potentialAction":[{"@type":"SearchAction","target":{"@type":"EntryPoint","urlTemplate":"https:\/\/portalmf.com.br\/?s={search_term_string}"},"query-input":"required name=search_term_string"}],"inLanguage":"pt-BR"},{"@type":"Person","@id":"https:\/\/portalmf.com.br\/#\/schema\/person\/11c82086fe8abc05a19147e964587285","name":"Reginaldo J\u00fanior","image":{"@type":"ImageObject","inLanguage":"pt-BR","@id":"https:\/\/portalmf.com.br\/#\/schema\/person\/image\/","url":"https:\/\/secure.gravatar.com\/avatar\/32a3c797cd0ac47cc53b8644c62776f9?s=96&d=mm&r=g","contentUrl":"https:\/\/secure.gravatar.com\/avatar\/32a3c797cd0ac47cc53b8644c62776f9?s=96&d=mm&r=g","caption":"Reginaldo J\u00fanior"},"description":"Jornalista e idealizador Portal MF","sameAs":["https:\/\/portalmf.com.br\/index.php\/author\/reginaldojr\/","reginaldojrfsa","reginaldojuniormf","https:\/\/x.com\/reginaldojrmf"],"url":"https:\/\/portalmf.com.br\/index.php\/author\/reginaldojr\/"}]}},"_links":{"self":[{"href":"https:\/\/portalmf.com.br\/index.php\/wp-json\/wp\/v2\/posts\/7405"}],"collection":[{"href":"https:\/\/portalmf.com.br\/index.php\/wp-json\/wp\/v2\/posts"}],"about":[{"href":"https:\/\/portalmf.com.br\/index.php\/wp-json\/wp\/v2\/types\/post"}],"author":[{"embeddable":true,"href":"https:\/\/portalmf.com.br\/index.php\/wp-json\/wp\/v2\/users\/2"}],"replies":[{"embeddable":true,"href":"https:\/\/portalmf.com.br\/index.php\/wp-json\/wp\/v2\/comments?post=7405"}],"version-history":[{"count":1,"href":"https:\/\/portalmf.com.br\/index.php\/wp-json\/wp\/v2\/posts\/7405\/revisions"}],"predecessor-version":[{"id":7407,"href":"https:\/\/portalmf.com.br\/index.php\/wp-json\/wp\/v2\/posts\/7405\/revisions\/7407"}],"wp:featuredmedia":[{"embeddable":true,"href":"https:\/\/portalmf.com.br\/index.php\/wp-json\/wp\/v2\/media\/7406"}],"wp:attachment":[{"href":"https:\/\/portalmf.com.br\/index.php\/wp-json\/wp\/v2\/media?parent=7405"}],"wp:term":[{"taxonomy":"category","embeddable":true,"href":"https:\/\/portalmf.com.br\/index.php\/wp-json\/wp\/v2\/categories?post=7405"},{"taxonomy":"post_tag","embeddable":true,"href":"https:\/\/portalmf.com.br\/index.php\/wp-json\/wp\/v2\/tags?post=7405"}],"curies":[{"name":"wp","href":"https:\/\/api.w.org\/{rel}","templated":true}]}}