{"id":7381,"date":"2022-12-30T14:53:39","date_gmt":"2022-12-30T17:53:39","guid":{"rendered":"https:\/\/portalmf.com.br\/?p=7381"},"modified":"2022-12-30T14:54:35","modified_gmt":"2022-12-30T17:54:35","slug":"apos-viagem-a-miami-marcio-victor-aterrissa-na-bahia-para-agitar-festival-virada-salvador","status":"publish","type":"post","link":"https:\/\/portalmf.com.br\/index.php\/2022\/12\/30\/apos-viagem-a-miami-marcio-victor-aterrissa-na-bahia-para-agitar-festival-virada-salvador\/","title":{"rendered":"Ap\u00f3s viagem a Miami, M\u00e1rcio Victor aterrissa na Bahia para agitar Festival Virada Salvador"},"content":{"rendered":"\n<p>O cantor M\u00e1rcio Victor do Psirico acaba de chegar de uma viagem a Miami, nos Estados Unidos, e j\u00e1 se prepara para agitar o Festival Virada Salvador, na orla da Boca do Rio, capital baiana, nesta sexta-feira (30). O Psi divide o palco deste terceiro dia de festa com Jorge e Mateus, Mari Fernandez, \u00c9 o Tchan, Cortejo Afro, Vitor Fernandes, Thiago Brava e Xanddy Harmonia. <\/p>\n\n\n\n<p><em>\u201cTocar em casa me deixa muito feliz! Mais um ano desse evento massa, o maior r\u00e9veillon do Brasil! Quero ver meu povo todo curtindo o Psi hoje pra fechar esse ano em grande estilo!\u201d,<\/em> disse o cantor animado.<\/p>\n\n\n\n<p>No dia 31, o artista segue para Morro de S\u00e3o Paulo, onde agita o evento Viva Morro e logo depois o Al Mare, em Valen\u00e7a. A agenda de r\u00e9veillon termina no dia 1\u00ba de janeiro, quando se apresenta na cidade de Prado.<\/p>\n\n\n\n<p><strong>ENSAIO DO PSI \u2013<\/strong> Os tradicionais ensaios do Psi j\u00e1 t\u00eam data definida. No dia 12 de janeiro a banda comanda o evento na \u00e1rea de eventos da Igreja de Santo Ant\u00f4nio Al\u00e9m do Carmo, na capital baiana. \u201cPreparamos uma edi\u00e7\u00e3o especial para esse grande retorno, vai ser um lugar de encontros, de m\u00fasica e divers\u00e3o com qualidade e excel\u00eancia. Vou convidar v\u00e1rios amigos bacanas para fazer v\u00e1rias misturas comigo\u201d, promete M\u00e1rcio Victor.<\/p>\n","protected":false},"excerpt":{"rendered":"<p>O cantor M\u00e1rcio Victor do Psirico acaba de chegar de uma viagem a Miami, nos Estados Unidos, e j\u00e1 se prepara para agitar o Festival Virada Salvador, na orla da Boca do Rio, capital baiana, nesta sexta-feira (30). O Psi divide o palco deste terceiro dia de festa com Jorge e Mateus, Mari Fernandez, \u00c9 [&hellip;]<\/p>\n","protected":false},"author":3,"featured_media":7382,"comment_status":"open","ping_status":"open","sticky":false,"template":"","format":"standard","meta":{"_monsterinsights_skip_tracking":false,"_monsterinsights_sitenote_active":false,"_monsterinsights_sitenote_note":"","_monsterinsights_sitenote_category":0,"footnotes":""},"categories":[45],"tags":[],"yoast_head":"<!-- This site is optimized with the Yoast SEO plugin v22.9 - https:\/\/yoast.com\/wordpress\/plugins\/seo\/ -->\n<title>Ap\u00f3s viagem a Miami, M\u00e1rcio Victor aterrissa na Bahia para agitar Festival Virada Salvador - Portal MF<\/title>\n<meta name=\"robots\" content=\"index, follow, max-snippet:-1, max-image-preview:large, max-video-preview:-1\" \/>\n<link rel=\"canonical\" href=\"https:\/\/portalmf.com.br\/index.php\/2022\/12\/30\/apos-viagem-a-miami-marcio-victor-aterrissa-na-bahia-para-agitar-festival-virada-salvador\/\" \/>\n<meta property=\"og:locale\" content=\"pt_BR\" \/>\n<meta property=\"og:type\" content=\"article\" \/>\n<meta property=\"og:title\" content=\"Ap\u00f3s viagem a Miami, M\u00e1rcio Victor aterrissa na Bahia para agitar Festival Virada Salvador - Portal MF\" \/>\n<meta property=\"og:description\" content=\"O cantor M\u00e1rcio Victor do Psirico acaba de chegar de uma viagem a Miami, nos Estados Unidos, e j\u00e1 se prepara para agitar o Festival Virada Salvador, na orla da Boca do Rio, capital baiana, nesta sexta-feira (30). O Psi divide o palco deste terceiro dia de festa com Jorge e Mateus, Mari Fernandez, \u00c9 [&hellip;]\" \/>\n<meta property=\"og:url\" content=\"https:\/\/portalmf.com.br\/index.php\/2022\/12\/30\/apos-viagem-a-miami-marcio-victor-aterrissa-na-bahia-para-agitar-festival-virada-salvador\/\" \/>\n<meta property=\"og:site_name\" content=\"Portal MF\" \/>\n<meta property=\"article:author\" content=\"https:\/\/www.facebook.com\/portalmfoficial\" \/>\n<meta property=\"article:published_time\" content=\"2022-12-30T17:53:39+00:00\" \/>\n<meta property=\"article:modified_time\" content=\"2022-12-30T17:54:35+00:00\" \/>\n<meta property=\"og:image\" content=\"https:\/\/portalmf.com.br\/wp-content\/uploads\/2022\/12\/PSIRICO.jpeg\" \/>\n\t<meta property=\"og:image:width\" content=\"1088\" \/>\n\t<meta property=\"og:image:height\" content=\"996\" \/>\n\t<meta property=\"og:image:type\" content=\"image\/jpeg\" \/>\n<meta name=\"author\" content=\"Reda\u00e7\u00e3o Portal MF\" \/>\n<meta name=\"twitter:card\" content=\"summary_large_image\" \/>\n<meta name=\"twitter:creator\" content=\"@https:\/\/x.com\/portalmfoficial\" \/>\n<meta name=\"twitter:label1\" content=\"Escrito por\" \/>\n\t<meta name=\"twitter:data1\" content=\"Reda\u00e7\u00e3o Portal MF\" \/>\n\t<meta name=\"twitter:label2\" content=\"Est. tempo de leitura\" \/>\n\t<meta name=\"twitter:data2\" content=\"2 minutos\" \/>\n<script type=\"application\/ld+json\" class=\"yoast-schema-graph\">{\"@context\":\"https:\/\/schema.org\",\"@graph\":[{\"@type\":\"WebPage\",\"@id\":\"https:\/\/portalmf.com.br\/index.php\/2022\/12\/30\/apos-viagem-a-miami-marcio-victor-aterrissa-na-bahia-para-agitar-festival-virada-salvador\/\",\"url\":\"https:\/\/portalmf.com.br\/index.php\/2022\/12\/30\/apos-viagem-a-miami-marcio-victor-aterrissa-na-bahia-para-agitar-festival-virada-salvador\/\",\"name\":\"Ap\u00f3s viagem a Miami, M\u00e1rcio Victor aterrissa na Bahia para agitar Festival Virada Salvador - Portal MF\",\"isPartOf\":{\"@id\":\"https:\/\/portalmf.com.br\/#website\"},\"primaryImageOfPage\":{\"@id\":\"https:\/\/portalmf.com.br\/index.php\/2022\/12\/30\/apos-viagem-a-miami-marcio-victor-aterrissa-na-bahia-para-agitar-festival-virada-salvador\/#primaryimage\"},\"image\":{\"@id\":\"https:\/\/portalmf.com.br\/index.php\/2022\/12\/30\/apos-viagem-a-miami-marcio-victor-aterrissa-na-bahia-para-agitar-festival-virada-salvador\/#primaryimage\"},\"thumbnailUrl\":\"https:\/\/portalmf.com.br\/wp-content\/uploads\/2022\/12\/PSIRICO.jpeg\",\"datePublished\":\"2022-12-30T17:53:39+00:00\",\"dateModified\":\"2022-12-30T17:54:35+00:00\",\"author\":{\"@id\":\"https:\/\/portalmf.com.br\/#\/schema\/person\/9ec101baf56233e53520c26de5d6f6f0\"},\"breadcrumb\":{\"@id\":\"https:\/\/portalmf.com.br\/index.php\/2022\/12\/30\/apos-viagem-a-miami-marcio-victor-aterrissa-na-bahia-para-agitar-festival-virada-salvador\/#breadcrumb\"},\"inLanguage\":\"pt-BR\",\"potentialAction\":[{\"@type\":\"ReadAction\",\"target\":[\"https:\/\/portalmf.com.br\/index.php\/2022\/12\/30\/apos-viagem-a-miami-marcio-victor-aterrissa-na-bahia-para-agitar-festival-virada-salvador\/\"]}]},{\"@type\":\"ImageObject\",\"inLanguage\":\"pt-BR\",\"@id\":\"https:\/\/portalmf.com.br\/index.php\/2022\/12\/30\/apos-viagem-a-miami-marcio-victor-aterrissa-na-bahia-para-agitar-festival-virada-salvador\/#primaryimage\",\"url\":\"https:\/\/portalmf.com.br\/wp-content\/uploads\/2022\/12\/PSIRICO.jpeg\",\"contentUrl\":\"https:\/\/portalmf.com.br\/wp-content\/uploads\/2022\/12\/PSIRICO.jpeg\",\"width\":1088,\"height\":996},{\"@type\":\"BreadcrumbList\",\"@id\":\"https:\/\/portalmf.com.br\/index.php\/2022\/12\/30\/apos-viagem-a-miami-marcio-victor-aterrissa-na-bahia-para-agitar-festival-virada-salvador\/#breadcrumb\",\"itemListElement\":[{\"@type\":\"ListItem\",\"position\":1,\"name\":\"In\u00edcio\",\"item\":\"https:\/\/portalmf.com.br\/\"},{\"@type\":\"ListItem\",\"position\":2,\"name\":\"Ap\u00f3s viagem a Miami, M\u00e1rcio Victor aterrissa na Bahia para agitar Festival Virada Salvador\"}]},{\"@type\":\"WebSite\",\"@id\":\"https:\/\/portalmf.com.br\/#website\",\"url\":\"https:\/\/portalmf.com.br\/\",\"name\":\"Portal MF\",\"description\":\"Voc\u00ea conectado com a informa\u00e7\u00e3o\",\"potentialAction\":[{\"@type\":\"SearchAction\",\"target\":{\"@type\":\"EntryPoint\",\"urlTemplate\":\"https:\/\/portalmf.com.br\/?s={search_term_string}\"},\"query-input\":\"required name=search_term_string\"}],\"inLanguage\":\"pt-BR\"},{\"@type\":\"Person\",\"@id\":\"https:\/\/portalmf.com.br\/#\/schema\/person\/9ec101baf56233e53520c26de5d6f6f0\",\"name\":\"Reda\u00e7\u00e3o Portal MF\",\"image\":{\"@type\":\"ImageObject\",\"inLanguage\":\"pt-BR\",\"@id\":\"https:\/\/portalmf.com.br\/#\/schema\/person\/image\/\",\"url\":\"https:\/\/secure.gravatar.com\/avatar\/41b9aaeb2100835f7c64362330f74c7f?s=96&d=mm&r=g\",\"contentUrl\":\"https:\/\/secure.gravatar.com\/avatar\/41b9aaeb2100835f7c64362330f74c7f?s=96&d=mm&r=g\",\"caption\":\"Reda\u00e7\u00e3o Portal MF\"},\"description\":\"Sejam bem-vindos o portal de informa\u00e7\u00f5es de entretenimento de Feira de Santana, desde 2006 realiza coberturas dos principais eventos com entrevistas exclusivas com as principais personalidades mundiais. Fique conectado tamb\u00e9m nas redes sociais.\",\"sameAs\":[\"http:\/\/www.portalmf.com.br\/\",\"https:\/\/www.facebook.com\/portalmfoficial\",\"https:\/\/www.instagram.com\/portalmf\/\",\"https:\/\/x.com\/https:\/\/x.com\/portalmfoficial\",\"https:\/\/www.youtube.com\/@portalmfoficial\"],\"url\":\"https:\/\/portalmf.com.br\/index.php\/author\/junior\/\"}]}<\/script>\n<!-- \/ Yoast SEO plugin. -->","yoast_head_json":{"title":"Ap\u00f3s viagem a Miami, M\u00e1rcio Victor aterrissa na Bahia para agitar Festival Virada Salvador - Portal MF","robots":{"index":"index","follow":"follow","max-snippet":"max-snippet:-1","max-image-preview":"max-image-preview:large","max-video-preview":"max-video-preview:-1"},"canonical":"https:\/\/portalmf.com.br\/index.php\/2022\/12\/30\/apos-viagem-a-miami-marcio-victor-aterrissa-na-bahia-para-agitar-festival-virada-salvador\/","og_locale":"pt_BR","og_type":"article","og_title":"Ap\u00f3s viagem a Miami, M\u00e1rcio Victor aterrissa na Bahia para agitar Festival Virada Salvador - Portal MF","og_description":"O cantor M\u00e1rcio Victor do Psirico acaba de chegar de uma viagem a Miami, nos Estados Unidos, e j\u00e1 se prepara para agitar o Festival Virada Salvador, na orla da Boca do Rio, capital baiana, nesta sexta-feira (30). O Psi divide o palco deste terceiro dia de festa com Jorge e Mateus, Mari Fernandez, \u00c9 [&hellip;]","og_url":"https:\/\/portalmf.com.br\/index.php\/2022\/12\/30\/apos-viagem-a-miami-marcio-victor-aterrissa-na-bahia-para-agitar-festival-virada-salvador\/","og_site_name":"Portal MF","article_author":"https:\/\/www.facebook.com\/portalmfoficial","article_published_time":"2022-12-30T17:53:39+00:00","article_modified_time":"2022-12-30T17:54:35+00:00","og_image":[{"width":1088,"height":996,"url":"https:\/\/portalmf.com.br\/wp-content\/uploads\/2022\/12\/PSIRICO.jpeg","type":"image\/jpeg"}],"author":"Reda\u00e7\u00e3o Portal MF","twitter_card":"summary_large_image","twitter_creator":"@https:\/\/x.com\/portalmfoficial","twitter_misc":{"Escrito por":"Reda\u00e7\u00e3o Portal MF","Est. tempo de leitura":"2 minutos"},"schema":{"@context":"https:\/\/schema.org","@graph":[{"@type":"WebPage","@id":"https:\/\/portalmf.com.br\/index.php\/2022\/12\/30\/apos-viagem-a-miami-marcio-victor-aterrissa-na-bahia-para-agitar-festival-virada-salvador\/","url":"https:\/\/portalmf.com.br\/index.php\/2022\/12\/30\/apos-viagem-a-miami-marcio-victor-aterrissa-na-bahia-para-agitar-festival-virada-salvador\/","name":"Ap\u00f3s viagem a Miami, M\u00e1rcio Victor aterrissa na Bahia para agitar Festival Virada Salvador - Portal MF","isPartOf":{"@id":"https:\/\/portalmf.com.br\/#website"},"primaryImageOfPage":{"@id":"https:\/\/portalmf.com.br\/index.php\/2022\/12\/30\/apos-viagem-a-miami-marcio-victor-aterrissa-na-bahia-para-agitar-festival-virada-salvador\/#primaryimage"},"image":{"@id":"https:\/\/portalmf.com.br\/index.php\/2022\/12\/30\/apos-viagem-a-miami-marcio-victor-aterrissa-na-bahia-para-agitar-festival-virada-salvador\/#primaryimage"},"thumbnailUrl":"https:\/\/portalmf.com.br\/wp-content\/uploads\/2022\/12\/PSIRICO.jpeg","datePublished":"2022-12-30T17:53:39+00:00","dateModified":"2022-12-30T17:54:35+00:00","author":{"@id":"https:\/\/portalmf.com.br\/#\/schema\/person\/9ec101baf56233e53520c26de5d6f6f0"},"breadcrumb":{"@id":"https:\/\/portalmf.com.br\/index.php\/2022\/12\/30\/apos-viagem-a-miami-marcio-victor-aterrissa-na-bahia-para-agitar-festival-virada-salvador\/#breadcrumb"},"inLanguage":"pt-BR","potentialAction":[{"@type":"ReadAction","target":["https:\/\/portalmf.com.br\/index.php\/2022\/12\/30\/apos-viagem-a-miami-marcio-victor-aterrissa-na-bahia-para-agitar-festival-virada-salvador\/"]}]},{"@type":"ImageObject","inLanguage":"pt-BR","@id":"https:\/\/portalmf.com.br\/index.php\/2022\/12\/30\/apos-viagem-a-miami-marcio-victor-aterrissa-na-bahia-para-agitar-festival-virada-salvador\/#primaryimage","url":"https:\/\/portalmf.com.br\/wp-content\/uploads\/2022\/12\/PSIRICO.jpeg","contentUrl":"https:\/\/portalmf.com.br\/wp-content\/uploads\/2022\/12\/PSIRICO.jpeg","width":1088,"height":996},{"@type":"BreadcrumbList","@id":"https:\/\/portalmf.com.br\/index.php\/2022\/12\/30\/apos-viagem-a-miami-marcio-victor-aterrissa-na-bahia-para-agitar-festival-virada-salvador\/#breadcrumb","itemListElement":[{"@type":"ListItem","position":1,"name":"In\u00edcio","item":"https:\/\/portalmf.com.br\/"},{"@type":"ListItem","position":2,"name":"Ap\u00f3s viagem a Miami, M\u00e1rcio Victor aterrissa na Bahia para agitar Festival Virada Salvador"}]},{"@type":"WebSite","@id":"https:\/\/portalmf.com.br\/#website","url":"https:\/\/portalmf.com.br\/","name":"Portal MF","description":"Voc\u00ea conectado com a informa\u00e7\u00e3o","potentialAction":[{"@type":"SearchAction","target":{"@type":"EntryPoint","urlTemplate":"https:\/\/portalmf.com.br\/?s={search_term_string}"},"query-input":"required name=search_term_string"}],"inLanguage":"pt-BR"},{"@type":"Person","@id":"https:\/\/portalmf.com.br\/#\/schema\/person\/9ec101baf56233e53520c26de5d6f6f0","name":"Reda\u00e7\u00e3o Portal MF","image":{"@type":"ImageObject","inLanguage":"pt-BR","@id":"https:\/\/portalmf.com.br\/#\/schema\/person\/image\/","url":"https:\/\/secure.gravatar.com\/avatar\/41b9aaeb2100835f7c64362330f74c7f?s=96&d=mm&r=g","contentUrl":"https:\/\/secure.gravatar.com\/avatar\/41b9aaeb2100835f7c64362330f74c7f?s=96&d=mm&r=g","caption":"Reda\u00e7\u00e3o Portal MF"},"description":"Sejam bem-vindos o portal de informa\u00e7\u00f5es de entretenimento de Feira de Santana, desde 2006 realiza coberturas dos principais eventos com entrevistas exclusivas com as principais personalidades mundiais. Fique conectado tamb\u00e9m nas redes sociais.","sameAs":["http:\/\/www.portalmf.com.br\/","https:\/\/www.facebook.com\/portalmfoficial","https:\/\/www.instagram.com\/portalmf\/","https:\/\/x.com\/https:\/\/x.com\/portalmfoficial","https:\/\/www.youtube.com\/@portalmfoficial"],"url":"https:\/\/portalmf.com.br\/index.php\/author\/junior\/"}]}},"_links":{"self":[{"href":"https:\/\/portalmf.com.br\/index.php\/wp-json\/wp\/v2\/posts\/7381"}],"collection":[{"href":"https:\/\/portalmf.com.br\/index.php\/wp-json\/wp\/v2\/posts"}],"about":[{"href":"https:\/\/portalmf.com.br\/index.php\/wp-json\/wp\/v2\/types\/post"}],"author":[{"embeddable":true,"href":"https:\/\/portalmf.com.br\/index.php\/wp-json\/wp\/v2\/users\/3"}],"replies":[{"embeddable":true,"href":"https:\/\/portalmf.com.br\/index.php\/wp-json\/wp\/v2\/comments?post=7381"}],"version-history":[{"count":1,"href":"https:\/\/portalmf.com.br\/index.php\/wp-json\/wp\/v2\/posts\/7381\/revisions"}],"predecessor-version":[{"id":7383,"href":"https:\/\/portalmf.com.br\/index.php\/wp-json\/wp\/v2\/posts\/7381\/revisions\/7383"}],"wp:featuredmedia":[{"embeddable":true,"href":"https:\/\/portalmf.com.br\/index.php\/wp-json\/wp\/v2\/media\/7382"}],"wp:attachment":[{"href":"https:\/\/portalmf.com.br\/index.php\/wp-json\/wp\/v2\/media?parent=7381"}],"wp:term":[{"taxonomy":"category","embeddable":true,"href":"https:\/\/portalmf.com.br\/index.php\/wp-json\/wp\/v2\/categories?post=7381"},{"taxonomy":"post_tag","embeddable":true,"href":"https:\/\/portalmf.com.br\/index.php\/wp-json\/wp\/v2\/tags?post=7381"}],"curies":[{"name":"wp","href":"https:\/\/api.w.org\/{rel}","templated":true}]}}