{"id":7359,"date":"2022-12-30T07:22:00","date_gmt":"2022-12-30T10:22:00","guid":{"rendered":"https:\/\/portalmf.com.br\/?p=7359"},"modified":"2022-12-30T16:13:32","modified_gmt":"2022-12-30T19:13:32","slug":"final-de-ano-momento-de-reflexoes-e-criacao-de-metas","status":"publish","type":"post","link":"https:\/\/portalmf.com.br\/index.php\/2022\/12\/30\/final-de-ano-momento-de-reflexoes-e-criacao-de-metas\/","title":{"rendered":"Final de ano: momento de reflex\u00f5es e cria\u00e7\u00e3o de metas"},"content":{"rendered":"\n<p>Final de ano, momento de rever os planos concretizados e pensar sobre o futuro. \u00c9 nesse momento que as metas para o pr\u00f3ximo ano s\u00e3o criadas, mas tamb\u00e9m \u00e9 um momento em que muitas pessoas se sentem frustradas por n\u00e3o terem conseguido realizar as metas estabelecidas para o ano que est\u00e1 acabando. Mas por que o fim do ano traz essa vontade de balan\u00e7o e mudan\u00e7as?<\/p>\n\n\n\n<p>A psic\u00f3loga \u00c1quila Thalita, que \u00e9 coordenadora do curso de psicologia, afirma que final de ano \u00e9 um momento de muita reflex\u00e3o, onde as pessoas recuam um pouco no tempo e imaginam aquilo que deseja para o pr\u00f3ximo ano ou pensou que poderia acontecer no ano que se encerra, de acordo com objetivos e metas de vida.<\/p>\n\n\n<div class=\"wp-block-image\">\n<figure class=\"alignleft size-medium\"><img fetchpriority=\"high\" decoding=\"async\" width=\"246\" height=\"300\" src=\"https:\/\/portalmf.com.br\/wp-content\/uploads\/2022\/12\/A-psicologa-Aquila-Thalita-246x300.jpeg\" alt=\"\" class=\"wp-image-7360\" srcset=\"https:\/\/portalmf.com.br\/wp-content\/uploads\/2022\/12\/A-psicologa-Aquila-Thalita-246x300.jpeg 246w, https:\/\/portalmf.com.br\/wp-content\/uploads\/2022\/12\/A-psicologa-Aquila-Thalita-585x713.jpeg 585w, https:\/\/portalmf.com.br\/wp-content\/uploads\/2022\/12\/A-psicologa-Aquila-Thalita.jpeg 677w\" sizes=\"(max-width: 246px) 100vw, 246px\" \/><\/figure><\/div>\n\n\n<p><em>\u201cAcredito que isso \u00e9 uma coisa muito emblem\u00e1tica do ponto de vista social, principalmente. Existe um ritual civilizat\u00f3rio em que as pessoas est\u00e3o muito mobilizadas no ano que vai come\u00e7ar novamente. Ent\u00e3o \u00e9 como se voc\u00ea tivesse de fato 365 dias e novas oportunidades. E esse desejo de querer mudar, tem a ver tamb\u00e9m com frustra\u00e7\u00f5es, com sentimentos e percep\u00e7\u00f5es de capacidade, coisas que ficaram por fazer, ent\u00e3o isso tudo move e proporciona \u00e0s pessoas esse desejo de mudan\u00e7a\u201d,<\/em> explicou.<\/p>\n\n\n\n<p>A psic\u00f3loga afirmou ainda que a import\u00e2ncia das metas precisa ser singularizada e lembra que muitas pessoas falam sobre metas, mas n\u00e3o pensam que para alcan\u00e7ar uma meta, \u00e9 preciso ter um objetivo bem estabelecido, inclusive para desenhar que tipo de meta \u00e9 essa que voc\u00ea quer alcan\u00e7ar no ano que est\u00e1 chegando.<\/p>\n\n\n\n<p><em>\u201cAl\u00e9m de criar metas e \u00e0s vezes criar metas que s\u00e3o imposs\u00edveis de se realizar, dentro at\u00e9 de uma fantasia de completude muito alienante, de coisas que a gente ver inclusive na internet, que soa com uma positividade meio t\u00f3xica, acredito que a maior import\u00e2ncia, de fato, \u00e9 voltar-se para si, tentar se conectar com os desejos e quereres e assim entender que suas metas e objetivos precisam estar aliados com prop\u00f3sitos que estejam tamb\u00e9m alinhados com sua exist\u00eancia, suas vontades. Criar metas pode ser muito bom, mas a maioria das pessoas acabam criando metas generalizadas, ou melhor, copiando as generaliza\u00e7\u00f5es de metas de sucesso, de prosperidade e isso acaba violando a possibilidade das pessoas de conseguir alcan\u00e7ar algo que seja minimamente poss\u00edvel para si e que fa\u00e7a parte da sua realidade\u201d<\/em>, afirmou.<\/p>\n\n\n\n<p><strong>Mas como planejar metas poss\u00edveis?<\/strong><\/p>\n\n\n\n<p>A psic\u00f3loga destaca que a vida \u00e9 feita de ganhos e perdas e que as pessoas est\u00e3o o tempo inteiro entrando em contato com muitas coisas e vivendo muitas transforma\u00e7\u00f5es, ent\u00e3o entre ganhos e perdas, sempre haver\u00e1 um saldo. E ela afirma que \u00e9 importante fazer uma reflex\u00e3o sobre a vida, tentando voltar-se um pouco para si e entender as rela\u00e7\u00f5es, a forma como as rela\u00e7\u00f5es se deram e se d\u00e3o.<\/p>\n\n\n\n<p><em>\u201cO final do ano chama as pessoas a fazerem essa reflex\u00e3o, esse balan\u00e7o e tamb\u00e9m a criar novas metas. A dica para criar metas poss\u00edveis de serem realizadas \u00e9 n\u00e3o listar nada que realmente n\u00e3o esteja pr\u00f3ximo do seu querer, pois tem coisas que n\u00e3o se sustentam por serem completamente contradit\u00f3rias a sua perspectiva pessoal, suas possibilidades, seus limites. E de fato a frustra\u00e7\u00e3o, que j\u00e1 \u00e9 algo genu\u00edno ao ser humano, \u00e9 algo que faz parte da vida, acaba ficando mais potente, pois as pessoas t\u00eam uma fantasia muito inflacionada sobre objetivos e metas que precisam cumprir e que \u00e0s vezes n\u00e3o fazem nem rela\u00e7\u00e3o pr\u00f3xima ao que de fato desejam. Ent\u00e3o \u00e9 muito mais angustiante voc\u00ea cair nessa fantasia aumentada das coisas que voc\u00ea precisa fazer, do que se voltar para si e pensar naquilo de fato que voc\u00ea deseja fazer, para encontrar o meio de sustentar essas metas\u201d, <\/em>salientou.<\/p>\n","protected":false},"excerpt":{"rendered":"<p>Final de ano, momento de rever os planos concretizados e pensar sobre o futuro. \u00c9 nesse momento que as metas para o pr\u00f3ximo ano s\u00e3o criadas, mas tamb\u00e9m \u00e9 um momento em que muitas pessoas se sentem frustradas por n\u00e3o terem conseguido realizar as metas estabelecidas para o ano que est\u00e1 acabando. Mas por que [&hellip;]<\/p>\n","protected":false},"author":3,"featured_media":7361,"comment_status":"open","ping_status":"open","sticky":false,"template":"","format":"standard","meta":{"_monsterinsights_skip_tracking":false,"_monsterinsights_sitenote_active":false,"_monsterinsights_sitenote_note":"","_monsterinsights_sitenote_category":0,"footnotes":""},"categories":[48,295],"tags":[],"yoast_head":"<!-- This site is optimized with the Yoast SEO plugin v22.9 - https:\/\/yoast.com\/wordpress\/plugins\/seo\/ -->\n<title>Final de ano: momento de reflex\u00f5es e cria\u00e7\u00e3o de metas - Portal MF<\/title>\n<meta name=\"robots\" content=\"index, follow, max-snippet:-1, max-image-preview:large, max-video-preview:-1\" \/>\n<link rel=\"canonical\" href=\"https:\/\/portalmf.com.br\/index.php\/2022\/12\/30\/final-de-ano-momento-de-reflexoes-e-criacao-de-metas\/\" \/>\n<meta property=\"og:locale\" content=\"pt_BR\" \/>\n<meta property=\"og:type\" content=\"article\" \/>\n<meta property=\"og:title\" content=\"Final de ano: momento de reflex\u00f5es e cria\u00e7\u00e3o de metas - Portal MF\" \/>\n<meta property=\"og:description\" content=\"Final de ano, momento de rever os planos concretizados e pensar sobre o futuro. \u00c9 nesse momento que as metas para o pr\u00f3ximo ano s\u00e3o criadas, mas tamb\u00e9m \u00e9 um momento em que muitas pessoas se sentem frustradas por n\u00e3o terem conseguido realizar as metas estabelecidas para o ano que est\u00e1 acabando. Mas por que [&hellip;]\" \/>\n<meta property=\"og:url\" content=\"https:\/\/portalmf.com.br\/index.php\/2022\/12\/30\/final-de-ano-momento-de-reflexoes-e-criacao-de-metas\/\" \/>\n<meta property=\"og:site_name\" content=\"Portal MF\" \/>\n<meta property=\"article:author\" content=\"https:\/\/www.facebook.com\/portalmfoficial\" \/>\n<meta property=\"article:published_time\" content=\"2022-12-30T10:22:00+00:00\" \/>\n<meta property=\"article:modified_time\" content=\"2022-12-30T19:13:32+00:00\" \/>\n<meta property=\"og:image\" content=\"https:\/\/portalmf.com.br\/wp-content\/uploads\/2022\/12\/ano-movo.jpeg\" \/>\n\t<meta property=\"og:image:width\" content=\"960\" \/>\n\t<meta property=\"og:image:height\" content=\"500\" \/>\n\t<meta property=\"og:image:type\" content=\"image\/jpeg\" \/>\n<meta name=\"author\" content=\"Reda\u00e7\u00e3o Portal MF\" \/>\n<meta name=\"twitter:card\" content=\"summary_large_image\" \/>\n<meta name=\"twitter:creator\" content=\"@https:\/\/x.com\/portalmfoficial\" \/>\n<meta name=\"twitter:label1\" content=\"Escrito por\" \/>\n\t<meta name=\"twitter:data1\" content=\"Reda\u00e7\u00e3o Portal MF\" \/>\n\t<meta name=\"twitter:label2\" content=\"Est. tempo de leitura\" \/>\n\t<meta name=\"twitter:data2\" content=\"4 minutos\" \/>\n<script type=\"application\/ld+json\" class=\"yoast-schema-graph\">{\"@context\":\"https:\/\/schema.org\",\"@graph\":[{\"@type\":\"WebPage\",\"@id\":\"https:\/\/portalmf.com.br\/index.php\/2022\/12\/30\/final-de-ano-momento-de-reflexoes-e-criacao-de-metas\/\",\"url\":\"https:\/\/portalmf.com.br\/index.php\/2022\/12\/30\/final-de-ano-momento-de-reflexoes-e-criacao-de-metas\/\",\"name\":\"Final de ano: momento de reflex\u00f5es e cria\u00e7\u00e3o de metas - Portal MF\",\"isPartOf\":{\"@id\":\"https:\/\/portalmf.com.br\/#website\"},\"primaryImageOfPage\":{\"@id\":\"https:\/\/portalmf.com.br\/index.php\/2022\/12\/30\/final-de-ano-momento-de-reflexoes-e-criacao-de-metas\/#primaryimage\"},\"image\":{\"@id\":\"https:\/\/portalmf.com.br\/index.php\/2022\/12\/30\/final-de-ano-momento-de-reflexoes-e-criacao-de-metas\/#primaryimage\"},\"thumbnailUrl\":\"https:\/\/portalmf.com.br\/wp-content\/uploads\/2022\/12\/ano-movo.jpeg\",\"datePublished\":\"2022-12-30T10:22:00+00:00\",\"dateModified\":\"2022-12-30T19:13:32+00:00\",\"author\":{\"@id\":\"https:\/\/portalmf.com.br\/#\/schema\/person\/9ec101baf56233e53520c26de5d6f6f0\"},\"breadcrumb\":{\"@id\":\"https:\/\/portalmf.com.br\/index.php\/2022\/12\/30\/final-de-ano-momento-de-reflexoes-e-criacao-de-metas\/#breadcrumb\"},\"inLanguage\":\"pt-BR\",\"potentialAction\":[{\"@type\":\"ReadAction\",\"target\":[\"https:\/\/portalmf.com.br\/index.php\/2022\/12\/30\/final-de-ano-momento-de-reflexoes-e-criacao-de-metas\/\"]}]},{\"@type\":\"ImageObject\",\"inLanguage\":\"pt-BR\",\"@id\":\"https:\/\/portalmf.com.br\/index.php\/2022\/12\/30\/final-de-ano-momento-de-reflexoes-e-criacao-de-metas\/#primaryimage\",\"url\":\"https:\/\/portalmf.com.br\/wp-content\/uploads\/2022\/12\/ano-movo.jpeg\",\"contentUrl\":\"https:\/\/portalmf.com.br\/wp-content\/uploads\/2022\/12\/ano-movo.jpeg\",\"width\":960,\"height\":500},{\"@type\":\"BreadcrumbList\",\"@id\":\"https:\/\/portalmf.com.br\/index.php\/2022\/12\/30\/final-de-ano-momento-de-reflexoes-e-criacao-de-metas\/#breadcrumb\",\"itemListElement\":[{\"@type\":\"ListItem\",\"position\":1,\"name\":\"In\u00edcio\",\"item\":\"https:\/\/portalmf.com.br\/\"},{\"@type\":\"ListItem\",\"position\":2,\"name\":\"Final de ano: momento de reflex\u00f5es e cria\u00e7\u00e3o de metas\"}]},{\"@type\":\"WebSite\",\"@id\":\"https:\/\/portalmf.com.br\/#website\",\"url\":\"https:\/\/portalmf.com.br\/\",\"name\":\"Portal MF\",\"description\":\"Voc\u00ea conectado com a informa\u00e7\u00e3o\",\"potentialAction\":[{\"@type\":\"SearchAction\",\"target\":{\"@type\":\"EntryPoint\",\"urlTemplate\":\"https:\/\/portalmf.com.br\/?s={search_term_string}\"},\"query-input\":\"required name=search_term_string\"}],\"inLanguage\":\"pt-BR\"},{\"@type\":\"Person\",\"@id\":\"https:\/\/portalmf.com.br\/#\/schema\/person\/9ec101baf56233e53520c26de5d6f6f0\",\"name\":\"Reda\u00e7\u00e3o Portal MF\",\"image\":{\"@type\":\"ImageObject\",\"inLanguage\":\"pt-BR\",\"@id\":\"https:\/\/portalmf.com.br\/#\/schema\/person\/image\/\",\"url\":\"https:\/\/secure.gravatar.com\/avatar\/41b9aaeb2100835f7c64362330f74c7f?s=96&d=mm&r=g\",\"contentUrl\":\"https:\/\/secure.gravatar.com\/avatar\/41b9aaeb2100835f7c64362330f74c7f?s=96&d=mm&r=g\",\"caption\":\"Reda\u00e7\u00e3o Portal MF\"},\"description\":\"Sejam bem-vindos o portal de informa\u00e7\u00f5es de entretenimento de Feira de Santana, desde 2006 realiza coberturas dos principais eventos com entrevistas exclusivas com as principais personalidades mundiais. Fique conectado tamb\u00e9m nas redes sociais.\",\"sameAs\":[\"http:\/\/www.portalmf.com.br\/\",\"https:\/\/www.facebook.com\/portalmfoficial\",\"https:\/\/www.instagram.com\/portalmf\/\",\"https:\/\/x.com\/https:\/\/x.com\/portalmfoficial\",\"https:\/\/www.youtube.com\/@portalmfoficial\"],\"url\":\"https:\/\/portalmf.com.br\/index.php\/author\/junior\/\"}]}<\/script>\n<!-- \/ Yoast SEO plugin. -->","yoast_head_json":{"title":"Final de ano: momento de reflex\u00f5es e cria\u00e7\u00e3o de metas - Portal MF","robots":{"index":"index","follow":"follow","max-snippet":"max-snippet:-1","max-image-preview":"max-image-preview:large","max-video-preview":"max-video-preview:-1"},"canonical":"https:\/\/portalmf.com.br\/index.php\/2022\/12\/30\/final-de-ano-momento-de-reflexoes-e-criacao-de-metas\/","og_locale":"pt_BR","og_type":"article","og_title":"Final de ano: momento de reflex\u00f5es e cria\u00e7\u00e3o de metas - Portal MF","og_description":"Final de ano, momento de rever os planos concretizados e pensar sobre o futuro. \u00c9 nesse momento que as metas para o pr\u00f3ximo ano s\u00e3o criadas, mas tamb\u00e9m \u00e9 um momento em que muitas pessoas se sentem frustradas por n\u00e3o terem conseguido realizar as metas estabelecidas para o ano que est\u00e1 acabando. Mas por que [&hellip;]","og_url":"https:\/\/portalmf.com.br\/index.php\/2022\/12\/30\/final-de-ano-momento-de-reflexoes-e-criacao-de-metas\/","og_site_name":"Portal MF","article_author":"https:\/\/www.facebook.com\/portalmfoficial","article_published_time":"2022-12-30T10:22:00+00:00","article_modified_time":"2022-12-30T19:13:32+00:00","og_image":[{"width":960,"height":500,"url":"https:\/\/portalmf.com.br\/wp-content\/uploads\/2022\/12\/ano-movo.jpeg","type":"image\/jpeg"}],"author":"Reda\u00e7\u00e3o Portal MF","twitter_card":"summary_large_image","twitter_creator":"@https:\/\/x.com\/portalmfoficial","twitter_misc":{"Escrito por":"Reda\u00e7\u00e3o Portal MF","Est. tempo de leitura":"4 minutos"},"schema":{"@context":"https:\/\/schema.org","@graph":[{"@type":"WebPage","@id":"https:\/\/portalmf.com.br\/index.php\/2022\/12\/30\/final-de-ano-momento-de-reflexoes-e-criacao-de-metas\/","url":"https:\/\/portalmf.com.br\/index.php\/2022\/12\/30\/final-de-ano-momento-de-reflexoes-e-criacao-de-metas\/","name":"Final de ano: momento de reflex\u00f5es e cria\u00e7\u00e3o de metas - Portal MF","isPartOf":{"@id":"https:\/\/portalmf.com.br\/#website"},"primaryImageOfPage":{"@id":"https:\/\/portalmf.com.br\/index.php\/2022\/12\/30\/final-de-ano-momento-de-reflexoes-e-criacao-de-metas\/#primaryimage"},"image":{"@id":"https:\/\/portalmf.com.br\/index.php\/2022\/12\/30\/final-de-ano-momento-de-reflexoes-e-criacao-de-metas\/#primaryimage"},"thumbnailUrl":"https:\/\/portalmf.com.br\/wp-content\/uploads\/2022\/12\/ano-movo.jpeg","datePublished":"2022-12-30T10:22:00+00:00","dateModified":"2022-12-30T19:13:32+00:00","author":{"@id":"https:\/\/portalmf.com.br\/#\/schema\/person\/9ec101baf56233e53520c26de5d6f6f0"},"breadcrumb":{"@id":"https:\/\/portalmf.com.br\/index.php\/2022\/12\/30\/final-de-ano-momento-de-reflexoes-e-criacao-de-metas\/#breadcrumb"},"inLanguage":"pt-BR","potentialAction":[{"@type":"ReadAction","target":["https:\/\/portalmf.com.br\/index.php\/2022\/12\/30\/final-de-ano-momento-de-reflexoes-e-criacao-de-metas\/"]}]},{"@type":"ImageObject","inLanguage":"pt-BR","@id":"https:\/\/portalmf.com.br\/index.php\/2022\/12\/30\/final-de-ano-momento-de-reflexoes-e-criacao-de-metas\/#primaryimage","url":"https:\/\/portalmf.com.br\/wp-content\/uploads\/2022\/12\/ano-movo.jpeg","contentUrl":"https:\/\/portalmf.com.br\/wp-content\/uploads\/2022\/12\/ano-movo.jpeg","width":960,"height":500},{"@type":"BreadcrumbList","@id":"https:\/\/portalmf.com.br\/index.php\/2022\/12\/30\/final-de-ano-momento-de-reflexoes-e-criacao-de-metas\/#breadcrumb","itemListElement":[{"@type":"ListItem","position":1,"name":"In\u00edcio","item":"https:\/\/portalmf.com.br\/"},{"@type":"ListItem","position":2,"name":"Final de ano: momento de reflex\u00f5es e cria\u00e7\u00e3o de metas"}]},{"@type":"WebSite","@id":"https:\/\/portalmf.com.br\/#website","url":"https:\/\/portalmf.com.br\/","name":"Portal MF","description":"Voc\u00ea conectado com a informa\u00e7\u00e3o","potentialAction":[{"@type":"SearchAction","target":{"@type":"EntryPoint","urlTemplate":"https:\/\/portalmf.com.br\/?s={search_term_string}"},"query-input":"required name=search_term_string"}],"inLanguage":"pt-BR"},{"@type":"Person","@id":"https:\/\/portalmf.com.br\/#\/schema\/person\/9ec101baf56233e53520c26de5d6f6f0","name":"Reda\u00e7\u00e3o Portal MF","image":{"@type":"ImageObject","inLanguage":"pt-BR","@id":"https:\/\/portalmf.com.br\/#\/schema\/person\/image\/","url":"https:\/\/secure.gravatar.com\/avatar\/41b9aaeb2100835f7c64362330f74c7f?s=96&d=mm&r=g","contentUrl":"https:\/\/secure.gravatar.com\/avatar\/41b9aaeb2100835f7c64362330f74c7f?s=96&d=mm&r=g","caption":"Reda\u00e7\u00e3o Portal MF"},"description":"Sejam bem-vindos o portal de informa\u00e7\u00f5es de entretenimento de Feira de Santana, desde 2006 realiza coberturas dos principais eventos com entrevistas exclusivas com as principais personalidades mundiais. Fique conectado tamb\u00e9m nas redes sociais.","sameAs":["http:\/\/www.portalmf.com.br\/","https:\/\/www.facebook.com\/portalmfoficial","https:\/\/www.instagram.com\/portalmf\/","https:\/\/x.com\/https:\/\/x.com\/portalmfoficial","https:\/\/www.youtube.com\/@portalmfoficial"],"url":"https:\/\/portalmf.com.br\/index.php\/author\/junior\/"}]}},"_links":{"self":[{"href":"https:\/\/portalmf.com.br\/index.php\/wp-json\/wp\/v2\/posts\/7359"}],"collection":[{"href":"https:\/\/portalmf.com.br\/index.php\/wp-json\/wp\/v2\/posts"}],"about":[{"href":"https:\/\/portalmf.com.br\/index.php\/wp-json\/wp\/v2\/types\/post"}],"author":[{"embeddable":true,"href":"https:\/\/portalmf.com.br\/index.php\/wp-json\/wp\/v2\/users\/3"}],"replies":[{"embeddable":true,"href":"https:\/\/portalmf.com.br\/index.php\/wp-json\/wp\/v2\/comments?post=7359"}],"version-history":[{"count":1,"href":"https:\/\/portalmf.com.br\/index.php\/wp-json\/wp\/v2\/posts\/7359\/revisions"}],"predecessor-version":[{"id":7362,"href":"https:\/\/portalmf.com.br\/index.php\/wp-json\/wp\/v2\/posts\/7359\/revisions\/7362"}],"wp:featuredmedia":[{"embeddable":true,"href":"https:\/\/portalmf.com.br\/index.php\/wp-json\/wp\/v2\/media\/7361"}],"wp:attachment":[{"href":"https:\/\/portalmf.com.br\/index.php\/wp-json\/wp\/v2\/media?parent=7359"}],"wp:term":[{"taxonomy":"category","embeddable":true,"href":"https:\/\/portalmf.com.br\/index.php\/wp-json\/wp\/v2\/categories?post=7359"},{"taxonomy":"post_tag","embeddable":true,"href":"https:\/\/portalmf.com.br\/index.php\/wp-json\/wp\/v2\/tags?post=7359"}],"curies":[{"name":"wp","href":"https:\/\/api.w.org\/{rel}","templated":true}]}}