{"id":7356,"date":"2022-12-29T06:18:00","date_gmt":"2022-12-29T09:18:00","guid":{"rendered":"https:\/\/portalmf.com.br\/?p=7356"},"modified":"2022-12-29T18:20:49","modified_gmt":"2022-12-29T21:20:49","slug":"bruno-reis-destaca-diversidade-de-atracoes-e-fortalecimento-da-economia-com-festival-virada","status":"publish","type":"post","link":"https:\/\/portalmf.com.br\/index.php\/2022\/12\/29\/bruno-reis-destaca-diversidade-de-atracoes-e-fortalecimento-da-economia-com-festival-virada\/","title":{"rendered":"Bruno Reis destaca diversidade de atra\u00e7\u00f5es e fortalecimento da economia com Festival Virada"},"content":{"rendered":"\n<p>A diversidade na grade de atra\u00e7\u00f5es e a presen\u00e7a maci\u00e7a de p\u00fablico na primeira noite de apresenta\u00e7\u00f5es do Festival Virada Salvador foram temas da coletiva de abertura da festa, concedida nesta quarta-feira (28), pelo prefeito Bruno Reis. O chefe do Executivo municipal ressaltou ainda a lota\u00e7\u00e3o m\u00e1xima nos hot\u00e9is da cidade, revelou bons n\u00fameros da economia e falou da expectativa para a alta esta\u00e7\u00e3o, ap\u00f3s hiato de dois anos, devido \u00e0 pandemia de Covid-19.<\/p>\n\n\n\n<p><em>&#8220;S\u00e3o dois anos de expectativa, sem realizar grandes eventos em Salvador. Desta vez, com tranquilidade e anteced\u00eancia, lan\u00e7amos a festa nos principais mercados emissores de turistas, j\u00e1 apresentando as principais atra\u00e7\u00f5es. Com isso, estamos abrindo oficialmente o ver\u00e3o com esta grande festa&#8221;,<\/em> destacou Bruno Reis.<\/p>\n\n\n\n<p>O prefeito lembrou tamb\u00e9m que \u00e9 tradi\u00e7\u00e3o do Festival Virada o lan\u00e7amento de novidades que repercutir\u00e3o mais \u00e0 frente, no Carnaval. &#8220;<em>Pela primeira vez trazemos dois grandes palcos e ampliamos as op\u00e7\u00f5es de lazer. Temos mais uma atra\u00e7\u00e3o no palco principal, que sempre traz os maiores e melhores artistas do pa\u00eds. Temos um palco para valorizar ainda mais os grandes artistas locais, que pela primeira vez est\u00e3o tendo oportunidades. Assim como acontece com a tradi\u00e7\u00e3o de termos sempre um bloco afro abrindo a noite. Tamb\u00e9m ampliamos toda a oferta de servi\u00e7os e lazer para proporcionar o melhor para baianos e turistas&#8221;.<\/em><\/p>\n\n\n\n<p>Economia &#8211; Animado com a lota\u00e7\u00e3o de hot\u00e9is e pousadas, o prefeito antecipou boas not\u00edcias sobre a economia da cidade, que, ap\u00f3s dois anos de retra\u00e7\u00e3o, adentra o novo ano no azul. <em>&#8220;Nossa previs\u00e3o para esses dias \u00e9 de cerca de 370 mil turistas. Destes, aproximadamente 200 mil v\u00eam de cidades do interior, outras 60 mil, em m\u00e9dia, de outros estados, e 10 mil oriundos do exterior. Com isso, estimamos uma inje\u00e7\u00e3o de algo em torno de R$ 350 milh\u00f5es, al\u00e9m de toda a capacidade de gerar emprego e renda, aquecendo toda a cadeia produtiva e do turismo de eventos&#8221;.<\/em><\/p>\n\n\n\n<p>Dentre os n\u00fameros revelados pelo prefeito, destaca-se a supera\u00e7\u00e3o da previs\u00e3o do or\u00e7amento, que era de R$ 8,7 bilh\u00f5es, mas que, terminado o exerc\u00edcio 2022, foi registrado o recorde de R$ 10,6 bilh\u00f5es, sendo R$ 1,3 bilh\u00e3o al\u00e9m da expectativa.<em> &#8220;Isso se deve ao crescimento econ\u00f4mico do pa\u00eds, ap\u00f3s dois anos de retra\u00e7\u00e3o. Tamb\u00e9m pelos bons n\u00fameros do ISS (Imposto Sobre Servi\u00e7os), que reflete a melhoria nas atividades econ\u00f4micas, assim como a amplia\u00e7\u00e3o dos n\u00fameros no setor de servi\u00e7os, que \u00e9 o principal gerador de emprego e renda&#8221;,<\/em> finalizou Bruno Reis.<\/p>\n\n\n\n<p><strong>Volta com for\u00e7a &#8211;<\/strong> O presidente da Saltur e maestro de toda a engrenagem do Festival Virada Salvador, Isaac Edington, afirma que esta edi\u00e7\u00e3o promete ser a mais importante e de maior repercuss\u00e3o em mais de uma d\u00e9cada de festa. &#8220;Retornamos com toda a for\u00e7a, com a ben\u00e7\u00e3o do &#8216;Mais belo dos belos&#8217;, o Il\u00ea, reabrindo essa festa linda, ap\u00f3s dois anos, agora sem a pandemia, que nos limitou e provou desse espet\u00e1culo bel\u00edssimo&#8221;.<\/p>\n\n\n\n<p>Edington lembrou, ainda, das atra\u00e7\u00f5es variadas que o festival oferece al\u00e9m das apresenta\u00e7\u00f5es musicais. &#8220;Temos toda uma estrutura montada aqui no Parque dos Ventos, como a Divertil\u00e2ndia, brinquedos como roda gigante, tirolesa, discovery, carrossel, uma das maiores pistas de skate do Norte-Nordeste, al\u00e9m de um espa\u00e7o para games muito especial, para que todos tenham op\u00e7\u00f5es diversas de lazer&#8221;.<\/p>\n\n\n\n<p>O titular da Saltur chamou aten\u00e7\u00e3o tamb\u00e9m para mais uma novidade da festa, que \u00e9 o Palco Brisa, que traz como atra\u00e7\u00f5es principais artistas relevantes da cena emergente e alternativa da capital baiana, que promete rivalizar com a grade do Palco Principal.<\/p>\n\n\n\n<p><em>&#8220;Estamos muito animados, trazendo um elenco fant\u00e1stico com artistas da nova cena da Bahia, mostrando seus primeiros acordes para animar o palco do festival. E vamos come\u00e7ar com tudo, abrindo a festa com Kann\u00e1rio, Bell, Ivete e Gusttavo Lima. Al\u00e9m disso, temos uma grande infraestrutura, oferecendo todos os servi\u00e7os municipais, com toda a experi\u00eancia que a Prefeitura de Salvador acumulou ap\u00f3s anos de realiza\u00e7\u00e3o dessa grande festa para baianos e turistas&#8221;<\/em>, finalizou.<\/p>\n","protected":false},"excerpt":{"rendered":"<p>A diversidade na grade de atra\u00e7\u00f5es e a presen\u00e7a maci\u00e7a de p\u00fablico na primeira noite de apresenta\u00e7\u00f5es do Festival Virada Salvador foram temas da coletiva de abertura da festa, concedida nesta quarta-feira (28), pelo prefeito Bruno Reis. O chefe do Executivo municipal ressaltou ainda a lota\u00e7\u00e3o m\u00e1xima nos hot\u00e9is da cidade, revelou bons n\u00fameros da [&hellip;]<\/p>\n","protected":false},"author":3,"featured_media":7357,"comment_status":"open","ping_status":"open","sticky":false,"template":"","format":"standard","meta":{"_monsterinsights_skip_tracking":false,"_monsterinsights_sitenote_active":false,"_monsterinsights_sitenote_note":"","_monsterinsights_sitenote_category":0,"footnotes":""},"categories":[47,45],"tags":[],"yoast_head":"<!-- This site is optimized with the Yoast SEO plugin v22.9 - https:\/\/yoast.com\/wordpress\/plugins\/seo\/ -->\n<title>Bruno Reis destaca diversidade de atra\u00e7\u00f5es e fortalecimento da economia com Festival Virada - Portal MF<\/title>\n<meta name=\"robots\" content=\"index, follow, max-snippet:-1, max-image-preview:large, max-video-preview:-1\" \/>\n<link rel=\"canonical\" href=\"https:\/\/portalmf.com.br\/index.php\/2022\/12\/29\/bruno-reis-destaca-diversidade-de-atracoes-e-fortalecimento-da-economia-com-festival-virada\/\" \/>\n<meta property=\"og:locale\" content=\"pt_BR\" \/>\n<meta property=\"og:type\" content=\"article\" \/>\n<meta property=\"og:title\" content=\"Bruno Reis destaca diversidade de atra\u00e7\u00f5es e fortalecimento da economia com Festival Virada - Portal MF\" \/>\n<meta property=\"og:description\" content=\"A diversidade na grade de atra\u00e7\u00f5es e a presen\u00e7a maci\u00e7a de p\u00fablico na primeira noite de apresenta\u00e7\u00f5es do Festival Virada Salvador foram temas da coletiva de abertura da festa, concedida nesta quarta-feira (28), pelo prefeito Bruno Reis. O chefe do Executivo municipal ressaltou ainda a lota\u00e7\u00e3o m\u00e1xima nos hot\u00e9is da cidade, revelou bons n\u00fameros da [&hellip;]\" \/>\n<meta property=\"og:url\" content=\"https:\/\/portalmf.com.br\/index.php\/2022\/12\/29\/bruno-reis-destaca-diversidade-de-atracoes-e-fortalecimento-da-economia-com-festival-virada\/\" \/>\n<meta property=\"og:site_name\" content=\"Portal MF\" \/>\n<meta property=\"article:author\" content=\"https:\/\/www.facebook.com\/portalmfoficial\" \/>\n<meta property=\"article:published_time\" content=\"2022-12-29T09:18:00+00:00\" \/>\n<meta property=\"article:modified_time\" content=\"2022-12-29T21:20:49+00:00\" \/>\n<meta property=\"og:image\" content=\"https:\/\/portalmf.com.br\/wp-content\/uploads\/2022\/12\/prefeito-Bruno-Rei.jpeg\" \/>\n\t<meta property=\"og:image:width\" content=\"1280\" \/>\n\t<meta property=\"og:image:height\" content=\"854\" \/>\n\t<meta property=\"og:image:type\" content=\"image\/jpeg\" \/>\n<meta name=\"author\" content=\"Reda\u00e7\u00e3o Portal MF\" \/>\n<meta name=\"twitter:card\" content=\"summary_large_image\" \/>\n<meta name=\"twitter:creator\" content=\"@https:\/\/x.com\/portalmfoficial\" \/>\n<meta name=\"twitter:label1\" content=\"Escrito por\" \/>\n\t<meta name=\"twitter:data1\" content=\"Reda\u00e7\u00e3o Portal MF\" \/>\n\t<meta name=\"twitter:label2\" content=\"Est. tempo de leitura\" \/>\n\t<meta name=\"twitter:data2\" content=\"4 minutos\" \/>\n<script type=\"application\/ld+json\" class=\"yoast-schema-graph\">{\"@context\":\"https:\/\/schema.org\",\"@graph\":[{\"@type\":\"WebPage\",\"@id\":\"https:\/\/portalmf.com.br\/index.php\/2022\/12\/29\/bruno-reis-destaca-diversidade-de-atracoes-e-fortalecimento-da-economia-com-festival-virada\/\",\"url\":\"https:\/\/portalmf.com.br\/index.php\/2022\/12\/29\/bruno-reis-destaca-diversidade-de-atracoes-e-fortalecimento-da-economia-com-festival-virada\/\",\"name\":\"Bruno Reis destaca diversidade de atra\u00e7\u00f5es e fortalecimento da economia com Festival Virada - Portal MF\",\"isPartOf\":{\"@id\":\"https:\/\/portalmf.com.br\/#website\"},\"primaryImageOfPage\":{\"@id\":\"https:\/\/portalmf.com.br\/index.php\/2022\/12\/29\/bruno-reis-destaca-diversidade-de-atracoes-e-fortalecimento-da-economia-com-festival-virada\/#primaryimage\"},\"image\":{\"@id\":\"https:\/\/portalmf.com.br\/index.php\/2022\/12\/29\/bruno-reis-destaca-diversidade-de-atracoes-e-fortalecimento-da-economia-com-festival-virada\/#primaryimage\"},\"thumbnailUrl\":\"https:\/\/portalmf.com.br\/wp-content\/uploads\/2022\/12\/prefeito-Bruno-Rei.jpeg\",\"datePublished\":\"2022-12-29T09:18:00+00:00\",\"dateModified\":\"2022-12-29T21:20:49+00:00\",\"author\":{\"@id\":\"https:\/\/portalmf.com.br\/#\/schema\/person\/9ec101baf56233e53520c26de5d6f6f0\"},\"breadcrumb\":{\"@id\":\"https:\/\/portalmf.com.br\/index.php\/2022\/12\/29\/bruno-reis-destaca-diversidade-de-atracoes-e-fortalecimento-da-economia-com-festival-virada\/#breadcrumb\"},\"inLanguage\":\"pt-BR\",\"potentialAction\":[{\"@type\":\"ReadAction\",\"target\":[\"https:\/\/portalmf.com.br\/index.php\/2022\/12\/29\/bruno-reis-destaca-diversidade-de-atracoes-e-fortalecimento-da-economia-com-festival-virada\/\"]}]},{\"@type\":\"ImageObject\",\"inLanguage\":\"pt-BR\",\"@id\":\"https:\/\/portalmf.com.br\/index.php\/2022\/12\/29\/bruno-reis-destaca-diversidade-de-atracoes-e-fortalecimento-da-economia-com-festival-virada\/#primaryimage\",\"url\":\"https:\/\/portalmf.com.br\/wp-content\/uploads\/2022\/12\/prefeito-Bruno-Rei.jpeg\",\"contentUrl\":\"https:\/\/portalmf.com.br\/wp-content\/uploads\/2022\/12\/prefeito-Bruno-Rei.jpeg\",\"width\":1280,\"height\":854},{\"@type\":\"BreadcrumbList\",\"@id\":\"https:\/\/portalmf.com.br\/index.php\/2022\/12\/29\/bruno-reis-destaca-diversidade-de-atracoes-e-fortalecimento-da-economia-com-festival-virada\/#breadcrumb\",\"itemListElement\":[{\"@type\":\"ListItem\",\"position\":1,\"name\":\"In\u00edcio\",\"item\":\"https:\/\/portalmf.com.br\/\"},{\"@type\":\"ListItem\",\"position\":2,\"name\":\"Bruno Reis destaca diversidade de atra\u00e7\u00f5es e fortalecimento da economia com Festival Virada\"}]},{\"@type\":\"WebSite\",\"@id\":\"https:\/\/portalmf.com.br\/#website\",\"url\":\"https:\/\/portalmf.com.br\/\",\"name\":\"Portal MF\",\"description\":\"Voc\u00ea conectado com a informa\u00e7\u00e3o\",\"potentialAction\":[{\"@type\":\"SearchAction\",\"target\":{\"@type\":\"EntryPoint\",\"urlTemplate\":\"https:\/\/portalmf.com.br\/?s={search_term_string}\"},\"query-input\":\"required name=search_term_string\"}],\"inLanguage\":\"pt-BR\"},{\"@type\":\"Person\",\"@id\":\"https:\/\/portalmf.com.br\/#\/schema\/person\/9ec101baf56233e53520c26de5d6f6f0\",\"name\":\"Reda\u00e7\u00e3o Portal MF\",\"image\":{\"@type\":\"ImageObject\",\"inLanguage\":\"pt-BR\",\"@id\":\"https:\/\/portalmf.com.br\/#\/schema\/person\/image\/\",\"url\":\"https:\/\/secure.gravatar.com\/avatar\/41b9aaeb2100835f7c64362330f74c7f?s=96&d=mm&r=g\",\"contentUrl\":\"https:\/\/secure.gravatar.com\/avatar\/41b9aaeb2100835f7c64362330f74c7f?s=96&d=mm&r=g\",\"caption\":\"Reda\u00e7\u00e3o Portal MF\"},\"description\":\"Sejam bem-vindos o portal de informa\u00e7\u00f5es de entretenimento de Feira de Santana, desde 2006 realiza coberturas dos principais eventos com entrevistas exclusivas com as principais personalidades mundiais. Fique conectado tamb\u00e9m nas redes sociais.\",\"sameAs\":[\"http:\/\/www.portalmf.com.br\/\",\"https:\/\/www.facebook.com\/portalmfoficial\",\"https:\/\/www.instagram.com\/portalmf\/\",\"https:\/\/x.com\/https:\/\/x.com\/portalmfoficial\",\"https:\/\/www.youtube.com\/@portalmfoficial\"],\"url\":\"https:\/\/portalmf.com.br\/index.php\/author\/junior\/\"}]}<\/script>\n<!-- \/ Yoast SEO plugin. -->","yoast_head_json":{"title":"Bruno Reis destaca diversidade de atra\u00e7\u00f5es e fortalecimento da economia com Festival Virada - Portal MF","robots":{"index":"index","follow":"follow","max-snippet":"max-snippet:-1","max-image-preview":"max-image-preview:large","max-video-preview":"max-video-preview:-1"},"canonical":"https:\/\/portalmf.com.br\/index.php\/2022\/12\/29\/bruno-reis-destaca-diversidade-de-atracoes-e-fortalecimento-da-economia-com-festival-virada\/","og_locale":"pt_BR","og_type":"article","og_title":"Bruno Reis destaca diversidade de atra\u00e7\u00f5es e fortalecimento da economia com Festival Virada - Portal MF","og_description":"A diversidade na grade de atra\u00e7\u00f5es e a presen\u00e7a maci\u00e7a de p\u00fablico na primeira noite de apresenta\u00e7\u00f5es do Festival Virada Salvador foram temas da coletiva de abertura da festa, concedida nesta quarta-feira (28), pelo prefeito Bruno Reis. O chefe do Executivo municipal ressaltou ainda a lota\u00e7\u00e3o m\u00e1xima nos hot\u00e9is da cidade, revelou bons n\u00fameros da [&hellip;]","og_url":"https:\/\/portalmf.com.br\/index.php\/2022\/12\/29\/bruno-reis-destaca-diversidade-de-atracoes-e-fortalecimento-da-economia-com-festival-virada\/","og_site_name":"Portal MF","article_author":"https:\/\/www.facebook.com\/portalmfoficial","article_published_time":"2022-12-29T09:18:00+00:00","article_modified_time":"2022-12-29T21:20:49+00:00","og_image":[{"width":1280,"height":854,"url":"https:\/\/portalmf.com.br\/wp-content\/uploads\/2022\/12\/prefeito-Bruno-Rei.jpeg","type":"image\/jpeg"}],"author":"Reda\u00e7\u00e3o Portal MF","twitter_card":"summary_large_image","twitter_creator":"@https:\/\/x.com\/portalmfoficial","twitter_misc":{"Escrito por":"Reda\u00e7\u00e3o Portal MF","Est. tempo de leitura":"4 minutos"},"schema":{"@context":"https:\/\/schema.org","@graph":[{"@type":"WebPage","@id":"https:\/\/portalmf.com.br\/index.php\/2022\/12\/29\/bruno-reis-destaca-diversidade-de-atracoes-e-fortalecimento-da-economia-com-festival-virada\/","url":"https:\/\/portalmf.com.br\/index.php\/2022\/12\/29\/bruno-reis-destaca-diversidade-de-atracoes-e-fortalecimento-da-economia-com-festival-virada\/","name":"Bruno Reis destaca diversidade de atra\u00e7\u00f5es e fortalecimento da economia com Festival Virada - Portal MF","isPartOf":{"@id":"https:\/\/portalmf.com.br\/#website"},"primaryImageOfPage":{"@id":"https:\/\/portalmf.com.br\/index.php\/2022\/12\/29\/bruno-reis-destaca-diversidade-de-atracoes-e-fortalecimento-da-economia-com-festival-virada\/#primaryimage"},"image":{"@id":"https:\/\/portalmf.com.br\/index.php\/2022\/12\/29\/bruno-reis-destaca-diversidade-de-atracoes-e-fortalecimento-da-economia-com-festival-virada\/#primaryimage"},"thumbnailUrl":"https:\/\/portalmf.com.br\/wp-content\/uploads\/2022\/12\/prefeito-Bruno-Rei.jpeg","datePublished":"2022-12-29T09:18:00+00:00","dateModified":"2022-12-29T21:20:49+00:00","author":{"@id":"https:\/\/portalmf.com.br\/#\/schema\/person\/9ec101baf56233e53520c26de5d6f6f0"},"breadcrumb":{"@id":"https:\/\/portalmf.com.br\/index.php\/2022\/12\/29\/bruno-reis-destaca-diversidade-de-atracoes-e-fortalecimento-da-economia-com-festival-virada\/#breadcrumb"},"inLanguage":"pt-BR","potentialAction":[{"@type":"ReadAction","target":["https:\/\/portalmf.com.br\/index.php\/2022\/12\/29\/bruno-reis-destaca-diversidade-de-atracoes-e-fortalecimento-da-economia-com-festival-virada\/"]}]},{"@type":"ImageObject","inLanguage":"pt-BR","@id":"https:\/\/portalmf.com.br\/index.php\/2022\/12\/29\/bruno-reis-destaca-diversidade-de-atracoes-e-fortalecimento-da-economia-com-festival-virada\/#primaryimage","url":"https:\/\/portalmf.com.br\/wp-content\/uploads\/2022\/12\/prefeito-Bruno-Rei.jpeg","contentUrl":"https:\/\/portalmf.com.br\/wp-content\/uploads\/2022\/12\/prefeito-Bruno-Rei.jpeg","width":1280,"height":854},{"@type":"BreadcrumbList","@id":"https:\/\/portalmf.com.br\/index.php\/2022\/12\/29\/bruno-reis-destaca-diversidade-de-atracoes-e-fortalecimento-da-economia-com-festival-virada\/#breadcrumb","itemListElement":[{"@type":"ListItem","position":1,"name":"In\u00edcio","item":"https:\/\/portalmf.com.br\/"},{"@type":"ListItem","position":2,"name":"Bruno Reis destaca diversidade de atra\u00e7\u00f5es e fortalecimento da economia com Festival Virada"}]},{"@type":"WebSite","@id":"https:\/\/portalmf.com.br\/#website","url":"https:\/\/portalmf.com.br\/","name":"Portal MF","description":"Voc\u00ea conectado com a informa\u00e7\u00e3o","potentialAction":[{"@type":"SearchAction","target":{"@type":"EntryPoint","urlTemplate":"https:\/\/portalmf.com.br\/?s={search_term_string}"},"query-input":"required name=search_term_string"}],"inLanguage":"pt-BR"},{"@type":"Person","@id":"https:\/\/portalmf.com.br\/#\/schema\/person\/9ec101baf56233e53520c26de5d6f6f0","name":"Reda\u00e7\u00e3o Portal MF","image":{"@type":"ImageObject","inLanguage":"pt-BR","@id":"https:\/\/portalmf.com.br\/#\/schema\/person\/image\/","url":"https:\/\/secure.gravatar.com\/avatar\/41b9aaeb2100835f7c64362330f74c7f?s=96&d=mm&r=g","contentUrl":"https:\/\/secure.gravatar.com\/avatar\/41b9aaeb2100835f7c64362330f74c7f?s=96&d=mm&r=g","caption":"Reda\u00e7\u00e3o Portal MF"},"description":"Sejam bem-vindos o portal de informa\u00e7\u00f5es de entretenimento de Feira de Santana, desde 2006 realiza coberturas dos principais eventos com entrevistas exclusivas com as principais personalidades mundiais. Fique conectado tamb\u00e9m nas redes sociais.","sameAs":["http:\/\/www.portalmf.com.br\/","https:\/\/www.facebook.com\/portalmfoficial","https:\/\/www.instagram.com\/portalmf\/","https:\/\/x.com\/https:\/\/x.com\/portalmfoficial","https:\/\/www.youtube.com\/@portalmfoficial"],"url":"https:\/\/portalmf.com.br\/index.php\/author\/junior\/"}]}},"_links":{"self":[{"href":"https:\/\/portalmf.com.br\/index.php\/wp-json\/wp\/v2\/posts\/7356"}],"collection":[{"href":"https:\/\/portalmf.com.br\/index.php\/wp-json\/wp\/v2\/posts"}],"about":[{"href":"https:\/\/portalmf.com.br\/index.php\/wp-json\/wp\/v2\/types\/post"}],"author":[{"embeddable":true,"href":"https:\/\/portalmf.com.br\/index.php\/wp-json\/wp\/v2\/users\/3"}],"replies":[{"embeddable":true,"href":"https:\/\/portalmf.com.br\/index.php\/wp-json\/wp\/v2\/comments?post=7356"}],"version-history":[{"count":1,"href":"https:\/\/portalmf.com.br\/index.php\/wp-json\/wp\/v2\/posts\/7356\/revisions"}],"predecessor-version":[{"id":7358,"href":"https:\/\/portalmf.com.br\/index.php\/wp-json\/wp\/v2\/posts\/7356\/revisions\/7358"}],"wp:featuredmedia":[{"embeddable":true,"href":"https:\/\/portalmf.com.br\/index.php\/wp-json\/wp\/v2\/media\/7357"}],"wp:attachment":[{"href":"https:\/\/portalmf.com.br\/index.php\/wp-json\/wp\/v2\/media?parent=7356"}],"wp:term":[{"taxonomy":"category","embeddable":true,"href":"https:\/\/portalmf.com.br\/index.php\/wp-json\/wp\/v2\/categories?post=7356"},{"taxonomy":"post_tag","embeddable":true,"href":"https:\/\/portalmf.com.br\/index.php\/wp-json\/wp\/v2\/tags?post=7356"}],"curies":[{"name":"wp","href":"https:\/\/api.w.org\/{rel}","templated":true}]}}