{"id":7344,"date":"2022-12-29T09:11:00","date_gmt":"2022-12-29T12:11:00","guid":{"rendered":"https:\/\/portalmf.com.br\/?p=7344"},"modified":"2022-12-29T18:18:03","modified_gmt":"2022-12-29T21:18:03","slug":"ivete-sangalo-leo-santana-e-lore-improta-curtem-segunda-noite-do-reveillon-praia-do-forte","status":"publish","type":"post","link":"https:\/\/portalmf.com.br\/index.php\/2022\/12\/29\/ivete-sangalo-leo-santana-e-lore-improta-curtem-segunda-noite-do-reveillon-praia-do-forte\/","title":{"rendered":"Ivete Sangalo, L\u00e9o Santana e Lore Improta curtem segunda noite do R\u00e9veillon Praia do Forte"},"content":{"rendered":"\n<p>O luxo e a sofistica\u00e7\u00e3o tomaram conta da Praia do Castelo, em Praia do Forte. O paradis\u00edaco local \u00e9 o cen\u00e1rio onde o R\u00e9veillon Praia do Forte est\u00e1 recebendo grandes nomes da m\u00fasica brasileira, com uma superestrutura e servi\u00e7os de alt\u00edssima qualidade.<\/p>\n\n\n\n<p>A segunda noite de festa foi marcada pela mistura de g\u00eaneros, misturando forr\u00f3, samba e ax\u00e9, o R\u00e9veillon Praia do Forte trouxe para o palco quatro shows incr\u00edveis. Entre as atra\u00e7\u00f5es da noite, est\u00e3o os cantores Tuca Fernandes \u2013 que levou todo o seu tradicional som do Ax\u00e9 Music, al\u00e9m do forrozeiro Jo\u00e3o Gomes \u2013 que com sua voz marcante, colocou o p\u00fablico para cantar e dan\u00e7ar os maiores sucessos de sua carreira.<\/p>\n\n\n\n<p>Al\u00e9m de Tuca e Jo\u00e3o, quem tamb\u00e9m subiu ao palco foi o grupo brasiliense de samba, Menos \u00e9 Mais \u2013 que sob o comando da marcante voz de Duz\u00e3o, levou a galera ao del\u00edrio ao cantar os hits que fazem sucesso. E fechando a noite em grande estilo, o forr\u00f3 rom\u00e2ntico de Tico embalou os casais apaixonados e fez todo mundo dan\u00e7ar coladinho at\u00e9 o dia amanhecer.<\/p>\n\n\n\n<p>A plateia do R\u00e9veillon Praia do Forte estava repleta de famosos, entre eles, estavam o cantor L\u00e9o Santana e sua esposa, a dan\u00e7arina Lore Improta. Quem tamb\u00e9m foi aproveitar a segunda noite de festa foi Ivete Sangalo, que junto com sua fam\u00edlia, curtiu de pertinho o show de Jo\u00e3o Gomes e ainda cantou junto com o forrozeiro.<\/p>\n\n\n\n<p>A terceira noite de festa ser\u00e1 animada por nomes como Lincoln, Thiago Brava, o embaixador Gusttavo Lima e a dupla eletr\u00f4nica, DubDogz.<\/p>\n\n\n\n<figure class=\"wp-block-gallery has-nested-images columns-default is-cropped wp-block-gallery-1 is-layout-flex wp-block-gallery-is-layout-flex\">\n<figure class=\"wp-block-image size-large\"><img fetchpriority=\"high\" decoding=\"async\" width=\"682\" height=\"1024\" data-id=\"7347\" src=\"https:\/\/portalmf.com.br\/wp-content\/uploads\/2022\/12\/Ivete-Sangalo-Leo-Santana-e-Lore-Improta-curtem-segunda-noite-do-Reveillon-Praia-do-Forte-1-682x1024.jpeg\" alt=\"\" class=\"wp-image-7347\" srcset=\"https:\/\/portalmf.com.br\/wp-content\/uploads\/2022\/12\/Ivete-Sangalo-Leo-Santana-e-Lore-Improta-curtem-segunda-noite-do-Reveillon-Praia-do-Forte-1-682x1024.jpeg 682w, https:\/\/portalmf.com.br\/wp-content\/uploads\/2022\/12\/Ivete-Sangalo-Leo-Santana-e-Lore-Improta-curtem-segunda-noite-do-Reveillon-Praia-do-Forte-1-200x300.jpeg 200w, https:\/\/portalmf.com.br\/wp-content\/uploads\/2022\/12\/Ivete-Sangalo-Leo-Santana-e-Lore-Improta-curtem-segunda-noite-do-Reveillon-Praia-do-Forte-1-768x1153.jpeg 768w, https:\/\/portalmf.com.br\/wp-content\/uploads\/2022\/12\/Ivete-Sangalo-Leo-Santana-e-Lore-Improta-curtem-segunda-noite-do-Reveillon-Praia-do-Forte-1-1023x1536.jpeg 1023w, https:\/\/portalmf.com.br\/wp-content\/uploads\/2022\/12\/Ivete-Sangalo-Leo-Santana-e-Lore-Improta-curtem-segunda-noite-do-Reveillon-Praia-do-Forte-1-585x878.jpeg 585w, https:\/\/portalmf.com.br\/wp-content\/uploads\/2022\/12\/Ivete-Sangalo-Leo-Santana-e-Lore-Improta-curtem-segunda-noite-do-Reveillon-Praia-do-Forte-1.jpeg 1066w\" sizes=\"(max-width: 682px) 100vw, 682px\" \/><figcaption>Fotos: Sercio Freitas<\/figcaption><\/figure>\n\n\n\n<figure class=\"wp-block-image size-large\"><img decoding=\"async\" width=\"682\" height=\"1024\" data-id=\"7345\" src=\"https:\/\/portalmf.com.br\/wp-content\/uploads\/2022\/12\/Ivete-Sangalo-Leo-Santana-e-Lore-Improta-curtem-segunda-noite-do-Reveillon-Praia-do-Forte-4-682x1024.jpeg\" alt=\"\" class=\"wp-image-7345\" srcset=\"https:\/\/portalmf.com.br\/wp-content\/uploads\/2022\/12\/Ivete-Sangalo-Leo-Santana-e-Lore-Improta-curtem-segunda-noite-do-Reveillon-Praia-do-Forte-4-682x1024.jpeg 682w, https:\/\/portalmf.com.br\/wp-content\/uploads\/2022\/12\/Ivete-Sangalo-Leo-Santana-e-Lore-Improta-curtem-segunda-noite-do-Reveillon-Praia-do-Forte-4-200x300.jpeg 200w, https:\/\/portalmf.com.br\/wp-content\/uploads\/2022\/12\/Ivete-Sangalo-Leo-Santana-e-Lore-Improta-curtem-segunda-noite-do-Reveillon-Praia-do-Forte-4-768x1153.jpeg 768w, https:\/\/portalmf.com.br\/wp-content\/uploads\/2022\/12\/Ivete-Sangalo-Leo-Santana-e-Lore-Improta-curtem-segunda-noite-do-Reveillon-Praia-do-Forte-4-1023x1536.jpeg 1023w, https:\/\/portalmf.com.br\/wp-content\/uploads\/2022\/12\/Ivete-Sangalo-Leo-Santana-e-Lore-Improta-curtem-segunda-noite-do-Reveillon-Praia-do-Forte-4-585x878.jpeg 585w, https:\/\/portalmf.com.br\/wp-content\/uploads\/2022\/12\/Ivete-Sangalo-Leo-Santana-e-Lore-Improta-curtem-segunda-noite-do-Reveillon-Praia-do-Forte-4.jpeg 1066w\" sizes=\"(max-width: 682px) 100vw, 682px\" \/><figcaption>Fotos: Sercio Freitas<\/figcaption><\/figure>\n\n\n\n<figure class=\"wp-block-image size-large\"><img decoding=\"async\" width=\"682\" height=\"1024\" data-id=\"7346\" src=\"https:\/\/portalmf.com.br\/wp-content\/uploads\/2022\/12\/Ivete-Sangalo-Leo-Santana-e-Lore-Improta-curtem-segunda-noite-do-Reveillon-Praia-do-Forte-2-682x1024.jpeg\" alt=\"\" class=\"wp-image-7346\" srcset=\"https:\/\/portalmf.com.br\/wp-content\/uploads\/2022\/12\/Ivete-Sangalo-Leo-Santana-e-Lore-Improta-curtem-segunda-noite-do-Reveillon-Praia-do-Forte-2-682x1024.jpeg 682w, https:\/\/portalmf.com.br\/wp-content\/uploads\/2022\/12\/Ivete-Sangalo-Leo-Santana-e-Lore-Improta-curtem-segunda-noite-do-Reveillon-Praia-do-Forte-2-200x300.jpeg 200w, https:\/\/portalmf.com.br\/wp-content\/uploads\/2022\/12\/Ivete-Sangalo-Leo-Santana-e-Lore-Improta-curtem-segunda-noite-do-Reveillon-Praia-do-Forte-2-768x1153.jpeg 768w, https:\/\/portalmf.com.br\/wp-content\/uploads\/2022\/12\/Ivete-Sangalo-Leo-Santana-e-Lore-Improta-curtem-segunda-noite-do-Reveillon-Praia-do-Forte-2-1023x1536.jpeg 1023w, https:\/\/portalmf.com.br\/wp-content\/uploads\/2022\/12\/Ivete-Sangalo-Leo-Santana-e-Lore-Improta-curtem-segunda-noite-do-Reveillon-Praia-do-Forte-2-585x878.jpeg 585w, https:\/\/portalmf.com.br\/wp-content\/uploads\/2022\/12\/Ivete-Sangalo-Leo-Santana-e-Lore-Improta-curtem-segunda-noite-do-Reveillon-Praia-do-Forte-2.jpeg 1066w\" sizes=\"(max-width: 682px) 100vw, 682px\" \/><figcaption>Fotos: Sercio Freitas<\/figcaption><\/figure>\n\n\n\n<figure class=\"wp-block-image size-large\"><img loading=\"lazy\" decoding=\"async\" width=\"682\" height=\"1024\" data-id=\"7354\" src=\"https:\/\/portalmf.com.br\/wp-content\/uploads\/2022\/12\/Ivete-Sangalo-Leo-Santana-e-Lore-Improta-curtem-segunda-noite-do-Reveillon-Praia-do-Forte-10-682x1024.jpeg\" alt=\"\" class=\"wp-image-7354\" srcset=\"https:\/\/portalmf.com.br\/wp-content\/uploads\/2022\/12\/Ivete-Sangalo-Leo-Santana-e-Lore-Improta-curtem-segunda-noite-do-Reveillon-Praia-do-Forte-10-682x1024.jpeg 682w, https:\/\/portalmf.com.br\/wp-content\/uploads\/2022\/12\/Ivete-Sangalo-Leo-Santana-e-Lore-Improta-curtem-segunda-noite-do-Reveillon-Praia-do-Forte-10-200x300.jpeg 200w, https:\/\/portalmf.com.br\/wp-content\/uploads\/2022\/12\/Ivete-Sangalo-Leo-Santana-e-Lore-Improta-curtem-segunda-noite-do-Reveillon-Praia-do-Forte-10-768x1153.jpeg 768w, https:\/\/portalmf.com.br\/wp-content\/uploads\/2022\/12\/Ivete-Sangalo-Leo-Santana-e-Lore-Improta-curtem-segunda-noite-do-Reveillon-Praia-do-Forte-10-1023x1536.jpeg 1023w, https:\/\/portalmf.com.br\/wp-content\/uploads\/2022\/12\/Ivete-Sangalo-Leo-Santana-e-Lore-Improta-curtem-segunda-noite-do-Reveillon-Praia-do-Forte-10-585x878.jpeg 585w, https:\/\/portalmf.com.br\/wp-content\/uploads\/2022\/12\/Ivete-Sangalo-Leo-Santana-e-Lore-Improta-curtem-segunda-noite-do-Reveillon-Praia-do-Forte-10.jpeg 1066w\" sizes=\"(max-width: 682px) 100vw, 682px\" \/><figcaption>Fotos: Sercio Freitas<\/figcaption><\/figure>\n\n\n\n<figure class=\"wp-block-image size-large\"><img loading=\"lazy\" decoding=\"async\" width=\"1024\" height=\"682\" data-id=\"7352\" src=\"https:\/\/portalmf.com.br\/wp-content\/uploads\/2022\/12\/Ivete-Sangalo-Leo-Santana-e-Lore-Improta-curtem-segunda-noite-do-Reveillon-Praia-do-Forte-8-1024x682.jpeg\" alt=\"\" class=\"wp-image-7352\" srcset=\"https:\/\/portalmf.com.br\/wp-content\/uploads\/2022\/12\/Ivete-Sangalo-Leo-Santana-e-Lore-Improta-curtem-segunda-noite-do-Reveillon-Praia-do-Forte-8-1024x682.jpeg 1024w, https:\/\/portalmf.com.br\/wp-content\/uploads\/2022\/12\/Ivete-Sangalo-Leo-Santana-e-Lore-Improta-curtem-segunda-noite-do-Reveillon-Praia-do-Forte-8-300x200.jpeg 300w, https:\/\/portalmf.com.br\/wp-content\/uploads\/2022\/12\/Ivete-Sangalo-Leo-Santana-e-Lore-Improta-curtem-segunda-noite-do-Reveillon-Praia-do-Forte-8-768x512.jpeg 768w, https:\/\/portalmf.com.br\/wp-content\/uploads\/2022\/12\/Ivete-Sangalo-Leo-Santana-e-Lore-Improta-curtem-segunda-noite-do-Reveillon-Praia-do-Forte-8-1536x1023.jpeg 1536w, https:\/\/portalmf.com.br\/wp-content\/uploads\/2022\/12\/Ivete-Sangalo-Leo-Santana-e-Lore-Improta-curtem-segunda-noite-do-Reveillon-Praia-do-Forte-8-1170x780.jpeg 1170w, https:\/\/portalmf.com.br\/wp-content\/uploads\/2022\/12\/Ivete-Sangalo-Leo-Santana-e-Lore-Improta-curtem-segunda-noite-do-Reveillon-Praia-do-Forte-8-585x390.jpeg 585w, https:\/\/portalmf.com.br\/wp-content\/uploads\/2022\/12\/Ivete-Sangalo-Leo-Santana-e-Lore-Improta-curtem-segunda-noite-do-Reveillon-Praia-do-Forte-8-263x175.jpeg 263w, https:\/\/portalmf.com.br\/wp-content\/uploads\/2022\/12\/Ivete-Sangalo-Leo-Santana-e-Lore-Improta-curtem-segunda-noite-do-Reveillon-Praia-do-Forte-8.jpeg 1600w\" sizes=\"(max-width: 1024px) 100vw, 1024px\" \/><figcaption>Fotos: Sercio Freitas<\/figcaption><\/figure>\n\n\n\n<figure class=\"wp-block-image size-large\"><img loading=\"lazy\" decoding=\"async\" width=\"1024\" height=\"682\" data-id=\"7349\" src=\"https:\/\/portalmf.com.br\/wp-content\/uploads\/2022\/12\/Ivete-Sangalo-Leo-Santana-e-Lore-Improta-curtem-segunda-noite-do-Reveillon-Praia-do-Forte-6-1024x682.jpeg\" alt=\"\" class=\"wp-image-7349\" srcset=\"https:\/\/portalmf.com.br\/wp-content\/uploads\/2022\/12\/Ivete-Sangalo-Leo-Santana-e-Lore-Improta-curtem-segunda-noite-do-Reveillon-Praia-do-Forte-6-1024x682.jpeg 1024w, https:\/\/portalmf.com.br\/wp-content\/uploads\/2022\/12\/Ivete-Sangalo-Leo-Santana-e-Lore-Improta-curtem-segunda-noite-do-Reveillon-Praia-do-Forte-6-300x200.jpeg 300w, https:\/\/portalmf.com.br\/wp-content\/uploads\/2022\/12\/Ivete-Sangalo-Leo-Santana-e-Lore-Improta-curtem-segunda-noite-do-Reveillon-Praia-do-Forte-6-768x512.jpeg 768w, https:\/\/portalmf.com.br\/wp-content\/uploads\/2022\/12\/Ivete-Sangalo-Leo-Santana-e-Lore-Improta-curtem-segunda-noite-do-Reveillon-Praia-do-Forte-6-1536x1023.jpeg 1536w, https:\/\/portalmf.com.br\/wp-content\/uploads\/2022\/12\/Ivete-Sangalo-Leo-Santana-e-Lore-Improta-curtem-segunda-noite-do-Reveillon-Praia-do-Forte-6-1170x780.jpeg 1170w, https:\/\/portalmf.com.br\/wp-content\/uploads\/2022\/12\/Ivete-Sangalo-Leo-Santana-e-Lore-Improta-curtem-segunda-noite-do-Reveillon-Praia-do-Forte-6-585x390.jpeg 585w, https:\/\/portalmf.com.br\/wp-content\/uploads\/2022\/12\/Ivete-Sangalo-Leo-Santana-e-Lore-Improta-curtem-segunda-noite-do-Reveillon-Praia-do-Forte-6-263x175.jpeg 263w, https:\/\/portalmf.com.br\/wp-content\/uploads\/2022\/12\/Ivete-Sangalo-Leo-Santana-e-Lore-Improta-curtem-segunda-noite-do-Reveillon-Praia-do-Forte-6.jpeg 1600w\" sizes=\"(max-width: 1024px) 100vw, 1024px\" \/><figcaption>Fotos: Sercio Freitas<\/figcaption><\/figure>\n\n\n\n<figure class=\"wp-block-image size-large\"><img loading=\"lazy\" decoding=\"async\" width=\"1024\" height=\"682\" data-id=\"7350\" src=\"https:\/\/portalmf.com.br\/wp-content\/uploads\/2022\/12\/Ivete-Sangalo-Leo-Santana-e-Lore-Improta-curtem-segunda-noite-do-Reveillon-Praia-do-Forte-3-1024x682.jpeg\" alt=\"\" class=\"wp-image-7350\" srcset=\"https:\/\/portalmf.com.br\/wp-content\/uploads\/2022\/12\/Ivete-Sangalo-Leo-Santana-e-Lore-Improta-curtem-segunda-noite-do-Reveillon-Praia-do-Forte-3-1024x682.jpeg 1024w, https:\/\/portalmf.com.br\/wp-content\/uploads\/2022\/12\/Ivete-Sangalo-Leo-Santana-e-Lore-Improta-curtem-segunda-noite-do-Reveillon-Praia-do-Forte-3-300x200.jpeg 300w, https:\/\/portalmf.com.br\/wp-content\/uploads\/2022\/12\/Ivete-Sangalo-Leo-Santana-e-Lore-Improta-curtem-segunda-noite-do-Reveillon-Praia-do-Forte-3-768x512.jpeg 768w, https:\/\/portalmf.com.br\/wp-content\/uploads\/2022\/12\/Ivete-Sangalo-Leo-Santana-e-Lore-Improta-curtem-segunda-noite-do-Reveillon-Praia-do-Forte-3-1536x1023.jpeg 1536w, https:\/\/portalmf.com.br\/wp-content\/uploads\/2022\/12\/Ivete-Sangalo-Leo-Santana-e-Lore-Improta-curtem-segunda-noite-do-Reveillon-Praia-do-Forte-3-1170x780.jpeg 1170w, https:\/\/portalmf.com.br\/wp-content\/uploads\/2022\/12\/Ivete-Sangalo-Leo-Santana-e-Lore-Improta-curtem-segunda-noite-do-Reveillon-Praia-do-Forte-3-585x390.jpeg 585w, https:\/\/portalmf.com.br\/wp-content\/uploads\/2022\/12\/Ivete-Sangalo-Leo-Santana-e-Lore-Improta-curtem-segunda-noite-do-Reveillon-Praia-do-Forte-3-263x175.jpeg 263w, https:\/\/portalmf.com.br\/wp-content\/uploads\/2022\/12\/Ivete-Sangalo-Leo-Santana-e-Lore-Improta-curtem-segunda-noite-do-Reveillon-Praia-do-Forte-3.jpeg 1600w\" sizes=\"(max-width: 1024px) 100vw, 1024px\" \/><figcaption>Fotos: Sercio Freitas<\/figcaption><\/figure>\n\n\n\n<figure class=\"wp-block-image size-large\"><img loading=\"lazy\" decoding=\"async\" width=\"1024\" height=\"682\" data-id=\"7348\" src=\"https:\/\/portalmf.com.br\/wp-content\/uploads\/2022\/12\/Ivete-Sangalo-Leo-Santana-e-Lore-Improta-curtem-segunda-noite-do-Reveillon-Praia-do-Forte-5-1024x682.jpeg\" alt=\"\" class=\"wp-image-7348\" srcset=\"https:\/\/portalmf.com.br\/wp-content\/uploads\/2022\/12\/Ivete-Sangalo-Leo-Santana-e-Lore-Improta-curtem-segunda-noite-do-Reveillon-Praia-do-Forte-5-1024x682.jpeg 1024w, https:\/\/portalmf.com.br\/wp-content\/uploads\/2022\/12\/Ivete-Sangalo-Leo-Santana-e-Lore-Improta-curtem-segunda-noite-do-Reveillon-Praia-do-Forte-5-300x200.jpeg 300w, https:\/\/portalmf.com.br\/wp-content\/uploads\/2022\/12\/Ivete-Sangalo-Leo-Santana-e-Lore-Improta-curtem-segunda-noite-do-Reveillon-Praia-do-Forte-5-768x512.jpeg 768w, https:\/\/portalmf.com.br\/wp-content\/uploads\/2022\/12\/Ivete-Sangalo-Leo-Santana-e-Lore-Improta-curtem-segunda-noite-do-Reveillon-Praia-do-Forte-5-1536x1023.jpeg 1536w, https:\/\/portalmf.com.br\/wp-content\/uploads\/2022\/12\/Ivete-Sangalo-Leo-Santana-e-Lore-Improta-curtem-segunda-noite-do-Reveillon-Praia-do-Forte-5-1170x780.jpeg 1170w, https:\/\/portalmf.com.br\/wp-content\/uploads\/2022\/12\/Ivete-Sangalo-Leo-Santana-e-Lore-Improta-curtem-segunda-noite-do-Reveillon-Praia-do-Forte-5-585x390.jpeg 585w, https:\/\/portalmf.com.br\/wp-content\/uploads\/2022\/12\/Ivete-Sangalo-Leo-Santana-e-Lore-Improta-curtem-segunda-noite-do-Reveillon-Praia-do-Forte-5-263x175.jpeg 263w, https:\/\/portalmf.com.br\/wp-content\/uploads\/2022\/12\/Ivete-Sangalo-Leo-Santana-e-Lore-Improta-curtem-segunda-noite-do-Reveillon-Praia-do-Forte-5.jpeg 1600w\" sizes=\"(max-width: 1024px) 100vw, 1024px\" \/><figcaption>Fotos: Sercio Freitas<\/figcaption><\/figure>\n\n\n\n<figure class=\"wp-block-image size-large\"><img loading=\"lazy\" decoding=\"async\" width=\"1024\" height=\"682\" data-id=\"7353\" src=\"https:\/\/portalmf.com.br\/wp-content\/uploads\/2022\/12\/Ivete-Sangalo-Leo-Santana-e-Lore-Improta-curtem-segunda-noite-do-Reveillon-Praia-do-Forte-9-1024x682.jpeg\" alt=\"\" class=\"wp-image-7353\" srcset=\"https:\/\/portalmf.com.br\/wp-content\/uploads\/2022\/12\/Ivete-Sangalo-Leo-Santana-e-Lore-Improta-curtem-segunda-noite-do-Reveillon-Praia-do-Forte-9-1024x682.jpeg 1024w, https:\/\/portalmf.com.br\/wp-content\/uploads\/2022\/12\/Ivete-Sangalo-Leo-Santana-e-Lore-Improta-curtem-segunda-noite-do-Reveillon-Praia-do-Forte-9-300x200.jpeg 300w, https:\/\/portalmf.com.br\/wp-content\/uploads\/2022\/12\/Ivete-Sangalo-Leo-Santana-e-Lore-Improta-curtem-segunda-noite-do-Reveillon-Praia-do-Forte-9-768x512.jpeg 768w, https:\/\/portalmf.com.br\/wp-content\/uploads\/2022\/12\/Ivete-Sangalo-Leo-Santana-e-Lore-Improta-curtem-segunda-noite-do-Reveillon-Praia-do-Forte-9-1536x1023.jpeg 1536w, https:\/\/portalmf.com.br\/wp-content\/uploads\/2022\/12\/Ivete-Sangalo-Leo-Santana-e-Lore-Improta-curtem-segunda-noite-do-Reveillon-Praia-do-Forte-9-1170x780.jpeg 1170w, https:\/\/portalmf.com.br\/wp-content\/uploads\/2022\/12\/Ivete-Sangalo-Leo-Santana-e-Lore-Improta-curtem-segunda-noite-do-Reveillon-Praia-do-Forte-9-585x390.jpeg 585w, https:\/\/portalmf.com.br\/wp-content\/uploads\/2022\/12\/Ivete-Sangalo-Leo-Santana-e-Lore-Improta-curtem-segunda-noite-do-Reveillon-Praia-do-Forte-9-263x175.jpeg 263w, https:\/\/portalmf.com.br\/wp-content\/uploads\/2022\/12\/Ivete-Sangalo-Leo-Santana-e-Lore-Improta-curtem-segunda-noite-do-Reveillon-Praia-do-Forte-9.jpeg 1600w\" sizes=\"(max-width: 1024px) 100vw, 1024px\" \/><figcaption>Fotos: Sercio Freitas<\/figcaption><\/figure>\n\n\n\n<figure class=\"wp-block-image size-large\"><img loading=\"lazy\" decoding=\"async\" width=\"682\" height=\"1024\" data-id=\"7351\" src=\"https:\/\/portalmf.com.br\/wp-content\/uploads\/2022\/12\/Ivete-Sangalo-Leo-Santana-e-Lore-Improta-curtem-segunda-noite-do-Reveillon-Praia-do-Forte-7-682x1024.jpeg\" alt=\"\" class=\"wp-image-7351\" srcset=\"https:\/\/portalmf.com.br\/wp-content\/uploads\/2022\/12\/Ivete-Sangalo-Leo-Santana-e-Lore-Improta-curtem-segunda-noite-do-Reveillon-Praia-do-Forte-7-682x1024.jpeg 682w, https:\/\/portalmf.com.br\/wp-content\/uploads\/2022\/12\/Ivete-Sangalo-Leo-Santana-e-Lore-Improta-curtem-segunda-noite-do-Reveillon-Praia-do-Forte-7-200x300.jpeg 200w, https:\/\/portalmf.com.br\/wp-content\/uploads\/2022\/12\/Ivete-Sangalo-Leo-Santana-e-Lore-Improta-curtem-segunda-noite-do-Reveillon-Praia-do-Forte-7-768x1153.jpeg 768w, https:\/\/portalmf.com.br\/wp-content\/uploads\/2022\/12\/Ivete-Sangalo-Leo-Santana-e-Lore-Improta-curtem-segunda-noite-do-Reveillon-Praia-do-Forte-7-1023x1536.jpeg 1023w, https:\/\/portalmf.com.br\/wp-content\/uploads\/2022\/12\/Ivete-Sangalo-Leo-Santana-e-Lore-Improta-curtem-segunda-noite-do-Reveillon-Praia-do-Forte-7-585x878.jpeg 585w, https:\/\/portalmf.com.br\/wp-content\/uploads\/2022\/12\/Ivete-Sangalo-Leo-Santana-e-Lore-Improta-curtem-segunda-noite-do-Reveillon-Praia-do-Forte-7.jpeg 1066w\" sizes=\"(max-width: 682px) 100vw, 682px\" \/><figcaption>Fotos: Sercio Freitas<\/figcaption><\/figure>\n<\/figure>\n","protected":false},"excerpt":{"rendered":"<p>O luxo e a sofistica\u00e7\u00e3o tomaram conta da Praia do Castelo, em Praia do Forte. O paradis\u00edaco local \u00e9 o cen\u00e1rio onde o R\u00e9veillon Praia do Forte est\u00e1 recebendo grandes nomes da m\u00fasica brasileira, com uma superestrutura e servi\u00e7os de alt\u00edssima qualidade. A segunda noite de festa foi marcada pela mistura de g\u00eaneros, misturando forr\u00f3, [&hellip;]<\/p>\n","protected":false},"author":3,"featured_media":7353,"comment_status":"open","ping_status":"open","sticky":false,"template":"","format":"standard","meta":{"_monsterinsights_skip_tracking":false,"_monsterinsights_sitenote_active":false,"_monsterinsights_sitenote_note":"","_monsterinsights_sitenote_category":0,"footnotes":""},"categories":[47,45],"tags":[],"yoast_head":"<!-- This site is optimized with the Yoast SEO plugin v22.9 - https:\/\/yoast.com\/wordpress\/plugins\/seo\/ -->\n<title>Ivete Sangalo, L\u00e9o Santana e Lore Improta curtem segunda noite do R\u00e9veillon Praia do Forte - Portal MF<\/title>\n<meta name=\"robots\" content=\"index, follow, max-snippet:-1, max-image-preview:large, max-video-preview:-1\" \/>\n<link rel=\"canonical\" href=\"https:\/\/portalmf.com.br\/index.php\/2022\/12\/29\/ivete-sangalo-leo-santana-e-lore-improta-curtem-segunda-noite-do-reveillon-praia-do-forte\/\" \/>\n<meta property=\"og:locale\" content=\"pt_BR\" \/>\n<meta property=\"og:type\" content=\"article\" \/>\n<meta property=\"og:title\" content=\"Ivete Sangalo, L\u00e9o Santana e Lore Improta curtem segunda noite do R\u00e9veillon Praia do Forte - Portal MF\" \/>\n<meta property=\"og:description\" content=\"O luxo e a sofistica\u00e7\u00e3o tomaram conta da Praia do Castelo, em Praia do Forte. O paradis\u00edaco local \u00e9 o cen\u00e1rio onde o R\u00e9veillon Praia do Forte est\u00e1 recebendo grandes nomes da m\u00fasica brasileira, com uma superestrutura e servi\u00e7os de alt\u00edssima qualidade. A segunda noite de festa foi marcada pela mistura de g\u00eaneros, misturando forr\u00f3, [&hellip;]\" \/>\n<meta property=\"og:url\" content=\"https:\/\/portalmf.com.br\/index.php\/2022\/12\/29\/ivete-sangalo-leo-santana-e-lore-improta-curtem-segunda-noite-do-reveillon-praia-do-forte\/\" \/>\n<meta property=\"og:site_name\" content=\"Portal MF\" \/>\n<meta property=\"article:author\" content=\"https:\/\/www.facebook.com\/portalmfoficial\" \/>\n<meta property=\"article:published_time\" content=\"2022-12-29T12:11:00+00:00\" \/>\n<meta property=\"article:modified_time\" content=\"2022-12-29T21:18:03+00:00\" \/>\n<meta property=\"og:image\" content=\"https:\/\/portalmf.com.br\/wp-content\/uploads\/2022\/12\/Ivete-Sangalo-Leo-Santana-e-Lore-Improta-curtem-segunda-noite-do-Reveillon-Praia-do-Forte-9.jpeg\" \/>\n\t<meta property=\"og:image:width\" content=\"1600\" \/>\n\t<meta property=\"og:image:height\" content=\"1066\" \/>\n\t<meta property=\"og:image:type\" content=\"image\/jpeg\" \/>\n<meta name=\"author\" content=\"Reda\u00e7\u00e3o Portal MF\" \/>\n<meta name=\"twitter:card\" content=\"summary_large_image\" \/>\n<meta name=\"twitter:creator\" content=\"@https:\/\/x.com\/portalmfoficial\" \/>\n<meta name=\"twitter:label1\" content=\"Escrito por\" \/>\n\t<meta name=\"twitter:data1\" content=\"Reda\u00e7\u00e3o Portal MF\" \/>\n\t<meta name=\"twitter:label2\" content=\"Est. tempo de leitura\" \/>\n\t<meta name=\"twitter:data2\" content=\"4 minutos\" \/>\n<script type=\"application\/ld+json\" class=\"yoast-schema-graph\">{\"@context\":\"https:\/\/schema.org\",\"@graph\":[{\"@type\":\"WebPage\",\"@id\":\"https:\/\/portalmf.com.br\/index.php\/2022\/12\/29\/ivete-sangalo-leo-santana-e-lore-improta-curtem-segunda-noite-do-reveillon-praia-do-forte\/\",\"url\":\"https:\/\/portalmf.com.br\/index.php\/2022\/12\/29\/ivete-sangalo-leo-santana-e-lore-improta-curtem-segunda-noite-do-reveillon-praia-do-forte\/\",\"name\":\"Ivete Sangalo, L\u00e9o Santana e Lore Improta curtem segunda noite do R\u00e9veillon Praia do Forte - Portal MF\",\"isPartOf\":{\"@id\":\"https:\/\/portalmf.com.br\/#website\"},\"primaryImageOfPage\":{\"@id\":\"https:\/\/portalmf.com.br\/index.php\/2022\/12\/29\/ivete-sangalo-leo-santana-e-lore-improta-curtem-segunda-noite-do-reveillon-praia-do-forte\/#primaryimage\"},\"image\":{\"@id\":\"https:\/\/portalmf.com.br\/index.php\/2022\/12\/29\/ivete-sangalo-leo-santana-e-lore-improta-curtem-segunda-noite-do-reveillon-praia-do-forte\/#primaryimage\"},\"thumbnailUrl\":\"https:\/\/portalmf.com.br\/wp-content\/uploads\/2022\/12\/Ivete-Sangalo-Leo-Santana-e-Lore-Improta-curtem-segunda-noite-do-Reveillon-Praia-do-Forte-9.jpeg\",\"datePublished\":\"2022-12-29T12:11:00+00:00\",\"dateModified\":\"2022-12-29T21:18:03+00:00\",\"author\":{\"@id\":\"https:\/\/portalmf.com.br\/#\/schema\/person\/9ec101baf56233e53520c26de5d6f6f0\"},\"breadcrumb\":{\"@id\":\"https:\/\/portalmf.com.br\/index.php\/2022\/12\/29\/ivete-sangalo-leo-santana-e-lore-improta-curtem-segunda-noite-do-reveillon-praia-do-forte\/#breadcrumb\"},\"inLanguage\":\"pt-BR\",\"potentialAction\":[{\"@type\":\"ReadAction\",\"target\":[\"https:\/\/portalmf.com.br\/index.php\/2022\/12\/29\/ivete-sangalo-leo-santana-e-lore-improta-curtem-segunda-noite-do-reveillon-praia-do-forte\/\"]}]},{\"@type\":\"ImageObject\",\"inLanguage\":\"pt-BR\",\"@id\":\"https:\/\/portalmf.com.br\/index.php\/2022\/12\/29\/ivete-sangalo-leo-santana-e-lore-improta-curtem-segunda-noite-do-reveillon-praia-do-forte\/#primaryimage\",\"url\":\"https:\/\/portalmf.com.br\/wp-content\/uploads\/2022\/12\/Ivete-Sangalo-Leo-Santana-e-Lore-Improta-curtem-segunda-noite-do-Reveillon-Praia-do-Forte-9.jpeg\",\"contentUrl\":\"https:\/\/portalmf.com.br\/wp-content\/uploads\/2022\/12\/Ivete-Sangalo-Leo-Santana-e-Lore-Improta-curtem-segunda-noite-do-Reveillon-Praia-do-Forte-9.jpeg\",\"width\":1600,\"height\":1066},{\"@type\":\"BreadcrumbList\",\"@id\":\"https:\/\/portalmf.com.br\/index.php\/2022\/12\/29\/ivete-sangalo-leo-santana-e-lore-improta-curtem-segunda-noite-do-reveillon-praia-do-forte\/#breadcrumb\",\"itemListElement\":[{\"@type\":\"ListItem\",\"position\":1,\"name\":\"In\u00edcio\",\"item\":\"https:\/\/portalmf.com.br\/\"},{\"@type\":\"ListItem\",\"position\":2,\"name\":\"Ivete Sangalo, L\u00e9o Santana e Lore Improta curtem segunda noite do R\u00e9veillon Praia do Forte\"}]},{\"@type\":\"WebSite\",\"@id\":\"https:\/\/portalmf.com.br\/#website\",\"url\":\"https:\/\/portalmf.com.br\/\",\"name\":\"Portal MF\",\"description\":\"Voc\u00ea conectado com a informa\u00e7\u00e3o\",\"potentialAction\":[{\"@type\":\"SearchAction\",\"target\":{\"@type\":\"EntryPoint\",\"urlTemplate\":\"https:\/\/portalmf.com.br\/?s={search_term_string}\"},\"query-input\":\"required name=search_term_string\"}],\"inLanguage\":\"pt-BR\"},{\"@type\":\"Person\",\"@id\":\"https:\/\/portalmf.com.br\/#\/schema\/person\/9ec101baf56233e53520c26de5d6f6f0\",\"name\":\"Reda\u00e7\u00e3o Portal MF\",\"image\":{\"@type\":\"ImageObject\",\"inLanguage\":\"pt-BR\",\"@id\":\"https:\/\/portalmf.com.br\/#\/schema\/person\/image\/\",\"url\":\"https:\/\/secure.gravatar.com\/avatar\/41b9aaeb2100835f7c64362330f74c7f?s=96&d=mm&r=g\",\"contentUrl\":\"https:\/\/secure.gravatar.com\/avatar\/41b9aaeb2100835f7c64362330f74c7f?s=96&d=mm&r=g\",\"caption\":\"Reda\u00e7\u00e3o Portal MF\"},\"description\":\"Sejam bem-vindos o portal de informa\u00e7\u00f5es de entretenimento de Feira de Santana, desde 2006 realiza coberturas dos principais eventos com entrevistas exclusivas com as principais personalidades mundiais. Fique conectado tamb\u00e9m nas redes sociais.\",\"sameAs\":[\"http:\/\/www.portalmf.com.br\/\",\"https:\/\/www.facebook.com\/portalmfoficial\",\"https:\/\/www.instagram.com\/portalmf\/\",\"https:\/\/x.com\/https:\/\/x.com\/portalmfoficial\",\"https:\/\/www.youtube.com\/@portalmfoficial\"],\"url\":\"https:\/\/portalmf.com.br\/index.php\/author\/junior\/\"}]}<\/script>\n<!-- \/ Yoast SEO plugin. -->","yoast_head_json":{"title":"Ivete Sangalo, L\u00e9o Santana e Lore Improta curtem segunda noite do R\u00e9veillon Praia do Forte - Portal MF","robots":{"index":"index","follow":"follow","max-snippet":"max-snippet:-1","max-image-preview":"max-image-preview:large","max-video-preview":"max-video-preview:-1"},"canonical":"https:\/\/portalmf.com.br\/index.php\/2022\/12\/29\/ivete-sangalo-leo-santana-e-lore-improta-curtem-segunda-noite-do-reveillon-praia-do-forte\/","og_locale":"pt_BR","og_type":"article","og_title":"Ivete Sangalo, L\u00e9o Santana e Lore Improta curtem segunda noite do R\u00e9veillon Praia do Forte - Portal MF","og_description":"O luxo e a sofistica\u00e7\u00e3o tomaram conta da Praia do Castelo, em Praia do Forte. O paradis\u00edaco local \u00e9 o cen\u00e1rio onde o R\u00e9veillon Praia do Forte est\u00e1 recebendo grandes nomes da m\u00fasica brasileira, com uma superestrutura e servi\u00e7os de alt\u00edssima qualidade. A segunda noite de festa foi marcada pela mistura de g\u00eaneros, misturando forr\u00f3, [&hellip;]","og_url":"https:\/\/portalmf.com.br\/index.php\/2022\/12\/29\/ivete-sangalo-leo-santana-e-lore-improta-curtem-segunda-noite-do-reveillon-praia-do-forte\/","og_site_name":"Portal MF","article_author":"https:\/\/www.facebook.com\/portalmfoficial","article_published_time":"2022-12-29T12:11:00+00:00","article_modified_time":"2022-12-29T21:18:03+00:00","og_image":[{"width":1600,"height":1066,"url":"https:\/\/portalmf.com.br\/wp-content\/uploads\/2022\/12\/Ivete-Sangalo-Leo-Santana-e-Lore-Improta-curtem-segunda-noite-do-Reveillon-Praia-do-Forte-9.jpeg","type":"image\/jpeg"}],"author":"Reda\u00e7\u00e3o Portal MF","twitter_card":"summary_large_image","twitter_creator":"@https:\/\/x.com\/portalmfoficial","twitter_misc":{"Escrito por":"Reda\u00e7\u00e3o Portal MF","Est. tempo de leitura":"4 minutos"},"schema":{"@context":"https:\/\/schema.org","@graph":[{"@type":"WebPage","@id":"https:\/\/portalmf.com.br\/index.php\/2022\/12\/29\/ivete-sangalo-leo-santana-e-lore-improta-curtem-segunda-noite-do-reveillon-praia-do-forte\/","url":"https:\/\/portalmf.com.br\/index.php\/2022\/12\/29\/ivete-sangalo-leo-santana-e-lore-improta-curtem-segunda-noite-do-reveillon-praia-do-forte\/","name":"Ivete Sangalo, L\u00e9o Santana e Lore Improta curtem segunda noite do R\u00e9veillon Praia do Forte - Portal MF","isPartOf":{"@id":"https:\/\/portalmf.com.br\/#website"},"primaryImageOfPage":{"@id":"https:\/\/portalmf.com.br\/index.php\/2022\/12\/29\/ivete-sangalo-leo-santana-e-lore-improta-curtem-segunda-noite-do-reveillon-praia-do-forte\/#primaryimage"},"image":{"@id":"https:\/\/portalmf.com.br\/index.php\/2022\/12\/29\/ivete-sangalo-leo-santana-e-lore-improta-curtem-segunda-noite-do-reveillon-praia-do-forte\/#primaryimage"},"thumbnailUrl":"https:\/\/portalmf.com.br\/wp-content\/uploads\/2022\/12\/Ivete-Sangalo-Leo-Santana-e-Lore-Improta-curtem-segunda-noite-do-Reveillon-Praia-do-Forte-9.jpeg","datePublished":"2022-12-29T12:11:00+00:00","dateModified":"2022-12-29T21:18:03+00:00","author":{"@id":"https:\/\/portalmf.com.br\/#\/schema\/person\/9ec101baf56233e53520c26de5d6f6f0"},"breadcrumb":{"@id":"https:\/\/portalmf.com.br\/index.php\/2022\/12\/29\/ivete-sangalo-leo-santana-e-lore-improta-curtem-segunda-noite-do-reveillon-praia-do-forte\/#breadcrumb"},"inLanguage":"pt-BR","potentialAction":[{"@type":"ReadAction","target":["https:\/\/portalmf.com.br\/index.php\/2022\/12\/29\/ivete-sangalo-leo-santana-e-lore-improta-curtem-segunda-noite-do-reveillon-praia-do-forte\/"]}]},{"@type":"ImageObject","inLanguage":"pt-BR","@id":"https:\/\/portalmf.com.br\/index.php\/2022\/12\/29\/ivete-sangalo-leo-santana-e-lore-improta-curtem-segunda-noite-do-reveillon-praia-do-forte\/#primaryimage","url":"https:\/\/portalmf.com.br\/wp-content\/uploads\/2022\/12\/Ivete-Sangalo-Leo-Santana-e-Lore-Improta-curtem-segunda-noite-do-Reveillon-Praia-do-Forte-9.jpeg","contentUrl":"https:\/\/portalmf.com.br\/wp-content\/uploads\/2022\/12\/Ivete-Sangalo-Leo-Santana-e-Lore-Improta-curtem-segunda-noite-do-Reveillon-Praia-do-Forte-9.jpeg","width":1600,"height":1066},{"@type":"BreadcrumbList","@id":"https:\/\/portalmf.com.br\/index.php\/2022\/12\/29\/ivete-sangalo-leo-santana-e-lore-improta-curtem-segunda-noite-do-reveillon-praia-do-forte\/#breadcrumb","itemListElement":[{"@type":"ListItem","position":1,"name":"In\u00edcio","item":"https:\/\/portalmf.com.br\/"},{"@type":"ListItem","position":2,"name":"Ivete Sangalo, L\u00e9o Santana e Lore Improta curtem segunda noite do R\u00e9veillon Praia do Forte"}]},{"@type":"WebSite","@id":"https:\/\/portalmf.com.br\/#website","url":"https:\/\/portalmf.com.br\/","name":"Portal MF","description":"Voc\u00ea conectado com a informa\u00e7\u00e3o","potentialAction":[{"@type":"SearchAction","target":{"@type":"EntryPoint","urlTemplate":"https:\/\/portalmf.com.br\/?s={search_term_string}"},"query-input":"required name=search_term_string"}],"inLanguage":"pt-BR"},{"@type":"Person","@id":"https:\/\/portalmf.com.br\/#\/schema\/person\/9ec101baf56233e53520c26de5d6f6f0","name":"Reda\u00e7\u00e3o Portal MF","image":{"@type":"ImageObject","inLanguage":"pt-BR","@id":"https:\/\/portalmf.com.br\/#\/schema\/person\/image\/","url":"https:\/\/secure.gravatar.com\/avatar\/41b9aaeb2100835f7c64362330f74c7f?s=96&d=mm&r=g","contentUrl":"https:\/\/secure.gravatar.com\/avatar\/41b9aaeb2100835f7c64362330f74c7f?s=96&d=mm&r=g","caption":"Reda\u00e7\u00e3o Portal MF"},"description":"Sejam bem-vindos o portal de informa\u00e7\u00f5es de entretenimento de Feira de Santana, desde 2006 realiza coberturas dos principais eventos com entrevistas exclusivas com as principais personalidades mundiais. Fique conectado tamb\u00e9m nas redes sociais.","sameAs":["http:\/\/www.portalmf.com.br\/","https:\/\/www.facebook.com\/portalmfoficial","https:\/\/www.instagram.com\/portalmf\/","https:\/\/x.com\/https:\/\/x.com\/portalmfoficial","https:\/\/www.youtube.com\/@portalmfoficial"],"url":"https:\/\/portalmf.com.br\/index.php\/author\/junior\/"}]}},"_links":{"self":[{"href":"https:\/\/portalmf.com.br\/index.php\/wp-json\/wp\/v2\/posts\/7344"}],"collection":[{"href":"https:\/\/portalmf.com.br\/index.php\/wp-json\/wp\/v2\/posts"}],"about":[{"href":"https:\/\/portalmf.com.br\/index.php\/wp-json\/wp\/v2\/types\/post"}],"author":[{"embeddable":true,"href":"https:\/\/portalmf.com.br\/index.php\/wp-json\/wp\/v2\/users\/3"}],"replies":[{"embeddable":true,"href":"https:\/\/portalmf.com.br\/index.php\/wp-json\/wp\/v2\/comments?post=7344"}],"version-history":[{"count":1,"href":"https:\/\/portalmf.com.br\/index.php\/wp-json\/wp\/v2\/posts\/7344\/revisions"}],"predecessor-version":[{"id":7355,"href":"https:\/\/portalmf.com.br\/index.php\/wp-json\/wp\/v2\/posts\/7344\/revisions\/7355"}],"wp:featuredmedia":[{"embeddable":true,"href":"https:\/\/portalmf.com.br\/index.php\/wp-json\/wp\/v2\/media\/7353"}],"wp:attachment":[{"href":"https:\/\/portalmf.com.br\/index.php\/wp-json\/wp\/v2\/media?parent=7344"}],"wp:term":[{"taxonomy":"category","embeddable":true,"href":"https:\/\/portalmf.com.br\/index.php\/wp-json\/wp\/v2\/categories?post=7344"},{"taxonomy":"post_tag","embeddable":true,"href":"https:\/\/portalmf.com.br\/index.php\/wp-json\/wp\/v2\/tags?post=7344"}],"curies":[{"name":"wp","href":"https:\/\/api.w.org\/{rel}","templated":true}]}}