{"id":7338,"date":"2022-12-29T18:07:42","date_gmt":"2022-12-29T21:07:42","guid":{"rendered":"https:\/\/portalmf.com.br\/?p=7338"},"modified":"2022-12-29T18:07:43","modified_gmt":"2022-12-29T21:07:43","slug":"lincoln-cumpre-agenda-especial-de-reveillon","status":"publish","type":"post","link":"https:\/\/portalmf.com.br\/index.php\/2022\/12\/29\/lincoln-cumpre-agenda-especial-de-reveillon\/","title":{"rendered":"Lincoln cumpre agenda especial de r\u00e9veillon"},"content":{"rendered":"\n<p>Conhecido pela sua energia contagiante, o cantor Lincoln come\u00e7a a cumprir a sua agenda de shows de r\u00e9veillon em grande estilo, nesta quinta-feira (29), em no R\u00e9veillon Praia do Forte, litoral norte baiano. Na sexta-feira (30), o artista segue com a sua banda para a tradicional Levada de Andara\u00ed na regi\u00e3o da chapada diamantina. <\/p>\n\n\n\n<p>O dia da virada ser\u00e1 repleto de shows inesquec\u00edveis, come\u00e7ando com mais um ano do Festival Virada Salvador, na capital baiana, em seguida no evento Viva Morro, em Morro de S\u00e3o Paulo, e finalizando na cidade de Esplanada (BA).<\/p>\n\n\n\n<p><em>\u201c\u00c9 sempre uma alegria tocar na minha cidade, e finalizar o ano com tantos shows especiais me d\u00e1 ainda mais vontade de botar pra quebrar!\u201d<\/em>, afirma o artista, que promete levar um setlist atualizado, incluindo a m\u00fasica de trabalho chamada \u201cLocomotiva\u201d.<\/p>\n","protected":false},"excerpt":{"rendered":"<p>Conhecido pela sua energia contagiante, o cantor Lincoln come\u00e7a a cumprir a sua agenda de shows de r\u00e9veillon em grande estilo, nesta quinta-feira (29), em no R\u00e9veillon Praia do Forte, litoral norte baiano. Na sexta-feira (30), o artista segue com a sua banda para a tradicional Levada de Andara\u00ed na regi\u00e3o da chapada diamantina. O [&hellip;]<\/p>\n","protected":false},"author":3,"featured_media":7339,"comment_status":"open","ping_status":"open","sticky":false,"template":"","format":"standard","meta":{"_monsterinsights_skip_tracking":false,"_monsterinsights_sitenote_active":false,"_monsterinsights_sitenote_note":"","_monsterinsights_sitenote_category":0,"footnotes":""},"categories":[36],"tags":[],"yoast_head":"<!-- This site is optimized with the Yoast SEO plugin v22.9 - https:\/\/yoast.com\/wordpress\/plugins\/seo\/ -->\n<title>Lincoln cumpre agenda especial de r\u00e9veillon - Portal MF<\/title>\n<meta name=\"robots\" content=\"index, follow, max-snippet:-1, max-image-preview:large, max-video-preview:-1\" \/>\n<link rel=\"canonical\" href=\"https:\/\/portalmf.com.br\/index.php\/2022\/12\/29\/lincoln-cumpre-agenda-especial-de-reveillon\/\" \/>\n<meta property=\"og:locale\" content=\"pt_BR\" \/>\n<meta property=\"og:type\" content=\"article\" \/>\n<meta property=\"og:title\" content=\"Lincoln cumpre agenda especial de r\u00e9veillon - Portal MF\" \/>\n<meta property=\"og:description\" content=\"Conhecido pela sua energia contagiante, o cantor Lincoln come\u00e7a a cumprir a sua agenda de shows de r\u00e9veillon em grande estilo, nesta quinta-feira (29), em no R\u00e9veillon Praia do Forte, litoral norte baiano. Na sexta-feira (30), o artista segue com a sua banda para a tradicional Levada de Andara\u00ed na regi\u00e3o da chapada diamantina. O [&hellip;]\" \/>\n<meta property=\"og:url\" content=\"https:\/\/portalmf.com.br\/index.php\/2022\/12\/29\/lincoln-cumpre-agenda-especial-de-reveillon\/\" \/>\n<meta property=\"og:site_name\" content=\"Portal MF\" \/>\n<meta property=\"article:author\" content=\"https:\/\/www.facebook.com\/portalmfoficial\" \/>\n<meta property=\"article:published_time\" content=\"2022-12-29T21:07:42+00:00\" \/>\n<meta property=\"article:modified_time\" content=\"2022-12-29T21:07:43+00:00\" \/>\n<meta property=\"og:image\" content=\"https:\/\/portalmf.com.br\/wp-content\/uploads\/2022\/12\/Lincoln.jpeg\" \/>\n\t<meta property=\"og:image:width\" content=\"750\" \/>\n\t<meta property=\"og:image:height\" content=\"487\" \/>\n\t<meta property=\"og:image:type\" content=\"image\/jpeg\" \/>\n<meta name=\"author\" content=\"Reda\u00e7\u00e3o Portal MF\" \/>\n<meta name=\"twitter:card\" content=\"summary_large_image\" \/>\n<meta name=\"twitter:creator\" content=\"@https:\/\/x.com\/portalmfoficial\" \/>\n<meta name=\"twitter:label1\" content=\"Escrito por\" \/>\n\t<meta name=\"twitter:data1\" content=\"Reda\u00e7\u00e3o Portal MF\" \/>\n\t<meta name=\"twitter:label2\" content=\"Est. tempo de leitura\" \/>\n\t<meta name=\"twitter:data2\" content=\"1 minuto\" \/>\n<script type=\"application\/ld+json\" class=\"yoast-schema-graph\">{\"@context\":\"https:\/\/schema.org\",\"@graph\":[{\"@type\":\"WebPage\",\"@id\":\"https:\/\/portalmf.com.br\/index.php\/2022\/12\/29\/lincoln-cumpre-agenda-especial-de-reveillon\/\",\"url\":\"https:\/\/portalmf.com.br\/index.php\/2022\/12\/29\/lincoln-cumpre-agenda-especial-de-reveillon\/\",\"name\":\"Lincoln cumpre agenda especial de r\u00e9veillon - Portal MF\",\"isPartOf\":{\"@id\":\"https:\/\/portalmf.com.br\/#website\"},\"primaryImageOfPage\":{\"@id\":\"https:\/\/portalmf.com.br\/index.php\/2022\/12\/29\/lincoln-cumpre-agenda-especial-de-reveillon\/#primaryimage\"},\"image\":{\"@id\":\"https:\/\/portalmf.com.br\/index.php\/2022\/12\/29\/lincoln-cumpre-agenda-especial-de-reveillon\/#primaryimage\"},\"thumbnailUrl\":\"https:\/\/portalmf.com.br\/wp-content\/uploads\/2022\/12\/Lincoln.jpeg\",\"datePublished\":\"2022-12-29T21:07:42+00:00\",\"dateModified\":\"2022-12-29T21:07:43+00:00\",\"author\":{\"@id\":\"https:\/\/portalmf.com.br\/#\/schema\/person\/9ec101baf56233e53520c26de5d6f6f0\"},\"breadcrumb\":{\"@id\":\"https:\/\/portalmf.com.br\/index.php\/2022\/12\/29\/lincoln-cumpre-agenda-especial-de-reveillon\/#breadcrumb\"},\"inLanguage\":\"pt-BR\",\"potentialAction\":[{\"@type\":\"ReadAction\",\"target\":[\"https:\/\/portalmf.com.br\/index.php\/2022\/12\/29\/lincoln-cumpre-agenda-especial-de-reveillon\/\"]}]},{\"@type\":\"ImageObject\",\"inLanguage\":\"pt-BR\",\"@id\":\"https:\/\/portalmf.com.br\/index.php\/2022\/12\/29\/lincoln-cumpre-agenda-especial-de-reveillon\/#primaryimage\",\"url\":\"https:\/\/portalmf.com.br\/wp-content\/uploads\/2022\/12\/Lincoln.jpeg\",\"contentUrl\":\"https:\/\/portalmf.com.br\/wp-content\/uploads\/2022\/12\/Lincoln.jpeg\",\"width\":750,\"height\":487},{\"@type\":\"BreadcrumbList\",\"@id\":\"https:\/\/portalmf.com.br\/index.php\/2022\/12\/29\/lincoln-cumpre-agenda-especial-de-reveillon\/#breadcrumb\",\"itemListElement\":[{\"@type\":\"ListItem\",\"position\":1,\"name\":\"In\u00edcio\",\"item\":\"https:\/\/portalmf.com.br\/\"},{\"@type\":\"ListItem\",\"position\":2,\"name\":\"Lincoln cumpre agenda especial de r\u00e9veillon\"}]},{\"@type\":\"WebSite\",\"@id\":\"https:\/\/portalmf.com.br\/#website\",\"url\":\"https:\/\/portalmf.com.br\/\",\"name\":\"Portal MF\",\"description\":\"Voc\u00ea conectado com a informa\u00e7\u00e3o\",\"potentialAction\":[{\"@type\":\"SearchAction\",\"target\":{\"@type\":\"EntryPoint\",\"urlTemplate\":\"https:\/\/portalmf.com.br\/?s={search_term_string}\"},\"query-input\":\"required name=search_term_string\"}],\"inLanguage\":\"pt-BR\"},{\"@type\":\"Person\",\"@id\":\"https:\/\/portalmf.com.br\/#\/schema\/person\/9ec101baf56233e53520c26de5d6f6f0\",\"name\":\"Reda\u00e7\u00e3o Portal MF\",\"image\":{\"@type\":\"ImageObject\",\"inLanguage\":\"pt-BR\",\"@id\":\"https:\/\/portalmf.com.br\/#\/schema\/person\/image\/\",\"url\":\"https:\/\/secure.gravatar.com\/avatar\/41b9aaeb2100835f7c64362330f74c7f?s=96&d=mm&r=g\",\"contentUrl\":\"https:\/\/secure.gravatar.com\/avatar\/41b9aaeb2100835f7c64362330f74c7f?s=96&d=mm&r=g\",\"caption\":\"Reda\u00e7\u00e3o Portal MF\"},\"description\":\"Sejam bem-vindos o portal de informa\u00e7\u00f5es de entretenimento de Feira de Santana, desde 2006 realiza coberturas dos principais eventos com entrevistas exclusivas com as principais personalidades mundiais. Fique conectado tamb\u00e9m nas redes sociais.\",\"sameAs\":[\"http:\/\/www.portalmf.com.br\/\",\"https:\/\/www.facebook.com\/portalmfoficial\",\"https:\/\/www.instagram.com\/portalmf\/\",\"https:\/\/x.com\/https:\/\/x.com\/portalmfoficial\",\"https:\/\/www.youtube.com\/@portalmfoficial\"],\"url\":\"https:\/\/portalmf.com.br\/index.php\/author\/junior\/\"}]}<\/script>\n<!-- \/ Yoast SEO plugin. -->","yoast_head_json":{"title":"Lincoln cumpre agenda especial de r\u00e9veillon - Portal MF","robots":{"index":"index","follow":"follow","max-snippet":"max-snippet:-1","max-image-preview":"max-image-preview:large","max-video-preview":"max-video-preview:-1"},"canonical":"https:\/\/portalmf.com.br\/index.php\/2022\/12\/29\/lincoln-cumpre-agenda-especial-de-reveillon\/","og_locale":"pt_BR","og_type":"article","og_title":"Lincoln cumpre agenda especial de r\u00e9veillon - Portal MF","og_description":"Conhecido pela sua energia contagiante, o cantor Lincoln come\u00e7a a cumprir a sua agenda de shows de r\u00e9veillon em grande estilo, nesta quinta-feira (29), em no R\u00e9veillon Praia do Forte, litoral norte baiano. Na sexta-feira (30), o artista segue com a sua banda para a tradicional Levada de Andara\u00ed na regi\u00e3o da chapada diamantina. O [&hellip;]","og_url":"https:\/\/portalmf.com.br\/index.php\/2022\/12\/29\/lincoln-cumpre-agenda-especial-de-reveillon\/","og_site_name":"Portal MF","article_author":"https:\/\/www.facebook.com\/portalmfoficial","article_published_time":"2022-12-29T21:07:42+00:00","article_modified_time":"2022-12-29T21:07:43+00:00","og_image":[{"width":750,"height":487,"url":"https:\/\/portalmf.com.br\/wp-content\/uploads\/2022\/12\/Lincoln.jpeg","type":"image\/jpeg"}],"author":"Reda\u00e7\u00e3o Portal MF","twitter_card":"summary_large_image","twitter_creator":"@https:\/\/x.com\/portalmfoficial","twitter_misc":{"Escrito por":"Reda\u00e7\u00e3o Portal MF","Est. tempo de leitura":"1 minuto"},"schema":{"@context":"https:\/\/schema.org","@graph":[{"@type":"WebPage","@id":"https:\/\/portalmf.com.br\/index.php\/2022\/12\/29\/lincoln-cumpre-agenda-especial-de-reveillon\/","url":"https:\/\/portalmf.com.br\/index.php\/2022\/12\/29\/lincoln-cumpre-agenda-especial-de-reveillon\/","name":"Lincoln cumpre agenda especial de r\u00e9veillon - Portal MF","isPartOf":{"@id":"https:\/\/portalmf.com.br\/#website"},"primaryImageOfPage":{"@id":"https:\/\/portalmf.com.br\/index.php\/2022\/12\/29\/lincoln-cumpre-agenda-especial-de-reveillon\/#primaryimage"},"image":{"@id":"https:\/\/portalmf.com.br\/index.php\/2022\/12\/29\/lincoln-cumpre-agenda-especial-de-reveillon\/#primaryimage"},"thumbnailUrl":"https:\/\/portalmf.com.br\/wp-content\/uploads\/2022\/12\/Lincoln.jpeg","datePublished":"2022-12-29T21:07:42+00:00","dateModified":"2022-12-29T21:07:43+00:00","author":{"@id":"https:\/\/portalmf.com.br\/#\/schema\/person\/9ec101baf56233e53520c26de5d6f6f0"},"breadcrumb":{"@id":"https:\/\/portalmf.com.br\/index.php\/2022\/12\/29\/lincoln-cumpre-agenda-especial-de-reveillon\/#breadcrumb"},"inLanguage":"pt-BR","potentialAction":[{"@type":"ReadAction","target":["https:\/\/portalmf.com.br\/index.php\/2022\/12\/29\/lincoln-cumpre-agenda-especial-de-reveillon\/"]}]},{"@type":"ImageObject","inLanguage":"pt-BR","@id":"https:\/\/portalmf.com.br\/index.php\/2022\/12\/29\/lincoln-cumpre-agenda-especial-de-reveillon\/#primaryimage","url":"https:\/\/portalmf.com.br\/wp-content\/uploads\/2022\/12\/Lincoln.jpeg","contentUrl":"https:\/\/portalmf.com.br\/wp-content\/uploads\/2022\/12\/Lincoln.jpeg","width":750,"height":487},{"@type":"BreadcrumbList","@id":"https:\/\/portalmf.com.br\/index.php\/2022\/12\/29\/lincoln-cumpre-agenda-especial-de-reveillon\/#breadcrumb","itemListElement":[{"@type":"ListItem","position":1,"name":"In\u00edcio","item":"https:\/\/portalmf.com.br\/"},{"@type":"ListItem","position":2,"name":"Lincoln cumpre agenda especial de r\u00e9veillon"}]},{"@type":"WebSite","@id":"https:\/\/portalmf.com.br\/#website","url":"https:\/\/portalmf.com.br\/","name":"Portal MF","description":"Voc\u00ea conectado com a informa\u00e7\u00e3o","potentialAction":[{"@type":"SearchAction","target":{"@type":"EntryPoint","urlTemplate":"https:\/\/portalmf.com.br\/?s={search_term_string}"},"query-input":"required name=search_term_string"}],"inLanguage":"pt-BR"},{"@type":"Person","@id":"https:\/\/portalmf.com.br\/#\/schema\/person\/9ec101baf56233e53520c26de5d6f6f0","name":"Reda\u00e7\u00e3o Portal MF","image":{"@type":"ImageObject","inLanguage":"pt-BR","@id":"https:\/\/portalmf.com.br\/#\/schema\/person\/image\/","url":"https:\/\/secure.gravatar.com\/avatar\/41b9aaeb2100835f7c64362330f74c7f?s=96&d=mm&r=g","contentUrl":"https:\/\/secure.gravatar.com\/avatar\/41b9aaeb2100835f7c64362330f74c7f?s=96&d=mm&r=g","caption":"Reda\u00e7\u00e3o Portal MF"},"description":"Sejam bem-vindos o portal de informa\u00e7\u00f5es de entretenimento de Feira de Santana, desde 2006 realiza coberturas dos principais eventos com entrevistas exclusivas com as principais personalidades mundiais. Fique conectado tamb\u00e9m nas redes sociais.","sameAs":["http:\/\/www.portalmf.com.br\/","https:\/\/www.facebook.com\/portalmfoficial","https:\/\/www.instagram.com\/portalmf\/","https:\/\/x.com\/https:\/\/x.com\/portalmfoficial","https:\/\/www.youtube.com\/@portalmfoficial"],"url":"https:\/\/portalmf.com.br\/index.php\/author\/junior\/"}]}},"_links":{"self":[{"href":"https:\/\/portalmf.com.br\/index.php\/wp-json\/wp\/v2\/posts\/7338"}],"collection":[{"href":"https:\/\/portalmf.com.br\/index.php\/wp-json\/wp\/v2\/posts"}],"about":[{"href":"https:\/\/portalmf.com.br\/index.php\/wp-json\/wp\/v2\/types\/post"}],"author":[{"embeddable":true,"href":"https:\/\/portalmf.com.br\/index.php\/wp-json\/wp\/v2\/users\/3"}],"replies":[{"embeddable":true,"href":"https:\/\/portalmf.com.br\/index.php\/wp-json\/wp\/v2\/comments?post=7338"}],"version-history":[{"count":1,"href":"https:\/\/portalmf.com.br\/index.php\/wp-json\/wp\/v2\/posts\/7338\/revisions"}],"predecessor-version":[{"id":7340,"href":"https:\/\/portalmf.com.br\/index.php\/wp-json\/wp\/v2\/posts\/7338\/revisions\/7340"}],"wp:featuredmedia":[{"embeddable":true,"href":"https:\/\/portalmf.com.br\/index.php\/wp-json\/wp\/v2\/media\/7339"}],"wp:attachment":[{"href":"https:\/\/portalmf.com.br\/index.php\/wp-json\/wp\/v2\/media?parent=7338"}],"wp:term":[{"taxonomy":"category","embeddable":true,"href":"https:\/\/portalmf.com.br\/index.php\/wp-json\/wp\/v2\/categories?post=7338"},{"taxonomy":"post_tag","embeddable":true,"href":"https:\/\/portalmf.com.br\/index.php\/wp-json\/wp\/v2\/tags?post=7338"}],"curies":[{"name":"wp","href":"https:\/\/api.w.org\/{rel}","templated":true}]}}