{"id":7335,"date":"2022-12-29T18:05:39","date_gmt":"2022-12-29T21:05:39","guid":{"rendered":"https:\/\/portalmf.com.br\/?p=7335"},"modified":"2022-12-29T18:05:40","modified_gmt":"2022-12-29T21:05:40","slug":"jeronimo-rodrigues-conclui-formacao-de-secretariado-veja-nomes","status":"publish","type":"post","link":"https:\/\/portalmf.com.br\/index.php\/2022\/12\/29\/jeronimo-rodrigues-conclui-formacao-de-secretariado-veja-nomes\/","title":{"rendered":"Jer\u00f4nimo Rodrigues conclui forma\u00e7\u00e3o de secretariado; veja nomes"},"content":{"rendered":"\n<p>O governador eleito e diplomado da Bahia, Jer\u00f4nimo Rodrigues, apresentou os quatro nomes que faltavam para compor o novo Governo do Estado, a partir de 2023. Os titulares das secretarias da Seguran\u00e7a P\u00fablica (SSP), da Adminstra\u00e7\u00e3o (Saeb), do Planejamento (Seplan) e da Ci\u00eancia, Tecnologia e Inova\u00e7\u00e3o (Secti) foram anunciados \u00e0 imprensa no audit\u00f3rio da Desenbahia, sede do Governo de Transi\u00e7\u00e3o, em Salvador, na tarde desta quinta-feira (29). Jer\u00f4nimo tamb\u00e9m divulgou os titulares do Comando Geral da Pol\u00edcia Militar, e do Corpo de Bombeiros Militar da Bahia, al\u00e9m da chefia da Pol\u00edcia Civil.<\/p>\n\n\n\n<p><strong>Novos an\u00fancios:<\/strong><\/p>\n\n\n\n<p>Saeb: Etelvino G\u00f3es &#8211; permanece no cargo<\/p>\n\n\n\n<p>Seplan: Cl\u00e1udio Peixoto &#8211; efetivado no cargo<\/p>\n\n\n\n<p>Secti: Andr\u00e9 Joazeiro &#8211; permanece no cargo<\/p>\n\n\n\n<p>SSP: Marcelo Werner &#8211; novo secret\u00e1rio<\/p>\n\n\n\n<p>Comandante-geral da Pol\u00edcia Militar da Bahia: permanece Cel. Paulo Coutinho<\/p>\n\n\n\n<p>Comandante-geral do Corpo de Bombeiros Militar da Bahia: permanece Cel Adson Marchesini<\/p>\n\n\n\n<p>Delegada-geral da Pol\u00edcia Civil: permanece Helo\u00edsa Campos Brito<\/p>\n\n\n\n<p>Outros nomes<br>Com os an\u00fancios de hoje, est\u00e1 completa a equipe da pr\u00f3xima gest\u00e3o, que ter\u00e1 25 secret\u00e1rios, al\u00e9m da Chefia de Gabinete e da Procuradoria Geral do Estado (PGE). Comp\u00f5em tamb\u00e9m a lista:<\/p>\n\n\n\n<ul><li>Chefia de Gabinete do Governador: Adolpho Loyola<\/li><li>Casa Civil: Afonso Florence<\/li><li>Serin: Luiz Caetano<\/li><li>Sesab: Roberta Santana<\/li><li>SEC: Ad\u00e9lia Pinheiro<\/li><li>SJDH: Felipe Freitas<\/li><li>Seades: Fabya Reis<\/li><li>Seinfra: S\u00e9rgio Brito<\/li><li>Sefaz: Manoel Vit\u00f3rio<\/li><li>Seagri: Tum<\/li><li>Setur: Maur\u00edcio Bacelar<\/li><li>Sepromi: \u00c2ngela Guimar\u00e3es<\/li><li>Sema: Eduardo Sodr\u00e9 Martins<\/li><li>SDR: Osni Cardoso<\/li><li>SIHS: Larissa Gomes Moraes<\/li><li>Seap: Jos\u00e9 Ant\u00f4nio Maia Gon\u00e7alves<\/li><li>PGE: B\u00e1rbara Camardelli Loi<\/li><li>SEDUR: Jusmari Oliveira<\/li><li>SECULT: Bruno Monteiro<\/li><li>SETRE: Davidson Magalh\u00e3es<\/li><li>SDE: \u00c2ngelo Almeida<\/li><li>SPM: Elis\u00e2ngela Santos Ara\u00fajo<\/li><li>SECOM: Andr\u00e9 Curvello<\/li><li>Coordena\u00e7\u00e3o de Pol\u00edticas para a Juventude: Nivaldo Millet<\/li><li>Coordena\u00e7\u00e3o Geral do Programa Bahia Sem Fome: Tiago Pereira da Costa<\/li><li>Lideran\u00e7a do Governo na Alba: deputado estadual Rosemberg Pinto<\/li><li>Superintend\u00eancia de Pol\u00edticas para os Povos Ind\u00edgenas (SEPROMI) \u2013 Patr\u00edcia Patax\u00f3<\/li><\/ul>\n","protected":false},"excerpt":{"rendered":"<p>O governador eleito e diplomado da Bahia, Jer\u00f4nimo Rodrigues, apresentou os quatro nomes que faltavam para compor o novo Governo do Estado, a partir de 2023. Os titulares das secretarias da Seguran\u00e7a P\u00fablica (SSP), da Adminstra\u00e7\u00e3o (Saeb), do Planejamento (Seplan) e da Ci\u00eancia, Tecnologia e Inova\u00e7\u00e3o (Secti) foram anunciados \u00e0 imprensa no audit\u00f3rio da Desenbahia, [&hellip;]<\/p>\n","protected":false},"author":3,"featured_media":7336,"comment_status":"open","ping_status":"open","sticky":false,"template":"","format":"standard","meta":{"_monsterinsights_skip_tracking":false,"_monsterinsights_sitenote_active":false,"_monsterinsights_sitenote_note":"","_monsterinsights_sitenote_category":0,"footnotes":""},"categories":[34],"tags":[],"yoast_head":"<!-- This site is optimized with the Yoast SEO plugin v22.9 - https:\/\/yoast.com\/wordpress\/plugins\/seo\/ -->\n<title>Jer\u00f4nimo Rodrigues conclui forma\u00e7\u00e3o de secretariado; veja nomes - Portal MF<\/title>\n<meta name=\"robots\" content=\"index, follow, max-snippet:-1, max-image-preview:large, max-video-preview:-1\" \/>\n<link rel=\"canonical\" href=\"https:\/\/portalmf.com.br\/index.php\/2022\/12\/29\/jeronimo-rodrigues-conclui-formacao-de-secretariado-veja-nomes\/\" \/>\n<meta property=\"og:locale\" content=\"pt_BR\" \/>\n<meta property=\"og:type\" content=\"article\" \/>\n<meta property=\"og:title\" content=\"Jer\u00f4nimo Rodrigues conclui forma\u00e7\u00e3o de secretariado; veja nomes - Portal MF\" \/>\n<meta property=\"og:description\" content=\"O governador eleito e diplomado da Bahia, Jer\u00f4nimo Rodrigues, apresentou os quatro nomes que faltavam para compor o novo Governo do Estado, a partir de 2023. Os titulares das secretarias da Seguran\u00e7a P\u00fablica (SSP), da Adminstra\u00e7\u00e3o (Saeb), do Planejamento (Seplan) e da Ci\u00eancia, Tecnologia e Inova\u00e7\u00e3o (Secti) foram anunciados \u00e0 imprensa no audit\u00f3rio da Desenbahia, [&hellip;]\" \/>\n<meta property=\"og:url\" content=\"https:\/\/portalmf.com.br\/index.php\/2022\/12\/29\/jeronimo-rodrigues-conclui-formacao-de-secretariado-veja-nomes\/\" \/>\n<meta property=\"og:site_name\" content=\"Portal MF\" \/>\n<meta property=\"article:author\" content=\"https:\/\/www.facebook.com\/portalmfoficial\" \/>\n<meta property=\"article:published_time\" content=\"2022-12-29T21:05:39+00:00\" \/>\n<meta property=\"article:modified_time\" content=\"2022-12-29T21:05:40+00:00\" \/>\n<meta property=\"og:image\" content=\"https:\/\/portalmf.com.br\/wp-content\/uploads\/2022\/12\/Jeromino-e-Geraldo-Junior.jpeg\" \/>\n\t<meta property=\"og:image:width\" content=\"1280\" \/>\n\t<meta property=\"og:image:height\" content=\"853\" \/>\n\t<meta property=\"og:image:type\" content=\"image\/jpeg\" \/>\n<meta name=\"author\" content=\"Reda\u00e7\u00e3o Portal MF\" \/>\n<meta name=\"twitter:card\" content=\"summary_large_image\" \/>\n<meta name=\"twitter:creator\" content=\"@https:\/\/x.com\/portalmfoficial\" \/>\n<meta name=\"twitter:label1\" content=\"Escrito por\" \/>\n\t<meta name=\"twitter:data1\" content=\"Reda\u00e7\u00e3o Portal MF\" \/>\n\t<meta name=\"twitter:label2\" content=\"Est. tempo de leitura\" \/>\n\t<meta name=\"twitter:data2\" content=\"2 minutos\" \/>\n<script type=\"application\/ld+json\" class=\"yoast-schema-graph\">{\"@context\":\"https:\/\/schema.org\",\"@graph\":[{\"@type\":\"WebPage\",\"@id\":\"https:\/\/portalmf.com.br\/index.php\/2022\/12\/29\/jeronimo-rodrigues-conclui-formacao-de-secretariado-veja-nomes\/\",\"url\":\"https:\/\/portalmf.com.br\/index.php\/2022\/12\/29\/jeronimo-rodrigues-conclui-formacao-de-secretariado-veja-nomes\/\",\"name\":\"Jer\u00f4nimo Rodrigues conclui forma\u00e7\u00e3o de secretariado; veja nomes - Portal MF\",\"isPartOf\":{\"@id\":\"https:\/\/portalmf.com.br\/#website\"},\"primaryImageOfPage\":{\"@id\":\"https:\/\/portalmf.com.br\/index.php\/2022\/12\/29\/jeronimo-rodrigues-conclui-formacao-de-secretariado-veja-nomes\/#primaryimage\"},\"image\":{\"@id\":\"https:\/\/portalmf.com.br\/index.php\/2022\/12\/29\/jeronimo-rodrigues-conclui-formacao-de-secretariado-veja-nomes\/#primaryimage\"},\"thumbnailUrl\":\"https:\/\/portalmf.com.br\/wp-content\/uploads\/2022\/12\/Jeromino-e-Geraldo-Junior.jpeg\",\"datePublished\":\"2022-12-29T21:05:39+00:00\",\"dateModified\":\"2022-12-29T21:05:40+00:00\",\"author\":{\"@id\":\"https:\/\/portalmf.com.br\/#\/schema\/person\/9ec101baf56233e53520c26de5d6f6f0\"},\"breadcrumb\":{\"@id\":\"https:\/\/portalmf.com.br\/index.php\/2022\/12\/29\/jeronimo-rodrigues-conclui-formacao-de-secretariado-veja-nomes\/#breadcrumb\"},\"inLanguage\":\"pt-BR\",\"potentialAction\":[{\"@type\":\"ReadAction\",\"target\":[\"https:\/\/portalmf.com.br\/index.php\/2022\/12\/29\/jeronimo-rodrigues-conclui-formacao-de-secretariado-veja-nomes\/\"]}]},{\"@type\":\"ImageObject\",\"inLanguage\":\"pt-BR\",\"@id\":\"https:\/\/portalmf.com.br\/index.php\/2022\/12\/29\/jeronimo-rodrigues-conclui-formacao-de-secretariado-veja-nomes\/#primaryimage\",\"url\":\"https:\/\/portalmf.com.br\/wp-content\/uploads\/2022\/12\/Jeromino-e-Geraldo-Junior.jpeg\",\"contentUrl\":\"https:\/\/portalmf.com.br\/wp-content\/uploads\/2022\/12\/Jeromino-e-Geraldo-Junior.jpeg\",\"width\":1280,\"height\":853,\"caption\":\"Foto: Manu Dias\/ GOVBA\"},{\"@type\":\"BreadcrumbList\",\"@id\":\"https:\/\/portalmf.com.br\/index.php\/2022\/12\/29\/jeronimo-rodrigues-conclui-formacao-de-secretariado-veja-nomes\/#breadcrumb\",\"itemListElement\":[{\"@type\":\"ListItem\",\"position\":1,\"name\":\"In\u00edcio\",\"item\":\"https:\/\/portalmf.com.br\/\"},{\"@type\":\"ListItem\",\"position\":2,\"name\":\"Jer\u00f4nimo Rodrigues conclui forma\u00e7\u00e3o de secretariado; veja nomes\"}]},{\"@type\":\"WebSite\",\"@id\":\"https:\/\/portalmf.com.br\/#website\",\"url\":\"https:\/\/portalmf.com.br\/\",\"name\":\"Portal MF\",\"description\":\"Voc\u00ea conectado com a informa\u00e7\u00e3o\",\"potentialAction\":[{\"@type\":\"SearchAction\",\"target\":{\"@type\":\"EntryPoint\",\"urlTemplate\":\"https:\/\/portalmf.com.br\/?s={search_term_string}\"},\"query-input\":\"required name=search_term_string\"}],\"inLanguage\":\"pt-BR\"},{\"@type\":\"Person\",\"@id\":\"https:\/\/portalmf.com.br\/#\/schema\/person\/9ec101baf56233e53520c26de5d6f6f0\",\"name\":\"Reda\u00e7\u00e3o Portal MF\",\"image\":{\"@type\":\"ImageObject\",\"inLanguage\":\"pt-BR\",\"@id\":\"https:\/\/portalmf.com.br\/#\/schema\/person\/image\/\",\"url\":\"https:\/\/secure.gravatar.com\/avatar\/41b9aaeb2100835f7c64362330f74c7f?s=96&d=mm&r=g\",\"contentUrl\":\"https:\/\/secure.gravatar.com\/avatar\/41b9aaeb2100835f7c64362330f74c7f?s=96&d=mm&r=g\",\"caption\":\"Reda\u00e7\u00e3o Portal MF\"},\"description\":\"Sejam bem-vindos o portal de informa\u00e7\u00f5es de entretenimento de Feira de Santana, desde 2006 realiza coberturas dos principais eventos com entrevistas exclusivas com as principais personalidades mundiais. Fique conectado tamb\u00e9m nas redes sociais.\",\"sameAs\":[\"http:\/\/www.portalmf.com.br\/\",\"https:\/\/www.facebook.com\/portalmfoficial\",\"https:\/\/www.instagram.com\/portalmf\/\",\"https:\/\/x.com\/https:\/\/x.com\/portalmfoficial\",\"https:\/\/www.youtube.com\/@portalmfoficial\"],\"url\":\"https:\/\/portalmf.com.br\/index.php\/author\/junior\/\"}]}<\/script>\n<!-- \/ Yoast SEO plugin. -->","yoast_head_json":{"title":"Jer\u00f4nimo Rodrigues conclui forma\u00e7\u00e3o de secretariado; veja nomes - Portal MF","robots":{"index":"index","follow":"follow","max-snippet":"max-snippet:-1","max-image-preview":"max-image-preview:large","max-video-preview":"max-video-preview:-1"},"canonical":"https:\/\/portalmf.com.br\/index.php\/2022\/12\/29\/jeronimo-rodrigues-conclui-formacao-de-secretariado-veja-nomes\/","og_locale":"pt_BR","og_type":"article","og_title":"Jer\u00f4nimo Rodrigues conclui forma\u00e7\u00e3o de secretariado; veja nomes - Portal MF","og_description":"O governador eleito e diplomado da Bahia, Jer\u00f4nimo Rodrigues, apresentou os quatro nomes que faltavam para compor o novo Governo do Estado, a partir de 2023. Os titulares das secretarias da Seguran\u00e7a P\u00fablica (SSP), da Adminstra\u00e7\u00e3o (Saeb), do Planejamento (Seplan) e da Ci\u00eancia, Tecnologia e Inova\u00e7\u00e3o (Secti) foram anunciados \u00e0 imprensa no audit\u00f3rio da Desenbahia, [&hellip;]","og_url":"https:\/\/portalmf.com.br\/index.php\/2022\/12\/29\/jeronimo-rodrigues-conclui-formacao-de-secretariado-veja-nomes\/","og_site_name":"Portal MF","article_author":"https:\/\/www.facebook.com\/portalmfoficial","article_published_time":"2022-12-29T21:05:39+00:00","article_modified_time":"2022-12-29T21:05:40+00:00","og_image":[{"width":1280,"height":853,"url":"https:\/\/portalmf.com.br\/wp-content\/uploads\/2022\/12\/Jeromino-e-Geraldo-Junior.jpeg","type":"image\/jpeg"}],"author":"Reda\u00e7\u00e3o Portal MF","twitter_card":"summary_large_image","twitter_creator":"@https:\/\/x.com\/portalmfoficial","twitter_misc":{"Escrito por":"Reda\u00e7\u00e3o Portal MF","Est. tempo de leitura":"2 minutos"},"schema":{"@context":"https:\/\/schema.org","@graph":[{"@type":"WebPage","@id":"https:\/\/portalmf.com.br\/index.php\/2022\/12\/29\/jeronimo-rodrigues-conclui-formacao-de-secretariado-veja-nomes\/","url":"https:\/\/portalmf.com.br\/index.php\/2022\/12\/29\/jeronimo-rodrigues-conclui-formacao-de-secretariado-veja-nomes\/","name":"Jer\u00f4nimo Rodrigues conclui forma\u00e7\u00e3o de secretariado; veja nomes - Portal MF","isPartOf":{"@id":"https:\/\/portalmf.com.br\/#website"},"primaryImageOfPage":{"@id":"https:\/\/portalmf.com.br\/index.php\/2022\/12\/29\/jeronimo-rodrigues-conclui-formacao-de-secretariado-veja-nomes\/#primaryimage"},"image":{"@id":"https:\/\/portalmf.com.br\/index.php\/2022\/12\/29\/jeronimo-rodrigues-conclui-formacao-de-secretariado-veja-nomes\/#primaryimage"},"thumbnailUrl":"https:\/\/portalmf.com.br\/wp-content\/uploads\/2022\/12\/Jeromino-e-Geraldo-Junior.jpeg","datePublished":"2022-12-29T21:05:39+00:00","dateModified":"2022-12-29T21:05:40+00:00","author":{"@id":"https:\/\/portalmf.com.br\/#\/schema\/person\/9ec101baf56233e53520c26de5d6f6f0"},"breadcrumb":{"@id":"https:\/\/portalmf.com.br\/index.php\/2022\/12\/29\/jeronimo-rodrigues-conclui-formacao-de-secretariado-veja-nomes\/#breadcrumb"},"inLanguage":"pt-BR","potentialAction":[{"@type":"ReadAction","target":["https:\/\/portalmf.com.br\/index.php\/2022\/12\/29\/jeronimo-rodrigues-conclui-formacao-de-secretariado-veja-nomes\/"]}]},{"@type":"ImageObject","inLanguage":"pt-BR","@id":"https:\/\/portalmf.com.br\/index.php\/2022\/12\/29\/jeronimo-rodrigues-conclui-formacao-de-secretariado-veja-nomes\/#primaryimage","url":"https:\/\/portalmf.com.br\/wp-content\/uploads\/2022\/12\/Jeromino-e-Geraldo-Junior.jpeg","contentUrl":"https:\/\/portalmf.com.br\/wp-content\/uploads\/2022\/12\/Jeromino-e-Geraldo-Junior.jpeg","width":1280,"height":853,"caption":"Foto: Manu Dias\/ GOVBA"},{"@type":"BreadcrumbList","@id":"https:\/\/portalmf.com.br\/index.php\/2022\/12\/29\/jeronimo-rodrigues-conclui-formacao-de-secretariado-veja-nomes\/#breadcrumb","itemListElement":[{"@type":"ListItem","position":1,"name":"In\u00edcio","item":"https:\/\/portalmf.com.br\/"},{"@type":"ListItem","position":2,"name":"Jer\u00f4nimo Rodrigues conclui forma\u00e7\u00e3o de secretariado; veja nomes"}]},{"@type":"WebSite","@id":"https:\/\/portalmf.com.br\/#website","url":"https:\/\/portalmf.com.br\/","name":"Portal MF","description":"Voc\u00ea conectado com a informa\u00e7\u00e3o","potentialAction":[{"@type":"SearchAction","target":{"@type":"EntryPoint","urlTemplate":"https:\/\/portalmf.com.br\/?s={search_term_string}"},"query-input":"required name=search_term_string"}],"inLanguage":"pt-BR"},{"@type":"Person","@id":"https:\/\/portalmf.com.br\/#\/schema\/person\/9ec101baf56233e53520c26de5d6f6f0","name":"Reda\u00e7\u00e3o Portal MF","image":{"@type":"ImageObject","inLanguage":"pt-BR","@id":"https:\/\/portalmf.com.br\/#\/schema\/person\/image\/","url":"https:\/\/secure.gravatar.com\/avatar\/41b9aaeb2100835f7c64362330f74c7f?s=96&d=mm&r=g","contentUrl":"https:\/\/secure.gravatar.com\/avatar\/41b9aaeb2100835f7c64362330f74c7f?s=96&d=mm&r=g","caption":"Reda\u00e7\u00e3o Portal MF"},"description":"Sejam bem-vindos o portal de informa\u00e7\u00f5es de entretenimento de Feira de Santana, desde 2006 realiza coberturas dos principais eventos com entrevistas exclusivas com as principais personalidades mundiais. Fique conectado tamb\u00e9m nas redes sociais.","sameAs":["http:\/\/www.portalmf.com.br\/","https:\/\/www.facebook.com\/portalmfoficial","https:\/\/www.instagram.com\/portalmf\/","https:\/\/x.com\/https:\/\/x.com\/portalmfoficial","https:\/\/www.youtube.com\/@portalmfoficial"],"url":"https:\/\/portalmf.com.br\/index.php\/author\/junior\/"}]}},"_links":{"self":[{"href":"https:\/\/portalmf.com.br\/index.php\/wp-json\/wp\/v2\/posts\/7335"}],"collection":[{"href":"https:\/\/portalmf.com.br\/index.php\/wp-json\/wp\/v2\/posts"}],"about":[{"href":"https:\/\/portalmf.com.br\/index.php\/wp-json\/wp\/v2\/types\/post"}],"author":[{"embeddable":true,"href":"https:\/\/portalmf.com.br\/index.php\/wp-json\/wp\/v2\/users\/3"}],"replies":[{"embeddable":true,"href":"https:\/\/portalmf.com.br\/index.php\/wp-json\/wp\/v2\/comments?post=7335"}],"version-history":[{"count":1,"href":"https:\/\/portalmf.com.br\/index.php\/wp-json\/wp\/v2\/posts\/7335\/revisions"}],"predecessor-version":[{"id":7337,"href":"https:\/\/portalmf.com.br\/index.php\/wp-json\/wp\/v2\/posts\/7335\/revisions\/7337"}],"wp:featuredmedia":[{"embeddable":true,"href":"https:\/\/portalmf.com.br\/index.php\/wp-json\/wp\/v2\/media\/7336"}],"wp:attachment":[{"href":"https:\/\/portalmf.com.br\/index.php\/wp-json\/wp\/v2\/media?parent=7335"}],"wp:term":[{"taxonomy":"category","embeddable":true,"href":"https:\/\/portalmf.com.br\/index.php\/wp-json\/wp\/v2\/categories?post=7335"},{"taxonomy":"post_tag","embeddable":true,"href":"https:\/\/portalmf.com.br\/index.php\/wp-json\/wp\/v2\/tags?post=7335"}],"curies":[{"name":"wp","href":"https:\/\/api.w.org\/{rel}","templated":true}]}}