{"id":7324,"date":"2022-12-29T16:25:56","date_gmt":"2022-12-29T19:25:56","guid":{"rendered":"https:\/\/portalmf.com.br\/?p=7324"},"modified":"2022-12-29T16:36:52","modified_gmt":"2022-12-29T19:36:52","slug":"morre-aos-82-anos-pele-rei-do-futebol","status":"publish","type":"post","link":"https:\/\/portalmf.com.br\/index.php\/2022\/12\/29\/morre-aos-82-anos-pele-rei-do-futebol\/","title":{"rendered":"Morre aos 82 anos Pel\u00e9, Rei do Futebol"},"content":{"rendered":"\n<p>O futebol perdeu seu Rei. Nesta quinta-feira, morreu&nbsp;Pel\u00e9, o maior jogador da hist\u00f3ria, aos 82 anos.<\/p>\n\n\n\n<p>A fam\u00edlia ainda n\u00e3o divulgou detalhes sobre o vel\u00f3rio, mas uma estrutura foi montada na Vila Belmiro nos \u00faltimos dias para receber a vig\u00edlia. O sepultamento ocorrer\u00e1 em\u00a0Santos.<\/p>\n\n\n\n<p>O Atleta do S\u00e9culo estava internado no hospital Albert Einstein, em S\u00e3o Paulo, desde 29 de novembro. A interna\u00e7\u00e3o aconteceu em virtude de uma infec\u00e7\u00e3o respirat\u00f3ria ap\u00f3s ele contrair Covid-19 e para a reavalia\u00e7\u00e3o do tratamento de um c\u00e2ncer no c\u00f3lon.<\/p>\n\n\n\n<p>Pel\u00e9 passou por uma cirurgia no local em setembro de 2021 e desde ent\u00e3o vinha sendo submetido a repetidas sess\u00f5es de quimioterapia. No in\u00edcio de 2022, foram detectadas met\u00e1stases no intestino, no pulm\u00e3o e no f\u00edgado.<\/p>\n\n\n\n<p>Em 21 de dezembro, o&nbsp;corpo cl\u00ednico do hospital divulgou um boletim m\u00e9dico dizendo que Pel\u00e9 apresentou uma &#8220;progress\u00e3o da doen\u00e7a oncol\u00f3gica&#8221;&nbsp;e que necessitava de maiores cuidados relacionados \u00e0s disfun\u00e7\u00f5es renal e card\u00edaca. Por isso, o ex-jogador n\u00e3o teve autoriza\u00e7\u00e3o para passar o Natal em casa, como queria a fam\u00edlia.<\/p>\n\n\n\n<p>Kely e Edinho Nascimento, filhos do Rei, publicaram fotos nas \u00faltimos dias com o pai&nbsp;no quarto em que ele estava internado. Outros filhos e netos tamb\u00e9m estiveram no local para a passagem do Natal.<\/p>\n\n\n\n<p>Apesar do quadro complicado,&nbsp;Pel\u00e9&nbsp;passou alguns dias est\u00e1vel e com uma leve melhora. Nos \u00faltimos dias, por\u00e9m, a sa\u00fade do Rei voltou a piorar.<\/p>\n\n\n<div class=\"wp-block-image\">\n<figure class=\"alignleft size-full is-resized\"><img fetchpriority=\"high\" decoding=\"async\" src=\"https:\/\/portalmf.com.br\/wp-content\/uploads\/2022\/12\/pele-copa.jpg\" alt=\"\" class=\"wp-image-7325\" width=\"426\" height=\"237\" srcset=\"https:\/\/portalmf.com.br\/wp-content\/uploads\/2022\/12\/pele-copa.jpg 984w, https:\/\/portalmf.com.br\/wp-content\/uploads\/2022\/12\/pele-copa-300x167.jpg 300w, https:\/\/portalmf.com.br\/wp-content\/uploads\/2022\/12\/pele-copa-768x428.jpg 768w, https:\/\/portalmf.com.br\/wp-content\/uploads\/2022\/12\/pele-copa-585x326.jpg 585w\" sizes=\"(max-width: 426px) 100vw, 426px\" \/><\/figure><\/div>\n\n\n<p>Em virtude da idade avan\u00e7ada e do tratamento, as apari\u00e7\u00f5es p\u00fablicas do Rei do Futebol se tornaram cada vez menos frequentes nos \u00faltimos anos. Em redes sociais, ele manifestava otimismo com a recupera\u00e7\u00e3o.<\/p>\n\n\n\n<p>Pel\u00e9&nbsp;recebeu diversas homenagens durante a Copa do Mundo de 2022, disputada enquanto ele estava internado na capital paulista. Jogadores como Neymar, Richarlison e Mbapp\u00e9 desejaram melhoras ao g\u00eanio em meio ao torneio. Torcedores tamb\u00e9m exibiram faixas nos est\u00e1dios.<\/p>\n\n\n\n<p><a href=\"http:\/\/globoesporte.globo.com\/atleta\/pele.html\">Pel\u00e9<\/a>&nbsp;teve sete filhos e estava casado desde 2016 com M\u00e1rcia Aoki. Do primeiro casamento, com Rosemeri Cholbi, nasceram Kelly Cristina, Edinho e Jennifer. O ex-jogador tamb\u00e9m \u00e9 pai dos g\u00eameos Joshua e Celeste, de seu relacionamento com a psic\u00f3loga Ass\u00edria Lemos. Al\u00e9m desses,&nbsp;<a href=\"http:\/\/globoesporte.globo.com\/atleta\/pele.html\">Pel\u00e9<\/a>&nbsp;teve duas filhas fora do casamento: Sandra Regina, que s\u00f3 obteve o reconhecimento da paternidade pela Justi\u00e7a e morreu em 2006, e Fl\u00e1via.<\/p>\n\n\n\n<p>O maior jogador de futebol de todos os tempos estreou na Sele\u00e7\u00e3o em 1957, numa partida da Copa Roca contra a Argentina, quando tamb\u00e9m fez seu primeiro gol com a camisa amarelinha. Pela equipe brasileira, com apenas 17 anos, venceu a Copa do Mundo na Su\u00e9cia, em 1958.<\/p>\n\n\n\n<p>Quatro anos depois, se machucaria na segunda rodada do Mundial do Chile, tamb\u00e9m vencido pelo Brasil. Ap\u00f3s ser ca\u00e7ado em campo com duras faltas na Copa do Mundo de 1966, na Inglaterra, ele comandou o lend\u00e1rio time brasileiro ao tricampeonato mundial em 1970, no M\u00e9xico \u2013 \u00e9 o \u00fanico jogador a vencer tr\u00eas Copas.<\/p>\n\n\n\n<figure class=\"wp-block-image size-full\"><img decoding=\"async\" width=\"984\" height=\"750\" src=\"https:\/\/portalmf.com.br\/wp-content\/uploads\/2022\/12\/pele_copa_70.jpg\" alt=\"\" class=\"wp-image-7326\" srcset=\"https:\/\/portalmf.com.br\/wp-content\/uploads\/2022\/12\/pele_copa_70.jpg 984w, https:\/\/portalmf.com.br\/wp-content\/uploads\/2022\/12\/pele_copa_70-300x229.jpg 300w, https:\/\/portalmf.com.br\/wp-content\/uploads\/2022\/12\/pele_copa_70-768x585.jpg 768w, https:\/\/portalmf.com.br\/wp-content\/uploads\/2022\/12\/pele_copa_70-585x446.jpg 585w\" sizes=\"(max-width: 984px) 100vw, 984px\" \/><figcaption>Pel\u00e9 com a ta\u00e7a de campe\u00e3o do mundo em 1970 \u2014 Foto: Horstm\u00fcller\/Getty Images<\/figcaption><\/figure>\n\n\n\n<p>Pelo&nbsp;Santos,&nbsp;Pel\u00e9&nbsp;\u00e9 dono de marcas impressionantes: venceu dez vezes o Campeonato Paulista, torneio do qual foi o artilheiro por nove temporadas seguidas. Ainda foi bicampe\u00e3o da Libertadores e do Mundial de clubes, em 1962 e 1963. Foi tamb\u00e9m com a camisa branca do Peixe que marcou seu mil\u00e9simo gol, contra o Vasco, no Maracan\u00e3, no dia 19 de novembro de 1969.<\/p>\n\n\n\n<p>Segundo n\u00fameros do&nbsp;Santos, Pel\u00e9&nbsp;marcou pelo clube 1.091 gols em 1.116 jogos.<\/p>\n\n\n\n<p>Com a camisa canarinho,&nbsp;Pel\u00e9&nbsp;disputou 113 jogos e marcou 95 gols, de acordo com n\u00fameros da CBF. Nas contas da Fifa, que considera apenas jogos entre sele\u00e7\u00f5es, s\u00e3o 77 gols em 91 partidas.<\/p>\n\n\n\n<p>Em toda a carreira,&nbsp;Pel\u00e9 fez 1.282 gols em 1.364 partidas na contabiliza\u00e7\u00e3o feita pelo&nbsp;Santos. Nas redes sociais, o Rei dizia ter feito um a mais, 1.283.<\/p>\n","protected":false},"excerpt":{"rendered":"<p>O futebol perdeu seu Rei. Nesta quinta-feira, morreu&nbsp;Pel\u00e9, o maior jogador da hist\u00f3ria, aos 82 anos. A fam\u00edlia ainda n\u00e3o divulgou detalhes sobre o vel\u00f3rio, mas uma estrutura foi montada na Vila Belmiro nos \u00faltimos dias para receber a vig\u00edlia. O sepultamento ocorrer\u00e1 em\u00a0Santos. O Atleta do S\u00e9culo estava internado no hospital Albert Einstein, em [&hellip;]<\/p>\n","protected":false},"author":3,"featured_media":7327,"comment_status":"open","ping_status":"open","sticky":false,"template":"","format":"standard","meta":{"_monsterinsights_skip_tracking":false,"_monsterinsights_sitenote_active":false,"_monsterinsights_sitenote_note":"","_monsterinsights_sitenote_category":0,"footnotes":""},"categories":[47,42],"tags":[],"yoast_head":"<!-- This site is optimized with the Yoast SEO plugin v22.9 - https:\/\/yoast.com\/wordpress\/plugins\/seo\/ -->\n<title>Morre aos 82 anos Pel\u00e9, Rei do Futebol - Portal MF<\/title>\n<meta name=\"robots\" content=\"index, follow, max-snippet:-1, max-image-preview:large, max-video-preview:-1\" \/>\n<link rel=\"canonical\" href=\"https:\/\/portalmf.com.br\/index.php\/2022\/12\/29\/morre-aos-82-anos-pele-rei-do-futebol\/\" \/>\n<meta property=\"og:locale\" content=\"pt_BR\" \/>\n<meta property=\"og:type\" content=\"article\" \/>\n<meta property=\"og:title\" content=\"Morre aos 82 anos Pel\u00e9, Rei do Futebol - Portal MF\" \/>\n<meta property=\"og:description\" content=\"O futebol perdeu seu Rei. Nesta quinta-feira, morreu&nbsp;Pel\u00e9, o maior jogador da hist\u00f3ria, aos 82 anos. A fam\u00edlia ainda n\u00e3o divulgou detalhes sobre o vel\u00f3rio, mas uma estrutura foi montada na Vila Belmiro nos \u00faltimos dias para receber a vig\u00edlia. O sepultamento ocorrer\u00e1 em\u00a0Santos. O Atleta do S\u00e9culo estava internado no hospital Albert Einstein, em [&hellip;]\" \/>\n<meta property=\"og:url\" content=\"https:\/\/portalmf.com.br\/index.php\/2022\/12\/29\/morre-aos-82-anos-pele-rei-do-futebol\/\" \/>\n<meta property=\"og:site_name\" content=\"Portal MF\" \/>\n<meta property=\"article:author\" content=\"https:\/\/www.facebook.com\/portalmfoficial\" \/>\n<meta property=\"article:published_time\" content=\"2022-12-29T19:25:56+00:00\" \/>\n<meta property=\"article:modified_time\" content=\"2022-12-29T19:36:52+00:00\" \/>\n<meta property=\"og:image\" content=\"https:\/\/portalmf.com.br\/wp-content\/uploads\/2022\/12\/pele.jpg\" \/>\n\t<meta property=\"og:image:width\" content=\"984\" \/>\n\t<meta property=\"og:image:height\" content=\"630\" \/>\n\t<meta property=\"og:image:type\" content=\"image\/jpeg\" \/>\n<meta name=\"author\" content=\"Reda\u00e7\u00e3o Portal MF\" \/>\n<meta name=\"twitter:card\" content=\"summary_large_image\" \/>\n<meta name=\"twitter:creator\" content=\"@https:\/\/x.com\/portalmfoficial\" \/>\n<meta name=\"twitter:label1\" content=\"Escrito por\" \/>\n\t<meta name=\"twitter:data1\" content=\"Reda\u00e7\u00e3o Portal MF\" \/>\n\t<meta name=\"twitter:label2\" content=\"Est. tempo de leitura\" \/>\n\t<meta name=\"twitter:data2\" content=\"4 minutos\" \/>\n<script type=\"application\/ld+json\" class=\"yoast-schema-graph\">{\"@context\":\"https:\/\/schema.org\",\"@graph\":[{\"@type\":\"WebPage\",\"@id\":\"https:\/\/portalmf.com.br\/index.php\/2022\/12\/29\/morre-aos-82-anos-pele-rei-do-futebol\/\",\"url\":\"https:\/\/portalmf.com.br\/index.php\/2022\/12\/29\/morre-aos-82-anos-pele-rei-do-futebol\/\",\"name\":\"Morre aos 82 anos Pel\u00e9, Rei do Futebol - Portal MF\",\"isPartOf\":{\"@id\":\"https:\/\/portalmf.com.br\/#website\"},\"primaryImageOfPage\":{\"@id\":\"https:\/\/portalmf.com.br\/index.php\/2022\/12\/29\/morre-aos-82-anos-pele-rei-do-futebol\/#primaryimage\"},\"image\":{\"@id\":\"https:\/\/portalmf.com.br\/index.php\/2022\/12\/29\/morre-aos-82-anos-pele-rei-do-futebol\/#primaryimage\"},\"thumbnailUrl\":\"https:\/\/portalmf.com.br\/wp-content\/uploads\/2022\/12\/pele.jpg\",\"datePublished\":\"2022-12-29T19:25:56+00:00\",\"dateModified\":\"2022-12-29T19:36:52+00:00\",\"author\":{\"@id\":\"https:\/\/portalmf.com.br\/#\/schema\/person\/9ec101baf56233e53520c26de5d6f6f0\"},\"breadcrumb\":{\"@id\":\"https:\/\/portalmf.com.br\/index.php\/2022\/12\/29\/morre-aos-82-anos-pele-rei-do-futebol\/#breadcrumb\"},\"inLanguage\":\"pt-BR\",\"potentialAction\":[{\"@type\":\"ReadAction\",\"target\":[\"https:\/\/portalmf.com.br\/index.php\/2022\/12\/29\/morre-aos-82-anos-pele-rei-do-futebol\/\"]}]},{\"@type\":\"ImageObject\",\"inLanguage\":\"pt-BR\",\"@id\":\"https:\/\/portalmf.com.br\/index.php\/2022\/12\/29\/morre-aos-82-anos-pele-rei-do-futebol\/#primaryimage\",\"url\":\"https:\/\/portalmf.com.br\/wp-content\/uploads\/2022\/12\/pele.jpg\",\"contentUrl\":\"https:\/\/portalmf.com.br\/wp-content\/uploads\/2022\/12\/pele.jpg\",\"width\":984,\"height\":630,\"caption\":\"Foto: Neil Hall \/ Getty Images\"},{\"@type\":\"BreadcrumbList\",\"@id\":\"https:\/\/portalmf.com.br\/index.php\/2022\/12\/29\/morre-aos-82-anos-pele-rei-do-futebol\/#breadcrumb\",\"itemListElement\":[{\"@type\":\"ListItem\",\"position\":1,\"name\":\"In\u00edcio\",\"item\":\"https:\/\/portalmf.com.br\/\"},{\"@type\":\"ListItem\",\"position\":2,\"name\":\"Morre aos 82 anos Pel\u00e9, Rei do Futebol\"}]},{\"@type\":\"WebSite\",\"@id\":\"https:\/\/portalmf.com.br\/#website\",\"url\":\"https:\/\/portalmf.com.br\/\",\"name\":\"Portal MF\",\"description\":\"Voc\u00ea conectado com a informa\u00e7\u00e3o\",\"potentialAction\":[{\"@type\":\"SearchAction\",\"target\":{\"@type\":\"EntryPoint\",\"urlTemplate\":\"https:\/\/portalmf.com.br\/?s={search_term_string}\"},\"query-input\":\"required name=search_term_string\"}],\"inLanguage\":\"pt-BR\"},{\"@type\":\"Person\",\"@id\":\"https:\/\/portalmf.com.br\/#\/schema\/person\/9ec101baf56233e53520c26de5d6f6f0\",\"name\":\"Reda\u00e7\u00e3o Portal MF\",\"image\":{\"@type\":\"ImageObject\",\"inLanguage\":\"pt-BR\",\"@id\":\"https:\/\/portalmf.com.br\/#\/schema\/person\/image\/\",\"url\":\"https:\/\/secure.gravatar.com\/avatar\/41b9aaeb2100835f7c64362330f74c7f?s=96&d=mm&r=g\",\"contentUrl\":\"https:\/\/secure.gravatar.com\/avatar\/41b9aaeb2100835f7c64362330f74c7f?s=96&d=mm&r=g\",\"caption\":\"Reda\u00e7\u00e3o Portal MF\"},\"description\":\"Sejam bem-vindos o portal de informa\u00e7\u00f5es de entretenimento de Feira de Santana, desde 2006 realiza coberturas dos principais eventos com entrevistas exclusivas com as principais personalidades mundiais. Fique conectado tamb\u00e9m nas redes sociais.\",\"sameAs\":[\"http:\/\/www.portalmf.com.br\/\",\"https:\/\/www.facebook.com\/portalmfoficial\",\"https:\/\/www.instagram.com\/portalmf\/\",\"https:\/\/x.com\/https:\/\/x.com\/portalmfoficial\",\"https:\/\/www.youtube.com\/@portalmfoficial\"],\"url\":\"https:\/\/portalmf.com.br\/index.php\/author\/junior\/\"}]}<\/script>\n<!-- \/ Yoast SEO plugin. -->","yoast_head_json":{"title":"Morre aos 82 anos Pel\u00e9, Rei do Futebol - Portal MF","robots":{"index":"index","follow":"follow","max-snippet":"max-snippet:-1","max-image-preview":"max-image-preview:large","max-video-preview":"max-video-preview:-1"},"canonical":"https:\/\/portalmf.com.br\/index.php\/2022\/12\/29\/morre-aos-82-anos-pele-rei-do-futebol\/","og_locale":"pt_BR","og_type":"article","og_title":"Morre aos 82 anos Pel\u00e9, Rei do Futebol - Portal MF","og_description":"O futebol perdeu seu Rei. Nesta quinta-feira, morreu&nbsp;Pel\u00e9, o maior jogador da hist\u00f3ria, aos 82 anos. A fam\u00edlia ainda n\u00e3o divulgou detalhes sobre o vel\u00f3rio, mas uma estrutura foi montada na Vila Belmiro nos \u00faltimos dias para receber a vig\u00edlia. O sepultamento ocorrer\u00e1 em\u00a0Santos. O Atleta do S\u00e9culo estava internado no hospital Albert Einstein, em [&hellip;]","og_url":"https:\/\/portalmf.com.br\/index.php\/2022\/12\/29\/morre-aos-82-anos-pele-rei-do-futebol\/","og_site_name":"Portal MF","article_author":"https:\/\/www.facebook.com\/portalmfoficial","article_published_time":"2022-12-29T19:25:56+00:00","article_modified_time":"2022-12-29T19:36:52+00:00","og_image":[{"width":984,"height":630,"url":"https:\/\/portalmf.com.br\/wp-content\/uploads\/2022\/12\/pele.jpg","type":"image\/jpeg"}],"author":"Reda\u00e7\u00e3o Portal MF","twitter_card":"summary_large_image","twitter_creator":"@https:\/\/x.com\/portalmfoficial","twitter_misc":{"Escrito por":"Reda\u00e7\u00e3o Portal MF","Est. tempo de leitura":"4 minutos"},"schema":{"@context":"https:\/\/schema.org","@graph":[{"@type":"WebPage","@id":"https:\/\/portalmf.com.br\/index.php\/2022\/12\/29\/morre-aos-82-anos-pele-rei-do-futebol\/","url":"https:\/\/portalmf.com.br\/index.php\/2022\/12\/29\/morre-aos-82-anos-pele-rei-do-futebol\/","name":"Morre aos 82 anos Pel\u00e9, Rei do Futebol - Portal MF","isPartOf":{"@id":"https:\/\/portalmf.com.br\/#website"},"primaryImageOfPage":{"@id":"https:\/\/portalmf.com.br\/index.php\/2022\/12\/29\/morre-aos-82-anos-pele-rei-do-futebol\/#primaryimage"},"image":{"@id":"https:\/\/portalmf.com.br\/index.php\/2022\/12\/29\/morre-aos-82-anos-pele-rei-do-futebol\/#primaryimage"},"thumbnailUrl":"https:\/\/portalmf.com.br\/wp-content\/uploads\/2022\/12\/pele.jpg","datePublished":"2022-12-29T19:25:56+00:00","dateModified":"2022-12-29T19:36:52+00:00","author":{"@id":"https:\/\/portalmf.com.br\/#\/schema\/person\/9ec101baf56233e53520c26de5d6f6f0"},"breadcrumb":{"@id":"https:\/\/portalmf.com.br\/index.php\/2022\/12\/29\/morre-aos-82-anos-pele-rei-do-futebol\/#breadcrumb"},"inLanguage":"pt-BR","potentialAction":[{"@type":"ReadAction","target":["https:\/\/portalmf.com.br\/index.php\/2022\/12\/29\/morre-aos-82-anos-pele-rei-do-futebol\/"]}]},{"@type":"ImageObject","inLanguage":"pt-BR","@id":"https:\/\/portalmf.com.br\/index.php\/2022\/12\/29\/morre-aos-82-anos-pele-rei-do-futebol\/#primaryimage","url":"https:\/\/portalmf.com.br\/wp-content\/uploads\/2022\/12\/pele.jpg","contentUrl":"https:\/\/portalmf.com.br\/wp-content\/uploads\/2022\/12\/pele.jpg","width":984,"height":630,"caption":"Foto: Neil Hall \/ Getty Images"},{"@type":"BreadcrumbList","@id":"https:\/\/portalmf.com.br\/index.php\/2022\/12\/29\/morre-aos-82-anos-pele-rei-do-futebol\/#breadcrumb","itemListElement":[{"@type":"ListItem","position":1,"name":"In\u00edcio","item":"https:\/\/portalmf.com.br\/"},{"@type":"ListItem","position":2,"name":"Morre aos 82 anos Pel\u00e9, Rei do Futebol"}]},{"@type":"WebSite","@id":"https:\/\/portalmf.com.br\/#website","url":"https:\/\/portalmf.com.br\/","name":"Portal MF","description":"Voc\u00ea conectado com a informa\u00e7\u00e3o","potentialAction":[{"@type":"SearchAction","target":{"@type":"EntryPoint","urlTemplate":"https:\/\/portalmf.com.br\/?s={search_term_string}"},"query-input":"required name=search_term_string"}],"inLanguage":"pt-BR"},{"@type":"Person","@id":"https:\/\/portalmf.com.br\/#\/schema\/person\/9ec101baf56233e53520c26de5d6f6f0","name":"Reda\u00e7\u00e3o Portal MF","image":{"@type":"ImageObject","inLanguage":"pt-BR","@id":"https:\/\/portalmf.com.br\/#\/schema\/person\/image\/","url":"https:\/\/secure.gravatar.com\/avatar\/41b9aaeb2100835f7c64362330f74c7f?s=96&d=mm&r=g","contentUrl":"https:\/\/secure.gravatar.com\/avatar\/41b9aaeb2100835f7c64362330f74c7f?s=96&d=mm&r=g","caption":"Reda\u00e7\u00e3o Portal MF"},"description":"Sejam bem-vindos o portal de informa\u00e7\u00f5es de entretenimento de Feira de Santana, desde 2006 realiza coberturas dos principais eventos com entrevistas exclusivas com as principais personalidades mundiais. Fique conectado tamb\u00e9m nas redes sociais.","sameAs":["http:\/\/www.portalmf.com.br\/","https:\/\/www.facebook.com\/portalmfoficial","https:\/\/www.instagram.com\/portalmf\/","https:\/\/x.com\/https:\/\/x.com\/portalmfoficial","https:\/\/www.youtube.com\/@portalmfoficial"],"url":"https:\/\/portalmf.com.br\/index.php\/author\/junior\/"}]}},"_links":{"self":[{"href":"https:\/\/portalmf.com.br\/index.php\/wp-json\/wp\/v2\/posts\/7324"}],"collection":[{"href":"https:\/\/portalmf.com.br\/index.php\/wp-json\/wp\/v2\/posts"}],"about":[{"href":"https:\/\/portalmf.com.br\/index.php\/wp-json\/wp\/v2\/types\/post"}],"author":[{"embeddable":true,"href":"https:\/\/portalmf.com.br\/index.php\/wp-json\/wp\/v2\/users\/3"}],"replies":[{"embeddable":true,"href":"https:\/\/portalmf.com.br\/index.php\/wp-json\/wp\/v2\/comments?post=7324"}],"version-history":[{"count":2,"href":"https:\/\/portalmf.com.br\/index.php\/wp-json\/wp\/v2\/posts\/7324\/revisions"}],"predecessor-version":[{"id":7329,"href":"https:\/\/portalmf.com.br\/index.php\/wp-json\/wp\/v2\/posts\/7324\/revisions\/7329"}],"wp:featuredmedia":[{"embeddable":true,"href":"https:\/\/portalmf.com.br\/index.php\/wp-json\/wp\/v2\/media\/7327"}],"wp:attachment":[{"href":"https:\/\/portalmf.com.br\/index.php\/wp-json\/wp\/v2\/media?parent=7324"}],"wp:term":[{"taxonomy":"category","embeddable":true,"href":"https:\/\/portalmf.com.br\/index.php\/wp-json\/wp\/v2\/categories?post=7324"},{"taxonomy":"post_tag","embeddable":true,"href":"https:\/\/portalmf.com.br\/index.php\/wp-json\/wp\/v2\/tags?post=7324"}],"curies":[{"name":"wp","href":"https:\/\/api.w.org\/{rel}","templated":true}]}}