{"id":7314,"date":"2022-12-28T19:15:07","date_gmt":"2022-12-28T22:15:07","guid":{"rendered":"https:\/\/portalmf.com.br\/?p=7314"},"modified":"2022-12-28T19:29:55","modified_gmt":"2022-12-28T22:29:55","slug":"feirense-e-confirmado-na-secretaria-de-desenvolvimento-economico-da-bahia","status":"publish","type":"post","link":"https:\/\/portalmf.com.br\/index.php\/2022\/12\/28\/feirense-e-confirmado-na-secretaria-de-desenvolvimento-economico-da-bahia\/","title":{"rendered":"Feirense \u00e9 confirmado na secret\u00e1ria de Desenvolvimento Econ\u00f4mico da Bahia"},"content":{"rendered":"\n<p>Na tarde desta quarta-feira (28), o governador eleito Jer\u00f4nimo Rodrigues (PT), an\u00fanciou novos nomes que v\u00e3o assumir secret\u00e1rias e superintend\u00eancias em seu governo. <\/p>\n\n\n\n<p>Mais um feirense ser\u00e1 secret\u00e1rio, desta vez o nome escolhidos \u00e9 do deputado estadual reeleito Angelo Almeida do PSB, se tornando o terceiro nome feirense assumir uma pasta no futuro governo.<\/p>\n\n\n\n<p>Angelo Almeida ser\u00e1 o terceiro feirense anunciado no secretariado de Jer\u00f4nimo Rodrigues, Felipe Freitas assume a SJDH e Roberta Santana ser\u00e1 secretaria de Sa\u00fade <\/p>\n\n\n\n<p>Angelo Almeida foi reeleito deputado estadual com 59.841 votos, antes  foi vereador de Feira (2009\/2012), quando presidiu e foi membro da Comiss\u00e3o de Direitos Humanos e Meio Ambiente. Como deputado, em seu primeiro mandato, criou a Frente Parlamentar da Pessoa com Defici\u00eancia da Assembleia Legislativa da Bahia. <\/p>\n\n\n\n<p>Em seu segundo mandato, foi presidente da Comiss\u00e3o Especial para Avalia\u00e7\u00e3o dos Impactos da Pandemia do Covid-19 e criou e preside a Frente Parlamentar em Defesa das Pol\u00edticas P\u00fablicas para a Juventude do Estado da Bahia.<\/p>\n\n\n\n<p>O pr\u00f3ximo titular da Secretaria de Desenvolvimento Econ\u00f4mico do Estado (SDE) atua, principalmente, na luta em defesa da agricultura familiar, da juventude, da inclus\u00e3o e do desenvolvimento sustent\u00e1vel. Fruto de sua articula\u00e7\u00e3o, conseguiu trazer para a Bahia, ap\u00f3s mais de 30 anos, o Campeonato Brasileiro de Canoagem. No PSB, Angelo foi presidente da sigla em Feira de Santana e atualmente \u00e9 dirigente do PSB Bahia e membro do diret\u00f3rio nacional do partido.<\/p>\n\n\n\n<p>Confira a lista completa:<\/p>\n\n\n\n<p>Cargos anunciados em 19\/12:<\/p>\n\n\n\n<ul><li>Chefia de Gabinete do Governador: Adolpho Loyola<\/li><li>Casa Civil: Afonso Florence<\/li><li>Serin: Luiz Caetano<\/li><li>Sesab: Roberta Santana<\/li><li>SEC: Ad\u00e9lia Pinheiro<\/li><li>SJDH: Felipe Freitas<\/li><li>Seades: Fabya Reis<\/li><li>Seinfra: S\u00e9rgio Brito<\/li><li>Sefaz: Manoel Vit\u00f3rio<\/li><li>Seagri: Tum<\/li><li>Setur: Maur\u00edcio Bacelar<\/li><\/ul>\n\n\n\n<p>Cargos anunciados em 22\/12:<\/p>\n\n\n\n<ul><li>Sepromi: \u00c2ngela Guimar\u00e3es<\/li><li>Sema: Eduardo Sodr\u00e9 Martins<\/li><li>SDR: Osni Cardoso<\/li><li>SIHS: Larissa Gomes Moraes<\/li><li>Seap: Jos\u00e9 Ant\u00f4nio Maia Gon\u00e7alves<\/li><li>PGE: B\u00e1rbara Camardelli Loi<\/li><li>Coordena\u00e7\u00e3o de Pol\u00edticas para a Juventude: Nivaldo Millet<\/li><li>Coordena\u00e7\u00e3o Geral do Programa Bahia Sem Fome: Tiago Pereira da Costa<\/li><li>Lideran\u00e7a do Governo na Alba: deputado estadual Rosemberg Pinto<\/li><\/ul>\n\n\n\n<p>Cargos anunciados em 28\/12:<\/p>\n\n\n\n<ul><li>SEDUR \u2013 Jusmari Oliveira<\/li><li>SECULT \u2013 Bruno Monteiro<\/li><li>SETRE \u2013 Davidson Magalh\u00e3es<\/li><li>SDE \u2013 \u00c2ngelo Almeida<\/li><li>SPM \u2013 Elis\u00e2ngela Santos Ara\u00fajo<\/li><li>SECOM \u2013 Andr\u00e9 Curvello<\/li><li>Superintend\u00eancia de Pol\u00edticas para os Povos Ind\u00edgenas (SEPROMI) \u2013 Patr\u00edcia Patax\u00f3<\/li><\/ul>\n\n\n\n<p>Pend\u00eancias:<\/p>\n\n\n\n<ul><li>SSP (Seguran\u00e7a P\u00fablica)<\/li><li>Saeb (Administra\u00e7\u00e3o)<\/li><li>Secti (Ci\u00eancia, Tecnologia e Inova\u00e7\u00e3o)<\/li><li>Seplan (Planejamento)<\/li><\/ul>\n","protected":false},"excerpt":{"rendered":"<p>Na tarde desta quarta-feira (28), o governador eleito Jer\u00f4nimo Rodrigues (PT), an\u00fanciou novos nomes que v\u00e3o assumir secret\u00e1rias e superintend\u00eancias em seu governo. Mais um feirense ser\u00e1 secret\u00e1rio, desta vez o nome escolhidos \u00e9 do deputado estadual reeleito Angelo Almeida do PSB, se tornando o terceiro nome feirense assumir uma pasta no futuro governo. Angelo [&hellip;]<\/p>\n","protected":false},"author":3,"featured_media":7315,"comment_status":"open","ping_status":"open","sticky":false,"template":"","format":"standard","meta":{"_monsterinsights_skip_tracking":false,"_monsterinsights_sitenote_active":false,"_monsterinsights_sitenote_note":"","_monsterinsights_sitenote_category":0,"footnotes":""},"categories":[47,34],"tags":[],"yoast_head":"<!-- This site is optimized with the Yoast SEO plugin v22.9 - https:\/\/yoast.com\/wordpress\/plugins\/seo\/ -->\n<title>Feirense \u00e9 confirmado na secret\u00e1ria de Desenvolvimento Econ\u00f4mico da Bahia - Portal MF<\/title>\n<meta name=\"robots\" content=\"index, follow, max-snippet:-1, max-image-preview:large, max-video-preview:-1\" \/>\n<link rel=\"canonical\" href=\"https:\/\/portalmf.com.br\/index.php\/2022\/12\/28\/feirense-e-confirmado-na-secretaria-de-desenvolvimento-economico-da-bahia\/\" \/>\n<meta property=\"og:locale\" content=\"pt_BR\" \/>\n<meta property=\"og:type\" content=\"article\" \/>\n<meta property=\"og:title\" content=\"Feirense \u00e9 confirmado na secret\u00e1ria de Desenvolvimento Econ\u00f4mico da Bahia - Portal MF\" \/>\n<meta property=\"og:description\" content=\"Na tarde desta quarta-feira (28), o governador eleito Jer\u00f4nimo Rodrigues (PT), an\u00fanciou novos nomes que v\u00e3o assumir secret\u00e1rias e superintend\u00eancias em seu governo. Mais um feirense ser\u00e1 secret\u00e1rio, desta vez o nome escolhidos \u00e9 do deputado estadual reeleito Angelo Almeida do PSB, se tornando o terceiro nome feirense assumir uma pasta no futuro governo. Angelo [&hellip;]\" \/>\n<meta property=\"og:url\" content=\"https:\/\/portalmf.com.br\/index.php\/2022\/12\/28\/feirense-e-confirmado-na-secretaria-de-desenvolvimento-economico-da-bahia\/\" \/>\n<meta property=\"og:site_name\" content=\"Portal MF\" \/>\n<meta property=\"article:author\" content=\"https:\/\/www.facebook.com\/portalmfoficial\" \/>\n<meta property=\"article:published_time\" content=\"2022-12-28T22:15:07+00:00\" \/>\n<meta property=\"article:modified_time\" content=\"2022-12-28T22:29:55+00:00\" \/>\n<meta property=\"og:image\" content=\"https:\/\/portalmf.com.br\/wp-content\/uploads\/2022\/12\/Angelo-Almeida-scaled.jpg\" \/>\n\t<meta property=\"og:image:width\" content=\"2560\" \/>\n\t<meta property=\"og:image:height\" content=\"1804\" \/>\n\t<meta property=\"og:image:type\" content=\"image\/jpeg\" \/>\n<meta name=\"author\" content=\"Reda\u00e7\u00e3o Portal MF\" \/>\n<meta name=\"twitter:card\" content=\"summary_large_image\" \/>\n<meta name=\"twitter:creator\" content=\"@https:\/\/x.com\/portalmfoficial\" \/>\n<meta name=\"twitter:label1\" content=\"Escrito por\" \/>\n\t<meta name=\"twitter:data1\" content=\"Reda\u00e7\u00e3o Portal MF\" \/>\n\t<meta name=\"twitter:label2\" content=\"Est. tempo de leitura\" \/>\n\t<meta name=\"twitter:data2\" content=\"3 minutos\" \/>\n<script type=\"application\/ld+json\" class=\"yoast-schema-graph\">{\"@context\":\"https:\/\/schema.org\",\"@graph\":[{\"@type\":\"WebPage\",\"@id\":\"https:\/\/portalmf.com.br\/index.php\/2022\/12\/28\/feirense-e-confirmado-na-secretaria-de-desenvolvimento-economico-da-bahia\/\",\"url\":\"https:\/\/portalmf.com.br\/index.php\/2022\/12\/28\/feirense-e-confirmado-na-secretaria-de-desenvolvimento-economico-da-bahia\/\",\"name\":\"Feirense \u00e9 confirmado na secret\u00e1ria de Desenvolvimento Econ\u00f4mico da Bahia - Portal MF\",\"isPartOf\":{\"@id\":\"https:\/\/portalmf.com.br\/#website\"},\"primaryImageOfPage\":{\"@id\":\"https:\/\/portalmf.com.br\/index.php\/2022\/12\/28\/feirense-e-confirmado-na-secretaria-de-desenvolvimento-economico-da-bahia\/#primaryimage\"},\"image\":{\"@id\":\"https:\/\/portalmf.com.br\/index.php\/2022\/12\/28\/feirense-e-confirmado-na-secretaria-de-desenvolvimento-economico-da-bahia\/#primaryimage\"},\"thumbnailUrl\":\"https:\/\/portalmf.com.br\/wp-content\/uploads\/2022\/12\/Angelo-Almeida-scaled.jpg\",\"datePublished\":\"2022-12-28T22:15:07+00:00\",\"dateModified\":\"2022-12-28T22:29:55+00:00\",\"author\":{\"@id\":\"https:\/\/portalmf.com.br\/#\/schema\/person\/9ec101baf56233e53520c26de5d6f6f0\"},\"breadcrumb\":{\"@id\":\"https:\/\/portalmf.com.br\/index.php\/2022\/12\/28\/feirense-e-confirmado-na-secretaria-de-desenvolvimento-economico-da-bahia\/#breadcrumb\"},\"inLanguage\":\"pt-BR\",\"potentialAction\":[{\"@type\":\"ReadAction\",\"target\":[\"https:\/\/portalmf.com.br\/index.php\/2022\/12\/28\/feirense-e-confirmado-na-secretaria-de-desenvolvimento-economico-da-bahia\/\"]}]},{\"@type\":\"ImageObject\",\"inLanguage\":\"pt-BR\",\"@id\":\"https:\/\/portalmf.com.br\/index.php\/2022\/12\/28\/feirense-e-confirmado-na-secretaria-de-desenvolvimento-economico-da-bahia\/#primaryimage\",\"url\":\"https:\/\/portalmf.com.br\/wp-content\/uploads\/2022\/12\/Angelo-Almeida-scaled.jpg\",\"contentUrl\":\"https:\/\/portalmf.com.br\/wp-content\/uploads\/2022\/12\/Angelo-Almeida-scaled.jpg\",\"width\":2560,\"height\":1804},{\"@type\":\"BreadcrumbList\",\"@id\":\"https:\/\/portalmf.com.br\/index.php\/2022\/12\/28\/feirense-e-confirmado-na-secretaria-de-desenvolvimento-economico-da-bahia\/#breadcrumb\",\"itemListElement\":[{\"@type\":\"ListItem\",\"position\":1,\"name\":\"In\u00edcio\",\"item\":\"https:\/\/portalmf.com.br\/\"},{\"@type\":\"ListItem\",\"position\":2,\"name\":\"Feirense \u00e9 confirmado na secret\u00e1ria de Desenvolvimento Econ\u00f4mico da Bahia\"}]},{\"@type\":\"WebSite\",\"@id\":\"https:\/\/portalmf.com.br\/#website\",\"url\":\"https:\/\/portalmf.com.br\/\",\"name\":\"Portal MF\",\"description\":\"Voc\u00ea conectado com a informa\u00e7\u00e3o\",\"potentialAction\":[{\"@type\":\"SearchAction\",\"target\":{\"@type\":\"EntryPoint\",\"urlTemplate\":\"https:\/\/portalmf.com.br\/?s={search_term_string}\"},\"query-input\":\"required name=search_term_string\"}],\"inLanguage\":\"pt-BR\"},{\"@type\":\"Person\",\"@id\":\"https:\/\/portalmf.com.br\/#\/schema\/person\/9ec101baf56233e53520c26de5d6f6f0\",\"name\":\"Reda\u00e7\u00e3o Portal MF\",\"image\":{\"@type\":\"ImageObject\",\"inLanguage\":\"pt-BR\",\"@id\":\"https:\/\/portalmf.com.br\/#\/schema\/person\/image\/\",\"url\":\"https:\/\/secure.gravatar.com\/avatar\/41b9aaeb2100835f7c64362330f74c7f?s=96&d=mm&r=g\",\"contentUrl\":\"https:\/\/secure.gravatar.com\/avatar\/41b9aaeb2100835f7c64362330f74c7f?s=96&d=mm&r=g\",\"caption\":\"Reda\u00e7\u00e3o Portal MF\"},\"description\":\"Sejam bem-vindos o portal de informa\u00e7\u00f5es de entretenimento de Feira de Santana, desde 2006 realiza coberturas dos principais eventos com entrevistas exclusivas com as principais personalidades mundiais. Fique conectado tamb\u00e9m nas redes sociais.\",\"sameAs\":[\"http:\/\/www.portalmf.com.br\/\",\"https:\/\/www.facebook.com\/portalmfoficial\",\"https:\/\/www.instagram.com\/portalmf\/\",\"https:\/\/x.com\/https:\/\/x.com\/portalmfoficial\",\"https:\/\/www.youtube.com\/@portalmfoficial\"],\"url\":\"https:\/\/portalmf.com.br\/index.php\/author\/junior\/\"}]}<\/script>\n<!-- \/ Yoast SEO plugin. -->","yoast_head_json":{"title":"Feirense \u00e9 confirmado na secret\u00e1ria de Desenvolvimento Econ\u00f4mico da Bahia - Portal MF","robots":{"index":"index","follow":"follow","max-snippet":"max-snippet:-1","max-image-preview":"max-image-preview:large","max-video-preview":"max-video-preview:-1"},"canonical":"https:\/\/portalmf.com.br\/index.php\/2022\/12\/28\/feirense-e-confirmado-na-secretaria-de-desenvolvimento-economico-da-bahia\/","og_locale":"pt_BR","og_type":"article","og_title":"Feirense \u00e9 confirmado na secret\u00e1ria de Desenvolvimento Econ\u00f4mico da Bahia - Portal MF","og_description":"Na tarde desta quarta-feira (28), o governador eleito Jer\u00f4nimo Rodrigues (PT), an\u00fanciou novos nomes que v\u00e3o assumir secret\u00e1rias e superintend\u00eancias em seu governo. Mais um feirense ser\u00e1 secret\u00e1rio, desta vez o nome escolhidos \u00e9 do deputado estadual reeleito Angelo Almeida do PSB, se tornando o terceiro nome feirense assumir uma pasta no futuro governo. Angelo [&hellip;]","og_url":"https:\/\/portalmf.com.br\/index.php\/2022\/12\/28\/feirense-e-confirmado-na-secretaria-de-desenvolvimento-economico-da-bahia\/","og_site_name":"Portal MF","article_author":"https:\/\/www.facebook.com\/portalmfoficial","article_published_time":"2022-12-28T22:15:07+00:00","article_modified_time":"2022-12-28T22:29:55+00:00","og_image":[{"width":2560,"height":1804,"url":"https:\/\/portalmf.com.br\/wp-content\/uploads\/2022\/12\/Angelo-Almeida-scaled.jpg","type":"image\/jpeg"}],"author":"Reda\u00e7\u00e3o Portal MF","twitter_card":"summary_large_image","twitter_creator":"@https:\/\/x.com\/portalmfoficial","twitter_misc":{"Escrito por":"Reda\u00e7\u00e3o Portal MF","Est. tempo de leitura":"3 minutos"},"schema":{"@context":"https:\/\/schema.org","@graph":[{"@type":"WebPage","@id":"https:\/\/portalmf.com.br\/index.php\/2022\/12\/28\/feirense-e-confirmado-na-secretaria-de-desenvolvimento-economico-da-bahia\/","url":"https:\/\/portalmf.com.br\/index.php\/2022\/12\/28\/feirense-e-confirmado-na-secretaria-de-desenvolvimento-economico-da-bahia\/","name":"Feirense \u00e9 confirmado na secret\u00e1ria de Desenvolvimento Econ\u00f4mico da Bahia - Portal MF","isPartOf":{"@id":"https:\/\/portalmf.com.br\/#website"},"primaryImageOfPage":{"@id":"https:\/\/portalmf.com.br\/index.php\/2022\/12\/28\/feirense-e-confirmado-na-secretaria-de-desenvolvimento-economico-da-bahia\/#primaryimage"},"image":{"@id":"https:\/\/portalmf.com.br\/index.php\/2022\/12\/28\/feirense-e-confirmado-na-secretaria-de-desenvolvimento-economico-da-bahia\/#primaryimage"},"thumbnailUrl":"https:\/\/portalmf.com.br\/wp-content\/uploads\/2022\/12\/Angelo-Almeida-scaled.jpg","datePublished":"2022-12-28T22:15:07+00:00","dateModified":"2022-12-28T22:29:55+00:00","author":{"@id":"https:\/\/portalmf.com.br\/#\/schema\/person\/9ec101baf56233e53520c26de5d6f6f0"},"breadcrumb":{"@id":"https:\/\/portalmf.com.br\/index.php\/2022\/12\/28\/feirense-e-confirmado-na-secretaria-de-desenvolvimento-economico-da-bahia\/#breadcrumb"},"inLanguage":"pt-BR","potentialAction":[{"@type":"ReadAction","target":["https:\/\/portalmf.com.br\/index.php\/2022\/12\/28\/feirense-e-confirmado-na-secretaria-de-desenvolvimento-economico-da-bahia\/"]}]},{"@type":"ImageObject","inLanguage":"pt-BR","@id":"https:\/\/portalmf.com.br\/index.php\/2022\/12\/28\/feirense-e-confirmado-na-secretaria-de-desenvolvimento-economico-da-bahia\/#primaryimage","url":"https:\/\/portalmf.com.br\/wp-content\/uploads\/2022\/12\/Angelo-Almeida-scaled.jpg","contentUrl":"https:\/\/portalmf.com.br\/wp-content\/uploads\/2022\/12\/Angelo-Almeida-scaled.jpg","width":2560,"height":1804},{"@type":"BreadcrumbList","@id":"https:\/\/portalmf.com.br\/index.php\/2022\/12\/28\/feirense-e-confirmado-na-secretaria-de-desenvolvimento-economico-da-bahia\/#breadcrumb","itemListElement":[{"@type":"ListItem","position":1,"name":"In\u00edcio","item":"https:\/\/portalmf.com.br\/"},{"@type":"ListItem","position":2,"name":"Feirense \u00e9 confirmado na secret\u00e1ria de Desenvolvimento Econ\u00f4mico da Bahia"}]},{"@type":"WebSite","@id":"https:\/\/portalmf.com.br\/#website","url":"https:\/\/portalmf.com.br\/","name":"Portal MF","description":"Voc\u00ea conectado com a informa\u00e7\u00e3o","potentialAction":[{"@type":"SearchAction","target":{"@type":"EntryPoint","urlTemplate":"https:\/\/portalmf.com.br\/?s={search_term_string}"},"query-input":"required name=search_term_string"}],"inLanguage":"pt-BR"},{"@type":"Person","@id":"https:\/\/portalmf.com.br\/#\/schema\/person\/9ec101baf56233e53520c26de5d6f6f0","name":"Reda\u00e7\u00e3o Portal MF","image":{"@type":"ImageObject","inLanguage":"pt-BR","@id":"https:\/\/portalmf.com.br\/#\/schema\/person\/image\/","url":"https:\/\/secure.gravatar.com\/avatar\/41b9aaeb2100835f7c64362330f74c7f?s=96&d=mm&r=g","contentUrl":"https:\/\/secure.gravatar.com\/avatar\/41b9aaeb2100835f7c64362330f74c7f?s=96&d=mm&r=g","caption":"Reda\u00e7\u00e3o Portal MF"},"description":"Sejam bem-vindos o portal de informa\u00e7\u00f5es de entretenimento de Feira de Santana, desde 2006 realiza coberturas dos principais eventos com entrevistas exclusivas com as principais personalidades mundiais. Fique conectado tamb\u00e9m nas redes sociais.","sameAs":["http:\/\/www.portalmf.com.br\/","https:\/\/www.facebook.com\/portalmfoficial","https:\/\/www.instagram.com\/portalmf\/","https:\/\/x.com\/https:\/\/x.com\/portalmfoficial","https:\/\/www.youtube.com\/@portalmfoficial"],"url":"https:\/\/portalmf.com.br\/index.php\/author\/junior\/"}]}},"_links":{"self":[{"href":"https:\/\/portalmf.com.br\/index.php\/wp-json\/wp\/v2\/posts\/7314"}],"collection":[{"href":"https:\/\/portalmf.com.br\/index.php\/wp-json\/wp\/v2\/posts"}],"about":[{"href":"https:\/\/portalmf.com.br\/index.php\/wp-json\/wp\/v2\/types\/post"}],"author":[{"embeddable":true,"href":"https:\/\/portalmf.com.br\/index.php\/wp-json\/wp\/v2\/users\/3"}],"replies":[{"embeddable":true,"href":"https:\/\/portalmf.com.br\/index.php\/wp-json\/wp\/v2\/comments?post=7314"}],"version-history":[{"count":4,"href":"https:\/\/portalmf.com.br\/index.php\/wp-json\/wp\/v2\/posts\/7314\/revisions"}],"predecessor-version":[{"id":7321,"href":"https:\/\/portalmf.com.br\/index.php\/wp-json\/wp\/v2\/posts\/7314\/revisions\/7321"}],"wp:featuredmedia":[{"embeddable":true,"href":"https:\/\/portalmf.com.br\/index.php\/wp-json\/wp\/v2\/media\/7315"}],"wp:attachment":[{"href":"https:\/\/portalmf.com.br\/index.php\/wp-json\/wp\/v2\/media?parent=7314"}],"wp:term":[{"taxonomy":"category","embeddable":true,"href":"https:\/\/portalmf.com.br\/index.php\/wp-json\/wp\/v2\/categories?post=7314"},{"taxonomy":"post_tag","embeddable":true,"href":"https:\/\/portalmf.com.br\/index.php\/wp-json\/wp\/v2\/tags?post=7314"}],"curies":[{"name":"wp","href":"https:\/\/api.w.org\/{rel}","templated":true}]}}