{"id":7310,"date":"2022-12-28T17:34:30","date_gmt":"2022-12-28T20:34:30","guid":{"rendered":"https:\/\/portalmf.com.br\/?p=7310"},"modified":"2022-12-28T17:34:31","modified_gmt":"2022-12-28T20:34:31","slug":"tv-feira-inicia-programacao-local-em-fase-de-teste","status":"publish","type":"post","link":"https:\/\/portalmf.com.br\/index.php\/2022\/12\/28\/tv-feira-inicia-programacao-local-em-fase-de-teste\/","title":{"rendered":"TV Feira inicia programa\u00e7\u00e3o local em fase de teste"},"content":{"rendered":"\n<p>No ar desde o m\u00eas de julho deste ano, a TV Feira, canal aberto de televis\u00e3o de Feira de Santana, estreia sua programa\u00e7\u00e3o pr\u00f3pria, em fase de testes, nesta segunda-feira (26).&nbsp;Ser\u00e1 exibido diariamente 1h30min de conte\u00fado local.&nbsp;A emissora, mantida pela Prefeitura, funciona em parceria com a Empresa Brasil de Comunica\u00e7\u00e3o (EBC), alcan\u00e7ando toda a regi\u00e3o metropolitana do munic\u00edpio. A TV Feira, primeira emissora p\u00fablica em canal aberto da cidade, \u00e9 integrante da Rede Nacional de Comunica\u00e7\u00e3o P\u00fablica (RNCP), que tem a TV Brasil como Cabe\u00e7a de Rede.&nbsp;<\/p>\n\n\n\n<p>A TV Feira est\u00e1 dispon\u00edvel por meio do canal 2.1 HD.&nbsp;A grade local j\u00e1 conta com a seguinte programa\u00e7\u00e3o: Trampos da Feira, Document\u00e1rios, Se Liga Feira, T\u00f4 no Meu Direiro, Aqui tem Hist\u00f3ria, Relaxe Cultural, Memorial da Feira e Giro da Semana. A programa\u00e7\u00e3o local \u00e9 exibida de segunda a sexta-feira. O prefeito Colbert Martins Filho considera a estreia da programa\u00e7\u00e3o local um marco na hist\u00f3ria de Feira de Santana.<\/p>\n\n\n\n<p><em>&#8220;N\u00e3o \u00e9 uma TV governamental, \u00e9 uma emissora p\u00fablica com conte\u00fado voltado a educa\u00e7\u00e3o, cultura e hist\u00f3ria de Feira de Santana. Com produ\u00e7\u00f5es jornal\u00edsticas, document\u00e1rios e tamb\u00e9m entretenimento. Conte\u00fado pr\u00f3prio e local, representando os feirenses e contribuindo com o desenvolvimento da nossa cidade&#8221;,<\/em> destaca.<\/p>\n\n\n\n<p>A secret\u00e1ria municipal de Comunica\u00e7\u00e3o Social, Renata Maia, observa que a TV Feira j\u00e1 produziu mais de 1.000 reportagens sobre Feira de Santana e regi\u00e3o, veiculadas nas redes sociais, no site da Prefeitura (www.feiradesantana.ba.gov.br) e tamb\u00e9m nos telejornais nacionais da TV Brasil. A partir de agora esse conte\u00fado local, produzido diariamente, estar\u00e1 dispon\u00edvel para toda a popula\u00e7\u00e3o atrav\u00e9s da televis\u00e3o.&nbsp;O sinal da emissora alcan\u00e7a mais de 700 mil telespectadores.&nbsp;&nbsp;<\/p>\n\n\n\n<p><em>\u201cNossa programa\u00e7\u00e3o \u00e9 diversificada. Hoje, colocamos no ar o Trampos da Feira, um programa voltado para quem busca uma vaga de emprego no mercado de trabalho. Nesse primeiro epis\u00f3dio mostramos como elaborar um curr\u00edculo. Temos tamb\u00e9m o T\u00f4 no Meu Direito, que traz para a popula\u00e7\u00e3o informa\u00e7\u00f5es sobre direitos do consumidor, da fam\u00edlia, e previdenci\u00e1rio. Vamos exibir document\u00e1rios e programas que contam a hist\u00f3ria da nossa cidade. Na sexta, tem o Se liga Feira com entrevistas de personalidades da nossa cidade. A ideia \u00e9 m\u00eas a m\u00eas ampliar a programa\u00e7\u00e3o. A gente quer que as pessoas venham ver Feira com a gente, na TV FEIRA<\/em>&#8220;, salienta.<\/p>\n\n\n\n<p>Com informa\u00e7\u00f5es da Secom<\/p>\n","protected":false},"excerpt":{"rendered":"<p>No ar desde o m\u00eas de julho deste ano, a TV Feira, canal aberto de televis\u00e3o de Feira de Santana, estreia sua programa\u00e7\u00e3o pr\u00f3pria, em fase de testes, nesta segunda-feira (26).&nbsp;Ser\u00e1 exibido diariamente 1h30min de conte\u00fado local.&nbsp;A emissora, mantida pela Prefeitura, funciona em parceria com a Empresa Brasil de Comunica\u00e7\u00e3o (EBC), alcan\u00e7ando toda a regi\u00e3o [&hellip;]<\/p>\n","protected":false},"author":3,"featured_media":7311,"comment_status":"open","ping_status":"open","sticky":false,"template":"","format":"standard","meta":{"_monsterinsights_skip_tracking":false,"_monsterinsights_sitenote_active":false,"_monsterinsights_sitenote_note":"","_monsterinsights_sitenote_category":0,"footnotes":""},"categories":[43],"tags":[],"yoast_head":"<!-- This site is optimized with the Yoast SEO plugin v22.9 - https:\/\/yoast.com\/wordpress\/plugins\/seo\/ -->\n<title>TV Feira inicia programa\u00e7\u00e3o local em fase de teste - Portal MF<\/title>\n<meta name=\"robots\" content=\"index, follow, max-snippet:-1, max-image-preview:large, max-video-preview:-1\" \/>\n<link rel=\"canonical\" href=\"https:\/\/portalmf.com.br\/index.php\/2022\/12\/28\/tv-feira-inicia-programacao-local-em-fase-de-teste\/\" \/>\n<meta property=\"og:locale\" content=\"pt_BR\" \/>\n<meta property=\"og:type\" content=\"article\" \/>\n<meta property=\"og:title\" content=\"TV Feira inicia programa\u00e7\u00e3o local em fase de teste - Portal MF\" \/>\n<meta property=\"og:description\" content=\"No ar desde o m\u00eas de julho deste ano, a TV Feira, canal aberto de televis\u00e3o de Feira de Santana, estreia sua programa\u00e7\u00e3o pr\u00f3pria, em fase de testes, nesta segunda-feira (26).&nbsp;Ser\u00e1 exibido diariamente 1h30min de conte\u00fado local.&nbsp;A emissora, mantida pela Prefeitura, funciona em parceria com a Empresa Brasil de Comunica\u00e7\u00e3o (EBC), alcan\u00e7ando toda a regi\u00e3o [&hellip;]\" \/>\n<meta property=\"og:url\" content=\"https:\/\/portalmf.com.br\/index.php\/2022\/12\/28\/tv-feira-inicia-programacao-local-em-fase-de-teste\/\" \/>\n<meta property=\"og:site_name\" content=\"Portal MF\" \/>\n<meta property=\"article:author\" content=\"https:\/\/www.facebook.com\/portalmfoficial\" \/>\n<meta property=\"article:published_time\" content=\"2022-12-28T20:34:30+00:00\" \/>\n<meta property=\"article:modified_time\" content=\"2022-12-28T20:34:31+00:00\" \/>\n<meta property=\"og:image\" content=\"https:\/\/portalmf.com.br\/wp-content\/uploads\/2022\/12\/TV-Feira-Foto-ACM-2.jpg\" \/>\n\t<meta property=\"og:image:width\" content=\"1299\" \/>\n\t<meta property=\"og:image:height\" content=\"866\" \/>\n\t<meta property=\"og:image:type\" content=\"image\/jpeg\" \/>\n<meta name=\"author\" content=\"Reda\u00e7\u00e3o Portal MF\" \/>\n<meta name=\"twitter:card\" content=\"summary_large_image\" \/>\n<meta name=\"twitter:creator\" content=\"@https:\/\/x.com\/portalmfoficial\" \/>\n<meta name=\"twitter:label1\" content=\"Escrito por\" \/>\n\t<meta name=\"twitter:data1\" content=\"Reda\u00e7\u00e3o Portal MF\" \/>\n\t<meta name=\"twitter:label2\" content=\"Est. tempo de leitura\" \/>\n\t<meta name=\"twitter:data2\" content=\"3 minutos\" \/>\n<script type=\"application\/ld+json\" class=\"yoast-schema-graph\">{\"@context\":\"https:\/\/schema.org\",\"@graph\":[{\"@type\":\"WebPage\",\"@id\":\"https:\/\/portalmf.com.br\/index.php\/2022\/12\/28\/tv-feira-inicia-programacao-local-em-fase-de-teste\/\",\"url\":\"https:\/\/portalmf.com.br\/index.php\/2022\/12\/28\/tv-feira-inicia-programacao-local-em-fase-de-teste\/\",\"name\":\"TV Feira inicia programa\u00e7\u00e3o local em fase de teste - Portal MF\",\"isPartOf\":{\"@id\":\"https:\/\/portalmf.com.br\/#website\"},\"primaryImageOfPage\":{\"@id\":\"https:\/\/portalmf.com.br\/index.php\/2022\/12\/28\/tv-feira-inicia-programacao-local-em-fase-de-teste\/#primaryimage\"},\"image\":{\"@id\":\"https:\/\/portalmf.com.br\/index.php\/2022\/12\/28\/tv-feira-inicia-programacao-local-em-fase-de-teste\/#primaryimage\"},\"thumbnailUrl\":\"https:\/\/portalmf.com.br\/wp-content\/uploads\/2022\/12\/TV-Feira-Foto-ACM-2.jpg\",\"datePublished\":\"2022-12-28T20:34:30+00:00\",\"dateModified\":\"2022-12-28T20:34:31+00:00\",\"author\":{\"@id\":\"https:\/\/portalmf.com.br\/#\/schema\/person\/9ec101baf56233e53520c26de5d6f6f0\"},\"breadcrumb\":{\"@id\":\"https:\/\/portalmf.com.br\/index.php\/2022\/12\/28\/tv-feira-inicia-programacao-local-em-fase-de-teste\/#breadcrumb\"},\"inLanguage\":\"pt-BR\",\"potentialAction\":[{\"@type\":\"ReadAction\",\"target\":[\"https:\/\/portalmf.com.br\/index.php\/2022\/12\/28\/tv-feira-inicia-programacao-local-em-fase-de-teste\/\"]}]},{\"@type\":\"ImageObject\",\"inLanguage\":\"pt-BR\",\"@id\":\"https:\/\/portalmf.com.br\/index.php\/2022\/12\/28\/tv-feira-inicia-programacao-local-em-fase-de-teste\/#primaryimage\",\"url\":\"https:\/\/portalmf.com.br\/wp-content\/uploads\/2022\/12\/TV-Feira-Foto-ACM-2.jpg\",\"contentUrl\":\"https:\/\/portalmf.com.br\/wp-content\/uploads\/2022\/12\/TV-Feira-Foto-ACM-2.jpg\",\"width\":1299,\"height\":866,\"caption\":\"Foto: ACM\"},{\"@type\":\"BreadcrumbList\",\"@id\":\"https:\/\/portalmf.com.br\/index.php\/2022\/12\/28\/tv-feira-inicia-programacao-local-em-fase-de-teste\/#breadcrumb\",\"itemListElement\":[{\"@type\":\"ListItem\",\"position\":1,\"name\":\"In\u00edcio\",\"item\":\"https:\/\/portalmf.com.br\/\"},{\"@type\":\"ListItem\",\"position\":2,\"name\":\"TV Feira inicia programa\u00e7\u00e3o local em fase de teste\"}]},{\"@type\":\"WebSite\",\"@id\":\"https:\/\/portalmf.com.br\/#website\",\"url\":\"https:\/\/portalmf.com.br\/\",\"name\":\"Portal MF\",\"description\":\"Voc\u00ea conectado com a informa\u00e7\u00e3o\",\"potentialAction\":[{\"@type\":\"SearchAction\",\"target\":{\"@type\":\"EntryPoint\",\"urlTemplate\":\"https:\/\/portalmf.com.br\/?s={search_term_string}\"},\"query-input\":\"required name=search_term_string\"}],\"inLanguage\":\"pt-BR\"},{\"@type\":\"Person\",\"@id\":\"https:\/\/portalmf.com.br\/#\/schema\/person\/9ec101baf56233e53520c26de5d6f6f0\",\"name\":\"Reda\u00e7\u00e3o Portal MF\",\"image\":{\"@type\":\"ImageObject\",\"inLanguage\":\"pt-BR\",\"@id\":\"https:\/\/portalmf.com.br\/#\/schema\/person\/image\/\",\"url\":\"https:\/\/secure.gravatar.com\/avatar\/41b9aaeb2100835f7c64362330f74c7f?s=96&d=mm&r=g\",\"contentUrl\":\"https:\/\/secure.gravatar.com\/avatar\/41b9aaeb2100835f7c64362330f74c7f?s=96&d=mm&r=g\",\"caption\":\"Reda\u00e7\u00e3o Portal MF\"},\"description\":\"Sejam bem-vindos o portal de informa\u00e7\u00f5es de entretenimento de Feira de Santana, desde 2006 realiza coberturas dos principais eventos com entrevistas exclusivas com as principais personalidades mundiais. Fique conectado tamb\u00e9m nas redes sociais.\",\"sameAs\":[\"http:\/\/www.portalmf.com.br\/\",\"https:\/\/www.facebook.com\/portalmfoficial\",\"https:\/\/www.instagram.com\/portalmf\/\",\"https:\/\/x.com\/https:\/\/x.com\/portalmfoficial\",\"https:\/\/www.youtube.com\/@portalmfoficial\"],\"url\":\"https:\/\/portalmf.com.br\/index.php\/author\/junior\/\"}]}<\/script>\n<!-- \/ Yoast SEO plugin. -->","yoast_head_json":{"title":"TV Feira inicia programa\u00e7\u00e3o local em fase de teste - Portal MF","robots":{"index":"index","follow":"follow","max-snippet":"max-snippet:-1","max-image-preview":"max-image-preview:large","max-video-preview":"max-video-preview:-1"},"canonical":"https:\/\/portalmf.com.br\/index.php\/2022\/12\/28\/tv-feira-inicia-programacao-local-em-fase-de-teste\/","og_locale":"pt_BR","og_type":"article","og_title":"TV Feira inicia programa\u00e7\u00e3o local em fase de teste - Portal MF","og_description":"No ar desde o m\u00eas de julho deste ano, a TV Feira, canal aberto de televis\u00e3o de Feira de Santana, estreia sua programa\u00e7\u00e3o pr\u00f3pria, em fase de testes, nesta segunda-feira (26).&nbsp;Ser\u00e1 exibido diariamente 1h30min de conte\u00fado local.&nbsp;A emissora, mantida pela Prefeitura, funciona em parceria com a Empresa Brasil de Comunica\u00e7\u00e3o (EBC), alcan\u00e7ando toda a regi\u00e3o [&hellip;]","og_url":"https:\/\/portalmf.com.br\/index.php\/2022\/12\/28\/tv-feira-inicia-programacao-local-em-fase-de-teste\/","og_site_name":"Portal MF","article_author":"https:\/\/www.facebook.com\/portalmfoficial","article_published_time":"2022-12-28T20:34:30+00:00","article_modified_time":"2022-12-28T20:34:31+00:00","og_image":[{"width":1299,"height":866,"url":"https:\/\/portalmf.com.br\/wp-content\/uploads\/2022\/12\/TV-Feira-Foto-ACM-2.jpg","type":"image\/jpeg"}],"author":"Reda\u00e7\u00e3o Portal MF","twitter_card":"summary_large_image","twitter_creator":"@https:\/\/x.com\/portalmfoficial","twitter_misc":{"Escrito por":"Reda\u00e7\u00e3o Portal MF","Est. tempo de leitura":"3 minutos"},"schema":{"@context":"https:\/\/schema.org","@graph":[{"@type":"WebPage","@id":"https:\/\/portalmf.com.br\/index.php\/2022\/12\/28\/tv-feira-inicia-programacao-local-em-fase-de-teste\/","url":"https:\/\/portalmf.com.br\/index.php\/2022\/12\/28\/tv-feira-inicia-programacao-local-em-fase-de-teste\/","name":"TV Feira inicia programa\u00e7\u00e3o local em fase de teste - Portal MF","isPartOf":{"@id":"https:\/\/portalmf.com.br\/#website"},"primaryImageOfPage":{"@id":"https:\/\/portalmf.com.br\/index.php\/2022\/12\/28\/tv-feira-inicia-programacao-local-em-fase-de-teste\/#primaryimage"},"image":{"@id":"https:\/\/portalmf.com.br\/index.php\/2022\/12\/28\/tv-feira-inicia-programacao-local-em-fase-de-teste\/#primaryimage"},"thumbnailUrl":"https:\/\/portalmf.com.br\/wp-content\/uploads\/2022\/12\/TV-Feira-Foto-ACM-2.jpg","datePublished":"2022-12-28T20:34:30+00:00","dateModified":"2022-12-28T20:34:31+00:00","author":{"@id":"https:\/\/portalmf.com.br\/#\/schema\/person\/9ec101baf56233e53520c26de5d6f6f0"},"breadcrumb":{"@id":"https:\/\/portalmf.com.br\/index.php\/2022\/12\/28\/tv-feira-inicia-programacao-local-em-fase-de-teste\/#breadcrumb"},"inLanguage":"pt-BR","potentialAction":[{"@type":"ReadAction","target":["https:\/\/portalmf.com.br\/index.php\/2022\/12\/28\/tv-feira-inicia-programacao-local-em-fase-de-teste\/"]}]},{"@type":"ImageObject","inLanguage":"pt-BR","@id":"https:\/\/portalmf.com.br\/index.php\/2022\/12\/28\/tv-feira-inicia-programacao-local-em-fase-de-teste\/#primaryimage","url":"https:\/\/portalmf.com.br\/wp-content\/uploads\/2022\/12\/TV-Feira-Foto-ACM-2.jpg","contentUrl":"https:\/\/portalmf.com.br\/wp-content\/uploads\/2022\/12\/TV-Feira-Foto-ACM-2.jpg","width":1299,"height":866,"caption":"Foto: ACM"},{"@type":"BreadcrumbList","@id":"https:\/\/portalmf.com.br\/index.php\/2022\/12\/28\/tv-feira-inicia-programacao-local-em-fase-de-teste\/#breadcrumb","itemListElement":[{"@type":"ListItem","position":1,"name":"In\u00edcio","item":"https:\/\/portalmf.com.br\/"},{"@type":"ListItem","position":2,"name":"TV Feira inicia programa\u00e7\u00e3o local em fase de teste"}]},{"@type":"WebSite","@id":"https:\/\/portalmf.com.br\/#website","url":"https:\/\/portalmf.com.br\/","name":"Portal MF","description":"Voc\u00ea conectado com a informa\u00e7\u00e3o","potentialAction":[{"@type":"SearchAction","target":{"@type":"EntryPoint","urlTemplate":"https:\/\/portalmf.com.br\/?s={search_term_string}"},"query-input":"required name=search_term_string"}],"inLanguage":"pt-BR"},{"@type":"Person","@id":"https:\/\/portalmf.com.br\/#\/schema\/person\/9ec101baf56233e53520c26de5d6f6f0","name":"Reda\u00e7\u00e3o Portal MF","image":{"@type":"ImageObject","inLanguage":"pt-BR","@id":"https:\/\/portalmf.com.br\/#\/schema\/person\/image\/","url":"https:\/\/secure.gravatar.com\/avatar\/41b9aaeb2100835f7c64362330f74c7f?s=96&d=mm&r=g","contentUrl":"https:\/\/secure.gravatar.com\/avatar\/41b9aaeb2100835f7c64362330f74c7f?s=96&d=mm&r=g","caption":"Reda\u00e7\u00e3o Portal MF"},"description":"Sejam bem-vindos o portal de informa\u00e7\u00f5es de entretenimento de Feira de Santana, desde 2006 realiza coberturas dos principais eventos com entrevistas exclusivas com as principais personalidades mundiais. Fique conectado tamb\u00e9m nas redes sociais.","sameAs":["http:\/\/www.portalmf.com.br\/","https:\/\/www.facebook.com\/portalmfoficial","https:\/\/www.instagram.com\/portalmf\/","https:\/\/x.com\/https:\/\/x.com\/portalmfoficial","https:\/\/www.youtube.com\/@portalmfoficial"],"url":"https:\/\/portalmf.com.br\/index.php\/author\/junior\/"}]}},"_links":{"self":[{"href":"https:\/\/portalmf.com.br\/index.php\/wp-json\/wp\/v2\/posts\/7310"}],"collection":[{"href":"https:\/\/portalmf.com.br\/index.php\/wp-json\/wp\/v2\/posts"}],"about":[{"href":"https:\/\/portalmf.com.br\/index.php\/wp-json\/wp\/v2\/types\/post"}],"author":[{"embeddable":true,"href":"https:\/\/portalmf.com.br\/index.php\/wp-json\/wp\/v2\/users\/3"}],"replies":[{"embeddable":true,"href":"https:\/\/portalmf.com.br\/index.php\/wp-json\/wp\/v2\/comments?post=7310"}],"version-history":[{"count":1,"href":"https:\/\/portalmf.com.br\/index.php\/wp-json\/wp\/v2\/posts\/7310\/revisions"}],"predecessor-version":[{"id":7312,"href":"https:\/\/portalmf.com.br\/index.php\/wp-json\/wp\/v2\/posts\/7310\/revisions\/7312"}],"wp:featuredmedia":[{"embeddable":true,"href":"https:\/\/portalmf.com.br\/index.php\/wp-json\/wp\/v2\/media\/7311"}],"wp:attachment":[{"href":"https:\/\/portalmf.com.br\/index.php\/wp-json\/wp\/v2\/media?parent=7310"}],"wp:term":[{"taxonomy":"category","embeddable":true,"href":"https:\/\/portalmf.com.br\/index.php\/wp-json\/wp\/v2\/categories?post=7310"},{"taxonomy":"post_tag","embeddable":true,"href":"https:\/\/portalmf.com.br\/index.php\/wp-json\/wp\/v2\/tags?post=7310"}],"curies":[{"name":"wp","href":"https:\/\/api.w.org\/{rel}","templated":true}]}}