{"id":7307,"date":"2022-12-28T17:29:38","date_gmt":"2022-12-28T20:29:38","guid":{"rendered":"https:\/\/portalmf.com.br\/?p=7307"},"modified":"2022-12-28T17:29:39","modified_gmt":"2022-12-28T20:29:39","slug":"acidentes-domesticos-podem-aumentar-durante-as-ferias-escolares","status":"publish","type":"post","link":"https:\/\/portalmf.com.br\/index.php\/2022\/12\/28\/acidentes-domesticos-podem-aumentar-durante-as-ferias-escolares\/","title":{"rendered":"Acidentes dom\u00e9sticos podem aumentar durante as f\u00e9rias escolares"},"content":{"rendered":"\n<p>Durante as f\u00e9rias escolares, pais e cuidadores devem refor\u00e7ar os cuidados em casa para evitar acidentes dom\u00e9sticos envolvendo crian\u00e7as \u2013 situa\u00e7\u00e3o \u00e9 comum neste per\u00edodo. Em Feira de Santana, o Servi\u00e7o de Atendimento M\u00f3vel de Urg\u00eancia (SAMU) atendeu mais de 229 ocorr\u00eancias com pacientes pedi\u00e1tricos, entre janeiro e dezembro deste ano.<\/p>\n\n\n\n<p>As quedas e as queimaduras por choque el\u00e9trico ou alimentos quentes s\u00e3o os mais frequentes. Por\u00e9m, o consumo de materiais de limpeza ou venenos misturados no alimento para eliminar ratos tamb\u00e9m configura um risco para o p\u00fablico infantil.<\/p>\n\n\n\n<p>Os afogamentos s\u00e3o outra preocupa\u00e7\u00e3o. A coordenadora do SAMU, Maiza Macedo, orienta aos pais com piscina na resid\u00eancia ou no condom\u00ednio que invistam em aulas de nata\u00e7\u00e3o com o objetivo de evitar afogamentos. Ela destaca ainda que a vigil\u00e2ncia tamb\u00e9m deve ser mantida nas praias e mares durante o ver\u00e3o.<\/p>\n\n\n\n<p><em>\u201cOs acidentes representam um grande problema de sa\u00fade p\u00fablica. \u00c9 necess\u00e1rio um tratamento espec\u00edfico, hospitaliza\u00e7\u00e3o e muitas vezes um tratamento a longo prazo. As crian\u00e7as que sofrem acabam apresentando um quadro cl\u00ednico que pode ter uma sequela tempor\u00e1ria, permanente ou at\u00e9 levar \u00e0 morte\u201d,<\/em> alerta Maiza Macedo.<\/p>\n\n\n\n<p>Entre os ambientes que trazem mais riscos de acidentes nas casas est\u00e3o os jardins, piscinas, escadas, locais com tomada e ambientes abertos que a crian\u00e7a pode correr e se machucar.<\/p>\n\n\n\n<p>Para a coordenadora-geral das policl\u00ednicas municipais, Vera Galindo, prote\u00e7\u00e3o e supervis\u00e3o nunca s\u00e3o demais. Ela pede que os pais fiquem em alerta, pois nesta \u00e9poca do ano muitas crian\u00e7as d\u00e3o entrada nas unidades devido a esses tipos de ocorr\u00eancia.<\/p>\n\n\n\n<p><em>\u201cAt\u00e9 os cinco anos, as les\u00f5es e traumas acontecem com maior frequ\u00eancia no p\u00fablico infantil. Isso se deve ao fato que os pequenos n\u00e3o t\u00eam conhecimento dos perigos. \u00c9 importante que n\u00f3s, os adultos, fiquemos vigilantes para adotar as medidas de preven\u00e7\u00e3o\u201d,<\/em> destacou.<\/p>\n\n\n\n<p>A depender da gravidade do acidente \u00e9 essencial levar a crian\u00e7a a um pronto-socorro ou acionar o SAMU pelo n\u00famero 192.<\/p>\n\n\n\n<p>Com informa\u00e7\u00f5es da Secom<\/p>\n","protected":false},"excerpt":{"rendered":"<p>Durante as f\u00e9rias escolares, pais e cuidadores devem refor\u00e7ar os cuidados em casa para evitar acidentes dom\u00e9sticos envolvendo crian\u00e7as \u2013 situa\u00e7\u00e3o \u00e9 comum neste per\u00edodo. Em Feira de Santana, o Servi\u00e7o de Atendimento M\u00f3vel de Urg\u00eancia (SAMU) atendeu mais de 229 ocorr\u00eancias com pacientes pedi\u00e1tricos, entre janeiro e dezembro deste ano. As quedas e as [&hellip;]<\/p>\n","protected":false},"author":3,"featured_media":7308,"comment_status":"open","ping_status":"open","sticky":false,"template":"","format":"standard","meta":{"_monsterinsights_skip_tracking":false,"_monsterinsights_sitenote_active":false,"_monsterinsights_sitenote_note":"","_monsterinsights_sitenote_category":0,"footnotes":""},"categories":[34],"tags":[],"yoast_head":"<!-- This site is optimized with the Yoast SEO plugin v22.9 - https:\/\/yoast.com\/wordpress\/plugins\/seo\/ -->\n<title>Acidentes dom\u00e9sticos podem aumentar durante as f\u00e9rias escolares - Portal MF<\/title>\n<meta name=\"robots\" content=\"index, follow, max-snippet:-1, max-image-preview:large, max-video-preview:-1\" \/>\n<link rel=\"canonical\" href=\"https:\/\/portalmf.com.br\/index.php\/2022\/12\/28\/acidentes-domesticos-podem-aumentar-durante-as-ferias-escolares\/\" \/>\n<meta property=\"og:locale\" content=\"pt_BR\" \/>\n<meta property=\"og:type\" content=\"article\" \/>\n<meta property=\"og:title\" content=\"Acidentes dom\u00e9sticos podem aumentar durante as f\u00e9rias escolares - Portal MF\" \/>\n<meta property=\"og:description\" content=\"Durante as f\u00e9rias escolares, pais e cuidadores devem refor\u00e7ar os cuidados em casa para evitar acidentes dom\u00e9sticos envolvendo crian\u00e7as \u2013 situa\u00e7\u00e3o \u00e9 comum neste per\u00edodo. Em Feira de Santana, o Servi\u00e7o de Atendimento M\u00f3vel de Urg\u00eancia (SAMU) atendeu mais de 229 ocorr\u00eancias com pacientes pedi\u00e1tricos, entre janeiro e dezembro deste ano. As quedas e as [&hellip;]\" \/>\n<meta property=\"og:url\" content=\"https:\/\/portalmf.com.br\/index.php\/2022\/12\/28\/acidentes-domesticos-podem-aumentar-durante-as-ferias-escolares\/\" \/>\n<meta property=\"og:site_name\" content=\"Portal MF\" \/>\n<meta property=\"article:author\" content=\"https:\/\/www.facebook.com\/portalmfoficial\" \/>\n<meta property=\"article:published_time\" content=\"2022-12-28T20:29:38+00:00\" \/>\n<meta property=\"article:modified_time\" content=\"2022-12-28T20:29:39+00:00\" \/>\n<meta property=\"og:image\" content=\"https:\/\/portalmf.com.br\/wp-content\/uploads\/2022\/12\/Acidente-domestico-Foto-ACM-11.jpg\" \/>\n\t<meta property=\"og:image:width\" content=\"1299\" \/>\n\t<meta property=\"og:image:height\" content=\"866\" \/>\n\t<meta property=\"og:image:type\" content=\"image\/jpeg\" \/>\n<meta name=\"author\" content=\"Reda\u00e7\u00e3o Portal MF\" \/>\n<meta name=\"twitter:card\" content=\"summary_large_image\" \/>\n<meta name=\"twitter:creator\" content=\"@https:\/\/x.com\/portalmfoficial\" \/>\n<meta name=\"twitter:label1\" content=\"Escrito por\" \/>\n\t<meta name=\"twitter:data1\" content=\"Reda\u00e7\u00e3o Portal MF\" \/>\n\t<meta name=\"twitter:label2\" content=\"Est. tempo de leitura\" \/>\n\t<meta name=\"twitter:data2\" content=\"2 minutos\" \/>\n<script type=\"application\/ld+json\" class=\"yoast-schema-graph\">{\"@context\":\"https:\/\/schema.org\",\"@graph\":[{\"@type\":\"WebPage\",\"@id\":\"https:\/\/portalmf.com.br\/index.php\/2022\/12\/28\/acidentes-domesticos-podem-aumentar-durante-as-ferias-escolares\/\",\"url\":\"https:\/\/portalmf.com.br\/index.php\/2022\/12\/28\/acidentes-domesticos-podem-aumentar-durante-as-ferias-escolares\/\",\"name\":\"Acidentes dom\u00e9sticos podem aumentar durante as f\u00e9rias escolares - Portal MF\",\"isPartOf\":{\"@id\":\"https:\/\/portalmf.com.br\/#website\"},\"primaryImageOfPage\":{\"@id\":\"https:\/\/portalmf.com.br\/index.php\/2022\/12\/28\/acidentes-domesticos-podem-aumentar-durante-as-ferias-escolares\/#primaryimage\"},\"image\":{\"@id\":\"https:\/\/portalmf.com.br\/index.php\/2022\/12\/28\/acidentes-domesticos-podem-aumentar-durante-as-ferias-escolares\/#primaryimage\"},\"thumbnailUrl\":\"https:\/\/portalmf.com.br\/wp-content\/uploads\/2022\/12\/Acidente-domestico-Foto-ACM-11.jpg\",\"datePublished\":\"2022-12-28T20:29:38+00:00\",\"dateModified\":\"2022-12-28T20:29:39+00:00\",\"author\":{\"@id\":\"https:\/\/portalmf.com.br\/#\/schema\/person\/9ec101baf56233e53520c26de5d6f6f0\"},\"breadcrumb\":{\"@id\":\"https:\/\/portalmf.com.br\/index.php\/2022\/12\/28\/acidentes-domesticos-podem-aumentar-durante-as-ferias-escolares\/#breadcrumb\"},\"inLanguage\":\"pt-BR\",\"potentialAction\":[{\"@type\":\"ReadAction\",\"target\":[\"https:\/\/portalmf.com.br\/index.php\/2022\/12\/28\/acidentes-domesticos-podem-aumentar-durante-as-ferias-escolares\/\"]}]},{\"@type\":\"ImageObject\",\"inLanguage\":\"pt-BR\",\"@id\":\"https:\/\/portalmf.com.br\/index.php\/2022\/12\/28\/acidentes-domesticos-podem-aumentar-durante-as-ferias-escolares\/#primaryimage\",\"url\":\"https:\/\/portalmf.com.br\/wp-content\/uploads\/2022\/12\/Acidente-domestico-Foto-ACM-11.jpg\",\"contentUrl\":\"https:\/\/portalmf.com.br\/wp-content\/uploads\/2022\/12\/Acidente-domestico-Foto-ACM-11.jpg\",\"width\":1299,\"height\":866,\"caption\":\"Foto: ACM\"},{\"@type\":\"BreadcrumbList\",\"@id\":\"https:\/\/portalmf.com.br\/index.php\/2022\/12\/28\/acidentes-domesticos-podem-aumentar-durante-as-ferias-escolares\/#breadcrumb\",\"itemListElement\":[{\"@type\":\"ListItem\",\"position\":1,\"name\":\"In\u00edcio\",\"item\":\"https:\/\/portalmf.com.br\/\"},{\"@type\":\"ListItem\",\"position\":2,\"name\":\"Acidentes dom\u00e9sticos podem aumentar durante as f\u00e9rias escolares\"}]},{\"@type\":\"WebSite\",\"@id\":\"https:\/\/portalmf.com.br\/#website\",\"url\":\"https:\/\/portalmf.com.br\/\",\"name\":\"Portal MF\",\"description\":\"Voc\u00ea conectado com a informa\u00e7\u00e3o\",\"potentialAction\":[{\"@type\":\"SearchAction\",\"target\":{\"@type\":\"EntryPoint\",\"urlTemplate\":\"https:\/\/portalmf.com.br\/?s={search_term_string}\"},\"query-input\":\"required name=search_term_string\"}],\"inLanguage\":\"pt-BR\"},{\"@type\":\"Person\",\"@id\":\"https:\/\/portalmf.com.br\/#\/schema\/person\/9ec101baf56233e53520c26de5d6f6f0\",\"name\":\"Reda\u00e7\u00e3o Portal MF\",\"image\":{\"@type\":\"ImageObject\",\"inLanguage\":\"pt-BR\",\"@id\":\"https:\/\/portalmf.com.br\/#\/schema\/person\/image\/\",\"url\":\"https:\/\/secure.gravatar.com\/avatar\/41b9aaeb2100835f7c64362330f74c7f?s=96&d=mm&r=g\",\"contentUrl\":\"https:\/\/secure.gravatar.com\/avatar\/41b9aaeb2100835f7c64362330f74c7f?s=96&d=mm&r=g\",\"caption\":\"Reda\u00e7\u00e3o Portal MF\"},\"description\":\"Sejam bem-vindos o portal de informa\u00e7\u00f5es de entretenimento de Feira de Santana, desde 2006 realiza coberturas dos principais eventos com entrevistas exclusivas com as principais personalidades mundiais. Fique conectado tamb\u00e9m nas redes sociais.\",\"sameAs\":[\"http:\/\/www.portalmf.com.br\/\",\"https:\/\/www.facebook.com\/portalmfoficial\",\"https:\/\/www.instagram.com\/portalmf\/\",\"https:\/\/x.com\/https:\/\/x.com\/portalmfoficial\",\"https:\/\/www.youtube.com\/@portalmfoficial\"],\"url\":\"https:\/\/portalmf.com.br\/index.php\/author\/junior\/\"}]}<\/script>\n<!-- \/ Yoast SEO plugin. -->","yoast_head_json":{"title":"Acidentes dom\u00e9sticos podem aumentar durante as f\u00e9rias escolares - Portal MF","robots":{"index":"index","follow":"follow","max-snippet":"max-snippet:-1","max-image-preview":"max-image-preview:large","max-video-preview":"max-video-preview:-1"},"canonical":"https:\/\/portalmf.com.br\/index.php\/2022\/12\/28\/acidentes-domesticos-podem-aumentar-durante-as-ferias-escolares\/","og_locale":"pt_BR","og_type":"article","og_title":"Acidentes dom\u00e9sticos podem aumentar durante as f\u00e9rias escolares - Portal MF","og_description":"Durante as f\u00e9rias escolares, pais e cuidadores devem refor\u00e7ar os cuidados em casa para evitar acidentes dom\u00e9sticos envolvendo crian\u00e7as \u2013 situa\u00e7\u00e3o \u00e9 comum neste per\u00edodo. Em Feira de Santana, o Servi\u00e7o de Atendimento M\u00f3vel de Urg\u00eancia (SAMU) atendeu mais de 229 ocorr\u00eancias com pacientes pedi\u00e1tricos, entre janeiro e dezembro deste ano. As quedas e as [&hellip;]","og_url":"https:\/\/portalmf.com.br\/index.php\/2022\/12\/28\/acidentes-domesticos-podem-aumentar-durante-as-ferias-escolares\/","og_site_name":"Portal MF","article_author":"https:\/\/www.facebook.com\/portalmfoficial","article_published_time":"2022-12-28T20:29:38+00:00","article_modified_time":"2022-12-28T20:29:39+00:00","og_image":[{"width":1299,"height":866,"url":"https:\/\/portalmf.com.br\/wp-content\/uploads\/2022\/12\/Acidente-domestico-Foto-ACM-11.jpg","type":"image\/jpeg"}],"author":"Reda\u00e7\u00e3o Portal MF","twitter_card":"summary_large_image","twitter_creator":"@https:\/\/x.com\/portalmfoficial","twitter_misc":{"Escrito por":"Reda\u00e7\u00e3o Portal MF","Est. tempo de leitura":"2 minutos"},"schema":{"@context":"https:\/\/schema.org","@graph":[{"@type":"WebPage","@id":"https:\/\/portalmf.com.br\/index.php\/2022\/12\/28\/acidentes-domesticos-podem-aumentar-durante-as-ferias-escolares\/","url":"https:\/\/portalmf.com.br\/index.php\/2022\/12\/28\/acidentes-domesticos-podem-aumentar-durante-as-ferias-escolares\/","name":"Acidentes dom\u00e9sticos podem aumentar durante as f\u00e9rias escolares - Portal MF","isPartOf":{"@id":"https:\/\/portalmf.com.br\/#website"},"primaryImageOfPage":{"@id":"https:\/\/portalmf.com.br\/index.php\/2022\/12\/28\/acidentes-domesticos-podem-aumentar-durante-as-ferias-escolares\/#primaryimage"},"image":{"@id":"https:\/\/portalmf.com.br\/index.php\/2022\/12\/28\/acidentes-domesticos-podem-aumentar-durante-as-ferias-escolares\/#primaryimage"},"thumbnailUrl":"https:\/\/portalmf.com.br\/wp-content\/uploads\/2022\/12\/Acidente-domestico-Foto-ACM-11.jpg","datePublished":"2022-12-28T20:29:38+00:00","dateModified":"2022-12-28T20:29:39+00:00","author":{"@id":"https:\/\/portalmf.com.br\/#\/schema\/person\/9ec101baf56233e53520c26de5d6f6f0"},"breadcrumb":{"@id":"https:\/\/portalmf.com.br\/index.php\/2022\/12\/28\/acidentes-domesticos-podem-aumentar-durante-as-ferias-escolares\/#breadcrumb"},"inLanguage":"pt-BR","potentialAction":[{"@type":"ReadAction","target":["https:\/\/portalmf.com.br\/index.php\/2022\/12\/28\/acidentes-domesticos-podem-aumentar-durante-as-ferias-escolares\/"]}]},{"@type":"ImageObject","inLanguage":"pt-BR","@id":"https:\/\/portalmf.com.br\/index.php\/2022\/12\/28\/acidentes-domesticos-podem-aumentar-durante-as-ferias-escolares\/#primaryimage","url":"https:\/\/portalmf.com.br\/wp-content\/uploads\/2022\/12\/Acidente-domestico-Foto-ACM-11.jpg","contentUrl":"https:\/\/portalmf.com.br\/wp-content\/uploads\/2022\/12\/Acidente-domestico-Foto-ACM-11.jpg","width":1299,"height":866,"caption":"Foto: ACM"},{"@type":"BreadcrumbList","@id":"https:\/\/portalmf.com.br\/index.php\/2022\/12\/28\/acidentes-domesticos-podem-aumentar-durante-as-ferias-escolares\/#breadcrumb","itemListElement":[{"@type":"ListItem","position":1,"name":"In\u00edcio","item":"https:\/\/portalmf.com.br\/"},{"@type":"ListItem","position":2,"name":"Acidentes dom\u00e9sticos podem aumentar durante as f\u00e9rias escolares"}]},{"@type":"WebSite","@id":"https:\/\/portalmf.com.br\/#website","url":"https:\/\/portalmf.com.br\/","name":"Portal MF","description":"Voc\u00ea conectado com a informa\u00e7\u00e3o","potentialAction":[{"@type":"SearchAction","target":{"@type":"EntryPoint","urlTemplate":"https:\/\/portalmf.com.br\/?s={search_term_string}"},"query-input":"required name=search_term_string"}],"inLanguage":"pt-BR"},{"@type":"Person","@id":"https:\/\/portalmf.com.br\/#\/schema\/person\/9ec101baf56233e53520c26de5d6f6f0","name":"Reda\u00e7\u00e3o Portal MF","image":{"@type":"ImageObject","inLanguage":"pt-BR","@id":"https:\/\/portalmf.com.br\/#\/schema\/person\/image\/","url":"https:\/\/secure.gravatar.com\/avatar\/41b9aaeb2100835f7c64362330f74c7f?s=96&d=mm&r=g","contentUrl":"https:\/\/secure.gravatar.com\/avatar\/41b9aaeb2100835f7c64362330f74c7f?s=96&d=mm&r=g","caption":"Reda\u00e7\u00e3o Portal MF"},"description":"Sejam bem-vindos o portal de informa\u00e7\u00f5es de entretenimento de Feira de Santana, desde 2006 realiza coberturas dos principais eventos com entrevistas exclusivas com as principais personalidades mundiais. Fique conectado tamb\u00e9m nas redes sociais.","sameAs":["http:\/\/www.portalmf.com.br\/","https:\/\/www.facebook.com\/portalmfoficial","https:\/\/www.instagram.com\/portalmf\/","https:\/\/x.com\/https:\/\/x.com\/portalmfoficial","https:\/\/www.youtube.com\/@portalmfoficial"],"url":"https:\/\/portalmf.com.br\/index.php\/author\/junior\/"}]}},"_links":{"self":[{"href":"https:\/\/portalmf.com.br\/index.php\/wp-json\/wp\/v2\/posts\/7307"}],"collection":[{"href":"https:\/\/portalmf.com.br\/index.php\/wp-json\/wp\/v2\/posts"}],"about":[{"href":"https:\/\/portalmf.com.br\/index.php\/wp-json\/wp\/v2\/types\/post"}],"author":[{"embeddable":true,"href":"https:\/\/portalmf.com.br\/index.php\/wp-json\/wp\/v2\/users\/3"}],"replies":[{"embeddable":true,"href":"https:\/\/portalmf.com.br\/index.php\/wp-json\/wp\/v2\/comments?post=7307"}],"version-history":[{"count":1,"href":"https:\/\/portalmf.com.br\/index.php\/wp-json\/wp\/v2\/posts\/7307\/revisions"}],"predecessor-version":[{"id":7309,"href":"https:\/\/portalmf.com.br\/index.php\/wp-json\/wp\/v2\/posts\/7307\/revisions\/7309"}],"wp:featuredmedia":[{"embeddable":true,"href":"https:\/\/portalmf.com.br\/index.php\/wp-json\/wp\/v2\/media\/7308"}],"wp:attachment":[{"href":"https:\/\/portalmf.com.br\/index.php\/wp-json\/wp\/v2\/media?parent=7307"}],"wp:term":[{"taxonomy":"category","embeddable":true,"href":"https:\/\/portalmf.com.br\/index.php\/wp-json\/wp\/v2\/categories?post=7307"},{"taxonomy":"post_tag","embeddable":true,"href":"https:\/\/portalmf.com.br\/index.php\/wp-json\/wp\/v2\/tags?post=7307"}],"curies":[{"name":"wp","href":"https:\/\/api.w.org\/{rel}","templated":true}]}}