{"id":7304,"date":"2022-12-28T17:25:53","date_gmt":"2022-12-28T20:25:53","guid":{"rendered":"https:\/\/portalmf.com.br\/?p=7304"},"modified":"2022-12-28T17:25:54","modified_gmt":"2022-12-28T20:25:54","slug":"cantor-baiano-jay-torres-faz-show-na-varanda-do-sesi-no-rio-vermelho","status":"publish","type":"post","link":"https:\/\/portalmf.com.br\/index.php\/2022\/12\/28\/cantor-baiano-jay-torres-faz-show-na-varanda-do-sesi-no-rio-vermelho\/","title":{"rendered":"Cantor baiano Jay Torres faz show na varanda do Sesi, no Rio Vermelho"},"content":{"rendered":"\n<p>O ano novo come\u00e7a cheio de novidades e boa m\u00fasica. Isso porque, o cantor e compositor baiano, Jay Torres, se apresenta no dia 08 de janeiro de 2023, \u00e0s 17h, na varanda do Teatro Sesi, no bairro Rio Vermelho. No repert\u00f3rio, o artista far\u00e1 um passeio entre can\u00e7\u00f5es autorais e cl\u00e1ssicos da m\u00fasica nacional. Os ingressos, que custam R$30,00 j\u00e1 est\u00e3o dispon\u00edveis e, podem ser adquiridos atrav\u00e9s do WhatsApp 71 9 9629 7988.<\/p>\n\n\n\n<p>Ap\u00f3s mais de 15 anos \u00e0 frente dos vocais de bandas de diferentes g\u00eaneros como o gospel, forr\u00f3 e seresta, o artista anuncia sua nova fase na carreira. Agora, em uma vers\u00e3o mais ecl\u00e9tica, Jay se concentra inteiramente em sua carreira solo, com retomada de agenda de shows, novas parcerias e lan\u00e7amentos de projetos autorais, a exemplo do &#8216;Show Dengo&#8217;, que estreia em 2023.<\/p>\n\n\n\n<p>Conhecido por suas apresenta\u00e7\u00f5es em bares e casas de shows fazendo covers e releituras de cl\u00e1ssicos da m\u00fasica baiana &#8211; quando ainda assinava como Jailton Torres &#8211; Jay agora apresenta ao p\u00fablico uma nova est\u00e9tica de trabalho, assumindo a idealiza\u00e7\u00e3o e produ\u00e7\u00e3o de suas obras, se arriscando como compositor e repaginando o repert\u00f3rio, que atualmente contempla m\u00fasicas da MPB, ax\u00e9, samba-reggae e pop.<\/p>\n\n\n\n<p>Seu primeiro trabalho com can\u00e7\u00f5es autorais foi lan\u00e7ado em 2018, o CD Jay Torres Extens\u00e3o, que \u00e9 o marco dessa transi\u00e7\u00e3o art\u00edstica. O projeto foi gravado com 10 faixas, sendo oito autorais, com parcerias na composi\u00e7\u00e3o com Tatiane Correia Silva e Geo Noronha.<\/p>\n\n\n\n<p><em>&#8220;A concep\u00e7\u00e3o era mostrar um Jay Torres diferente. Expor meu lado mais maduro como cantor, meu lado compositor e int\u00e9rprete. A ideia do nome &#8216;Extens\u00e3o&#8217; era remeter a \u00c1frica, retratando o continente como o ber\u00e7o da humanidade. E esse significado est\u00e1 presente nas m\u00fasicas. Temos um mapa da \u00c1frica na capa do CD, uma arte bem bacana idealizada por mim, onde uso o slogan que tenho como tatuagem: &#8216;A paz \u00e9 voc\u00ea quem faz&#8217;, que levo como um mantra pra vida&#8221;<\/em>, disse Jay Torres.<\/p>\n","protected":false},"excerpt":{"rendered":"<p>O ano novo come\u00e7a cheio de novidades e boa m\u00fasica. Isso porque, o cantor e compositor baiano, Jay Torres, se apresenta no dia 08 de janeiro de 2023, \u00e0s 17h, na varanda do Teatro Sesi, no bairro Rio Vermelho. No repert\u00f3rio, o artista far\u00e1 um passeio entre can\u00e7\u00f5es autorais e cl\u00e1ssicos da m\u00fasica nacional. Os [&hellip;]<\/p>\n","protected":false},"author":3,"featured_media":7305,"comment_status":"open","ping_status":"open","sticky":false,"template":"","format":"standard","meta":{"_monsterinsights_skip_tracking":false,"_monsterinsights_sitenote_active":false,"_monsterinsights_sitenote_note":"","_monsterinsights_sitenote_category":0,"footnotes":""},"categories":[36],"tags":[],"yoast_head":"<!-- This site is optimized with the Yoast SEO plugin v22.9 - https:\/\/yoast.com\/wordpress\/plugins\/seo\/ -->\n<title>Cantor baiano Jay Torres faz show na varanda do Sesi, no Rio Vermelho - Portal MF<\/title>\n<meta name=\"robots\" content=\"index, follow, max-snippet:-1, max-image-preview:large, max-video-preview:-1\" \/>\n<link rel=\"canonical\" href=\"https:\/\/portalmf.com.br\/index.php\/2022\/12\/28\/cantor-baiano-jay-torres-faz-show-na-varanda-do-sesi-no-rio-vermelho\/\" \/>\n<meta property=\"og:locale\" content=\"pt_BR\" \/>\n<meta property=\"og:type\" content=\"article\" \/>\n<meta property=\"og:title\" content=\"Cantor baiano Jay Torres faz show na varanda do Sesi, no Rio Vermelho - Portal MF\" \/>\n<meta property=\"og:description\" content=\"O ano novo come\u00e7a cheio de novidades e boa m\u00fasica. Isso porque, o cantor e compositor baiano, Jay Torres, se apresenta no dia 08 de janeiro de 2023, \u00e0s 17h, na varanda do Teatro Sesi, no bairro Rio Vermelho. No repert\u00f3rio, o artista far\u00e1 um passeio entre can\u00e7\u00f5es autorais e cl\u00e1ssicos da m\u00fasica nacional. Os [&hellip;]\" \/>\n<meta property=\"og:url\" content=\"https:\/\/portalmf.com.br\/index.php\/2022\/12\/28\/cantor-baiano-jay-torres-faz-show-na-varanda-do-sesi-no-rio-vermelho\/\" \/>\n<meta property=\"og:site_name\" content=\"Portal MF\" \/>\n<meta property=\"article:author\" content=\"https:\/\/www.facebook.com\/portalmfoficial\" \/>\n<meta property=\"article:published_time\" content=\"2022-12-28T20:25:53+00:00\" \/>\n<meta property=\"article:modified_time\" content=\"2022-12-28T20:25:54+00:00\" \/>\n<meta property=\"og:image\" content=\"https:\/\/portalmf.com.br\/wp-content\/uploads\/2022\/12\/Cantor-baiano-Jay-Torres-faz-show-na-varanda-do-Sesi-no-Rio-Vermelho.jpeg\" \/>\n\t<meta property=\"og:image:width\" content=\"1600\" \/>\n\t<meta property=\"og:image:height\" content=\"1202\" \/>\n\t<meta property=\"og:image:type\" content=\"image\/jpeg\" \/>\n<meta name=\"author\" content=\"Reda\u00e7\u00e3o Portal MF\" \/>\n<meta name=\"twitter:card\" content=\"summary_large_image\" \/>\n<meta name=\"twitter:creator\" content=\"@https:\/\/x.com\/portalmfoficial\" \/>\n<meta name=\"twitter:label1\" content=\"Escrito por\" \/>\n\t<meta name=\"twitter:data1\" content=\"Reda\u00e7\u00e3o Portal MF\" \/>\n\t<meta name=\"twitter:label2\" content=\"Est. tempo de leitura\" \/>\n\t<meta name=\"twitter:data2\" content=\"2 minutos\" \/>\n<script type=\"application\/ld+json\" class=\"yoast-schema-graph\">{\"@context\":\"https:\/\/schema.org\",\"@graph\":[{\"@type\":\"WebPage\",\"@id\":\"https:\/\/portalmf.com.br\/index.php\/2022\/12\/28\/cantor-baiano-jay-torres-faz-show-na-varanda-do-sesi-no-rio-vermelho\/\",\"url\":\"https:\/\/portalmf.com.br\/index.php\/2022\/12\/28\/cantor-baiano-jay-torres-faz-show-na-varanda-do-sesi-no-rio-vermelho\/\",\"name\":\"Cantor baiano Jay Torres faz show na varanda do Sesi, no Rio Vermelho - Portal MF\",\"isPartOf\":{\"@id\":\"https:\/\/portalmf.com.br\/#website\"},\"primaryImageOfPage\":{\"@id\":\"https:\/\/portalmf.com.br\/index.php\/2022\/12\/28\/cantor-baiano-jay-torres-faz-show-na-varanda-do-sesi-no-rio-vermelho\/#primaryimage\"},\"image\":{\"@id\":\"https:\/\/portalmf.com.br\/index.php\/2022\/12\/28\/cantor-baiano-jay-torres-faz-show-na-varanda-do-sesi-no-rio-vermelho\/#primaryimage\"},\"thumbnailUrl\":\"https:\/\/portalmf.com.br\/wp-content\/uploads\/2022\/12\/Cantor-baiano-Jay-Torres-faz-show-na-varanda-do-Sesi-no-Rio-Vermelho.jpeg\",\"datePublished\":\"2022-12-28T20:25:53+00:00\",\"dateModified\":\"2022-12-28T20:25:54+00:00\",\"author\":{\"@id\":\"https:\/\/portalmf.com.br\/#\/schema\/person\/9ec101baf56233e53520c26de5d6f6f0\"},\"breadcrumb\":{\"@id\":\"https:\/\/portalmf.com.br\/index.php\/2022\/12\/28\/cantor-baiano-jay-torres-faz-show-na-varanda-do-sesi-no-rio-vermelho\/#breadcrumb\"},\"inLanguage\":\"pt-BR\",\"potentialAction\":[{\"@type\":\"ReadAction\",\"target\":[\"https:\/\/portalmf.com.br\/index.php\/2022\/12\/28\/cantor-baiano-jay-torres-faz-show-na-varanda-do-sesi-no-rio-vermelho\/\"]}]},{\"@type\":\"ImageObject\",\"inLanguage\":\"pt-BR\",\"@id\":\"https:\/\/portalmf.com.br\/index.php\/2022\/12\/28\/cantor-baiano-jay-torres-faz-show-na-varanda-do-sesi-no-rio-vermelho\/#primaryimage\",\"url\":\"https:\/\/portalmf.com.br\/wp-content\/uploads\/2022\/12\/Cantor-baiano-Jay-Torres-faz-show-na-varanda-do-Sesi-no-Rio-Vermelho.jpeg\",\"contentUrl\":\"https:\/\/portalmf.com.br\/wp-content\/uploads\/2022\/12\/Cantor-baiano-Jay-Torres-faz-show-na-varanda-do-Sesi-no-Rio-Vermelho.jpeg\",\"width\":1600,\"height\":1202},{\"@type\":\"BreadcrumbList\",\"@id\":\"https:\/\/portalmf.com.br\/index.php\/2022\/12\/28\/cantor-baiano-jay-torres-faz-show-na-varanda-do-sesi-no-rio-vermelho\/#breadcrumb\",\"itemListElement\":[{\"@type\":\"ListItem\",\"position\":1,\"name\":\"In\u00edcio\",\"item\":\"https:\/\/portalmf.com.br\/\"},{\"@type\":\"ListItem\",\"position\":2,\"name\":\"Cantor baiano Jay Torres faz show na varanda do Sesi, no Rio Vermelho\"}]},{\"@type\":\"WebSite\",\"@id\":\"https:\/\/portalmf.com.br\/#website\",\"url\":\"https:\/\/portalmf.com.br\/\",\"name\":\"Portal MF\",\"description\":\"Voc\u00ea conectado com a informa\u00e7\u00e3o\",\"potentialAction\":[{\"@type\":\"SearchAction\",\"target\":{\"@type\":\"EntryPoint\",\"urlTemplate\":\"https:\/\/portalmf.com.br\/?s={search_term_string}\"},\"query-input\":\"required name=search_term_string\"}],\"inLanguage\":\"pt-BR\"},{\"@type\":\"Person\",\"@id\":\"https:\/\/portalmf.com.br\/#\/schema\/person\/9ec101baf56233e53520c26de5d6f6f0\",\"name\":\"Reda\u00e7\u00e3o Portal MF\",\"image\":{\"@type\":\"ImageObject\",\"inLanguage\":\"pt-BR\",\"@id\":\"https:\/\/portalmf.com.br\/#\/schema\/person\/image\/\",\"url\":\"https:\/\/secure.gravatar.com\/avatar\/41b9aaeb2100835f7c64362330f74c7f?s=96&d=mm&r=g\",\"contentUrl\":\"https:\/\/secure.gravatar.com\/avatar\/41b9aaeb2100835f7c64362330f74c7f?s=96&d=mm&r=g\",\"caption\":\"Reda\u00e7\u00e3o Portal MF\"},\"description\":\"Sejam bem-vindos o portal de informa\u00e7\u00f5es de entretenimento de Feira de Santana, desde 2006 realiza coberturas dos principais eventos com entrevistas exclusivas com as principais personalidades mundiais. Fique conectado tamb\u00e9m nas redes sociais.\",\"sameAs\":[\"http:\/\/www.portalmf.com.br\/\",\"https:\/\/www.facebook.com\/portalmfoficial\",\"https:\/\/www.instagram.com\/portalmf\/\",\"https:\/\/x.com\/https:\/\/x.com\/portalmfoficial\",\"https:\/\/www.youtube.com\/@portalmfoficial\"],\"url\":\"https:\/\/portalmf.com.br\/index.php\/author\/junior\/\"}]}<\/script>\n<!-- \/ Yoast SEO plugin. -->","yoast_head_json":{"title":"Cantor baiano Jay Torres faz show na varanda do Sesi, no Rio Vermelho - Portal MF","robots":{"index":"index","follow":"follow","max-snippet":"max-snippet:-1","max-image-preview":"max-image-preview:large","max-video-preview":"max-video-preview:-1"},"canonical":"https:\/\/portalmf.com.br\/index.php\/2022\/12\/28\/cantor-baiano-jay-torres-faz-show-na-varanda-do-sesi-no-rio-vermelho\/","og_locale":"pt_BR","og_type":"article","og_title":"Cantor baiano Jay Torres faz show na varanda do Sesi, no Rio Vermelho - Portal MF","og_description":"O ano novo come\u00e7a cheio de novidades e boa m\u00fasica. Isso porque, o cantor e compositor baiano, Jay Torres, se apresenta no dia 08 de janeiro de 2023, \u00e0s 17h, na varanda do Teatro Sesi, no bairro Rio Vermelho. No repert\u00f3rio, o artista far\u00e1 um passeio entre can\u00e7\u00f5es autorais e cl\u00e1ssicos da m\u00fasica nacional. Os [&hellip;]","og_url":"https:\/\/portalmf.com.br\/index.php\/2022\/12\/28\/cantor-baiano-jay-torres-faz-show-na-varanda-do-sesi-no-rio-vermelho\/","og_site_name":"Portal MF","article_author":"https:\/\/www.facebook.com\/portalmfoficial","article_published_time":"2022-12-28T20:25:53+00:00","article_modified_time":"2022-12-28T20:25:54+00:00","og_image":[{"width":1600,"height":1202,"url":"https:\/\/portalmf.com.br\/wp-content\/uploads\/2022\/12\/Cantor-baiano-Jay-Torres-faz-show-na-varanda-do-Sesi-no-Rio-Vermelho.jpeg","type":"image\/jpeg"}],"author":"Reda\u00e7\u00e3o Portal MF","twitter_card":"summary_large_image","twitter_creator":"@https:\/\/x.com\/portalmfoficial","twitter_misc":{"Escrito por":"Reda\u00e7\u00e3o Portal MF","Est. tempo de leitura":"2 minutos"},"schema":{"@context":"https:\/\/schema.org","@graph":[{"@type":"WebPage","@id":"https:\/\/portalmf.com.br\/index.php\/2022\/12\/28\/cantor-baiano-jay-torres-faz-show-na-varanda-do-sesi-no-rio-vermelho\/","url":"https:\/\/portalmf.com.br\/index.php\/2022\/12\/28\/cantor-baiano-jay-torres-faz-show-na-varanda-do-sesi-no-rio-vermelho\/","name":"Cantor baiano Jay Torres faz show na varanda do Sesi, no Rio Vermelho - Portal MF","isPartOf":{"@id":"https:\/\/portalmf.com.br\/#website"},"primaryImageOfPage":{"@id":"https:\/\/portalmf.com.br\/index.php\/2022\/12\/28\/cantor-baiano-jay-torres-faz-show-na-varanda-do-sesi-no-rio-vermelho\/#primaryimage"},"image":{"@id":"https:\/\/portalmf.com.br\/index.php\/2022\/12\/28\/cantor-baiano-jay-torres-faz-show-na-varanda-do-sesi-no-rio-vermelho\/#primaryimage"},"thumbnailUrl":"https:\/\/portalmf.com.br\/wp-content\/uploads\/2022\/12\/Cantor-baiano-Jay-Torres-faz-show-na-varanda-do-Sesi-no-Rio-Vermelho.jpeg","datePublished":"2022-12-28T20:25:53+00:00","dateModified":"2022-12-28T20:25:54+00:00","author":{"@id":"https:\/\/portalmf.com.br\/#\/schema\/person\/9ec101baf56233e53520c26de5d6f6f0"},"breadcrumb":{"@id":"https:\/\/portalmf.com.br\/index.php\/2022\/12\/28\/cantor-baiano-jay-torres-faz-show-na-varanda-do-sesi-no-rio-vermelho\/#breadcrumb"},"inLanguage":"pt-BR","potentialAction":[{"@type":"ReadAction","target":["https:\/\/portalmf.com.br\/index.php\/2022\/12\/28\/cantor-baiano-jay-torres-faz-show-na-varanda-do-sesi-no-rio-vermelho\/"]}]},{"@type":"ImageObject","inLanguage":"pt-BR","@id":"https:\/\/portalmf.com.br\/index.php\/2022\/12\/28\/cantor-baiano-jay-torres-faz-show-na-varanda-do-sesi-no-rio-vermelho\/#primaryimage","url":"https:\/\/portalmf.com.br\/wp-content\/uploads\/2022\/12\/Cantor-baiano-Jay-Torres-faz-show-na-varanda-do-Sesi-no-Rio-Vermelho.jpeg","contentUrl":"https:\/\/portalmf.com.br\/wp-content\/uploads\/2022\/12\/Cantor-baiano-Jay-Torres-faz-show-na-varanda-do-Sesi-no-Rio-Vermelho.jpeg","width":1600,"height":1202},{"@type":"BreadcrumbList","@id":"https:\/\/portalmf.com.br\/index.php\/2022\/12\/28\/cantor-baiano-jay-torres-faz-show-na-varanda-do-sesi-no-rio-vermelho\/#breadcrumb","itemListElement":[{"@type":"ListItem","position":1,"name":"In\u00edcio","item":"https:\/\/portalmf.com.br\/"},{"@type":"ListItem","position":2,"name":"Cantor baiano Jay Torres faz show na varanda do Sesi, no Rio Vermelho"}]},{"@type":"WebSite","@id":"https:\/\/portalmf.com.br\/#website","url":"https:\/\/portalmf.com.br\/","name":"Portal MF","description":"Voc\u00ea conectado com a informa\u00e7\u00e3o","potentialAction":[{"@type":"SearchAction","target":{"@type":"EntryPoint","urlTemplate":"https:\/\/portalmf.com.br\/?s={search_term_string}"},"query-input":"required name=search_term_string"}],"inLanguage":"pt-BR"},{"@type":"Person","@id":"https:\/\/portalmf.com.br\/#\/schema\/person\/9ec101baf56233e53520c26de5d6f6f0","name":"Reda\u00e7\u00e3o Portal MF","image":{"@type":"ImageObject","inLanguage":"pt-BR","@id":"https:\/\/portalmf.com.br\/#\/schema\/person\/image\/","url":"https:\/\/secure.gravatar.com\/avatar\/41b9aaeb2100835f7c64362330f74c7f?s=96&d=mm&r=g","contentUrl":"https:\/\/secure.gravatar.com\/avatar\/41b9aaeb2100835f7c64362330f74c7f?s=96&d=mm&r=g","caption":"Reda\u00e7\u00e3o Portal MF"},"description":"Sejam bem-vindos o portal de informa\u00e7\u00f5es de entretenimento de Feira de Santana, desde 2006 realiza coberturas dos principais eventos com entrevistas exclusivas com as principais personalidades mundiais. Fique conectado tamb\u00e9m nas redes sociais.","sameAs":["http:\/\/www.portalmf.com.br\/","https:\/\/www.facebook.com\/portalmfoficial","https:\/\/www.instagram.com\/portalmf\/","https:\/\/x.com\/https:\/\/x.com\/portalmfoficial","https:\/\/www.youtube.com\/@portalmfoficial"],"url":"https:\/\/portalmf.com.br\/index.php\/author\/junior\/"}]}},"_links":{"self":[{"href":"https:\/\/portalmf.com.br\/index.php\/wp-json\/wp\/v2\/posts\/7304"}],"collection":[{"href":"https:\/\/portalmf.com.br\/index.php\/wp-json\/wp\/v2\/posts"}],"about":[{"href":"https:\/\/portalmf.com.br\/index.php\/wp-json\/wp\/v2\/types\/post"}],"author":[{"embeddable":true,"href":"https:\/\/portalmf.com.br\/index.php\/wp-json\/wp\/v2\/users\/3"}],"replies":[{"embeddable":true,"href":"https:\/\/portalmf.com.br\/index.php\/wp-json\/wp\/v2\/comments?post=7304"}],"version-history":[{"count":1,"href":"https:\/\/portalmf.com.br\/index.php\/wp-json\/wp\/v2\/posts\/7304\/revisions"}],"predecessor-version":[{"id":7306,"href":"https:\/\/portalmf.com.br\/index.php\/wp-json\/wp\/v2\/posts\/7304\/revisions\/7306"}],"wp:featuredmedia":[{"embeddable":true,"href":"https:\/\/portalmf.com.br\/index.php\/wp-json\/wp\/v2\/media\/7305"}],"wp:attachment":[{"href":"https:\/\/portalmf.com.br\/index.php\/wp-json\/wp\/v2\/media?parent=7304"}],"wp:term":[{"taxonomy":"category","embeddable":true,"href":"https:\/\/portalmf.com.br\/index.php\/wp-json\/wp\/v2\/categories?post=7304"},{"taxonomy":"post_tag","embeddable":true,"href":"https:\/\/portalmf.com.br\/index.php\/wp-json\/wp\/v2\/tags?post=7304"}],"curies":[{"name":"wp","href":"https:\/\/api.w.org\/{rel}","templated":true}]}}