{"id":7301,"date":"2022-12-28T17:24:01","date_gmt":"2022-12-28T20:24:01","guid":{"rendered":"https:\/\/portalmf.com.br\/?p=7301"},"modified":"2022-12-28T17:24:02","modified_gmt":"2022-12-28T20:24:02","slug":"modelo-e-atriz-mirim-lis-dorea-avalia-2022-positivamente-e-traca-planos-para-2023","status":"publish","type":"post","link":"https:\/\/portalmf.com.br\/index.php\/2022\/12\/28\/modelo-e-atriz-mirim-lis-dorea-avalia-2022-positivamente-e-traca-planos-para-2023\/","title":{"rendered":"Modelo e atriz mirim Lis D\u00f3rea avalia 2022 positivamente e tra\u00e7a planos para 2023"},"content":{"rendered":"\n<p>O m\u00eas de dezembro \u00e9 dedicado a um balan\u00e7o anual e novos planos para o ano que se inicia. Com a modelo e atriz mirim Lis D\u00f3rea, apesar de pouca idade, a tradi\u00e7\u00e3o n\u00e3o \u00e9 diferente: Lis considera que o ano de 2022 foi muito bom, teve muitos trabalhos e conseguiu ganhar seu pr\u00f3prio dinheiro. Pensando no futuro, a artista deseja mais trabalho para 2023, e tem a perspectiva de ensinar ao irm\u00e3o mais velho como juntar dinheiro.<\/p>\n\n\n\n<p>O \u00faltimo compromisso de Lis D\u00f3rea em 2022, antes da t\u00e3o sonhada f\u00e9rias, foi realizar novas fotos de trabalho, na praia de Arembepe, localizada em Cama\u00e7ari, na Regi\u00e3o Metropolitana de Salvador. A modelo relata que foi muito bom fazer essas fotos e que se divertiu muito.<\/p>\n\n\n\n<p>Lis D\u00f3rea, apesar de ser crian\u00e7a, demonstra em suas redes sociais, @lis.dorea, engajamento com as a\u00e7\u00f5es de empoderamento da crian\u00e7a negra. A artista fala com muito entusiasmo sobre a cor da sua pele, sobre seu cabelo crespo e sobre a sua beleza.<\/p>\n\n\n\n<p>A pequena Lis segue recebendo elogios por onde passa e ganhando um espa\u00e7o no mercado, assim como conquistando um destaque profissional promissor.<\/p>\n\n\n\n<p>SOBRE LIS D\u00d3REA<br>Com apenas 6 anos, a modelo mirim iniciou a carreira em 2019 e j\u00e1 participou de campanhas publicit\u00e1rias no Hospital Santo Amaro, grupo @ism, marcas @bebayulo e Goob.<\/p>\n\n\n\n<p>Foto: Thiago Rosarii<\/p>\n","protected":false},"excerpt":{"rendered":"<p>O m\u00eas de dezembro \u00e9 dedicado a um balan\u00e7o anual e novos planos para o ano que se inicia. Com a modelo e atriz mirim Lis D\u00f3rea, apesar de pouca idade, a tradi\u00e7\u00e3o n\u00e3o \u00e9 diferente: Lis considera que o ano de 2022 foi muito bom, teve muitos trabalhos e conseguiu ganhar seu pr\u00f3prio dinheiro. [&hellip;]<\/p>\n","protected":false},"author":3,"featured_media":7302,"comment_status":"open","ping_status":"open","sticky":false,"template":"","format":"standard","meta":{"_monsterinsights_skip_tracking":false,"_monsterinsights_sitenote_active":false,"_monsterinsights_sitenote_note":"","_monsterinsights_sitenote_category":0,"footnotes":""},"categories":[295],"tags":[],"yoast_head":"<!-- This site is optimized with the Yoast SEO plugin v22.9 - https:\/\/yoast.com\/wordpress\/plugins\/seo\/ -->\n<title>Modelo e atriz mirim Lis D\u00f3rea avalia 2022 positivamente e tra\u00e7a planos para 2023 - Portal MF<\/title>\n<meta name=\"robots\" content=\"index, follow, max-snippet:-1, max-image-preview:large, max-video-preview:-1\" \/>\n<link rel=\"canonical\" href=\"https:\/\/portalmf.com.br\/index.php\/2022\/12\/28\/modelo-e-atriz-mirim-lis-dorea-avalia-2022-positivamente-e-traca-planos-para-2023\/\" \/>\n<meta property=\"og:locale\" content=\"pt_BR\" \/>\n<meta property=\"og:type\" content=\"article\" \/>\n<meta property=\"og:title\" content=\"Modelo e atriz mirim Lis D\u00f3rea avalia 2022 positivamente e tra\u00e7a planos para 2023 - Portal MF\" \/>\n<meta property=\"og:description\" content=\"O m\u00eas de dezembro \u00e9 dedicado a um balan\u00e7o anual e novos planos para o ano que se inicia. Com a modelo e atriz mirim Lis D\u00f3rea, apesar de pouca idade, a tradi\u00e7\u00e3o n\u00e3o \u00e9 diferente: Lis considera que o ano de 2022 foi muito bom, teve muitos trabalhos e conseguiu ganhar seu pr\u00f3prio dinheiro. [&hellip;]\" \/>\n<meta property=\"og:url\" content=\"https:\/\/portalmf.com.br\/index.php\/2022\/12\/28\/modelo-e-atriz-mirim-lis-dorea-avalia-2022-positivamente-e-traca-planos-para-2023\/\" \/>\n<meta property=\"og:site_name\" content=\"Portal MF\" \/>\n<meta property=\"article:author\" content=\"https:\/\/www.facebook.com\/portalmfoficial\" \/>\n<meta property=\"article:published_time\" content=\"2022-12-28T20:24:01+00:00\" \/>\n<meta property=\"article:modified_time\" content=\"2022-12-28T20:24:02+00:00\" \/>\n<meta property=\"og:image\" content=\"https:\/\/portalmf.com.br\/wp-content\/uploads\/2022\/12\/WhatsApp-Image-2022-12-28-at-12.37.22.jpeg\" \/>\n\t<meta property=\"og:image:width\" content=\"1280\" \/>\n\t<meta property=\"og:image:height\" content=\"853\" \/>\n\t<meta property=\"og:image:type\" content=\"image\/jpeg\" \/>\n<meta name=\"author\" content=\"Reda\u00e7\u00e3o Portal MF\" \/>\n<meta name=\"twitter:card\" content=\"summary_large_image\" \/>\n<meta name=\"twitter:creator\" content=\"@https:\/\/x.com\/portalmfoficial\" \/>\n<meta name=\"twitter:label1\" content=\"Escrito por\" \/>\n\t<meta name=\"twitter:data1\" content=\"Reda\u00e7\u00e3o Portal MF\" \/>\n\t<meta name=\"twitter:label2\" content=\"Est. tempo de leitura\" \/>\n\t<meta name=\"twitter:data2\" content=\"2 minutos\" \/>\n<script type=\"application\/ld+json\" class=\"yoast-schema-graph\">{\"@context\":\"https:\/\/schema.org\",\"@graph\":[{\"@type\":\"WebPage\",\"@id\":\"https:\/\/portalmf.com.br\/index.php\/2022\/12\/28\/modelo-e-atriz-mirim-lis-dorea-avalia-2022-positivamente-e-traca-planos-para-2023\/\",\"url\":\"https:\/\/portalmf.com.br\/index.php\/2022\/12\/28\/modelo-e-atriz-mirim-lis-dorea-avalia-2022-positivamente-e-traca-planos-para-2023\/\",\"name\":\"Modelo e atriz mirim Lis D\u00f3rea avalia 2022 positivamente e tra\u00e7a planos para 2023 - Portal MF\",\"isPartOf\":{\"@id\":\"https:\/\/portalmf.com.br\/#website\"},\"primaryImageOfPage\":{\"@id\":\"https:\/\/portalmf.com.br\/index.php\/2022\/12\/28\/modelo-e-atriz-mirim-lis-dorea-avalia-2022-positivamente-e-traca-planos-para-2023\/#primaryimage\"},\"image\":{\"@id\":\"https:\/\/portalmf.com.br\/index.php\/2022\/12\/28\/modelo-e-atriz-mirim-lis-dorea-avalia-2022-positivamente-e-traca-planos-para-2023\/#primaryimage\"},\"thumbnailUrl\":\"https:\/\/portalmf.com.br\/wp-content\/uploads\/2022\/12\/WhatsApp-Image-2022-12-28-at-12.37.22.jpeg\",\"datePublished\":\"2022-12-28T20:24:01+00:00\",\"dateModified\":\"2022-12-28T20:24:02+00:00\",\"author\":{\"@id\":\"https:\/\/portalmf.com.br\/#\/schema\/person\/9ec101baf56233e53520c26de5d6f6f0\"},\"breadcrumb\":{\"@id\":\"https:\/\/portalmf.com.br\/index.php\/2022\/12\/28\/modelo-e-atriz-mirim-lis-dorea-avalia-2022-positivamente-e-traca-planos-para-2023\/#breadcrumb\"},\"inLanguage\":\"pt-BR\",\"potentialAction\":[{\"@type\":\"ReadAction\",\"target\":[\"https:\/\/portalmf.com.br\/index.php\/2022\/12\/28\/modelo-e-atriz-mirim-lis-dorea-avalia-2022-positivamente-e-traca-planos-para-2023\/\"]}]},{\"@type\":\"ImageObject\",\"inLanguage\":\"pt-BR\",\"@id\":\"https:\/\/portalmf.com.br\/index.php\/2022\/12\/28\/modelo-e-atriz-mirim-lis-dorea-avalia-2022-positivamente-e-traca-planos-para-2023\/#primaryimage\",\"url\":\"https:\/\/portalmf.com.br\/wp-content\/uploads\/2022\/12\/WhatsApp-Image-2022-12-28-at-12.37.22.jpeg\",\"contentUrl\":\"https:\/\/portalmf.com.br\/wp-content\/uploads\/2022\/12\/WhatsApp-Image-2022-12-28-at-12.37.22.jpeg\",\"width\":1280,\"height\":853},{\"@type\":\"BreadcrumbList\",\"@id\":\"https:\/\/portalmf.com.br\/index.php\/2022\/12\/28\/modelo-e-atriz-mirim-lis-dorea-avalia-2022-positivamente-e-traca-planos-para-2023\/#breadcrumb\",\"itemListElement\":[{\"@type\":\"ListItem\",\"position\":1,\"name\":\"In\u00edcio\",\"item\":\"https:\/\/portalmf.com.br\/\"},{\"@type\":\"ListItem\",\"position\":2,\"name\":\"Modelo e atriz mirim Lis D\u00f3rea avalia 2022 positivamente e tra\u00e7a planos para 2023\"}]},{\"@type\":\"WebSite\",\"@id\":\"https:\/\/portalmf.com.br\/#website\",\"url\":\"https:\/\/portalmf.com.br\/\",\"name\":\"Portal MF\",\"description\":\"Voc\u00ea conectado com a informa\u00e7\u00e3o\",\"potentialAction\":[{\"@type\":\"SearchAction\",\"target\":{\"@type\":\"EntryPoint\",\"urlTemplate\":\"https:\/\/portalmf.com.br\/?s={search_term_string}\"},\"query-input\":\"required name=search_term_string\"}],\"inLanguage\":\"pt-BR\"},{\"@type\":\"Person\",\"@id\":\"https:\/\/portalmf.com.br\/#\/schema\/person\/9ec101baf56233e53520c26de5d6f6f0\",\"name\":\"Reda\u00e7\u00e3o Portal MF\",\"image\":{\"@type\":\"ImageObject\",\"inLanguage\":\"pt-BR\",\"@id\":\"https:\/\/portalmf.com.br\/#\/schema\/person\/image\/\",\"url\":\"https:\/\/secure.gravatar.com\/avatar\/41b9aaeb2100835f7c64362330f74c7f?s=96&d=mm&r=g\",\"contentUrl\":\"https:\/\/secure.gravatar.com\/avatar\/41b9aaeb2100835f7c64362330f74c7f?s=96&d=mm&r=g\",\"caption\":\"Reda\u00e7\u00e3o Portal MF\"},\"description\":\"Sejam bem-vindos o portal de informa\u00e7\u00f5es de entretenimento de Feira de Santana, desde 2006 realiza coberturas dos principais eventos com entrevistas exclusivas com as principais personalidades mundiais. Fique conectado tamb\u00e9m nas redes sociais.\",\"sameAs\":[\"http:\/\/www.portalmf.com.br\/\",\"https:\/\/www.facebook.com\/portalmfoficial\",\"https:\/\/www.instagram.com\/portalmf\/\",\"https:\/\/x.com\/https:\/\/x.com\/portalmfoficial\",\"https:\/\/www.youtube.com\/@portalmfoficial\"],\"url\":\"https:\/\/portalmf.com.br\/index.php\/author\/junior\/\"}]}<\/script>\n<!-- \/ Yoast SEO plugin. -->","yoast_head_json":{"title":"Modelo e atriz mirim Lis D\u00f3rea avalia 2022 positivamente e tra\u00e7a planos para 2023 - Portal MF","robots":{"index":"index","follow":"follow","max-snippet":"max-snippet:-1","max-image-preview":"max-image-preview:large","max-video-preview":"max-video-preview:-1"},"canonical":"https:\/\/portalmf.com.br\/index.php\/2022\/12\/28\/modelo-e-atriz-mirim-lis-dorea-avalia-2022-positivamente-e-traca-planos-para-2023\/","og_locale":"pt_BR","og_type":"article","og_title":"Modelo e atriz mirim Lis D\u00f3rea avalia 2022 positivamente e tra\u00e7a planos para 2023 - Portal MF","og_description":"O m\u00eas de dezembro \u00e9 dedicado a um balan\u00e7o anual e novos planos para o ano que se inicia. Com a modelo e atriz mirim Lis D\u00f3rea, apesar de pouca idade, a tradi\u00e7\u00e3o n\u00e3o \u00e9 diferente: Lis considera que o ano de 2022 foi muito bom, teve muitos trabalhos e conseguiu ganhar seu pr\u00f3prio dinheiro. [&hellip;]","og_url":"https:\/\/portalmf.com.br\/index.php\/2022\/12\/28\/modelo-e-atriz-mirim-lis-dorea-avalia-2022-positivamente-e-traca-planos-para-2023\/","og_site_name":"Portal MF","article_author":"https:\/\/www.facebook.com\/portalmfoficial","article_published_time":"2022-12-28T20:24:01+00:00","article_modified_time":"2022-12-28T20:24:02+00:00","og_image":[{"width":1280,"height":853,"url":"https:\/\/portalmf.com.br\/wp-content\/uploads\/2022\/12\/WhatsApp-Image-2022-12-28-at-12.37.22.jpeg","type":"image\/jpeg"}],"author":"Reda\u00e7\u00e3o Portal MF","twitter_card":"summary_large_image","twitter_creator":"@https:\/\/x.com\/portalmfoficial","twitter_misc":{"Escrito por":"Reda\u00e7\u00e3o Portal MF","Est. tempo de leitura":"2 minutos"},"schema":{"@context":"https:\/\/schema.org","@graph":[{"@type":"WebPage","@id":"https:\/\/portalmf.com.br\/index.php\/2022\/12\/28\/modelo-e-atriz-mirim-lis-dorea-avalia-2022-positivamente-e-traca-planos-para-2023\/","url":"https:\/\/portalmf.com.br\/index.php\/2022\/12\/28\/modelo-e-atriz-mirim-lis-dorea-avalia-2022-positivamente-e-traca-planos-para-2023\/","name":"Modelo e atriz mirim Lis D\u00f3rea avalia 2022 positivamente e tra\u00e7a planos para 2023 - Portal MF","isPartOf":{"@id":"https:\/\/portalmf.com.br\/#website"},"primaryImageOfPage":{"@id":"https:\/\/portalmf.com.br\/index.php\/2022\/12\/28\/modelo-e-atriz-mirim-lis-dorea-avalia-2022-positivamente-e-traca-planos-para-2023\/#primaryimage"},"image":{"@id":"https:\/\/portalmf.com.br\/index.php\/2022\/12\/28\/modelo-e-atriz-mirim-lis-dorea-avalia-2022-positivamente-e-traca-planos-para-2023\/#primaryimage"},"thumbnailUrl":"https:\/\/portalmf.com.br\/wp-content\/uploads\/2022\/12\/WhatsApp-Image-2022-12-28-at-12.37.22.jpeg","datePublished":"2022-12-28T20:24:01+00:00","dateModified":"2022-12-28T20:24:02+00:00","author":{"@id":"https:\/\/portalmf.com.br\/#\/schema\/person\/9ec101baf56233e53520c26de5d6f6f0"},"breadcrumb":{"@id":"https:\/\/portalmf.com.br\/index.php\/2022\/12\/28\/modelo-e-atriz-mirim-lis-dorea-avalia-2022-positivamente-e-traca-planos-para-2023\/#breadcrumb"},"inLanguage":"pt-BR","potentialAction":[{"@type":"ReadAction","target":["https:\/\/portalmf.com.br\/index.php\/2022\/12\/28\/modelo-e-atriz-mirim-lis-dorea-avalia-2022-positivamente-e-traca-planos-para-2023\/"]}]},{"@type":"ImageObject","inLanguage":"pt-BR","@id":"https:\/\/portalmf.com.br\/index.php\/2022\/12\/28\/modelo-e-atriz-mirim-lis-dorea-avalia-2022-positivamente-e-traca-planos-para-2023\/#primaryimage","url":"https:\/\/portalmf.com.br\/wp-content\/uploads\/2022\/12\/WhatsApp-Image-2022-12-28-at-12.37.22.jpeg","contentUrl":"https:\/\/portalmf.com.br\/wp-content\/uploads\/2022\/12\/WhatsApp-Image-2022-12-28-at-12.37.22.jpeg","width":1280,"height":853},{"@type":"BreadcrumbList","@id":"https:\/\/portalmf.com.br\/index.php\/2022\/12\/28\/modelo-e-atriz-mirim-lis-dorea-avalia-2022-positivamente-e-traca-planos-para-2023\/#breadcrumb","itemListElement":[{"@type":"ListItem","position":1,"name":"In\u00edcio","item":"https:\/\/portalmf.com.br\/"},{"@type":"ListItem","position":2,"name":"Modelo e atriz mirim Lis D\u00f3rea avalia 2022 positivamente e tra\u00e7a planos para 2023"}]},{"@type":"WebSite","@id":"https:\/\/portalmf.com.br\/#website","url":"https:\/\/portalmf.com.br\/","name":"Portal MF","description":"Voc\u00ea conectado com a informa\u00e7\u00e3o","potentialAction":[{"@type":"SearchAction","target":{"@type":"EntryPoint","urlTemplate":"https:\/\/portalmf.com.br\/?s={search_term_string}"},"query-input":"required name=search_term_string"}],"inLanguage":"pt-BR"},{"@type":"Person","@id":"https:\/\/portalmf.com.br\/#\/schema\/person\/9ec101baf56233e53520c26de5d6f6f0","name":"Reda\u00e7\u00e3o Portal MF","image":{"@type":"ImageObject","inLanguage":"pt-BR","@id":"https:\/\/portalmf.com.br\/#\/schema\/person\/image\/","url":"https:\/\/secure.gravatar.com\/avatar\/41b9aaeb2100835f7c64362330f74c7f?s=96&d=mm&r=g","contentUrl":"https:\/\/secure.gravatar.com\/avatar\/41b9aaeb2100835f7c64362330f74c7f?s=96&d=mm&r=g","caption":"Reda\u00e7\u00e3o Portal MF"},"description":"Sejam bem-vindos o portal de informa\u00e7\u00f5es de entretenimento de Feira de Santana, desde 2006 realiza coberturas dos principais eventos com entrevistas exclusivas com as principais personalidades mundiais. Fique conectado tamb\u00e9m nas redes sociais.","sameAs":["http:\/\/www.portalmf.com.br\/","https:\/\/www.facebook.com\/portalmfoficial","https:\/\/www.instagram.com\/portalmf\/","https:\/\/x.com\/https:\/\/x.com\/portalmfoficial","https:\/\/www.youtube.com\/@portalmfoficial"],"url":"https:\/\/portalmf.com.br\/index.php\/author\/junior\/"}]}},"_links":{"self":[{"href":"https:\/\/portalmf.com.br\/index.php\/wp-json\/wp\/v2\/posts\/7301"}],"collection":[{"href":"https:\/\/portalmf.com.br\/index.php\/wp-json\/wp\/v2\/posts"}],"about":[{"href":"https:\/\/portalmf.com.br\/index.php\/wp-json\/wp\/v2\/types\/post"}],"author":[{"embeddable":true,"href":"https:\/\/portalmf.com.br\/index.php\/wp-json\/wp\/v2\/users\/3"}],"replies":[{"embeddable":true,"href":"https:\/\/portalmf.com.br\/index.php\/wp-json\/wp\/v2\/comments?post=7301"}],"version-history":[{"count":1,"href":"https:\/\/portalmf.com.br\/index.php\/wp-json\/wp\/v2\/posts\/7301\/revisions"}],"predecessor-version":[{"id":7303,"href":"https:\/\/portalmf.com.br\/index.php\/wp-json\/wp\/v2\/posts\/7301\/revisions\/7303"}],"wp:featuredmedia":[{"embeddable":true,"href":"https:\/\/portalmf.com.br\/index.php\/wp-json\/wp\/v2\/media\/7302"}],"wp:attachment":[{"href":"https:\/\/portalmf.com.br\/index.php\/wp-json\/wp\/v2\/media?parent=7301"}],"wp:term":[{"taxonomy":"category","embeddable":true,"href":"https:\/\/portalmf.com.br\/index.php\/wp-json\/wp\/v2\/categories?post=7301"},{"taxonomy":"post_tag","embeddable":true,"href":"https:\/\/portalmf.com.br\/index.php\/wp-json\/wp\/v2\/tags?post=7301"}],"curies":[{"name":"wp","href":"https:\/\/api.w.org\/{rel}","templated":true}]}}