{"id":7277,"date":"2022-12-27T09:34:00","date_gmt":"2022-12-27T12:34:00","guid":{"rendered":"https:\/\/portalmf.com.br\/?p=7277"},"modified":"2022-12-27T15:35:40","modified_gmt":"2022-12-27T18:35:40","slug":"diversas-atracoes-animar-reveillon-alem-do-carmo-na-casa-baluarte","status":"publish","type":"post","link":"https:\/\/portalmf.com.br\/index.php\/2022\/12\/27\/diversas-atracoes-animar-reveillon-alem-do-carmo-na-casa-baluarte\/","title":{"rendered":"Diversas atra\u00e7\u00f5es animar R\u00e9veillon Al\u00e9m do Carmo na Casa Baluarte"},"content":{"rendered":"\n<p>Para come\u00e7ar o ano em grande estilo, nada melhor do que um lugar com uma vista incr\u00edvel, muito charme e divers\u00e3o. Assim ser\u00e1 o R\u00e9veillon Al\u00e9m do Carmo 2023! O evento, que acontece na Casa Baluarte, no encantador bairro do Santo Ant\u00f4nio Al\u00e9m do Carmo, ter\u00e1 como atra\u00e7\u00f5es Luiz Caldas, Filhos de Jorge e Mudei de Nome (capitaneada por Ricardo Chaves, Ramon Cruz, Jonga Cunha e Magary Lord). <\/p>\n\n\n\n<p>O evento contar\u00e1 com uma mega estrutura, decora\u00e7\u00e3o especial, show pirot\u00e9cnico e muita divers\u00e3o! Com servi\u00e7o All Inclusive Premium, o card\u00e1pio ser\u00e1 assinado pelo Boi Preto Prime &#8211; uma das melhores churrascarias do pa\u00eds. J\u00e1 a carta de bebidas inclui Whisky Chivas 12 anos, Gin Beefeater e Vodka Absolut, energ\u00e9tico Monster Energy, cerveja Estrella Gal\u00edcia, espumante, refrigerante e \u00e1gua. <\/p>\n\n\n\n<p>A festa, que ser\u00e1 neste s\u00e1bado, dia 31 de dezembro, leva assinatura das produtoras Diva Entretenimento, GPN Eventos e L\u00edcia F\u00e1bio Produ\u00e7\u00f5es.<\/p>\n\n\n\n<p>As vendas ainda est\u00e3o abertas atrav\u00e9s da Ticket Maker (<a href=\"https:\/\/www.digita.com.br\/ticketmaker?ct=802&amp;cl=177\" rel=\"noreferrer noopener\" target=\"_blank\">https:\/\/www.digita.com.br\/ticketmaker?ct=802&amp;cl=177<\/a>) ou na loja da DIVA, no Piso L1 do Salvador Shopping.<\/p>\n","protected":false},"excerpt":{"rendered":"<p>Para come\u00e7ar o ano em grande estilo, nada melhor do que um lugar com uma vista incr\u00edvel, muito charme e divers\u00e3o. Assim ser\u00e1 o R\u00e9veillon Al\u00e9m do Carmo 2023! O evento, que acontece na Casa Baluarte, no encantador bairro do Santo Ant\u00f4nio Al\u00e9m do Carmo, ter\u00e1 como atra\u00e7\u00f5es Luiz Caldas, Filhos de Jorge e Mudei [&hellip;]<\/p>\n","protected":false},"author":3,"featured_media":7278,"comment_status":"open","ping_status":"open","sticky":false,"template":"","format":"standard","meta":{"_monsterinsights_skip_tracking":false,"_monsterinsights_sitenote_active":false,"_monsterinsights_sitenote_note":"","_monsterinsights_sitenote_category":0,"footnotes":""},"categories":[45],"tags":[],"yoast_head":"<!-- This site is optimized with the Yoast SEO plugin v22.9 - https:\/\/yoast.com\/wordpress\/plugins\/seo\/ -->\n<title>Diversas atra\u00e7\u00f5es animar R\u00e9veillon Al\u00e9m do Carmo na Casa Baluarte - Portal MF<\/title>\n<meta name=\"robots\" content=\"index, follow, max-snippet:-1, max-image-preview:large, max-video-preview:-1\" \/>\n<link rel=\"canonical\" href=\"https:\/\/portalmf.com.br\/index.php\/2022\/12\/27\/diversas-atracoes-animar-reveillon-alem-do-carmo-na-casa-baluarte\/\" \/>\n<meta property=\"og:locale\" content=\"pt_BR\" \/>\n<meta property=\"og:type\" content=\"article\" \/>\n<meta property=\"og:title\" content=\"Diversas atra\u00e7\u00f5es animar R\u00e9veillon Al\u00e9m do Carmo na Casa Baluarte - Portal MF\" \/>\n<meta property=\"og:description\" content=\"Para come\u00e7ar o ano em grande estilo, nada melhor do que um lugar com uma vista incr\u00edvel, muito charme e divers\u00e3o. Assim ser\u00e1 o R\u00e9veillon Al\u00e9m do Carmo 2023! O evento, que acontece na Casa Baluarte, no encantador bairro do Santo Ant\u00f4nio Al\u00e9m do Carmo, ter\u00e1 como atra\u00e7\u00f5es Luiz Caldas, Filhos de Jorge e Mudei [&hellip;]\" \/>\n<meta property=\"og:url\" content=\"https:\/\/portalmf.com.br\/index.php\/2022\/12\/27\/diversas-atracoes-animar-reveillon-alem-do-carmo-na-casa-baluarte\/\" \/>\n<meta property=\"og:site_name\" content=\"Portal MF\" \/>\n<meta property=\"article:author\" content=\"https:\/\/www.facebook.com\/portalmfoficial\" \/>\n<meta property=\"article:published_time\" content=\"2022-12-27T12:34:00+00:00\" \/>\n<meta property=\"article:modified_time\" content=\"2022-12-27T18:35:40+00:00\" \/>\n<meta property=\"og:image\" content=\"https:\/\/portalmf.com.br\/wp-content\/uploads\/2022\/12\/Filhos-de-Jorge_2022_DIV2.jpg\" \/>\n\t<meta property=\"og:image:width\" content=\"1080\" \/>\n\t<meta property=\"og:image:height\" content=\"1080\" \/>\n\t<meta property=\"og:image:type\" content=\"image\/jpeg\" \/>\n<meta name=\"author\" content=\"Reda\u00e7\u00e3o Portal MF\" \/>\n<meta name=\"twitter:card\" content=\"summary_large_image\" \/>\n<meta name=\"twitter:creator\" content=\"@https:\/\/x.com\/portalmfoficial\" \/>\n<meta name=\"twitter:label1\" content=\"Escrito por\" \/>\n\t<meta name=\"twitter:data1\" content=\"Reda\u00e7\u00e3o Portal MF\" \/>\n\t<meta name=\"twitter:label2\" content=\"Est. tempo de leitura\" \/>\n\t<meta name=\"twitter:data2\" content=\"1 minuto\" \/>\n<script type=\"application\/ld+json\" class=\"yoast-schema-graph\">{\"@context\":\"https:\/\/schema.org\",\"@graph\":[{\"@type\":\"WebPage\",\"@id\":\"https:\/\/portalmf.com.br\/index.php\/2022\/12\/27\/diversas-atracoes-animar-reveillon-alem-do-carmo-na-casa-baluarte\/\",\"url\":\"https:\/\/portalmf.com.br\/index.php\/2022\/12\/27\/diversas-atracoes-animar-reveillon-alem-do-carmo-na-casa-baluarte\/\",\"name\":\"Diversas atra\u00e7\u00f5es animar R\u00e9veillon Al\u00e9m do Carmo na Casa Baluarte - Portal MF\",\"isPartOf\":{\"@id\":\"https:\/\/portalmf.com.br\/#website\"},\"primaryImageOfPage\":{\"@id\":\"https:\/\/portalmf.com.br\/index.php\/2022\/12\/27\/diversas-atracoes-animar-reveillon-alem-do-carmo-na-casa-baluarte\/#primaryimage\"},\"image\":{\"@id\":\"https:\/\/portalmf.com.br\/index.php\/2022\/12\/27\/diversas-atracoes-animar-reveillon-alem-do-carmo-na-casa-baluarte\/#primaryimage\"},\"thumbnailUrl\":\"https:\/\/portalmf.com.br\/wp-content\/uploads\/2022\/12\/Filhos-de-Jorge_2022_DIV2.jpg\",\"datePublished\":\"2022-12-27T12:34:00+00:00\",\"dateModified\":\"2022-12-27T18:35:40+00:00\",\"author\":{\"@id\":\"https:\/\/portalmf.com.br\/#\/schema\/person\/9ec101baf56233e53520c26de5d6f6f0\"},\"breadcrumb\":{\"@id\":\"https:\/\/portalmf.com.br\/index.php\/2022\/12\/27\/diversas-atracoes-animar-reveillon-alem-do-carmo-na-casa-baluarte\/#breadcrumb\"},\"inLanguage\":\"pt-BR\",\"potentialAction\":[{\"@type\":\"ReadAction\",\"target\":[\"https:\/\/portalmf.com.br\/index.php\/2022\/12\/27\/diversas-atracoes-animar-reveillon-alem-do-carmo-na-casa-baluarte\/\"]}]},{\"@type\":\"ImageObject\",\"inLanguage\":\"pt-BR\",\"@id\":\"https:\/\/portalmf.com.br\/index.php\/2022\/12\/27\/diversas-atracoes-animar-reveillon-alem-do-carmo-na-casa-baluarte\/#primaryimage\",\"url\":\"https:\/\/portalmf.com.br\/wp-content\/uploads\/2022\/12\/Filhos-de-Jorge_2022_DIV2.jpg\",\"contentUrl\":\"https:\/\/portalmf.com.br\/wp-content\/uploads\/2022\/12\/Filhos-de-Jorge_2022_DIV2.jpg\",\"width\":1080,\"height\":1080},{\"@type\":\"BreadcrumbList\",\"@id\":\"https:\/\/portalmf.com.br\/index.php\/2022\/12\/27\/diversas-atracoes-animar-reveillon-alem-do-carmo-na-casa-baluarte\/#breadcrumb\",\"itemListElement\":[{\"@type\":\"ListItem\",\"position\":1,\"name\":\"In\u00edcio\",\"item\":\"https:\/\/portalmf.com.br\/\"},{\"@type\":\"ListItem\",\"position\":2,\"name\":\"Diversas atra\u00e7\u00f5es animar R\u00e9veillon Al\u00e9m do Carmo na Casa Baluarte\"}]},{\"@type\":\"WebSite\",\"@id\":\"https:\/\/portalmf.com.br\/#website\",\"url\":\"https:\/\/portalmf.com.br\/\",\"name\":\"Portal MF\",\"description\":\"Voc\u00ea conectado com a informa\u00e7\u00e3o\",\"potentialAction\":[{\"@type\":\"SearchAction\",\"target\":{\"@type\":\"EntryPoint\",\"urlTemplate\":\"https:\/\/portalmf.com.br\/?s={search_term_string}\"},\"query-input\":\"required name=search_term_string\"}],\"inLanguage\":\"pt-BR\"},{\"@type\":\"Person\",\"@id\":\"https:\/\/portalmf.com.br\/#\/schema\/person\/9ec101baf56233e53520c26de5d6f6f0\",\"name\":\"Reda\u00e7\u00e3o Portal MF\",\"image\":{\"@type\":\"ImageObject\",\"inLanguage\":\"pt-BR\",\"@id\":\"https:\/\/portalmf.com.br\/#\/schema\/person\/image\/\",\"url\":\"https:\/\/secure.gravatar.com\/avatar\/41b9aaeb2100835f7c64362330f74c7f?s=96&d=mm&r=g\",\"contentUrl\":\"https:\/\/secure.gravatar.com\/avatar\/41b9aaeb2100835f7c64362330f74c7f?s=96&d=mm&r=g\",\"caption\":\"Reda\u00e7\u00e3o Portal MF\"},\"description\":\"Sejam bem-vindos o portal de informa\u00e7\u00f5es de entretenimento de Feira de Santana, desde 2006 realiza coberturas dos principais eventos com entrevistas exclusivas com as principais personalidades mundiais. Fique conectado tamb\u00e9m nas redes sociais.\",\"sameAs\":[\"http:\/\/www.portalmf.com.br\/\",\"https:\/\/www.facebook.com\/portalmfoficial\",\"https:\/\/www.instagram.com\/portalmf\/\",\"https:\/\/x.com\/https:\/\/x.com\/portalmfoficial\",\"https:\/\/www.youtube.com\/@portalmfoficial\"],\"url\":\"https:\/\/portalmf.com.br\/index.php\/author\/junior\/\"}]}<\/script>\n<!-- \/ Yoast SEO plugin. -->","yoast_head_json":{"title":"Diversas atra\u00e7\u00f5es animar R\u00e9veillon Al\u00e9m do Carmo na Casa Baluarte - Portal MF","robots":{"index":"index","follow":"follow","max-snippet":"max-snippet:-1","max-image-preview":"max-image-preview:large","max-video-preview":"max-video-preview:-1"},"canonical":"https:\/\/portalmf.com.br\/index.php\/2022\/12\/27\/diversas-atracoes-animar-reveillon-alem-do-carmo-na-casa-baluarte\/","og_locale":"pt_BR","og_type":"article","og_title":"Diversas atra\u00e7\u00f5es animar R\u00e9veillon Al\u00e9m do Carmo na Casa Baluarte - Portal MF","og_description":"Para come\u00e7ar o ano em grande estilo, nada melhor do que um lugar com uma vista incr\u00edvel, muito charme e divers\u00e3o. Assim ser\u00e1 o R\u00e9veillon Al\u00e9m do Carmo 2023! O evento, que acontece na Casa Baluarte, no encantador bairro do Santo Ant\u00f4nio Al\u00e9m do Carmo, ter\u00e1 como atra\u00e7\u00f5es Luiz Caldas, Filhos de Jorge e Mudei [&hellip;]","og_url":"https:\/\/portalmf.com.br\/index.php\/2022\/12\/27\/diversas-atracoes-animar-reveillon-alem-do-carmo-na-casa-baluarte\/","og_site_name":"Portal MF","article_author":"https:\/\/www.facebook.com\/portalmfoficial","article_published_time":"2022-12-27T12:34:00+00:00","article_modified_time":"2022-12-27T18:35:40+00:00","og_image":[{"width":1080,"height":1080,"url":"https:\/\/portalmf.com.br\/wp-content\/uploads\/2022\/12\/Filhos-de-Jorge_2022_DIV2.jpg","type":"image\/jpeg"}],"author":"Reda\u00e7\u00e3o Portal MF","twitter_card":"summary_large_image","twitter_creator":"@https:\/\/x.com\/portalmfoficial","twitter_misc":{"Escrito por":"Reda\u00e7\u00e3o Portal MF","Est. tempo de leitura":"1 minuto"},"schema":{"@context":"https:\/\/schema.org","@graph":[{"@type":"WebPage","@id":"https:\/\/portalmf.com.br\/index.php\/2022\/12\/27\/diversas-atracoes-animar-reveillon-alem-do-carmo-na-casa-baluarte\/","url":"https:\/\/portalmf.com.br\/index.php\/2022\/12\/27\/diversas-atracoes-animar-reveillon-alem-do-carmo-na-casa-baluarte\/","name":"Diversas atra\u00e7\u00f5es animar R\u00e9veillon Al\u00e9m do Carmo na Casa Baluarte - Portal MF","isPartOf":{"@id":"https:\/\/portalmf.com.br\/#website"},"primaryImageOfPage":{"@id":"https:\/\/portalmf.com.br\/index.php\/2022\/12\/27\/diversas-atracoes-animar-reveillon-alem-do-carmo-na-casa-baluarte\/#primaryimage"},"image":{"@id":"https:\/\/portalmf.com.br\/index.php\/2022\/12\/27\/diversas-atracoes-animar-reveillon-alem-do-carmo-na-casa-baluarte\/#primaryimage"},"thumbnailUrl":"https:\/\/portalmf.com.br\/wp-content\/uploads\/2022\/12\/Filhos-de-Jorge_2022_DIV2.jpg","datePublished":"2022-12-27T12:34:00+00:00","dateModified":"2022-12-27T18:35:40+00:00","author":{"@id":"https:\/\/portalmf.com.br\/#\/schema\/person\/9ec101baf56233e53520c26de5d6f6f0"},"breadcrumb":{"@id":"https:\/\/portalmf.com.br\/index.php\/2022\/12\/27\/diversas-atracoes-animar-reveillon-alem-do-carmo-na-casa-baluarte\/#breadcrumb"},"inLanguage":"pt-BR","potentialAction":[{"@type":"ReadAction","target":["https:\/\/portalmf.com.br\/index.php\/2022\/12\/27\/diversas-atracoes-animar-reveillon-alem-do-carmo-na-casa-baluarte\/"]}]},{"@type":"ImageObject","inLanguage":"pt-BR","@id":"https:\/\/portalmf.com.br\/index.php\/2022\/12\/27\/diversas-atracoes-animar-reveillon-alem-do-carmo-na-casa-baluarte\/#primaryimage","url":"https:\/\/portalmf.com.br\/wp-content\/uploads\/2022\/12\/Filhos-de-Jorge_2022_DIV2.jpg","contentUrl":"https:\/\/portalmf.com.br\/wp-content\/uploads\/2022\/12\/Filhos-de-Jorge_2022_DIV2.jpg","width":1080,"height":1080},{"@type":"BreadcrumbList","@id":"https:\/\/portalmf.com.br\/index.php\/2022\/12\/27\/diversas-atracoes-animar-reveillon-alem-do-carmo-na-casa-baluarte\/#breadcrumb","itemListElement":[{"@type":"ListItem","position":1,"name":"In\u00edcio","item":"https:\/\/portalmf.com.br\/"},{"@type":"ListItem","position":2,"name":"Diversas atra\u00e7\u00f5es animar R\u00e9veillon Al\u00e9m do Carmo na Casa Baluarte"}]},{"@type":"WebSite","@id":"https:\/\/portalmf.com.br\/#website","url":"https:\/\/portalmf.com.br\/","name":"Portal MF","description":"Voc\u00ea conectado com a informa\u00e7\u00e3o","potentialAction":[{"@type":"SearchAction","target":{"@type":"EntryPoint","urlTemplate":"https:\/\/portalmf.com.br\/?s={search_term_string}"},"query-input":"required name=search_term_string"}],"inLanguage":"pt-BR"},{"@type":"Person","@id":"https:\/\/portalmf.com.br\/#\/schema\/person\/9ec101baf56233e53520c26de5d6f6f0","name":"Reda\u00e7\u00e3o Portal MF","image":{"@type":"ImageObject","inLanguage":"pt-BR","@id":"https:\/\/portalmf.com.br\/#\/schema\/person\/image\/","url":"https:\/\/secure.gravatar.com\/avatar\/41b9aaeb2100835f7c64362330f74c7f?s=96&d=mm&r=g","contentUrl":"https:\/\/secure.gravatar.com\/avatar\/41b9aaeb2100835f7c64362330f74c7f?s=96&d=mm&r=g","caption":"Reda\u00e7\u00e3o Portal MF"},"description":"Sejam bem-vindos o portal de informa\u00e7\u00f5es de entretenimento de Feira de Santana, desde 2006 realiza coberturas dos principais eventos com entrevistas exclusivas com as principais personalidades mundiais. Fique conectado tamb\u00e9m nas redes sociais.","sameAs":["http:\/\/www.portalmf.com.br\/","https:\/\/www.facebook.com\/portalmfoficial","https:\/\/www.instagram.com\/portalmf\/","https:\/\/x.com\/https:\/\/x.com\/portalmfoficial","https:\/\/www.youtube.com\/@portalmfoficial"],"url":"https:\/\/portalmf.com.br\/index.php\/author\/junior\/"}]}},"_links":{"self":[{"href":"https:\/\/portalmf.com.br\/index.php\/wp-json\/wp\/v2\/posts\/7277"}],"collection":[{"href":"https:\/\/portalmf.com.br\/index.php\/wp-json\/wp\/v2\/posts"}],"about":[{"href":"https:\/\/portalmf.com.br\/index.php\/wp-json\/wp\/v2\/types\/post"}],"author":[{"embeddable":true,"href":"https:\/\/portalmf.com.br\/index.php\/wp-json\/wp\/v2\/users\/3"}],"replies":[{"embeddable":true,"href":"https:\/\/portalmf.com.br\/index.php\/wp-json\/wp\/v2\/comments?post=7277"}],"version-history":[{"count":1,"href":"https:\/\/portalmf.com.br\/index.php\/wp-json\/wp\/v2\/posts\/7277\/revisions"}],"predecessor-version":[{"id":7279,"href":"https:\/\/portalmf.com.br\/index.php\/wp-json\/wp\/v2\/posts\/7277\/revisions\/7279"}],"wp:featuredmedia":[{"embeddable":true,"href":"https:\/\/portalmf.com.br\/index.php\/wp-json\/wp\/v2\/media\/7278"}],"wp:attachment":[{"href":"https:\/\/portalmf.com.br\/index.php\/wp-json\/wp\/v2\/media?parent=7277"}],"wp:term":[{"taxonomy":"category","embeddable":true,"href":"https:\/\/portalmf.com.br\/index.php\/wp-json\/wp\/v2\/categories?post=7277"},{"taxonomy":"post_tag","embeddable":true,"href":"https:\/\/portalmf.com.br\/index.php\/wp-json\/wp\/v2\/tags?post=7277"}],"curies":[{"name":"wp","href":"https:\/\/api.w.org\/{rel}","templated":true}]}}