{"id":7274,"date":"2022-12-27T15:33:38","date_gmt":"2022-12-27T18:33:38","guid":{"rendered":"https:\/\/portalmf.com.br\/?p=7274"},"modified":"2022-12-27T15:33:39","modified_gmt":"2022-12-27T18:33:39","slug":"andre-e-mauro-comandam-festa-na-praia-do-flamengo-e-farao-show-da-virada-em-guanambi","status":"publish","type":"post","link":"https:\/\/portalmf.com.br\/index.php\/2022\/12\/27\/andre-e-mauro-comandam-festa-na-praia-do-flamengo-e-farao-show-da-virada-em-guanambi\/","title":{"rendered":"Andr\u00e9 e Mauro comandam festa na Praia do Flamengo e far\u00e3o show da virada em Guanambi"},"content":{"rendered":"\n<p>Na prepara\u00e7\u00e3o para fechar 2022 com chave de ouro, a dupla Andr\u00e9 e Mauro segue com uma agenda para l\u00e1 de movimentada. Nesta segunda-feira, 26 de dezembro, os cantores se apresentam no Pipa Beach Club, na Praia do Flamengo, em Salvador. <\/p>\n\n\n\n<p>O repert\u00f3rio para o show ser\u00e1 marcado por sucessos do piseiro e do sertanejo atual, al\u00e9m de muitas can\u00e7\u00f5es autorais. <\/p>\n\n\n\n<p>E embalada pelo clima de fim de ano, no s\u00e1bado, dia 31, a dupla se apresenta na cidade de Guanambi, cidade do sudoeste baiano, onde comandar\u00e1 a grande virada na festa \u201cSeu R\u00e9veillon in Vegas\u201d, que acontece no Clube de Campo. Com certeza 2023 vir\u00e1 a todo vapor!<\/p>\n","protected":false},"excerpt":{"rendered":"<p>Na prepara\u00e7\u00e3o para fechar 2022 com chave de ouro, a dupla Andr\u00e9 e Mauro segue com uma agenda para l\u00e1 de movimentada. Nesta segunda-feira, 26 de dezembro, os cantores se apresentam no Pipa Beach Club, na Praia do Flamengo, em Salvador. O repert\u00f3rio para o show ser\u00e1 marcado por sucessos do piseiro e do sertanejo [&hellip;]<\/p>\n","protected":false},"author":3,"featured_media":7275,"comment_status":"open","ping_status":"open","sticky":false,"template":"","format":"standard","meta":{"_monsterinsights_skip_tracking":false,"_monsterinsights_sitenote_active":false,"_monsterinsights_sitenote_note":"","_monsterinsights_sitenote_category":0,"footnotes":""},"categories":[36],"tags":[],"yoast_head":"<!-- This site is optimized with the Yoast SEO plugin v22.9 - https:\/\/yoast.com\/wordpress\/plugins\/seo\/ -->\n<title>Andr\u00e9 e Mauro comandam festa na Praia do Flamengo e far\u00e3o show da virada em Guanambi - Portal MF<\/title>\n<meta name=\"robots\" content=\"index, follow, max-snippet:-1, max-image-preview:large, max-video-preview:-1\" \/>\n<link rel=\"canonical\" href=\"https:\/\/portalmf.com.br\/index.php\/2022\/12\/27\/andre-e-mauro-comandam-festa-na-praia-do-flamengo-e-farao-show-da-virada-em-guanambi\/\" \/>\n<meta property=\"og:locale\" content=\"pt_BR\" \/>\n<meta property=\"og:type\" content=\"article\" \/>\n<meta property=\"og:title\" content=\"Andr\u00e9 e Mauro comandam festa na Praia do Flamengo e far\u00e3o show da virada em Guanambi - Portal MF\" \/>\n<meta property=\"og:description\" content=\"Na prepara\u00e7\u00e3o para fechar 2022 com chave de ouro, a dupla Andr\u00e9 e Mauro segue com uma agenda para l\u00e1 de movimentada. Nesta segunda-feira, 26 de dezembro, os cantores se apresentam no Pipa Beach Club, na Praia do Flamengo, em Salvador. O repert\u00f3rio para o show ser\u00e1 marcado por sucessos do piseiro e do sertanejo [&hellip;]\" \/>\n<meta property=\"og:url\" content=\"https:\/\/portalmf.com.br\/index.php\/2022\/12\/27\/andre-e-mauro-comandam-festa-na-praia-do-flamengo-e-farao-show-da-virada-em-guanambi\/\" \/>\n<meta property=\"og:site_name\" content=\"Portal MF\" \/>\n<meta property=\"article:author\" content=\"https:\/\/www.facebook.com\/portalmfoficial\" \/>\n<meta property=\"article:published_time\" content=\"2022-12-27T18:33:38+00:00\" \/>\n<meta property=\"article:modified_time\" content=\"2022-12-27T18:33:39+00:00\" \/>\n<meta property=\"og:image\" content=\"https:\/\/portalmf.com.br\/wp-content\/uploads\/2022\/12\/Andre-e-Mauro_2022.jpeg\" \/>\n\t<meta property=\"og:image:width\" content=\"1280\" \/>\n\t<meta property=\"og:image:height\" content=\"853\" \/>\n\t<meta property=\"og:image:type\" content=\"image\/jpeg\" \/>\n<meta name=\"author\" content=\"Reda\u00e7\u00e3o Portal MF\" \/>\n<meta name=\"twitter:card\" content=\"summary_large_image\" \/>\n<meta name=\"twitter:creator\" content=\"@https:\/\/x.com\/portalmfoficial\" \/>\n<meta name=\"twitter:label1\" content=\"Escrito por\" \/>\n\t<meta name=\"twitter:data1\" content=\"Reda\u00e7\u00e3o Portal MF\" \/>\n\t<meta name=\"twitter:label2\" content=\"Est. tempo de leitura\" \/>\n\t<meta name=\"twitter:data2\" content=\"1 minuto\" \/>\n<script type=\"application\/ld+json\" class=\"yoast-schema-graph\">{\"@context\":\"https:\/\/schema.org\",\"@graph\":[{\"@type\":\"WebPage\",\"@id\":\"https:\/\/portalmf.com.br\/index.php\/2022\/12\/27\/andre-e-mauro-comandam-festa-na-praia-do-flamengo-e-farao-show-da-virada-em-guanambi\/\",\"url\":\"https:\/\/portalmf.com.br\/index.php\/2022\/12\/27\/andre-e-mauro-comandam-festa-na-praia-do-flamengo-e-farao-show-da-virada-em-guanambi\/\",\"name\":\"Andr\u00e9 e Mauro comandam festa na Praia do Flamengo e far\u00e3o show da virada em Guanambi - Portal MF\",\"isPartOf\":{\"@id\":\"https:\/\/portalmf.com.br\/#website\"},\"primaryImageOfPage\":{\"@id\":\"https:\/\/portalmf.com.br\/index.php\/2022\/12\/27\/andre-e-mauro-comandam-festa-na-praia-do-flamengo-e-farao-show-da-virada-em-guanambi\/#primaryimage\"},\"image\":{\"@id\":\"https:\/\/portalmf.com.br\/index.php\/2022\/12\/27\/andre-e-mauro-comandam-festa-na-praia-do-flamengo-e-farao-show-da-virada-em-guanambi\/#primaryimage\"},\"thumbnailUrl\":\"https:\/\/portalmf.com.br\/wp-content\/uploads\/2022\/12\/Andre-e-Mauro_2022.jpeg\",\"datePublished\":\"2022-12-27T18:33:38+00:00\",\"dateModified\":\"2022-12-27T18:33:39+00:00\",\"author\":{\"@id\":\"https:\/\/portalmf.com.br\/#\/schema\/person\/9ec101baf56233e53520c26de5d6f6f0\"},\"breadcrumb\":{\"@id\":\"https:\/\/portalmf.com.br\/index.php\/2022\/12\/27\/andre-e-mauro-comandam-festa-na-praia-do-flamengo-e-farao-show-da-virada-em-guanambi\/#breadcrumb\"},\"inLanguage\":\"pt-BR\",\"potentialAction\":[{\"@type\":\"ReadAction\",\"target\":[\"https:\/\/portalmf.com.br\/index.php\/2022\/12\/27\/andre-e-mauro-comandam-festa-na-praia-do-flamengo-e-farao-show-da-virada-em-guanambi\/\"]}]},{\"@type\":\"ImageObject\",\"inLanguage\":\"pt-BR\",\"@id\":\"https:\/\/portalmf.com.br\/index.php\/2022\/12\/27\/andre-e-mauro-comandam-festa-na-praia-do-flamengo-e-farao-show-da-virada-em-guanambi\/#primaryimage\",\"url\":\"https:\/\/portalmf.com.br\/wp-content\/uploads\/2022\/12\/Andre-e-Mauro_2022.jpeg\",\"contentUrl\":\"https:\/\/portalmf.com.br\/wp-content\/uploads\/2022\/12\/Andre-e-Mauro_2022.jpeg\",\"width\":1280,\"height\":853},{\"@type\":\"BreadcrumbList\",\"@id\":\"https:\/\/portalmf.com.br\/index.php\/2022\/12\/27\/andre-e-mauro-comandam-festa-na-praia-do-flamengo-e-farao-show-da-virada-em-guanambi\/#breadcrumb\",\"itemListElement\":[{\"@type\":\"ListItem\",\"position\":1,\"name\":\"In\u00edcio\",\"item\":\"https:\/\/portalmf.com.br\/\"},{\"@type\":\"ListItem\",\"position\":2,\"name\":\"Andr\u00e9 e Mauro comandam festa na Praia do Flamengo e far\u00e3o show da virada em Guanambi\"}]},{\"@type\":\"WebSite\",\"@id\":\"https:\/\/portalmf.com.br\/#website\",\"url\":\"https:\/\/portalmf.com.br\/\",\"name\":\"Portal MF\",\"description\":\"Voc\u00ea conectado com a informa\u00e7\u00e3o\",\"potentialAction\":[{\"@type\":\"SearchAction\",\"target\":{\"@type\":\"EntryPoint\",\"urlTemplate\":\"https:\/\/portalmf.com.br\/?s={search_term_string}\"},\"query-input\":\"required name=search_term_string\"}],\"inLanguage\":\"pt-BR\"},{\"@type\":\"Person\",\"@id\":\"https:\/\/portalmf.com.br\/#\/schema\/person\/9ec101baf56233e53520c26de5d6f6f0\",\"name\":\"Reda\u00e7\u00e3o Portal MF\",\"image\":{\"@type\":\"ImageObject\",\"inLanguage\":\"pt-BR\",\"@id\":\"https:\/\/portalmf.com.br\/#\/schema\/person\/image\/\",\"url\":\"https:\/\/secure.gravatar.com\/avatar\/41b9aaeb2100835f7c64362330f74c7f?s=96&d=mm&r=g\",\"contentUrl\":\"https:\/\/secure.gravatar.com\/avatar\/41b9aaeb2100835f7c64362330f74c7f?s=96&d=mm&r=g\",\"caption\":\"Reda\u00e7\u00e3o Portal MF\"},\"description\":\"Sejam bem-vindos o portal de informa\u00e7\u00f5es de entretenimento de Feira de Santana, desde 2006 realiza coberturas dos principais eventos com entrevistas exclusivas com as principais personalidades mundiais. Fique conectado tamb\u00e9m nas redes sociais.\",\"sameAs\":[\"http:\/\/www.portalmf.com.br\/\",\"https:\/\/www.facebook.com\/portalmfoficial\",\"https:\/\/www.instagram.com\/portalmf\/\",\"https:\/\/x.com\/https:\/\/x.com\/portalmfoficial\",\"https:\/\/www.youtube.com\/@portalmfoficial\"],\"url\":\"https:\/\/portalmf.com.br\/index.php\/author\/junior\/\"}]}<\/script>\n<!-- \/ Yoast SEO plugin. -->","yoast_head_json":{"title":"Andr\u00e9 e Mauro comandam festa na Praia do Flamengo e far\u00e3o show da virada em Guanambi - Portal MF","robots":{"index":"index","follow":"follow","max-snippet":"max-snippet:-1","max-image-preview":"max-image-preview:large","max-video-preview":"max-video-preview:-1"},"canonical":"https:\/\/portalmf.com.br\/index.php\/2022\/12\/27\/andre-e-mauro-comandam-festa-na-praia-do-flamengo-e-farao-show-da-virada-em-guanambi\/","og_locale":"pt_BR","og_type":"article","og_title":"Andr\u00e9 e Mauro comandam festa na Praia do Flamengo e far\u00e3o show da virada em Guanambi - Portal MF","og_description":"Na prepara\u00e7\u00e3o para fechar 2022 com chave de ouro, a dupla Andr\u00e9 e Mauro segue com uma agenda para l\u00e1 de movimentada. Nesta segunda-feira, 26 de dezembro, os cantores se apresentam no Pipa Beach Club, na Praia do Flamengo, em Salvador. O repert\u00f3rio para o show ser\u00e1 marcado por sucessos do piseiro e do sertanejo [&hellip;]","og_url":"https:\/\/portalmf.com.br\/index.php\/2022\/12\/27\/andre-e-mauro-comandam-festa-na-praia-do-flamengo-e-farao-show-da-virada-em-guanambi\/","og_site_name":"Portal MF","article_author":"https:\/\/www.facebook.com\/portalmfoficial","article_published_time":"2022-12-27T18:33:38+00:00","article_modified_time":"2022-12-27T18:33:39+00:00","og_image":[{"width":1280,"height":853,"url":"https:\/\/portalmf.com.br\/wp-content\/uploads\/2022\/12\/Andre-e-Mauro_2022.jpeg","type":"image\/jpeg"}],"author":"Reda\u00e7\u00e3o Portal MF","twitter_card":"summary_large_image","twitter_creator":"@https:\/\/x.com\/portalmfoficial","twitter_misc":{"Escrito por":"Reda\u00e7\u00e3o Portal MF","Est. tempo de leitura":"1 minuto"},"schema":{"@context":"https:\/\/schema.org","@graph":[{"@type":"WebPage","@id":"https:\/\/portalmf.com.br\/index.php\/2022\/12\/27\/andre-e-mauro-comandam-festa-na-praia-do-flamengo-e-farao-show-da-virada-em-guanambi\/","url":"https:\/\/portalmf.com.br\/index.php\/2022\/12\/27\/andre-e-mauro-comandam-festa-na-praia-do-flamengo-e-farao-show-da-virada-em-guanambi\/","name":"Andr\u00e9 e Mauro comandam festa na Praia do Flamengo e far\u00e3o show da virada em Guanambi - Portal MF","isPartOf":{"@id":"https:\/\/portalmf.com.br\/#website"},"primaryImageOfPage":{"@id":"https:\/\/portalmf.com.br\/index.php\/2022\/12\/27\/andre-e-mauro-comandam-festa-na-praia-do-flamengo-e-farao-show-da-virada-em-guanambi\/#primaryimage"},"image":{"@id":"https:\/\/portalmf.com.br\/index.php\/2022\/12\/27\/andre-e-mauro-comandam-festa-na-praia-do-flamengo-e-farao-show-da-virada-em-guanambi\/#primaryimage"},"thumbnailUrl":"https:\/\/portalmf.com.br\/wp-content\/uploads\/2022\/12\/Andre-e-Mauro_2022.jpeg","datePublished":"2022-12-27T18:33:38+00:00","dateModified":"2022-12-27T18:33:39+00:00","author":{"@id":"https:\/\/portalmf.com.br\/#\/schema\/person\/9ec101baf56233e53520c26de5d6f6f0"},"breadcrumb":{"@id":"https:\/\/portalmf.com.br\/index.php\/2022\/12\/27\/andre-e-mauro-comandam-festa-na-praia-do-flamengo-e-farao-show-da-virada-em-guanambi\/#breadcrumb"},"inLanguage":"pt-BR","potentialAction":[{"@type":"ReadAction","target":["https:\/\/portalmf.com.br\/index.php\/2022\/12\/27\/andre-e-mauro-comandam-festa-na-praia-do-flamengo-e-farao-show-da-virada-em-guanambi\/"]}]},{"@type":"ImageObject","inLanguage":"pt-BR","@id":"https:\/\/portalmf.com.br\/index.php\/2022\/12\/27\/andre-e-mauro-comandam-festa-na-praia-do-flamengo-e-farao-show-da-virada-em-guanambi\/#primaryimage","url":"https:\/\/portalmf.com.br\/wp-content\/uploads\/2022\/12\/Andre-e-Mauro_2022.jpeg","contentUrl":"https:\/\/portalmf.com.br\/wp-content\/uploads\/2022\/12\/Andre-e-Mauro_2022.jpeg","width":1280,"height":853},{"@type":"BreadcrumbList","@id":"https:\/\/portalmf.com.br\/index.php\/2022\/12\/27\/andre-e-mauro-comandam-festa-na-praia-do-flamengo-e-farao-show-da-virada-em-guanambi\/#breadcrumb","itemListElement":[{"@type":"ListItem","position":1,"name":"In\u00edcio","item":"https:\/\/portalmf.com.br\/"},{"@type":"ListItem","position":2,"name":"Andr\u00e9 e Mauro comandam festa na Praia do Flamengo e far\u00e3o show da virada em Guanambi"}]},{"@type":"WebSite","@id":"https:\/\/portalmf.com.br\/#website","url":"https:\/\/portalmf.com.br\/","name":"Portal MF","description":"Voc\u00ea conectado com a informa\u00e7\u00e3o","potentialAction":[{"@type":"SearchAction","target":{"@type":"EntryPoint","urlTemplate":"https:\/\/portalmf.com.br\/?s={search_term_string}"},"query-input":"required name=search_term_string"}],"inLanguage":"pt-BR"},{"@type":"Person","@id":"https:\/\/portalmf.com.br\/#\/schema\/person\/9ec101baf56233e53520c26de5d6f6f0","name":"Reda\u00e7\u00e3o Portal MF","image":{"@type":"ImageObject","inLanguage":"pt-BR","@id":"https:\/\/portalmf.com.br\/#\/schema\/person\/image\/","url":"https:\/\/secure.gravatar.com\/avatar\/41b9aaeb2100835f7c64362330f74c7f?s=96&d=mm&r=g","contentUrl":"https:\/\/secure.gravatar.com\/avatar\/41b9aaeb2100835f7c64362330f74c7f?s=96&d=mm&r=g","caption":"Reda\u00e7\u00e3o Portal MF"},"description":"Sejam bem-vindos o portal de informa\u00e7\u00f5es de entretenimento de Feira de Santana, desde 2006 realiza coberturas dos principais eventos com entrevistas exclusivas com as principais personalidades mundiais. Fique conectado tamb\u00e9m nas redes sociais.","sameAs":["http:\/\/www.portalmf.com.br\/","https:\/\/www.facebook.com\/portalmfoficial","https:\/\/www.instagram.com\/portalmf\/","https:\/\/x.com\/https:\/\/x.com\/portalmfoficial","https:\/\/www.youtube.com\/@portalmfoficial"],"url":"https:\/\/portalmf.com.br\/index.php\/author\/junior\/"}]}},"_links":{"self":[{"href":"https:\/\/portalmf.com.br\/index.php\/wp-json\/wp\/v2\/posts\/7274"}],"collection":[{"href":"https:\/\/portalmf.com.br\/index.php\/wp-json\/wp\/v2\/posts"}],"about":[{"href":"https:\/\/portalmf.com.br\/index.php\/wp-json\/wp\/v2\/types\/post"}],"author":[{"embeddable":true,"href":"https:\/\/portalmf.com.br\/index.php\/wp-json\/wp\/v2\/users\/3"}],"replies":[{"embeddable":true,"href":"https:\/\/portalmf.com.br\/index.php\/wp-json\/wp\/v2\/comments?post=7274"}],"version-history":[{"count":1,"href":"https:\/\/portalmf.com.br\/index.php\/wp-json\/wp\/v2\/posts\/7274\/revisions"}],"predecessor-version":[{"id":7276,"href":"https:\/\/portalmf.com.br\/index.php\/wp-json\/wp\/v2\/posts\/7274\/revisions\/7276"}],"wp:featuredmedia":[{"embeddable":true,"href":"https:\/\/portalmf.com.br\/index.php\/wp-json\/wp\/v2\/media\/7275"}],"wp:attachment":[{"href":"https:\/\/portalmf.com.br\/index.php\/wp-json\/wp\/v2\/media?parent=7274"}],"wp:term":[{"taxonomy":"category","embeddable":true,"href":"https:\/\/portalmf.com.br\/index.php\/wp-json\/wp\/v2\/categories?post=7274"},{"taxonomy":"post_tag","embeddable":true,"href":"https:\/\/portalmf.com.br\/index.php\/wp-json\/wp\/v2\/tags?post=7274"}],"curies":[{"name":"wp","href":"https:\/\/api.w.org\/{rel}","templated":true}]}}