{"id":7267,"date":"2022-12-27T15:26:37","date_gmt":"2022-12-27T18:26:37","guid":{"rendered":"https:\/\/portalmf.com.br\/?p=7267"},"modified":"2022-12-27T15:26:38","modified_gmt":"2022-12-27T18:26:38","slug":"viola-de-doze-comanda-a-festa-da-virada-em-aratuipe","status":"publish","type":"post","link":"https:\/\/portalmf.com.br\/index.php\/2022\/12\/27\/viola-de-doze-comanda-a-festa-da-virada-em-aratuipe\/","title":{"rendered":"<strong>Viola de Doze comanda a festa da virada em Aratu\u00edpe<\/strong>"},"content":{"rendered":"\n<p>O samba tradicional da banda Viola de Doze vai garantir muita anima\u00e7\u00e3o aos baianos nesta virada de ano. O grupo, que \u00e9 refer\u00eancia no cen\u00e1rio musical do samba de raiz, se apresenta neste s\u00e1bado, dia 31 de dezembro, no R\u00e9veillon 2023, do munic\u00edpio de Aratu\u00edpe. <\/p>\n\n\n\n<p>A apresenta\u00e7\u00e3o come\u00e7a a partir das 23 horas e o show ser\u00e1 em pra\u00e7a p\u00fablica. A banda promete levar muita divers\u00e3o e m\u00fasica boa para o p\u00fablico e, no show, os m\u00fasicos apresentam grandes sucessos desses 20 anos de carreira. <\/p>\n\n\n\n<p>Al\u00e9m disso, o setlist contar\u00e1 com m\u00fasicas do novo \u00e1lbum, intitulado \u201cVinte Anos, Olha n\u00f3s A\u00ed\u201d (<a href=\"https:\/\/lujonetwork.lnk.to\/imqAc84O\" target=\"_blank\" rel=\"noreferrer noopener\">https:\/\/lujonetwork.lnk.to\/imqAc84O<\/a>).<\/p>\n","protected":false},"excerpt":{"rendered":"<p>O samba tradicional da banda Viola de Doze vai garantir muita anima\u00e7\u00e3o aos baianos nesta virada de ano. O grupo, que \u00e9 refer\u00eancia no cen\u00e1rio musical do samba de raiz, se apresenta neste s\u00e1bado, dia 31 de dezembro, no R\u00e9veillon 2023, do munic\u00edpio de Aratu\u00edpe. A apresenta\u00e7\u00e3o come\u00e7a a partir das 23 horas e o [&hellip;]<\/p>\n","protected":false},"author":3,"featured_media":3781,"comment_status":"open","ping_status":"open","sticky":false,"template":"","format":"standard","meta":{"_monsterinsights_skip_tracking":false,"_monsterinsights_sitenote_active":false,"_monsterinsights_sitenote_note":"","_monsterinsights_sitenote_category":0,"footnotes":""},"categories":[36],"tags":[],"yoast_head":"<!-- This site is optimized with the Yoast SEO plugin v22.9 - https:\/\/yoast.com\/wordpress\/plugins\/seo\/ -->\n<title>Viola de Doze comanda a festa da virada em Aratu\u00edpe - Portal MF<\/title>\n<meta name=\"robots\" content=\"index, follow, max-snippet:-1, max-image-preview:large, max-video-preview:-1\" \/>\n<link rel=\"canonical\" href=\"https:\/\/portalmf.com.br\/index.php\/2022\/12\/27\/viola-de-doze-comanda-a-festa-da-virada-em-aratuipe\/\" \/>\n<meta property=\"og:locale\" content=\"pt_BR\" \/>\n<meta property=\"og:type\" content=\"article\" \/>\n<meta property=\"og:title\" content=\"Viola de Doze comanda a festa da virada em Aratu\u00edpe - Portal MF\" \/>\n<meta property=\"og:description\" content=\"O samba tradicional da banda Viola de Doze vai garantir muita anima\u00e7\u00e3o aos baianos nesta virada de ano. O grupo, que \u00e9 refer\u00eancia no cen\u00e1rio musical do samba de raiz, se apresenta neste s\u00e1bado, dia 31 de dezembro, no R\u00e9veillon 2023, do munic\u00edpio de Aratu\u00edpe. A apresenta\u00e7\u00e3o come\u00e7a a partir das 23 horas e o [&hellip;]\" \/>\n<meta property=\"og:url\" content=\"https:\/\/portalmf.com.br\/index.php\/2022\/12\/27\/viola-de-doze-comanda-a-festa-da-virada-em-aratuipe\/\" \/>\n<meta property=\"og:site_name\" content=\"Portal MF\" \/>\n<meta property=\"article:author\" content=\"https:\/\/www.facebook.com\/portalmfoficial\" \/>\n<meta property=\"article:published_time\" content=\"2022-12-27T18:26:37+00:00\" \/>\n<meta property=\"article:modified_time\" content=\"2022-12-27T18:26:38+00:00\" \/>\n<meta property=\"og:image\" content=\"https:\/\/portalmf.com.br\/wp-content\/uploads\/2022\/08\/VIOLA-DE-DOZE-1.jpeg\" \/>\n\t<meta property=\"og:image:width\" content=\"1024\" \/>\n\t<meta property=\"og:image:height\" content=\"682\" \/>\n\t<meta property=\"og:image:type\" content=\"image\/jpeg\" \/>\n<meta name=\"author\" content=\"Reda\u00e7\u00e3o Portal MF\" \/>\n<meta name=\"twitter:card\" content=\"summary_large_image\" \/>\n<meta name=\"twitter:creator\" content=\"@https:\/\/x.com\/portalmfoficial\" \/>\n<meta name=\"twitter:label1\" content=\"Escrito por\" \/>\n\t<meta name=\"twitter:data1\" content=\"Reda\u00e7\u00e3o Portal MF\" \/>\n\t<meta name=\"twitter:label2\" content=\"Est. tempo de leitura\" \/>\n\t<meta name=\"twitter:data2\" content=\"1 minuto\" \/>\n<script type=\"application\/ld+json\" class=\"yoast-schema-graph\">{\"@context\":\"https:\/\/schema.org\",\"@graph\":[{\"@type\":\"WebPage\",\"@id\":\"https:\/\/portalmf.com.br\/index.php\/2022\/12\/27\/viola-de-doze-comanda-a-festa-da-virada-em-aratuipe\/\",\"url\":\"https:\/\/portalmf.com.br\/index.php\/2022\/12\/27\/viola-de-doze-comanda-a-festa-da-virada-em-aratuipe\/\",\"name\":\"Viola de Doze comanda a festa da virada em Aratu\u00edpe - Portal MF\",\"isPartOf\":{\"@id\":\"https:\/\/portalmf.com.br\/#website\"},\"primaryImageOfPage\":{\"@id\":\"https:\/\/portalmf.com.br\/index.php\/2022\/12\/27\/viola-de-doze-comanda-a-festa-da-virada-em-aratuipe\/#primaryimage\"},\"image\":{\"@id\":\"https:\/\/portalmf.com.br\/index.php\/2022\/12\/27\/viola-de-doze-comanda-a-festa-da-virada-em-aratuipe\/#primaryimage\"},\"thumbnailUrl\":\"https:\/\/portalmf.com.br\/wp-content\/uploads\/2022\/08\/VIOLA-DE-DOZE-1.jpeg\",\"datePublished\":\"2022-12-27T18:26:37+00:00\",\"dateModified\":\"2022-12-27T18:26:38+00:00\",\"author\":{\"@id\":\"https:\/\/portalmf.com.br\/#\/schema\/person\/9ec101baf56233e53520c26de5d6f6f0\"},\"breadcrumb\":{\"@id\":\"https:\/\/portalmf.com.br\/index.php\/2022\/12\/27\/viola-de-doze-comanda-a-festa-da-virada-em-aratuipe\/#breadcrumb\"},\"inLanguage\":\"pt-BR\",\"potentialAction\":[{\"@type\":\"ReadAction\",\"target\":[\"https:\/\/portalmf.com.br\/index.php\/2022\/12\/27\/viola-de-doze-comanda-a-festa-da-virada-em-aratuipe\/\"]}]},{\"@type\":\"ImageObject\",\"inLanguage\":\"pt-BR\",\"@id\":\"https:\/\/portalmf.com.br\/index.php\/2022\/12\/27\/viola-de-doze-comanda-a-festa-da-virada-em-aratuipe\/#primaryimage\",\"url\":\"https:\/\/portalmf.com.br\/wp-content\/uploads\/2022\/08\/VIOLA-DE-DOZE-1.jpeg\",\"contentUrl\":\"https:\/\/portalmf.com.br\/wp-content\/uploads\/2022\/08\/VIOLA-DE-DOZE-1.jpeg\",\"width\":1024,\"height\":682},{\"@type\":\"BreadcrumbList\",\"@id\":\"https:\/\/portalmf.com.br\/index.php\/2022\/12\/27\/viola-de-doze-comanda-a-festa-da-virada-em-aratuipe\/#breadcrumb\",\"itemListElement\":[{\"@type\":\"ListItem\",\"position\":1,\"name\":\"In\u00edcio\",\"item\":\"https:\/\/portalmf.com.br\/\"},{\"@type\":\"ListItem\",\"position\":2,\"name\":\"Viola de Doze comanda a festa da virada em Aratu\u00edpe\"}]},{\"@type\":\"WebSite\",\"@id\":\"https:\/\/portalmf.com.br\/#website\",\"url\":\"https:\/\/portalmf.com.br\/\",\"name\":\"Portal MF\",\"description\":\"Voc\u00ea conectado com a informa\u00e7\u00e3o\",\"potentialAction\":[{\"@type\":\"SearchAction\",\"target\":{\"@type\":\"EntryPoint\",\"urlTemplate\":\"https:\/\/portalmf.com.br\/?s={search_term_string}\"},\"query-input\":\"required name=search_term_string\"}],\"inLanguage\":\"pt-BR\"},{\"@type\":\"Person\",\"@id\":\"https:\/\/portalmf.com.br\/#\/schema\/person\/9ec101baf56233e53520c26de5d6f6f0\",\"name\":\"Reda\u00e7\u00e3o Portal MF\",\"image\":{\"@type\":\"ImageObject\",\"inLanguage\":\"pt-BR\",\"@id\":\"https:\/\/portalmf.com.br\/#\/schema\/person\/image\/\",\"url\":\"https:\/\/secure.gravatar.com\/avatar\/41b9aaeb2100835f7c64362330f74c7f?s=96&d=mm&r=g\",\"contentUrl\":\"https:\/\/secure.gravatar.com\/avatar\/41b9aaeb2100835f7c64362330f74c7f?s=96&d=mm&r=g\",\"caption\":\"Reda\u00e7\u00e3o Portal MF\"},\"description\":\"Sejam bem-vindos o portal de informa\u00e7\u00f5es de entretenimento de Feira de Santana, desde 2006 realiza coberturas dos principais eventos com entrevistas exclusivas com as principais personalidades mundiais. Fique conectado tamb\u00e9m nas redes sociais.\",\"sameAs\":[\"http:\/\/www.portalmf.com.br\/\",\"https:\/\/www.facebook.com\/portalmfoficial\",\"https:\/\/www.instagram.com\/portalmf\/\",\"https:\/\/x.com\/https:\/\/x.com\/portalmfoficial\",\"https:\/\/www.youtube.com\/@portalmfoficial\"],\"url\":\"https:\/\/portalmf.com.br\/index.php\/author\/junior\/\"}]}<\/script>\n<!-- \/ Yoast SEO plugin. -->","yoast_head_json":{"title":"Viola de Doze comanda a festa da virada em Aratu\u00edpe - Portal MF","robots":{"index":"index","follow":"follow","max-snippet":"max-snippet:-1","max-image-preview":"max-image-preview:large","max-video-preview":"max-video-preview:-1"},"canonical":"https:\/\/portalmf.com.br\/index.php\/2022\/12\/27\/viola-de-doze-comanda-a-festa-da-virada-em-aratuipe\/","og_locale":"pt_BR","og_type":"article","og_title":"Viola de Doze comanda a festa da virada em Aratu\u00edpe - Portal MF","og_description":"O samba tradicional da banda Viola de Doze vai garantir muita anima\u00e7\u00e3o aos baianos nesta virada de ano. O grupo, que \u00e9 refer\u00eancia no cen\u00e1rio musical do samba de raiz, se apresenta neste s\u00e1bado, dia 31 de dezembro, no R\u00e9veillon 2023, do munic\u00edpio de Aratu\u00edpe. A apresenta\u00e7\u00e3o come\u00e7a a partir das 23 horas e o [&hellip;]","og_url":"https:\/\/portalmf.com.br\/index.php\/2022\/12\/27\/viola-de-doze-comanda-a-festa-da-virada-em-aratuipe\/","og_site_name":"Portal MF","article_author":"https:\/\/www.facebook.com\/portalmfoficial","article_published_time":"2022-12-27T18:26:37+00:00","article_modified_time":"2022-12-27T18:26:38+00:00","og_image":[{"width":1024,"height":682,"url":"https:\/\/portalmf.com.br\/wp-content\/uploads\/2022\/08\/VIOLA-DE-DOZE-1.jpeg","type":"image\/jpeg"}],"author":"Reda\u00e7\u00e3o Portal MF","twitter_card":"summary_large_image","twitter_creator":"@https:\/\/x.com\/portalmfoficial","twitter_misc":{"Escrito por":"Reda\u00e7\u00e3o Portal MF","Est. tempo de leitura":"1 minuto"},"schema":{"@context":"https:\/\/schema.org","@graph":[{"@type":"WebPage","@id":"https:\/\/portalmf.com.br\/index.php\/2022\/12\/27\/viola-de-doze-comanda-a-festa-da-virada-em-aratuipe\/","url":"https:\/\/portalmf.com.br\/index.php\/2022\/12\/27\/viola-de-doze-comanda-a-festa-da-virada-em-aratuipe\/","name":"Viola de Doze comanda a festa da virada em Aratu\u00edpe - Portal MF","isPartOf":{"@id":"https:\/\/portalmf.com.br\/#website"},"primaryImageOfPage":{"@id":"https:\/\/portalmf.com.br\/index.php\/2022\/12\/27\/viola-de-doze-comanda-a-festa-da-virada-em-aratuipe\/#primaryimage"},"image":{"@id":"https:\/\/portalmf.com.br\/index.php\/2022\/12\/27\/viola-de-doze-comanda-a-festa-da-virada-em-aratuipe\/#primaryimage"},"thumbnailUrl":"https:\/\/portalmf.com.br\/wp-content\/uploads\/2022\/08\/VIOLA-DE-DOZE-1.jpeg","datePublished":"2022-12-27T18:26:37+00:00","dateModified":"2022-12-27T18:26:38+00:00","author":{"@id":"https:\/\/portalmf.com.br\/#\/schema\/person\/9ec101baf56233e53520c26de5d6f6f0"},"breadcrumb":{"@id":"https:\/\/portalmf.com.br\/index.php\/2022\/12\/27\/viola-de-doze-comanda-a-festa-da-virada-em-aratuipe\/#breadcrumb"},"inLanguage":"pt-BR","potentialAction":[{"@type":"ReadAction","target":["https:\/\/portalmf.com.br\/index.php\/2022\/12\/27\/viola-de-doze-comanda-a-festa-da-virada-em-aratuipe\/"]}]},{"@type":"ImageObject","inLanguage":"pt-BR","@id":"https:\/\/portalmf.com.br\/index.php\/2022\/12\/27\/viola-de-doze-comanda-a-festa-da-virada-em-aratuipe\/#primaryimage","url":"https:\/\/portalmf.com.br\/wp-content\/uploads\/2022\/08\/VIOLA-DE-DOZE-1.jpeg","contentUrl":"https:\/\/portalmf.com.br\/wp-content\/uploads\/2022\/08\/VIOLA-DE-DOZE-1.jpeg","width":1024,"height":682},{"@type":"BreadcrumbList","@id":"https:\/\/portalmf.com.br\/index.php\/2022\/12\/27\/viola-de-doze-comanda-a-festa-da-virada-em-aratuipe\/#breadcrumb","itemListElement":[{"@type":"ListItem","position":1,"name":"In\u00edcio","item":"https:\/\/portalmf.com.br\/"},{"@type":"ListItem","position":2,"name":"Viola de Doze comanda a festa da virada em Aratu\u00edpe"}]},{"@type":"WebSite","@id":"https:\/\/portalmf.com.br\/#website","url":"https:\/\/portalmf.com.br\/","name":"Portal MF","description":"Voc\u00ea conectado com a informa\u00e7\u00e3o","potentialAction":[{"@type":"SearchAction","target":{"@type":"EntryPoint","urlTemplate":"https:\/\/portalmf.com.br\/?s={search_term_string}"},"query-input":"required name=search_term_string"}],"inLanguage":"pt-BR"},{"@type":"Person","@id":"https:\/\/portalmf.com.br\/#\/schema\/person\/9ec101baf56233e53520c26de5d6f6f0","name":"Reda\u00e7\u00e3o Portal MF","image":{"@type":"ImageObject","inLanguage":"pt-BR","@id":"https:\/\/portalmf.com.br\/#\/schema\/person\/image\/","url":"https:\/\/secure.gravatar.com\/avatar\/41b9aaeb2100835f7c64362330f74c7f?s=96&d=mm&r=g","contentUrl":"https:\/\/secure.gravatar.com\/avatar\/41b9aaeb2100835f7c64362330f74c7f?s=96&d=mm&r=g","caption":"Reda\u00e7\u00e3o Portal MF"},"description":"Sejam bem-vindos o portal de informa\u00e7\u00f5es de entretenimento de Feira de Santana, desde 2006 realiza coberturas dos principais eventos com entrevistas exclusivas com as principais personalidades mundiais. Fique conectado tamb\u00e9m nas redes sociais.","sameAs":["http:\/\/www.portalmf.com.br\/","https:\/\/www.facebook.com\/portalmfoficial","https:\/\/www.instagram.com\/portalmf\/","https:\/\/x.com\/https:\/\/x.com\/portalmfoficial","https:\/\/www.youtube.com\/@portalmfoficial"],"url":"https:\/\/portalmf.com.br\/index.php\/author\/junior\/"}]}},"_links":{"self":[{"href":"https:\/\/portalmf.com.br\/index.php\/wp-json\/wp\/v2\/posts\/7267"}],"collection":[{"href":"https:\/\/portalmf.com.br\/index.php\/wp-json\/wp\/v2\/posts"}],"about":[{"href":"https:\/\/portalmf.com.br\/index.php\/wp-json\/wp\/v2\/types\/post"}],"author":[{"embeddable":true,"href":"https:\/\/portalmf.com.br\/index.php\/wp-json\/wp\/v2\/users\/3"}],"replies":[{"embeddable":true,"href":"https:\/\/portalmf.com.br\/index.php\/wp-json\/wp\/v2\/comments?post=7267"}],"version-history":[{"count":1,"href":"https:\/\/portalmf.com.br\/index.php\/wp-json\/wp\/v2\/posts\/7267\/revisions"}],"predecessor-version":[{"id":7268,"href":"https:\/\/portalmf.com.br\/index.php\/wp-json\/wp\/v2\/posts\/7267\/revisions\/7268"}],"wp:featuredmedia":[{"embeddable":true,"href":"https:\/\/portalmf.com.br\/index.php\/wp-json\/wp\/v2\/media\/3781"}],"wp:attachment":[{"href":"https:\/\/portalmf.com.br\/index.php\/wp-json\/wp\/v2\/media?parent=7267"}],"wp:term":[{"taxonomy":"category","embeddable":true,"href":"https:\/\/portalmf.com.br\/index.php\/wp-json\/wp\/v2\/categories?post=7267"},{"taxonomy":"post_tag","embeddable":true,"href":"https:\/\/portalmf.com.br\/index.php\/wp-json\/wp\/v2\/tags?post=7267"}],"curies":[{"name":"wp","href":"https:\/\/api.w.org\/{rel}","templated":true}]}}