{"id":7264,"date":"2022-12-27T15:25:09","date_gmt":"2022-12-27T18:25:09","guid":{"rendered":"https:\/\/portalmf.com.br\/?p=7264"},"modified":"2022-12-27T15:25:10","modified_gmt":"2022-12-27T18:25:10","slug":"luiz-caldas-lanca-calmaria-as-vesperas-de-completar-60-anos","status":"publish","type":"post","link":"https:\/\/portalmf.com.br\/index.php\/2022\/12\/27\/luiz-caldas-lanca-calmaria-as-vesperas-de-completar-60-anos\/","title":{"rendered":"Luiz Caldas lan\u00e7a Calmaria \u00e0s v\u00e9speras de completar 60 anos"},"content":{"rendered":"\n<p>Para abrir 2023, Luiz Caldas apresenta seu novo disco, \u201cCalmaria\u201d.&nbsp; Com lan\u00e7amento na virada do ano \u2013 1\u00ba de janeiro -, o disco traz a tem\u00e1tica da transforma\u00e7\u00e3o, da serenidade e dos ciclos da vida, com 10 can\u00e7\u00f5es que transmitem calma e convidam para a reflex\u00e3o sobre este novo per\u00edodo que est\u00e1 por vir. O lan\u00e7amento acontece no site do artista (<a href=\"http:\/\/www.luizcaldas.com.br\/\" target=\"_blank\" rel=\"noreferrer noopener\">www.luizcaldas.com.br<\/a>) e nas principais plataformas digitais.<\/p>\n\n\n\n<p>\u201cEu falo sobre o poder da transforma\u00e7\u00e3o neste \u00e1lbum. Escolhi esse tema porque a transforma\u00e7\u00e3o ocorre mesmo quando a gente n\u00e3o quer mudar, mas, seja pelo amor ou pela dor, a gente acaba mudando. \u00c9 um som bem tranquilo, que eu fiz tendo o viol\u00e3o como guia principal dos arranjos e melodias\u201d, comenta o artista. A capa \u00e9 do artista pl\u00e1stico baiano Elano Passos.<\/p>\n\n\n\n<p>Com todas as faixas autorais, &#8220;Calmaria&#8221; chega depois de alguns lan\u00e7amentos dedicados a ritmos dan\u00e7antes. Agora,&nbsp;Luiz se volta para dentro para falar de amor, das mudan\u00e7as da vida e entrega um trabalho que \u00e9 resultado de sua introspec\u00e7\u00e3o criativa \u00e0s v\u00e9speras de completar seis d\u00e9cadas de vida. \u201c\u00c9 um presente que eu estou me dando, j\u00e1 que eu cheguei aqui me transformando sempre\u201d.<\/p>\n\n\n\n<p>No dia em que o cantor completa 60 anos,&nbsp;19 de janeiro,&nbsp;a comemora\u00e7\u00e3o ser\u00e1 com um grande show festivo , \u201cLuiz Caldas \u2013 60 Anos\u201d, na Concha Ac\u00fastica do Teatro Castro Alves, quando ele recebe grandes artistas amigos para celebrar sua vida e obra. O novo \u00e1lbum \u00e9 o 130\u00ba do seu projeto de lan\u00e7amentos mensais e faz parte das comemora\u00e7\u00f5es, refletindo o clima do novo ciclo que se inicia.&nbsp;<\/p>\n","protected":false},"excerpt":{"rendered":"<p>Para abrir 2023, Luiz Caldas apresenta seu novo disco, \u201cCalmaria\u201d.&nbsp; Com lan\u00e7amento na virada do ano \u2013 1\u00ba de janeiro -, o disco traz a tem\u00e1tica da transforma\u00e7\u00e3o, da serenidade e dos ciclos da vida, com 10 can\u00e7\u00f5es que transmitem calma e convidam para a reflex\u00e3o sobre este novo per\u00edodo que est\u00e1 por vir. O [&hellip;]<\/p>\n","protected":false},"author":3,"featured_media":7265,"comment_status":"open","ping_status":"open","sticky":false,"template":"","format":"standard","meta":{"_monsterinsights_skip_tracking":false,"_monsterinsights_sitenote_active":false,"_monsterinsights_sitenote_note":"","_monsterinsights_sitenote_category":0,"footnotes":""},"categories":[36],"tags":[],"yoast_head":"<!-- This site is optimized with the Yoast SEO plugin v22.9 - https:\/\/yoast.com\/wordpress\/plugins\/seo\/ -->\n<title>Luiz Caldas lan\u00e7a Calmaria \u00e0s v\u00e9speras de completar 60 anos - Portal MF<\/title>\n<meta name=\"robots\" content=\"index, follow, max-snippet:-1, max-image-preview:large, max-video-preview:-1\" \/>\n<link rel=\"canonical\" href=\"https:\/\/portalmf.com.br\/index.php\/2022\/12\/27\/luiz-caldas-lanca-calmaria-as-vesperas-de-completar-60-anos\/\" \/>\n<meta property=\"og:locale\" content=\"pt_BR\" \/>\n<meta property=\"og:type\" content=\"article\" \/>\n<meta property=\"og:title\" content=\"Luiz Caldas lan\u00e7a Calmaria \u00e0s v\u00e9speras de completar 60 anos - Portal MF\" \/>\n<meta property=\"og:description\" content=\"Para abrir 2023, Luiz Caldas apresenta seu novo disco, \u201cCalmaria\u201d.&nbsp; Com lan\u00e7amento na virada do ano \u2013 1\u00ba de janeiro -, o disco traz a tem\u00e1tica da transforma\u00e7\u00e3o, da serenidade e dos ciclos da vida, com 10 can\u00e7\u00f5es que transmitem calma e convidam para a reflex\u00e3o sobre este novo per\u00edodo que est\u00e1 por vir. O [&hellip;]\" \/>\n<meta property=\"og:url\" content=\"https:\/\/portalmf.com.br\/index.php\/2022\/12\/27\/luiz-caldas-lanca-calmaria-as-vesperas-de-completar-60-anos\/\" \/>\n<meta property=\"og:site_name\" content=\"Portal MF\" \/>\n<meta property=\"article:author\" content=\"https:\/\/www.facebook.com\/portalmfoficial\" \/>\n<meta property=\"article:published_time\" content=\"2022-12-27T18:25:09+00:00\" \/>\n<meta property=\"article:modified_time\" content=\"2022-12-27T18:25:10+00:00\" \/>\n<meta property=\"og:image\" content=\"https:\/\/portalmf.com.br\/wp-content\/uploads\/2022\/12\/LuizCaldas.jpg\" \/>\n\t<meta property=\"og:image:width\" content=\"1182\" \/>\n\t<meta property=\"og:image:height\" content=\"983\" \/>\n\t<meta property=\"og:image:type\" content=\"image\/jpeg\" \/>\n<meta name=\"author\" content=\"Reda\u00e7\u00e3o Portal MF\" \/>\n<meta name=\"twitter:card\" content=\"summary_large_image\" \/>\n<meta name=\"twitter:creator\" content=\"@https:\/\/x.com\/portalmfoficial\" \/>\n<meta name=\"twitter:label1\" content=\"Escrito por\" \/>\n\t<meta name=\"twitter:data1\" content=\"Reda\u00e7\u00e3o Portal MF\" \/>\n\t<meta name=\"twitter:label2\" content=\"Est. tempo de leitura\" \/>\n\t<meta name=\"twitter:data2\" content=\"2 minutos\" \/>\n<script type=\"application\/ld+json\" class=\"yoast-schema-graph\">{\"@context\":\"https:\/\/schema.org\",\"@graph\":[{\"@type\":\"WebPage\",\"@id\":\"https:\/\/portalmf.com.br\/index.php\/2022\/12\/27\/luiz-caldas-lanca-calmaria-as-vesperas-de-completar-60-anos\/\",\"url\":\"https:\/\/portalmf.com.br\/index.php\/2022\/12\/27\/luiz-caldas-lanca-calmaria-as-vesperas-de-completar-60-anos\/\",\"name\":\"Luiz Caldas lan\u00e7a Calmaria \u00e0s v\u00e9speras de completar 60 anos - Portal MF\",\"isPartOf\":{\"@id\":\"https:\/\/portalmf.com.br\/#website\"},\"primaryImageOfPage\":{\"@id\":\"https:\/\/portalmf.com.br\/index.php\/2022\/12\/27\/luiz-caldas-lanca-calmaria-as-vesperas-de-completar-60-anos\/#primaryimage\"},\"image\":{\"@id\":\"https:\/\/portalmf.com.br\/index.php\/2022\/12\/27\/luiz-caldas-lanca-calmaria-as-vesperas-de-completar-60-anos\/#primaryimage\"},\"thumbnailUrl\":\"https:\/\/portalmf.com.br\/wp-content\/uploads\/2022\/12\/LuizCaldas.jpg\",\"datePublished\":\"2022-12-27T18:25:09+00:00\",\"dateModified\":\"2022-12-27T18:25:10+00:00\",\"author\":{\"@id\":\"https:\/\/portalmf.com.br\/#\/schema\/person\/9ec101baf56233e53520c26de5d6f6f0\"},\"breadcrumb\":{\"@id\":\"https:\/\/portalmf.com.br\/index.php\/2022\/12\/27\/luiz-caldas-lanca-calmaria-as-vesperas-de-completar-60-anos\/#breadcrumb\"},\"inLanguage\":\"pt-BR\",\"potentialAction\":[{\"@type\":\"ReadAction\",\"target\":[\"https:\/\/portalmf.com.br\/index.php\/2022\/12\/27\/luiz-caldas-lanca-calmaria-as-vesperas-de-completar-60-anos\/\"]}]},{\"@type\":\"ImageObject\",\"inLanguage\":\"pt-BR\",\"@id\":\"https:\/\/portalmf.com.br\/index.php\/2022\/12\/27\/luiz-caldas-lanca-calmaria-as-vesperas-de-completar-60-anos\/#primaryimage\",\"url\":\"https:\/\/portalmf.com.br\/wp-content\/uploads\/2022\/12\/LuizCaldas.jpg\",\"contentUrl\":\"https:\/\/portalmf.com.br\/wp-content\/uploads\/2022\/12\/LuizCaldas.jpg\",\"width\":1182,\"height\":983},{\"@type\":\"BreadcrumbList\",\"@id\":\"https:\/\/portalmf.com.br\/index.php\/2022\/12\/27\/luiz-caldas-lanca-calmaria-as-vesperas-de-completar-60-anos\/#breadcrumb\",\"itemListElement\":[{\"@type\":\"ListItem\",\"position\":1,\"name\":\"In\u00edcio\",\"item\":\"https:\/\/portalmf.com.br\/\"},{\"@type\":\"ListItem\",\"position\":2,\"name\":\"Luiz Caldas lan\u00e7a Calmaria \u00e0s v\u00e9speras de completar 60 anos\"}]},{\"@type\":\"WebSite\",\"@id\":\"https:\/\/portalmf.com.br\/#website\",\"url\":\"https:\/\/portalmf.com.br\/\",\"name\":\"Portal MF\",\"description\":\"Voc\u00ea conectado com a informa\u00e7\u00e3o\",\"potentialAction\":[{\"@type\":\"SearchAction\",\"target\":{\"@type\":\"EntryPoint\",\"urlTemplate\":\"https:\/\/portalmf.com.br\/?s={search_term_string}\"},\"query-input\":\"required name=search_term_string\"}],\"inLanguage\":\"pt-BR\"},{\"@type\":\"Person\",\"@id\":\"https:\/\/portalmf.com.br\/#\/schema\/person\/9ec101baf56233e53520c26de5d6f6f0\",\"name\":\"Reda\u00e7\u00e3o Portal MF\",\"image\":{\"@type\":\"ImageObject\",\"inLanguage\":\"pt-BR\",\"@id\":\"https:\/\/portalmf.com.br\/#\/schema\/person\/image\/\",\"url\":\"https:\/\/secure.gravatar.com\/avatar\/41b9aaeb2100835f7c64362330f74c7f?s=96&d=mm&r=g\",\"contentUrl\":\"https:\/\/secure.gravatar.com\/avatar\/41b9aaeb2100835f7c64362330f74c7f?s=96&d=mm&r=g\",\"caption\":\"Reda\u00e7\u00e3o Portal MF\"},\"description\":\"Sejam bem-vindos o portal de informa\u00e7\u00f5es de entretenimento de Feira de Santana, desde 2006 realiza coberturas dos principais eventos com entrevistas exclusivas com as principais personalidades mundiais. Fique conectado tamb\u00e9m nas redes sociais.\",\"sameAs\":[\"http:\/\/www.portalmf.com.br\/\",\"https:\/\/www.facebook.com\/portalmfoficial\",\"https:\/\/www.instagram.com\/portalmf\/\",\"https:\/\/x.com\/https:\/\/x.com\/portalmfoficial\",\"https:\/\/www.youtube.com\/@portalmfoficial\"],\"url\":\"https:\/\/portalmf.com.br\/index.php\/author\/junior\/\"}]}<\/script>\n<!-- \/ Yoast SEO plugin. -->","yoast_head_json":{"title":"Luiz Caldas lan\u00e7a Calmaria \u00e0s v\u00e9speras de completar 60 anos - Portal MF","robots":{"index":"index","follow":"follow","max-snippet":"max-snippet:-1","max-image-preview":"max-image-preview:large","max-video-preview":"max-video-preview:-1"},"canonical":"https:\/\/portalmf.com.br\/index.php\/2022\/12\/27\/luiz-caldas-lanca-calmaria-as-vesperas-de-completar-60-anos\/","og_locale":"pt_BR","og_type":"article","og_title":"Luiz Caldas lan\u00e7a Calmaria \u00e0s v\u00e9speras de completar 60 anos - Portal MF","og_description":"Para abrir 2023, Luiz Caldas apresenta seu novo disco, \u201cCalmaria\u201d.&nbsp; Com lan\u00e7amento na virada do ano \u2013 1\u00ba de janeiro -, o disco traz a tem\u00e1tica da transforma\u00e7\u00e3o, da serenidade e dos ciclos da vida, com 10 can\u00e7\u00f5es que transmitem calma e convidam para a reflex\u00e3o sobre este novo per\u00edodo que est\u00e1 por vir. O [&hellip;]","og_url":"https:\/\/portalmf.com.br\/index.php\/2022\/12\/27\/luiz-caldas-lanca-calmaria-as-vesperas-de-completar-60-anos\/","og_site_name":"Portal MF","article_author":"https:\/\/www.facebook.com\/portalmfoficial","article_published_time":"2022-12-27T18:25:09+00:00","article_modified_time":"2022-12-27T18:25:10+00:00","og_image":[{"width":1182,"height":983,"url":"https:\/\/portalmf.com.br\/wp-content\/uploads\/2022\/12\/LuizCaldas.jpg","type":"image\/jpeg"}],"author":"Reda\u00e7\u00e3o Portal MF","twitter_card":"summary_large_image","twitter_creator":"@https:\/\/x.com\/portalmfoficial","twitter_misc":{"Escrito por":"Reda\u00e7\u00e3o Portal MF","Est. tempo de leitura":"2 minutos"},"schema":{"@context":"https:\/\/schema.org","@graph":[{"@type":"WebPage","@id":"https:\/\/portalmf.com.br\/index.php\/2022\/12\/27\/luiz-caldas-lanca-calmaria-as-vesperas-de-completar-60-anos\/","url":"https:\/\/portalmf.com.br\/index.php\/2022\/12\/27\/luiz-caldas-lanca-calmaria-as-vesperas-de-completar-60-anos\/","name":"Luiz Caldas lan\u00e7a Calmaria \u00e0s v\u00e9speras de completar 60 anos - Portal MF","isPartOf":{"@id":"https:\/\/portalmf.com.br\/#website"},"primaryImageOfPage":{"@id":"https:\/\/portalmf.com.br\/index.php\/2022\/12\/27\/luiz-caldas-lanca-calmaria-as-vesperas-de-completar-60-anos\/#primaryimage"},"image":{"@id":"https:\/\/portalmf.com.br\/index.php\/2022\/12\/27\/luiz-caldas-lanca-calmaria-as-vesperas-de-completar-60-anos\/#primaryimage"},"thumbnailUrl":"https:\/\/portalmf.com.br\/wp-content\/uploads\/2022\/12\/LuizCaldas.jpg","datePublished":"2022-12-27T18:25:09+00:00","dateModified":"2022-12-27T18:25:10+00:00","author":{"@id":"https:\/\/portalmf.com.br\/#\/schema\/person\/9ec101baf56233e53520c26de5d6f6f0"},"breadcrumb":{"@id":"https:\/\/portalmf.com.br\/index.php\/2022\/12\/27\/luiz-caldas-lanca-calmaria-as-vesperas-de-completar-60-anos\/#breadcrumb"},"inLanguage":"pt-BR","potentialAction":[{"@type":"ReadAction","target":["https:\/\/portalmf.com.br\/index.php\/2022\/12\/27\/luiz-caldas-lanca-calmaria-as-vesperas-de-completar-60-anos\/"]}]},{"@type":"ImageObject","inLanguage":"pt-BR","@id":"https:\/\/portalmf.com.br\/index.php\/2022\/12\/27\/luiz-caldas-lanca-calmaria-as-vesperas-de-completar-60-anos\/#primaryimage","url":"https:\/\/portalmf.com.br\/wp-content\/uploads\/2022\/12\/LuizCaldas.jpg","contentUrl":"https:\/\/portalmf.com.br\/wp-content\/uploads\/2022\/12\/LuizCaldas.jpg","width":1182,"height":983},{"@type":"BreadcrumbList","@id":"https:\/\/portalmf.com.br\/index.php\/2022\/12\/27\/luiz-caldas-lanca-calmaria-as-vesperas-de-completar-60-anos\/#breadcrumb","itemListElement":[{"@type":"ListItem","position":1,"name":"In\u00edcio","item":"https:\/\/portalmf.com.br\/"},{"@type":"ListItem","position":2,"name":"Luiz Caldas lan\u00e7a Calmaria \u00e0s v\u00e9speras de completar 60 anos"}]},{"@type":"WebSite","@id":"https:\/\/portalmf.com.br\/#website","url":"https:\/\/portalmf.com.br\/","name":"Portal MF","description":"Voc\u00ea conectado com a informa\u00e7\u00e3o","potentialAction":[{"@type":"SearchAction","target":{"@type":"EntryPoint","urlTemplate":"https:\/\/portalmf.com.br\/?s={search_term_string}"},"query-input":"required name=search_term_string"}],"inLanguage":"pt-BR"},{"@type":"Person","@id":"https:\/\/portalmf.com.br\/#\/schema\/person\/9ec101baf56233e53520c26de5d6f6f0","name":"Reda\u00e7\u00e3o Portal MF","image":{"@type":"ImageObject","inLanguage":"pt-BR","@id":"https:\/\/portalmf.com.br\/#\/schema\/person\/image\/","url":"https:\/\/secure.gravatar.com\/avatar\/41b9aaeb2100835f7c64362330f74c7f?s=96&d=mm&r=g","contentUrl":"https:\/\/secure.gravatar.com\/avatar\/41b9aaeb2100835f7c64362330f74c7f?s=96&d=mm&r=g","caption":"Reda\u00e7\u00e3o Portal MF"},"description":"Sejam bem-vindos o portal de informa\u00e7\u00f5es de entretenimento de Feira de Santana, desde 2006 realiza coberturas dos principais eventos com entrevistas exclusivas com as principais personalidades mundiais. Fique conectado tamb\u00e9m nas redes sociais.","sameAs":["http:\/\/www.portalmf.com.br\/","https:\/\/www.facebook.com\/portalmfoficial","https:\/\/www.instagram.com\/portalmf\/","https:\/\/x.com\/https:\/\/x.com\/portalmfoficial","https:\/\/www.youtube.com\/@portalmfoficial"],"url":"https:\/\/portalmf.com.br\/index.php\/author\/junior\/"}]}},"_links":{"self":[{"href":"https:\/\/portalmf.com.br\/index.php\/wp-json\/wp\/v2\/posts\/7264"}],"collection":[{"href":"https:\/\/portalmf.com.br\/index.php\/wp-json\/wp\/v2\/posts"}],"about":[{"href":"https:\/\/portalmf.com.br\/index.php\/wp-json\/wp\/v2\/types\/post"}],"author":[{"embeddable":true,"href":"https:\/\/portalmf.com.br\/index.php\/wp-json\/wp\/v2\/users\/3"}],"replies":[{"embeddable":true,"href":"https:\/\/portalmf.com.br\/index.php\/wp-json\/wp\/v2\/comments?post=7264"}],"version-history":[{"count":1,"href":"https:\/\/portalmf.com.br\/index.php\/wp-json\/wp\/v2\/posts\/7264\/revisions"}],"predecessor-version":[{"id":7266,"href":"https:\/\/portalmf.com.br\/index.php\/wp-json\/wp\/v2\/posts\/7264\/revisions\/7266"}],"wp:featuredmedia":[{"embeddable":true,"href":"https:\/\/portalmf.com.br\/index.php\/wp-json\/wp\/v2\/media\/7265"}],"wp:attachment":[{"href":"https:\/\/portalmf.com.br\/index.php\/wp-json\/wp\/v2\/media?parent=7264"}],"wp:term":[{"taxonomy":"category","embeddable":true,"href":"https:\/\/portalmf.com.br\/index.php\/wp-json\/wp\/v2\/categories?post=7264"},{"taxonomy":"post_tag","embeddable":true,"href":"https:\/\/portalmf.com.br\/index.php\/wp-json\/wp\/v2\/tags?post=7264"}],"curies":[{"name":"wp","href":"https:\/\/api.w.org\/{rel}","templated":true}]}}