{"id":7245,"date":"2022-12-26T22:11:57","date_gmt":"2022-12-27T01:11:57","guid":{"rendered":"https:\/\/portalmf.com.br\/?p=7245"},"modified":"2022-12-26T22:11:58","modified_gmt":"2022-12-27T01:11:58","slug":"ernesto-paglia-deixa-tv-globo-apos-mais-de-43-anos-na-emissora","status":"publish","type":"post","link":"https:\/\/portalmf.com.br\/index.php\/2022\/12\/26\/ernesto-paglia-deixa-tv-globo-apos-mais-de-43-anos-na-emissora\/","title":{"rendered":"Ernesto Paglia deixa TV Globo ap\u00f3s mais de 43 anos na emissora"},"content":{"rendered":"\n<p><strong>Ernesto Paglia<\/strong>, 63 anos, da<strong>&nbsp;TV Globo<\/strong>, sai da emissora ap\u00f3s 43 anos e sete meses na empresa, no final de dezembro. Em comemora\u00e7\u00e3o aos 50 anos do<em><strong>&nbsp;Globo Rep\u00f3rter<\/strong><\/em>, ele deixa pronto um especial para agosto do ano que vem.<\/p>\n\n\n\n<p>A sa\u00edda do rep\u00f3rter foi confirmada por e-mail de&nbsp;<strong>Ali Kamel<\/strong>, diretor de jornalismo, e do pr\u00f3prio Paglia, ao qual o&nbsp;<strong>Estad\u00e3o&nbsp;<\/strong>teve acesso nesta segunda-feira, 26.<\/p>\n\n\n\n<p>Na mensagem, Kamel relembra um epis\u00f3dio no qual Paglia viveu em sua primeira cobertura de<strong>&nbsp;Copa do Mundo<\/strong>, na It\u00e1lia. Enquanto entrevistava&nbsp;<strong>Enzo Bearzot<\/strong>, t\u00e9cnico da sele\u00e7\u00e3o italiana de futebol, cinegrafistas da emissora italiana Rai interromperam o rep\u00f3rter. \u201cSomos italianos, fale conosco\u201d, disseram ao treinador.<\/p>\n\n\n\n<p>\u201cBearzot respondeu com um abra\u00e7o e um beijo no jornalista da Globo. \u2018\u00c8 un bravo ragazzo\u2019 (\u00e9 um bom menino, em tradu\u00e7\u00e3o livre)\u201d, escreveu o diretor de jornalismo da Globo em e-mail.<\/p>\n\n\n\n<p>Paglia respondeu \u00e0 carta de Kamel e recapitulou sua passagem pela emissora.<\/p>\n\n\n\n<p>\u201cQuando comecei na Globo, em maio de 1979, um \u2018bom tempo de casa\u2019 era atestado de compet\u00eancia. O certo \u00e9 que esse longo per\u00edodo permitiu colecionar um repert\u00f3rio profissional que me enche de orgulho. Uma lista imensa de satisfa\u00e7\u00f5es\u201d, disse.<\/p>\n\n\n\n<p>O jornalista se formou na USP e chegou \u00e0 Globo em 1979, aos 20 anos rec\u00e9m completados. Come\u00e7ou no turno da madrugada, mas emplacou mat\u00e9rias no Jornal Nacional e ganhou um quadro no Bom Dia S\u00e3o Paulo.<\/p>\n\n\n\n<p>Trabalhou como correspondente em Londres, na Inglaterra; conheceu o Brasil no quadro JN no Ar; cobriu guerras, como conflitos no Iraque e a invas\u00e3o norte-americana no Afeganist\u00e3o; visitou a Ant\u00e1rtida duas vezes; cobriu a liberta\u00e7\u00e3o de Nelson Mandela.<\/p>\n\n\n\n<p>Nos \u00faltimos anos de Globo, Paglia esteve \u00e0 frente do Fant\u00e1stico produzindo reportagens nacionais e internacionais \u201cem ritmo ainda mais frequente que o normal\u201d.<\/p>\n\n\n\n<p>\u201cSem sair de casa, fiz mat\u00e9rias que foram das explos\u00f5es no porto de Beirute \u00e0 entrevista com a ganhadora do pr\u00eamio Nobel da Paz de 2021, da pandemia da covid \u00e0 guerra da Ucr\u00e2nia. Os \u00faltimos anos no Fant\u00e1stico tamb\u00e9m foram a minha segunda passagem pelo programa. Tenho muito orgulho de ter feito parte dessa equipe brilhante.\u201d<\/p>\n\n\n\n<p>Com informa\u00e7\u00f5es do Estad\u00e3o <\/p>\n","protected":false},"excerpt":{"rendered":"<p>Ernesto Paglia, 63 anos, da&nbsp;TV Globo, sai da emissora ap\u00f3s 43 anos e sete meses na empresa, no final de dezembro. Em comemora\u00e7\u00e3o aos 50 anos do&nbsp;Globo Rep\u00f3rter, ele deixa pronto um especial para agosto do ano que vem. A sa\u00edda do rep\u00f3rter foi confirmada por e-mail de&nbsp;Ali Kamel, diretor de jornalismo, e do pr\u00f3prio [&hellip;]<\/p>\n","protected":false},"author":3,"featured_media":7246,"comment_status":"open","ping_status":"open","sticky":false,"template":"","format":"standard","meta":{"_monsterinsights_skip_tracking":false,"_monsterinsights_sitenote_active":false,"_monsterinsights_sitenote_note":"","_monsterinsights_sitenote_category":0,"footnotes":""},"categories":[47,43],"tags":[],"yoast_head":"<!-- This site is optimized with the Yoast SEO plugin v22.9 - https:\/\/yoast.com\/wordpress\/plugins\/seo\/ -->\n<title>Ernesto Paglia deixa TV Globo ap\u00f3s mais de 43 anos na emissora - Portal MF<\/title>\n<meta name=\"robots\" content=\"index, follow, max-snippet:-1, max-image-preview:large, max-video-preview:-1\" \/>\n<link rel=\"canonical\" href=\"https:\/\/portalmf.com.br\/index.php\/2022\/12\/26\/ernesto-paglia-deixa-tv-globo-apos-mais-de-43-anos-na-emissora\/\" \/>\n<meta property=\"og:locale\" content=\"pt_BR\" \/>\n<meta property=\"og:type\" content=\"article\" \/>\n<meta property=\"og:title\" content=\"Ernesto Paglia deixa TV Globo ap\u00f3s mais de 43 anos na emissora - Portal MF\" \/>\n<meta property=\"og:description\" content=\"Ernesto Paglia, 63 anos, da&nbsp;TV Globo, sai da emissora ap\u00f3s 43 anos e sete meses na empresa, no final de dezembro. Em comemora\u00e7\u00e3o aos 50 anos do&nbsp;Globo Rep\u00f3rter, ele deixa pronto um especial para agosto do ano que vem. A sa\u00edda do rep\u00f3rter foi confirmada por e-mail de&nbsp;Ali Kamel, diretor de jornalismo, e do pr\u00f3prio [&hellip;]\" \/>\n<meta property=\"og:url\" content=\"https:\/\/portalmf.com.br\/index.php\/2022\/12\/26\/ernesto-paglia-deixa-tv-globo-apos-mais-de-43-anos-na-emissora\/\" \/>\n<meta property=\"og:site_name\" content=\"Portal MF\" \/>\n<meta property=\"article:author\" content=\"https:\/\/www.facebook.com\/portalmfoficial\" \/>\n<meta property=\"article:published_time\" content=\"2022-12-27T01:11:57+00:00\" \/>\n<meta property=\"article:modified_time\" content=\"2022-12-27T01:11:58+00:00\" \/>\n<meta property=\"og:image\" content=\"https:\/\/portalmf.com.br\/wp-content\/uploads\/2022\/12\/ernesto-paglia-foto-reproducao-tvpop-1024x632-1.jpeg\" \/>\n\t<meta property=\"og:image:width\" content=\"1024\" \/>\n\t<meta property=\"og:image:height\" content=\"632\" \/>\n\t<meta property=\"og:image:type\" content=\"image\/jpeg\" \/>\n<meta name=\"author\" content=\"Reda\u00e7\u00e3o Portal MF\" \/>\n<meta name=\"twitter:card\" content=\"summary_large_image\" \/>\n<meta name=\"twitter:creator\" content=\"@https:\/\/x.com\/portalmfoficial\" \/>\n<meta name=\"twitter:label1\" content=\"Escrito por\" \/>\n\t<meta name=\"twitter:data1\" content=\"Reda\u00e7\u00e3o Portal MF\" \/>\n\t<meta name=\"twitter:label2\" content=\"Est. tempo de leitura\" \/>\n\t<meta name=\"twitter:data2\" content=\"2 minutos\" \/>\n<script type=\"application\/ld+json\" class=\"yoast-schema-graph\">{\"@context\":\"https:\/\/schema.org\",\"@graph\":[{\"@type\":\"WebPage\",\"@id\":\"https:\/\/portalmf.com.br\/index.php\/2022\/12\/26\/ernesto-paglia-deixa-tv-globo-apos-mais-de-43-anos-na-emissora\/\",\"url\":\"https:\/\/portalmf.com.br\/index.php\/2022\/12\/26\/ernesto-paglia-deixa-tv-globo-apos-mais-de-43-anos-na-emissora\/\",\"name\":\"Ernesto Paglia deixa TV Globo ap\u00f3s mais de 43 anos na emissora - Portal MF\",\"isPartOf\":{\"@id\":\"https:\/\/portalmf.com.br\/#website\"},\"primaryImageOfPage\":{\"@id\":\"https:\/\/portalmf.com.br\/index.php\/2022\/12\/26\/ernesto-paglia-deixa-tv-globo-apos-mais-de-43-anos-na-emissora\/#primaryimage\"},\"image\":{\"@id\":\"https:\/\/portalmf.com.br\/index.php\/2022\/12\/26\/ernesto-paglia-deixa-tv-globo-apos-mais-de-43-anos-na-emissora\/#primaryimage\"},\"thumbnailUrl\":\"https:\/\/portalmf.com.br\/wp-content\/uploads\/2022\/12\/ernesto-paglia-foto-reproducao-tvpop-1024x632-1.jpeg\",\"datePublished\":\"2022-12-27T01:11:57+00:00\",\"dateModified\":\"2022-12-27T01:11:58+00:00\",\"author\":{\"@id\":\"https:\/\/portalmf.com.br\/#\/schema\/person\/9ec101baf56233e53520c26de5d6f6f0\"},\"breadcrumb\":{\"@id\":\"https:\/\/portalmf.com.br\/index.php\/2022\/12\/26\/ernesto-paglia-deixa-tv-globo-apos-mais-de-43-anos-na-emissora\/#breadcrumb\"},\"inLanguage\":\"pt-BR\",\"potentialAction\":[{\"@type\":\"ReadAction\",\"target\":[\"https:\/\/portalmf.com.br\/index.php\/2022\/12\/26\/ernesto-paglia-deixa-tv-globo-apos-mais-de-43-anos-na-emissora\/\"]}]},{\"@type\":\"ImageObject\",\"inLanguage\":\"pt-BR\",\"@id\":\"https:\/\/portalmf.com.br\/index.php\/2022\/12\/26\/ernesto-paglia-deixa-tv-globo-apos-mais-de-43-anos-na-emissora\/#primaryimage\",\"url\":\"https:\/\/portalmf.com.br\/wp-content\/uploads\/2022\/12\/ernesto-paglia-foto-reproducao-tvpop-1024x632-1.jpeg\",\"contentUrl\":\"https:\/\/portalmf.com.br\/wp-content\/uploads\/2022\/12\/ernesto-paglia-foto-reproducao-tvpop-1024x632-1.jpeg\",\"width\":1024,\"height\":632},{\"@type\":\"BreadcrumbList\",\"@id\":\"https:\/\/portalmf.com.br\/index.php\/2022\/12\/26\/ernesto-paglia-deixa-tv-globo-apos-mais-de-43-anos-na-emissora\/#breadcrumb\",\"itemListElement\":[{\"@type\":\"ListItem\",\"position\":1,\"name\":\"In\u00edcio\",\"item\":\"https:\/\/portalmf.com.br\/\"},{\"@type\":\"ListItem\",\"position\":2,\"name\":\"Ernesto Paglia deixa TV Globo ap\u00f3s mais de 43 anos na emissora\"}]},{\"@type\":\"WebSite\",\"@id\":\"https:\/\/portalmf.com.br\/#website\",\"url\":\"https:\/\/portalmf.com.br\/\",\"name\":\"Portal MF\",\"description\":\"Voc\u00ea conectado com a informa\u00e7\u00e3o\",\"potentialAction\":[{\"@type\":\"SearchAction\",\"target\":{\"@type\":\"EntryPoint\",\"urlTemplate\":\"https:\/\/portalmf.com.br\/?s={search_term_string}\"},\"query-input\":\"required name=search_term_string\"}],\"inLanguage\":\"pt-BR\"},{\"@type\":\"Person\",\"@id\":\"https:\/\/portalmf.com.br\/#\/schema\/person\/9ec101baf56233e53520c26de5d6f6f0\",\"name\":\"Reda\u00e7\u00e3o Portal MF\",\"image\":{\"@type\":\"ImageObject\",\"inLanguage\":\"pt-BR\",\"@id\":\"https:\/\/portalmf.com.br\/#\/schema\/person\/image\/\",\"url\":\"https:\/\/secure.gravatar.com\/avatar\/41b9aaeb2100835f7c64362330f74c7f?s=96&d=mm&r=g\",\"contentUrl\":\"https:\/\/secure.gravatar.com\/avatar\/41b9aaeb2100835f7c64362330f74c7f?s=96&d=mm&r=g\",\"caption\":\"Reda\u00e7\u00e3o Portal MF\"},\"description\":\"Sejam bem-vindos o portal de informa\u00e7\u00f5es de entretenimento de Feira de Santana, desde 2006 realiza coberturas dos principais eventos com entrevistas exclusivas com as principais personalidades mundiais. Fique conectado tamb\u00e9m nas redes sociais.\",\"sameAs\":[\"http:\/\/www.portalmf.com.br\/\",\"https:\/\/www.facebook.com\/portalmfoficial\",\"https:\/\/www.instagram.com\/portalmf\/\",\"https:\/\/x.com\/https:\/\/x.com\/portalmfoficial\",\"https:\/\/www.youtube.com\/@portalmfoficial\"],\"url\":\"https:\/\/portalmf.com.br\/index.php\/author\/junior\/\"}]}<\/script>\n<!-- \/ Yoast SEO plugin. -->","yoast_head_json":{"title":"Ernesto Paglia deixa TV Globo ap\u00f3s mais de 43 anos na emissora - Portal MF","robots":{"index":"index","follow":"follow","max-snippet":"max-snippet:-1","max-image-preview":"max-image-preview:large","max-video-preview":"max-video-preview:-1"},"canonical":"https:\/\/portalmf.com.br\/index.php\/2022\/12\/26\/ernesto-paglia-deixa-tv-globo-apos-mais-de-43-anos-na-emissora\/","og_locale":"pt_BR","og_type":"article","og_title":"Ernesto Paglia deixa TV Globo ap\u00f3s mais de 43 anos na emissora - Portal MF","og_description":"Ernesto Paglia, 63 anos, da&nbsp;TV Globo, sai da emissora ap\u00f3s 43 anos e sete meses na empresa, no final de dezembro. Em comemora\u00e7\u00e3o aos 50 anos do&nbsp;Globo Rep\u00f3rter, ele deixa pronto um especial para agosto do ano que vem. A sa\u00edda do rep\u00f3rter foi confirmada por e-mail de&nbsp;Ali Kamel, diretor de jornalismo, e do pr\u00f3prio [&hellip;]","og_url":"https:\/\/portalmf.com.br\/index.php\/2022\/12\/26\/ernesto-paglia-deixa-tv-globo-apos-mais-de-43-anos-na-emissora\/","og_site_name":"Portal MF","article_author":"https:\/\/www.facebook.com\/portalmfoficial","article_published_time":"2022-12-27T01:11:57+00:00","article_modified_time":"2022-12-27T01:11:58+00:00","og_image":[{"width":1024,"height":632,"url":"https:\/\/portalmf.com.br\/wp-content\/uploads\/2022\/12\/ernesto-paglia-foto-reproducao-tvpop-1024x632-1.jpeg","type":"image\/jpeg"}],"author":"Reda\u00e7\u00e3o Portal MF","twitter_card":"summary_large_image","twitter_creator":"@https:\/\/x.com\/portalmfoficial","twitter_misc":{"Escrito por":"Reda\u00e7\u00e3o Portal MF","Est. tempo de leitura":"2 minutos"},"schema":{"@context":"https:\/\/schema.org","@graph":[{"@type":"WebPage","@id":"https:\/\/portalmf.com.br\/index.php\/2022\/12\/26\/ernesto-paglia-deixa-tv-globo-apos-mais-de-43-anos-na-emissora\/","url":"https:\/\/portalmf.com.br\/index.php\/2022\/12\/26\/ernesto-paglia-deixa-tv-globo-apos-mais-de-43-anos-na-emissora\/","name":"Ernesto Paglia deixa TV Globo ap\u00f3s mais de 43 anos na emissora - Portal MF","isPartOf":{"@id":"https:\/\/portalmf.com.br\/#website"},"primaryImageOfPage":{"@id":"https:\/\/portalmf.com.br\/index.php\/2022\/12\/26\/ernesto-paglia-deixa-tv-globo-apos-mais-de-43-anos-na-emissora\/#primaryimage"},"image":{"@id":"https:\/\/portalmf.com.br\/index.php\/2022\/12\/26\/ernesto-paglia-deixa-tv-globo-apos-mais-de-43-anos-na-emissora\/#primaryimage"},"thumbnailUrl":"https:\/\/portalmf.com.br\/wp-content\/uploads\/2022\/12\/ernesto-paglia-foto-reproducao-tvpop-1024x632-1.jpeg","datePublished":"2022-12-27T01:11:57+00:00","dateModified":"2022-12-27T01:11:58+00:00","author":{"@id":"https:\/\/portalmf.com.br\/#\/schema\/person\/9ec101baf56233e53520c26de5d6f6f0"},"breadcrumb":{"@id":"https:\/\/portalmf.com.br\/index.php\/2022\/12\/26\/ernesto-paglia-deixa-tv-globo-apos-mais-de-43-anos-na-emissora\/#breadcrumb"},"inLanguage":"pt-BR","potentialAction":[{"@type":"ReadAction","target":["https:\/\/portalmf.com.br\/index.php\/2022\/12\/26\/ernesto-paglia-deixa-tv-globo-apos-mais-de-43-anos-na-emissora\/"]}]},{"@type":"ImageObject","inLanguage":"pt-BR","@id":"https:\/\/portalmf.com.br\/index.php\/2022\/12\/26\/ernesto-paglia-deixa-tv-globo-apos-mais-de-43-anos-na-emissora\/#primaryimage","url":"https:\/\/portalmf.com.br\/wp-content\/uploads\/2022\/12\/ernesto-paglia-foto-reproducao-tvpop-1024x632-1.jpeg","contentUrl":"https:\/\/portalmf.com.br\/wp-content\/uploads\/2022\/12\/ernesto-paglia-foto-reproducao-tvpop-1024x632-1.jpeg","width":1024,"height":632},{"@type":"BreadcrumbList","@id":"https:\/\/portalmf.com.br\/index.php\/2022\/12\/26\/ernesto-paglia-deixa-tv-globo-apos-mais-de-43-anos-na-emissora\/#breadcrumb","itemListElement":[{"@type":"ListItem","position":1,"name":"In\u00edcio","item":"https:\/\/portalmf.com.br\/"},{"@type":"ListItem","position":2,"name":"Ernesto Paglia deixa TV Globo ap\u00f3s mais de 43 anos na emissora"}]},{"@type":"WebSite","@id":"https:\/\/portalmf.com.br\/#website","url":"https:\/\/portalmf.com.br\/","name":"Portal MF","description":"Voc\u00ea conectado com a informa\u00e7\u00e3o","potentialAction":[{"@type":"SearchAction","target":{"@type":"EntryPoint","urlTemplate":"https:\/\/portalmf.com.br\/?s={search_term_string}"},"query-input":"required name=search_term_string"}],"inLanguage":"pt-BR"},{"@type":"Person","@id":"https:\/\/portalmf.com.br\/#\/schema\/person\/9ec101baf56233e53520c26de5d6f6f0","name":"Reda\u00e7\u00e3o Portal MF","image":{"@type":"ImageObject","inLanguage":"pt-BR","@id":"https:\/\/portalmf.com.br\/#\/schema\/person\/image\/","url":"https:\/\/secure.gravatar.com\/avatar\/41b9aaeb2100835f7c64362330f74c7f?s=96&d=mm&r=g","contentUrl":"https:\/\/secure.gravatar.com\/avatar\/41b9aaeb2100835f7c64362330f74c7f?s=96&d=mm&r=g","caption":"Reda\u00e7\u00e3o Portal MF"},"description":"Sejam bem-vindos o portal de informa\u00e7\u00f5es de entretenimento de Feira de Santana, desde 2006 realiza coberturas dos principais eventos com entrevistas exclusivas com as principais personalidades mundiais. Fique conectado tamb\u00e9m nas redes sociais.","sameAs":["http:\/\/www.portalmf.com.br\/","https:\/\/www.facebook.com\/portalmfoficial","https:\/\/www.instagram.com\/portalmf\/","https:\/\/x.com\/https:\/\/x.com\/portalmfoficial","https:\/\/www.youtube.com\/@portalmfoficial"],"url":"https:\/\/portalmf.com.br\/index.php\/author\/junior\/"}]}},"_links":{"self":[{"href":"https:\/\/portalmf.com.br\/index.php\/wp-json\/wp\/v2\/posts\/7245"}],"collection":[{"href":"https:\/\/portalmf.com.br\/index.php\/wp-json\/wp\/v2\/posts"}],"about":[{"href":"https:\/\/portalmf.com.br\/index.php\/wp-json\/wp\/v2\/types\/post"}],"author":[{"embeddable":true,"href":"https:\/\/portalmf.com.br\/index.php\/wp-json\/wp\/v2\/users\/3"}],"replies":[{"embeddable":true,"href":"https:\/\/portalmf.com.br\/index.php\/wp-json\/wp\/v2\/comments?post=7245"}],"version-history":[{"count":1,"href":"https:\/\/portalmf.com.br\/index.php\/wp-json\/wp\/v2\/posts\/7245\/revisions"}],"predecessor-version":[{"id":7247,"href":"https:\/\/portalmf.com.br\/index.php\/wp-json\/wp\/v2\/posts\/7245\/revisions\/7247"}],"wp:featuredmedia":[{"embeddable":true,"href":"https:\/\/portalmf.com.br\/index.php\/wp-json\/wp\/v2\/media\/7246"}],"wp:attachment":[{"href":"https:\/\/portalmf.com.br\/index.php\/wp-json\/wp\/v2\/media?parent=7245"}],"wp:term":[{"taxonomy":"category","embeddable":true,"href":"https:\/\/portalmf.com.br\/index.php\/wp-json\/wp\/v2\/categories?post=7245"},{"taxonomy":"post_tag","embeddable":true,"href":"https:\/\/portalmf.com.br\/index.php\/wp-json\/wp\/v2\/tags?post=7245"}],"curies":[{"name":"wp","href":"https:\/\/api.w.org\/{rel}","templated":true}]}}